{"id":2641,"date":"2021-05-27T12:54:00","date_gmt":"2021-05-27T15:54:00","guid":{"rendered":"https:\/\/biancamachado.com.br\/blog\/?p=2641"},"modified":"2023-02-12T15:04:53","modified_gmt":"2023-02-12T18:04:53","slug":"retrato-corporativo-com-estudio-portatil-no-ambiente-comercial","status":"publish","type":"post","link":"https:\/\/biancamachado.com.br\/blog\/retrato-corporativo-com-estudio-portatil-no-ambiente-comercial\/","title":{"rendered":"Retrato Corporativo com est\u00fadio port\u00e1til no ambiente comercial"},"content":{"rendered":"\n<p>Para a correria do dia a dia, \u00e9 poss\u00edvel ter uma fotografia profissional de qualidade com est\u00fadio port\u00e1til sem ter que se locomover ao est\u00fadio, com o recurso do est\u00fadio port\u00e1til. <\/p>\n\n\n\n<p>O retrato corporativo \u00e9 uma das formas mais importantes de apresenta\u00e7\u00e3o pessoal no ambiente comercial, e \u00e9 fundamental para criar uma imagem profissional e confi\u00e1vel perante os clientes e colaboradores. E para que o cliente n\u00e3o perca tempo na atualiza\u00e7\u00e3o de suas imagens de marketing pessoal, a solu\u00e7\u00e3o \u00e9 contar com um fot\u00f3grafo que ofere\u00e7a o servi\u00e7o de retrato corporativo com est\u00fadio port\u00e1til no ambiente comercial.<\/p>\n\n\n\n<p>Com um est\u00fadio port\u00e1til no ambiente comercial, o fot\u00f3grafo \u00e9 capaz de criar um ambiente controlado e adequado para a fotografia, gerando fotos de alta qualidade que destacam as melhores caracter\u00edsticas do cliente. Isso significa que n\u00e3o \u00e9 preciso que o cliente saia do ambiente comercial, economizando tempo e facilitando o processo de atualiza\u00e7\u00e3o das imagens de marketing pessoal.<\/p>\n\n\n\n<div class=\"wp-block-jetpack-tiled-gallery aligncenter is-style-rectangular\"><div class=\"tiled-gallery__gallery\"><div class=\"tiled-gallery__row\"><div class=\"tiled-gallery__col\" style=\"flex-basis:25.00000%\"><figure class=\"tiled-gallery__item\"><img decoding=\"async\" srcset=\"https:\/\/i1.wp.com\/biancamachado.com.br\/blog\/wp-content\/uploads\/2021\/04\/002-29-scaled.jpg?strip=info&#038;w=600&#038;ssl=1 600w,https:\/\/i1.wp.com\/biancamachado.com.br\/blog\/wp-content\/uploads\/2021\/04\/002-29-scaled.jpg?strip=info&#038;w=900&#038;ssl=1 900w,https:\/\/i1.wp.com\/biancamachado.com.br\/blog\/wp-content\/uploads\/2021\/04\/002-29-scaled.jpg?strip=info&#038;w=1200&#038;ssl=1 1200w,https:\/\/i1.wp.com\/biancamachado.com.br\/blog\/wp-content\/uploads\/2021\/04\/002-29-scaled.jpg?strip=info&#038;w=1500&#038;ssl=1 1500w,https:\/\/i1.wp.com\/biancamachado.com.br\/blog\/wp-content\/uploads\/2021\/04\/002-29-scaled.jpg?strip=info&#038;w=1707&#038;ssl=1 1707w\" alt=\"Retrato Corporativo com est\u00fadio port\u00e1til\" data-height=\"2560\" data-id=\"2455\" data-link=\"https:\/\/biancamachado.com.br\/blog\/002-33\/\" data-url=\"https:\/\/biancamachado.com.br\/blog\/wp-content\/uploads\/2021\/04\/002-29-scaled.jpg\" data-width=\"1707\" src=\"https:\/\/i1.wp.com\/biancamachado.com.br\/blog\/wp-content\/uploads\/2021\/04\/002-29-scaled.jpg?ssl=1\" data-amp-layout=\"responsive\"\/><\/figure><\/div><div class=\"tiled-gallery__col\" style=\"flex-basis:25.00000%\"><figure class=\"tiled-gallery__item\"><img decoding=\"async\" srcset=\"https:\/\/i1.wp.com\/biancamachado.com.br\/blog\/wp-content\/uploads\/2021\/04\/001-28-scaled.jpg?strip=info&#038;w=600&#038;ssl=1 600w,https:\/\/i1.wp.com\/biancamachado.com.br\/blog\/wp-content\/uploads\/2021\/04\/001-28-scaled.jpg?strip=info&#038;w=900&#038;ssl=1 900w,https:\/\/i1.wp.com\/biancamachado.com.br\/blog\/wp-content\/uploads\/2021\/04\/001-28-scaled.jpg?strip=info&#038;w=1200&#038;ssl=1 1200w,https:\/\/i1.wp.com\/biancamachado.com.br\/blog\/wp-content\/uploads\/2021\/04\/001-28-scaled.jpg?strip=info&#038;w=1500&#038;ssl=1 1500w,https:\/\/i1.wp.com\/biancamachado.com.br\/blog\/wp-content\/uploads\/2021\/04\/001-28-scaled.jpg?strip=info&#038;w=1707&#038;ssl=1 1707w\" alt=\"fotografia corporativa\" data-height=\"2560\" data-id=\"2454\" data-link=\"https:\/\/biancamachado.com.br\/blog\/001-34\/\" data-url=\"https:\/\/biancamachado.com.br\/blog\/wp-content\/uploads\/2021\/04\/001-28-scaled.jpg\" data-width=\"1707\" src=\"https:\/\/i1.wp.com\/biancamachado.com.br\/blog\/wp-content\/uploads\/2021\/04\/001-28-scaled.jpg?ssl=1\" data-amp-layout=\"responsive\"\/><\/figure><\/div><div class=\"tiled-gallery__col\" style=\"flex-basis:25.00000%\"><figure class=\"tiled-gallery__item\"><img decoding=\"async\" srcset=\"https:\/\/i1.wp.com\/biancamachado.com.br\/blog\/wp-content\/uploads\/2021\/04\/014-10-scaled.jpg?strip=info&#038;w=600&#038;ssl=1 600w,https:\/\/i1.wp.com\/biancamachado.com.br\/blog\/wp-content\/uploads\/2021\/04\/014-10-scaled.jpg?strip=info&#038;w=900&#038;ssl=1 900w,https:\/\/i1.wp.com\/biancamachado.com.br\/blog\/wp-content\/uploads\/2021\/04\/014-10-scaled.jpg?strip=info&#038;w=1200&#038;ssl=1 1200w,https:\/\/i1.wp.com\/biancamachado.com.br\/blog\/wp-content\/uploads\/2021\/04\/014-10-scaled.jpg?strip=info&#038;w=1500&#038;ssl=1 1500w,https:\/\/i1.wp.com\/biancamachado.com.br\/blog\/wp-content\/uploads\/2021\/04\/014-10-scaled.jpg?strip=info&#038;w=1707&#038;ssl=1 1707w\" alt=\"retrato profissional\" data-height=\"2560\" data-id=\"2452\" data-link=\"https:\/\/biancamachado.com.br\/blog\/014-12\/\" data-url=\"https:\/\/biancamachado.com.br\/blog\/wp-content\/uploads\/2021\/04\/014-10-scaled.jpg\" data-width=\"1707\" src=\"https:\/\/i1.wp.com\/biancamachado.com.br\/blog\/wp-content\/uploads\/2021\/04\/014-10-scaled.jpg?ssl=1\" data-amp-layout=\"responsive\"\/><\/figure><\/div><div class=\"tiled-gallery__col\" style=\"flex-basis:25.00000%\"><figure class=\"tiled-gallery__item\"><img decoding=\"async\" srcset=\"https:\/\/i0.wp.com\/biancamachado.com.br\/blog\/wp-content\/uploads\/2021\/04\/011-9-scaled.jpg?strip=info&#038;w=600&#038;ssl=1 600w,https:\/\/i0.wp.com\/biancamachado.com.br\/blog\/wp-content\/uploads\/2021\/04\/011-9-scaled.jpg?strip=info&#038;w=900&#038;ssl=1 900w,https:\/\/i0.wp.com\/biancamachado.com.br\/blog\/wp-content\/uploads\/2021\/04\/011-9-scaled.jpg?strip=info&#038;w=1200&#038;ssl=1 1200w,https:\/\/i0.wp.com\/biancamachado.com.br\/blog\/wp-content\/uploads\/2021\/04\/011-9-scaled.jpg?strip=info&#038;w=1500&#038;ssl=1 1500w,https:\/\/i0.wp.com\/biancamachado.com.br\/blog\/wp-content\/uploads\/2021\/04\/011-9-scaled.jpg?strip=info&#038;w=1707&#038;ssl=1 1707w\" alt=\"fotos de profissionais\" data-height=\"2560\" data-id=\"2451\" data-link=\"https:\/\/biancamachado.com.br\/blog\/011-10\/\" data-url=\"https:\/\/biancamachado.com.br\/blog\/wp-content\/uploads\/2021\/04\/011-9-scaled.jpg\" data-width=\"1707\" src=\"https:\/\/i0.wp.com\/biancamachado.com.br\/blog\/wp-content\/uploads\/2021\/04\/011-9-scaled.jpg?ssl=1\" data-amp-layout=\"responsive\"\/><\/figure><\/div><\/div><div class=\"tiled-gallery__row\"><div class=\"tiled-gallery__col\" style=\"flex-basis:50.01463%\"><figure class=\"tiled-gallery__item\"><img decoding=\"async\" srcset=\"https:\/\/i0.wp.com\/biancamachado.com.br\/blog\/wp-content\/uploads\/2021\/04\/016-5-scaled.jpg?strip=info&#038;w=600&#038;ssl=1 600w,https:\/\/i0.wp.com\/biancamachado.com.br\/blog\/wp-content\/uploads\/2021\/04\/016-5-scaled.jpg?strip=info&#038;w=900&#038;ssl=1 900w,https:\/\/i0.wp.com\/biancamachado.com.br\/blog\/wp-content\/uploads\/2021\/04\/016-5-scaled.jpg?strip=info&#038;w=1200&#038;ssl=1 1200w,https:\/\/i0.wp.com\/biancamachado.com.br\/blog\/wp-content\/uploads\/2021\/04\/016-5-scaled.jpg?strip=info&#038;w=1500&#038;ssl=1 1500w,https:\/\/i0.wp.com\/biancamachado.com.br\/blog\/wp-content\/uploads\/2021\/04\/016-5-scaled.jpg?strip=info&#038;w=1707&#038;ssl=1 1707w\" alt=\"fotografia de retrato\" data-height=\"2560\" data-id=\"2453\" data-link=\"https:\/\/biancamachado.com.br\/blog\/016-9\/\" data-url=\"https:\/\/biancamachado.com.br\/blog\/wp-content\/uploads\/2021\/04\/016-5-scaled.jpg\" data-width=\"1707\" src=\"https:\/\/i0.wp.com\/biancamachado.com.br\/blog\/wp-content\/uploads\/2021\/04\/016-5-scaled.jpg?ssl=1\" data-amp-layout=\"responsive\"\/><\/figure><\/div><div class=\"tiled-gallery__col\" style=\"flex-basis:49.98537%\"><figure class=\"tiled-gallery__item\"><img decoding=\"async\" srcset=\"https:\/\/i1.wp.com\/biancamachado.com.br\/blog\/wp-content\/uploads\/2021\/04\/007-10-scaled.jpg?strip=info&#038;w=600&#038;ssl=1 600w,https:\/\/i1.wp.com\/biancamachado.com.br\/blog\/wp-content\/uploads\/2021\/04\/007-10-scaled.jpg?strip=info&#038;w=900&#038;ssl=1 900w,https:\/\/i1.wp.com\/biancamachado.com.br\/blog\/wp-content\/uploads\/2021\/04\/007-10-scaled.jpg?strip=info&#038;w=1200&#038;ssl=1 1200w,https:\/\/i1.wp.com\/biancamachado.com.br\/blog\/wp-content\/uploads\/2021\/04\/007-10-scaled.jpg?strip=info&#038;w=1500&#038;ssl=1 1500w,https:\/\/i1.wp.com\/biancamachado.com.br\/blog\/wp-content\/uploads\/2021\/04\/007-10-scaled.jpg?strip=info&#038;w=1706&#038;ssl=1 1706w\" alt=\"retrato corporativo \u00e1rea m\u00e9dica\" data-height=\"2560\" data-id=\"2450\" data-link=\"https:\/\/biancamachado.com.br\/blog\/007-11\/\" data-url=\"https:\/\/biancamachado.com.br\/blog\/wp-content\/uploads\/2021\/04\/007-10-scaled.jpg\" data-width=\"1706\" src=\"https:\/\/i1.wp.com\/biancamachado.com.br\/blog\/wp-content\/uploads\/2021\/04\/007-10-scaled.jpg?ssl=1\" data-amp-layout=\"responsive\"\/><\/figure><\/div><\/div><\/div><\/div>\n\n\n\n<p><\/p>\n\n\n\n<p>Ao escolher um fot\u00f3grafo para fazer o retrato corporativo com est\u00fadio port\u00e1til no ambiente comercial, \u00e9 importante buscar um profissional que tenha experi\u00eancia em fotografia corporativa e que possa garantir um resultado de alta qualidade. O fot\u00f3grafo deve estar atento ao enquadramento, \u00e0 ilumina\u00e7\u00e3o e aos detalhes, para que o retrato reflita a imagem profissional e confi\u00e1vel que se deseja transmitir.<\/p>\n\n\n\n<p>Se voc\u00ea \u00e9 um profissional que busca atualizar suas imagens de marketing pessoal, o Studio Bianca Machado pode ajud\u00e1-lo. Com anos de experi\u00eancia em fotografia corporativa, nosso est\u00fadio oferece o servi\u00e7o de retrato corporativo com est\u00fadio port\u00e1til no ambiente comercial, para que voc\u00ea n\u00e3o precise perder tempo com deslocamentos e possa ter suas imagens atualizadas de forma r\u00e1pida e eficiente.<\/p>\n\n\n\n<p>N\u00e3o perca a oportunidade de criar uma imagem profissional e confi\u00e1vel perante seus clientes e colaboradores. Entre em contato com o Studio Bianca Machado e saiba mais sobre nossos servi\u00e7os de retrato corporativo com est\u00fadio port\u00e1til no ambiente comercial!<\/p>\nVisite tamb\u00e9m nosso site: www.biancamachado.com.br\r\n(11) 97107-1018\r\n\r\nAtendemos as regi\u00f5es de S\u00e3o Paulo, Sorocaba, Ibi\u00fana, Piedade, Votorantim, Cotia, Itupeva, Jundia\u00ed, It\u00fa e Campinas","protected":false},"excerpt":{"rendered":"<p>Para a correria do dia a dia, \u00e9 poss\u00edvel ter uma fotografia profissional de qualidade com est\u00fadio port\u00e1til sem ter que se locomover ao est\u00fadio, com o recurso do est\u00fadio port\u00e1til. <\/p>\n","protected":false},"author":1,"featured_media":2453,"comment_status":"open","ping_status":"open","sticky":false,"template":"","format":"standard","meta":{"_monsterinsights_skip_tracking":false,"_monsterinsights_sitenote_active":false,"_monsterinsights_sitenote_note":"","_monsterinsights_sitenote_category":0,"jetpack_post_was_ever_published":false,"_jetpack_newsletter_access":"","_jetpack_dont_email_post_to_subs":false,"_jetpack_newsletter_tier_id":0,"_jetpack_memberships_contains_paywalled_content":false,"_jetpack_memberships_contains_paid_content":false,"_joinchat":[],"footnotes":""},"categories":[322,297],"tags":[701,700,518,654,431,652,430,429],"class_list":["post-2641","post","type-post","status-publish","format-standard","has-post-thumbnail","hentry","category-corporativo-eventos","category-linkedin-retrato-profisional","tag-ambiente-comercial","tag-atualizacao-de-imagens-de-marketing-pessoal","tag-estudio-portatil","tag-fotografia-corporativa","tag-fotografia-para-empresas","tag-imagem-profissional","tag-retrato-corporativo","tag-retrato-empresarial"],"yoast_head":"<!-- This site is optimized with the Yoast SEO plugin v27.4 - https:\/\/yoast.com\/product\/yoast-seo-wordpress\/ -->\n<title>Retrato Corporativo com est\u00fadio port\u00e1til no ambiente comercial - STUDIO BIANCA MACHADO<\/title>\n<meta name=\"robots\" content=\"index, follow, max-snippet:-1, max-image-preview:large, max-video-preview:-1\" \/>\n<link rel=\"canonical\" href=\"https:\/\/biancamachado.com.br\/blog\/retrato-corporativo-com-estudio-portatil-no-ambiente-comercial\/\" \/>\n<meta property=\"og:locale\" content=\"pt_BR\" \/>\n<meta property=\"og:type\" content=\"article\" \/>\n<meta property=\"og:title\" content=\"Retrato Corporativo com est\u00fadio port\u00e1til no ambiente comercial - STUDIO BIANCA MACHADO\" \/>\n<meta property=\"og:description\" content=\"Para a correria do dia a dia, \u00e9 poss\u00edvel ter uma fotografia profissional de qualidade com est\u00fadio port\u00e1til sem ter que se locomover ao est\u00fadio, com o recurso do est\u00fadio port\u00e1til.\" \/>\n<meta property=\"og:url\" content=\"https:\/\/biancamachado.com.br\/blog\/retrato-corporativo-com-estudio-portatil-no-ambiente-comercial\/\" \/>\n<meta property=\"og:site_name\" content=\"STUDIO BIANCA MACHADO\" \/>\n<meta property=\"article:publisher\" content=\"https:\/\/www.facebook.com\/Studiobiancamachado\/\" \/>\n<meta property=\"article:published_time\" content=\"2021-05-27T15:54:00+00:00\" \/>\n<meta property=\"article:modified_time\" content=\"2023-02-12T18:04:53+00:00\" \/>\n<meta property=\"og:image\" content=\"https:\/\/biancamachado.com.br\/blog\/wp-content\/uploads\/2021\/04\/016-5-scaled.jpg?v=1617823313\" \/>\n\t<meta property=\"og:image:width\" content=\"1707\" \/>\n\t<meta property=\"og:image:height\" content=\"2560\" \/>\n\t<meta property=\"og:image:type\" content=\"image\/jpeg\" \/>\n<meta name=\"author\" content=\"biancamachado\" \/>\n<meta name=\"twitter:card\" content=\"summary_large_image\" \/>\n<meta name=\"twitter:label1\" content=\"Escrito por\" \/>\n\t<meta name=\"twitter:data1\" content=\"biancamachado\" \/>\n\t<meta name=\"twitter:label2\" content=\"Est. tempo de leitura\" \/>\n\t<meta name=\"twitter:data2\" content=\"3 minutos\" \/>\n<script type=\"application\/ld+json\" class=\"yoast-schema-graph\">{\"@context\":\"https:\\\/\\\/schema.org\",\"@graph\":[{\"@type\":\"Article\",\"@id\":\"https:\\\/\\\/biancamachado.com.br\\\/blog\\\/retrato-corporativo-com-estudio-portatil-no-ambiente-comercial\\\/#article\",\"isPartOf\":{\"@id\":\"https:\\\/\\\/biancamachado.com.br\\\/blog\\\/retrato-corporativo-com-estudio-portatil-no-ambiente-comercial\\\/\"},\"author\":{\"name\":\"biancamachado\",\"@id\":\"https:\\\/\\\/biancamachado.com.br\\\/blog\\\/#\\\/schema\\\/person\\\/990263800ec5e9bdbbf092a2353550a1\"},\"headline\":\"Retrato Corporativo com est\u00fadio port\u00e1til no ambiente comercial\",\"datePublished\":\"2021-05-27T15:54:00+00:00\",\"dateModified\":\"2023-02-12T18:04:53+00:00\",\"mainEntityOfPage\":{\"@id\":\"https:\\\/\\\/biancamachado.com.br\\\/blog\\\/retrato-corporativo-com-estudio-portatil-no-ambiente-comercial\\\/\"},\"wordCount\":359,\"commentCount\":0,\"publisher\":{\"@id\":\"https:\\\/\\\/biancamachado.com.br\\\/blog\\\/#organization\"},\"image\":{\"@id\":\"https:\\\/\\\/biancamachado.com.br\\\/blog\\\/retrato-corporativo-com-estudio-portatil-no-ambiente-comercial\\\/#primaryimage\"},\"thumbnailUrl\":\"https:\\\/\\\/i0.wp.com\\\/biancamachado.com.br\\\/blog\\\/wp-content\\\/uploads\\\/2021\\\/04\\\/016-5-scaled.jpg?fit=1707%2C2560&ssl=1?v=1617823313\",\"keywords\":[\"ambiente comercial\",\"atualiza\u00e7\u00e3o de imagens de marketing pessoal\",\"est\u00fadio port\u00e1til\",\"fotografia corporativa\",\"fotografia para empresas\",\"imagem profissional\",\"retrato corporativo\",\"retrato empresarial\"],\"articleSection\":[\"Corporativo \\\/ Eventos\",\"Linkedin Retrato Profisional\"],\"inLanguage\":\"pt-BR\",\"potentialAction\":[{\"@type\":\"CommentAction\",\"name\":\"Comment\",\"target\":[\"https:\\\/\\\/biancamachado.com.br\\\/blog\\\/retrato-corporativo-com-estudio-portatil-no-ambiente-comercial\\\/#respond\"]}]},{\"@type\":\"WebPage\",\"@id\":\"https:\\\/\\\/biancamachado.com.br\\\/blog\\\/retrato-corporativo-com-estudio-portatil-no-ambiente-comercial\\\/\",\"url\":\"https:\\\/\\\/biancamachado.com.br\\\/blog\\\/retrato-corporativo-com-estudio-portatil-no-ambiente-comercial\\\/\",\"name\":\"Retrato Corporativo com est\u00fadio port\u00e1til no ambiente comercial - STUDIO BIANCA MACHADO\",\"isPartOf\":{\"@id\":\"https:\\\/\\\/biancamachado.com.br\\\/blog\\\/#website\"},\"primaryImageOfPage\":{\"@id\":\"https:\\\/\\\/biancamachado.com.br\\\/blog\\\/retrato-corporativo-com-estudio-portatil-no-ambiente-comercial\\\/#primaryimage\"},\"image\":{\"@id\":\"https:\\\/\\\/biancamachado.com.br\\\/blog\\\/retrato-corporativo-com-estudio-portatil-no-ambiente-comercial\\\/#primaryimage\"},\"thumbnailUrl\":\"https:\\\/\\\/i0.wp.com\\\/biancamachado.com.br\\\/blog\\\/wp-content\\\/uploads\\\/2021\\\/04\\\/016-5-scaled.jpg?fit=1707%2C2560&ssl=1?v=1617823313\",\"datePublished\":\"2021-05-27T15:54:00+00:00\",\"dateModified\":\"2023-02-12T18:04:53+00:00\",\"breadcrumb\":{\"@id\":\"https:\\\/\\\/biancamachado.com.br\\\/blog\\\/retrato-corporativo-com-estudio-portatil-no-ambiente-comercial\\\/#breadcrumb\"},\"inLanguage\":\"pt-BR\",\"potentialAction\":[{\"@type\":\"ReadAction\",\"target\":[\"https:\\\/\\\/biancamachado.com.br\\\/blog\\\/retrato-corporativo-com-estudio-portatil-no-ambiente-comercial\\\/\"]}]},{\"@type\":\"ImageObject\",\"inLanguage\":\"pt-BR\",\"@id\":\"https:\\\/\\\/biancamachado.com.br\\\/blog\\\/retrato-corporativo-com-estudio-portatil-no-ambiente-comercial\\\/#primaryimage\",\"url\":\"https:\\\/\\\/i0.wp.com\\\/biancamachado.com.br\\\/blog\\\/wp-content\\\/uploads\\\/2021\\\/04\\\/016-5-scaled.jpg?fit=1707%2C2560&ssl=1?v=1617823313\",\"contentUrl\":\"https:\\\/\\\/i0.wp.com\\\/biancamachado.com.br\\\/blog\\\/wp-content\\\/uploads\\\/2021\\\/04\\\/016-5-scaled.jpg?fit=1707%2C2560&ssl=1?v=1617823313\",\"width\":1707,\"height\":2560,\"caption\":\"fotografia de retrato\"},{\"@type\":\"BreadcrumbList\",\"@id\":\"https:\\\/\\\/biancamachado.com.br\\\/blog\\\/retrato-corporativo-com-estudio-portatil-no-ambiente-comercial\\\/#breadcrumb\",\"itemListElement\":[{\"@type\":\"ListItem\",\"position\":1,\"name\":\"In\u00edcio\",\"item\":\"https:\\\/\\\/biancamachado.com.br\\\/blog\\\/\"},{\"@type\":\"ListItem\",\"position\":2,\"name\":\"Retrato Corporativo com est\u00fadio port\u00e1til no ambiente comercial\"}]},{\"@type\":\"WebSite\",\"@id\":\"https:\\\/\\\/biancamachado.com.br\\\/blog\\\/#website\",\"url\":\"https:\\\/\\\/biancamachado.com.br\\\/blog\\\/\",\"name\":\"STUDIO BIANCA MACHADO\",\"description\":\"Estudio Fotografico, Ensaios e Books de foto profissional\",\"publisher\":{\"@id\":\"https:\\\/\\\/biancamachado.com.br\\\/blog\\\/#organization\"},\"potentialAction\":[{\"@type\":\"SearchAction\",\"target\":{\"@type\":\"EntryPoint\",\"urlTemplate\":\"https:\\\/\\\/biancamachado.com.br\\\/blog\\\/?s={search_term_string}\"},\"query-input\":{\"@type\":\"PropertyValueSpecification\",\"valueRequired\":true,\"valueName\":\"search_term_string\"}}],\"inLanguage\":\"pt-BR\"},{\"@type\":\"Organization\",\"@id\":\"https:\\\/\\\/biancamachado.com.br\\\/blog\\\/#organization\",\"name\":\"STUDIO BIANCA MACHADO\",\"url\":\"https:\\\/\\\/biancamachado.com.br\\\/blog\\\/\",\"logo\":{\"@type\":\"ImageObject\",\"inLanguage\":\"pt-BR\",\"@id\":\"https:\\\/\\\/biancamachado.com.br\\\/blog\\\/#\\\/schema\\\/logo\\\/image\\\/\",\"url\":\"https:\\\/\\\/i0.wp.com\\\/biancamachado.com.br\\\/blog\\\/wp-content\\\/uploads\\\/2021\\\/02\\\/cropped-logo-ml.jpg?fit=278%2C100&ssl=1\",\"contentUrl\":\"https:\\\/\\\/i0.wp.com\\\/biancamachado.com.br\\\/blog\\\/wp-content\\\/uploads\\\/2021\\\/02\\\/cropped-logo-ml.jpg?fit=278%2C100&ssl=1\",\"width\":278,\"height\":100,\"caption\":\"STUDIO BIANCA MACHADO\"},\"image\":{\"@id\":\"https:\\\/\\\/biancamachado.com.br\\\/blog\\\/#\\\/schema\\\/logo\\\/image\\\/\"},\"sameAs\":[\"https:\\\/\\\/www.facebook.com\\\/Studiobiancamachado\\\/\",\"https:\\\/\\\/www.instagram.com\\\/Studiobiancamachado\\\/\"]},{\"@type\":\"Person\",\"@id\":\"https:\\\/\\\/biancamachado.com.br\\\/blog\\\/#\\\/schema\\\/person\\\/990263800ec5e9bdbbf092a2353550a1\",\"name\":\"biancamachado\",\"image\":{\"@type\":\"ImageObject\",\"inLanguage\":\"pt-BR\",\"@id\":\"https:\\\/\\\/secure.gravatar.com\\\/avatar\\\/62b1a50f2632dbc2e279c3eb55aa46cc324c969cff16a69c59756d155316542c?s=96&d=mm&r=g\",\"url\":\"https:\\\/\\\/secure.gravatar.com\\\/avatar\\\/62b1a50f2632dbc2e279c3eb55aa46cc324c969cff16a69c59756d155316542c?s=96&d=mm&r=g\",\"contentUrl\":\"https:\\\/\\\/secure.gravatar.com\\\/avatar\\\/62b1a50f2632dbc2e279c3eb55aa46cc324c969cff16a69c59756d155316542c?s=96&d=mm&r=g\",\"caption\":\"biancamachado\"},\"sameAs\":[\"https:\\\/\\\/biancamachado.com.br\\\/blog\"],\"url\":\"https:\\\/\\\/biancamachado.com.br\\\/blog\\\/author\\\/biancamachado\\\/\"}]}<\/script>\n<!-- \/ Yoast SEO plugin. -->","yoast_head_json":{"title":"Retrato Corporativo com est\u00fadio port\u00e1til no ambiente comercial - STUDIO BIANCA MACHADO","robots":{"index":"index","follow":"follow","max-snippet":"max-snippet:-1","max-image-preview":"max-image-preview:large","max-video-preview":"max-video-preview:-1"},"canonical":"https:\/\/biancamachado.com.br\/blog\/retrato-corporativo-com-estudio-portatil-no-ambiente-comercial\/","og_locale":"pt_BR","og_type":"article","og_title":"Retrato Corporativo com est\u00fadio port\u00e1til no ambiente comercial - STUDIO BIANCA MACHADO","og_description":"Para a correria do dia a dia, \u00e9 poss\u00edvel ter uma fotografia profissional de qualidade com est\u00fadio port\u00e1til sem ter que se locomover ao est\u00fadio, com o recurso do est\u00fadio port\u00e1til.","og_url":"https:\/\/biancamachado.com.br\/blog\/retrato-corporativo-com-estudio-portatil-no-ambiente-comercial\/","og_site_name":"STUDIO BIANCA MACHADO","article_publisher":"https:\/\/www.facebook.com\/Studiobiancamachado\/","article_published_time":"2021-05-27T15:54:00+00:00","article_modified_time":"2023-02-12T18:04:53+00:00","og_image":[{"width":1707,"height":2560,"url":"https:\/\/biancamachado.com.br\/blog\/wp-content\/uploads\/2021\/04\/016-5-scaled.jpg?v=1617823313","type":"image\/jpeg"}],"author":"biancamachado","twitter_card":"summary_large_image","twitter_misc":{"Escrito por":"biancamachado","Est. tempo de leitura":"3 minutos"},"schema":{"@context":"https:\/\/schema.org","@graph":[{"@type":"Article","@id":"https:\/\/biancamachado.com.br\/blog\/retrato-corporativo-com-estudio-portatil-no-ambiente-comercial\/#article","isPartOf":{"@id":"https:\/\/biancamachado.com.br\/blog\/retrato-corporativo-com-estudio-portatil-no-ambiente-comercial\/"},"author":{"name":"biancamachado","@id":"https:\/\/biancamachado.com.br\/blog\/#\/schema\/person\/990263800ec5e9bdbbf092a2353550a1"},"headline":"Retrato Corporativo com est\u00fadio port\u00e1til no ambiente comercial","datePublished":"2021-05-27T15:54:00+00:00","dateModified":"2023-02-12T18:04:53+00:00","mainEntityOfPage":{"@id":"https:\/\/biancamachado.com.br\/blog\/retrato-corporativo-com-estudio-portatil-no-ambiente-comercial\/"},"wordCount":359,"commentCount":0,"publisher":{"@id":"https:\/\/biancamachado.com.br\/blog\/#organization"},"image":{"@id":"https:\/\/biancamachado.com.br\/blog\/retrato-corporativo-com-estudio-portatil-no-ambiente-comercial\/#primaryimage"},"thumbnailUrl":"https:\/\/i0.wp.com\/biancamachado.com.br\/blog\/wp-content\/uploads\/2021\/04\/016-5-scaled.jpg?fit=1707%2C2560&ssl=1?v=1617823313","keywords":["ambiente comercial","atualiza\u00e7\u00e3o de imagens de marketing pessoal","est\u00fadio port\u00e1til","fotografia corporativa","fotografia para empresas","imagem profissional","retrato corporativo","retrato empresarial"],"articleSection":["Corporativo \/ Eventos","Linkedin Retrato Profisional"],"inLanguage":"pt-BR","potentialAction":[{"@type":"CommentAction","name":"Comment","target":["https:\/\/biancamachado.com.br\/blog\/retrato-corporativo-com-estudio-portatil-no-ambiente-comercial\/#respond"]}]},{"@type":"WebPage","@id":"https:\/\/biancamachado.com.br\/blog\/retrato-corporativo-com-estudio-portatil-no-ambiente-comercial\/","url":"https:\/\/biancamachado.com.br\/blog\/retrato-corporativo-com-estudio-portatil-no-ambiente-comercial\/","name":"Retrato Corporativo com est\u00fadio port\u00e1til no ambiente comercial - STUDIO BIANCA MACHADO","isPartOf":{"@id":"https:\/\/biancamachado.com.br\/blog\/#website"},"primaryImageOfPage":{"@id":"https:\/\/biancamachado.com.br\/blog\/retrato-corporativo-com-estudio-portatil-no-ambiente-comercial\/#primaryimage"},"image":{"@id":"https:\/\/biancamachado.com.br\/blog\/retrato-corporativo-com-estudio-portatil-no-ambiente-comercial\/#primaryimage"},"thumbnailUrl":"https:\/\/i0.wp.com\/biancamachado.com.br\/blog\/wp-content\/uploads\/2021\/04\/016-5-scaled.jpg?fit=1707%2C2560&ssl=1?v=1617823313","datePublished":"2021-05-27T15:54:00+00:00","dateModified":"2023-02-12T18:04:53+00:00","breadcrumb":{"@id":"https:\/\/biancamachado.com.br\/blog\/retrato-corporativo-com-estudio-portatil-no-ambiente-comercial\/#breadcrumb"},"inLanguage":"pt-BR","potentialAction":[{"@type":"ReadAction","target":["https:\/\/biancamachado.com.br\/blog\/retrato-corporativo-com-estudio-portatil-no-ambiente-comercial\/"]}]},{"@type":"ImageObject","inLanguage":"pt-BR","@id":"https:\/\/biancamachado.com.br\/blog\/retrato-corporativo-com-estudio-portatil-no-ambiente-comercial\/#primaryimage","url":"https:\/\/i0.wp.com\/biancamachado.com.br\/blog\/wp-content\/uploads\/2021\/04\/016-5-scaled.jpg?fit=1707%2C2560&ssl=1?v=1617823313","contentUrl":"https:\/\/i0.wp.com\/biancamachado.com.br\/blog\/wp-content\/uploads\/2021\/04\/016-5-scaled.jpg?fit=1707%2C2560&ssl=1?v=1617823313","width":1707,"height":2560,"caption":"fotografia de retrato"},{"@type":"BreadcrumbList","@id":"https:\/\/biancamachado.com.br\/blog\/retrato-corporativo-com-estudio-portatil-no-ambiente-comercial\/#breadcrumb","itemListElement":[{"@type":"ListItem","position":1,"name":"In\u00edcio","item":"https:\/\/biancamachado.com.br\/blog\/"},{"@type":"ListItem","position":2,"name":"Retrato Corporativo com est\u00fadio port\u00e1til no ambiente comercial"}]},{"@type":"WebSite","@id":"https:\/\/biancamachado.com.br\/blog\/#website","url":"https:\/\/biancamachado.com.br\/blog\/","name":"STUDIO BIANCA MACHADO","description":"Estudio Fotografico, Ensaios e Books de foto profissional","publisher":{"@id":"https:\/\/biancamachado.com.br\/blog\/#organization"},"potentialAction":[{"@type":"SearchAction","target":{"@type":"EntryPoint","urlTemplate":"https:\/\/biancamachado.com.br\/blog\/?s={search_term_string}"},"query-input":{"@type":"PropertyValueSpecification","valueRequired":true,"valueName":"search_term_string"}}],"inLanguage":"pt-BR"},{"@type":"Organization","@id":"https:\/\/biancamachado.com.br\/blog\/#organization","name":"STUDIO BIANCA MACHADO","url":"https:\/\/biancamachado.com.br\/blog\/","logo":{"@type":"ImageObject","inLanguage":"pt-BR","@id":"https:\/\/biancamachado.com.br\/blog\/#\/schema\/logo\/image\/","url":"https:\/\/i0.wp.com\/biancamachado.com.br\/blog\/wp-content\/uploads\/2021\/02\/cropped-logo-ml.jpg?fit=278%2C100&ssl=1","contentUrl":"https:\/\/i0.wp.com\/biancamachado.com.br\/blog\/wp-content\/uploads\/2021\/02\/cropped-logo-ml.jpg?fit=278%2C100&ssl=1","width":278,"height":100,"caption":"STUDIO BIANCA MACHADO"},"image":{"@id":"https:\/\/biancamachado.com.br\/blog\/#\/schema\/logo\/image\/"},"sameAs":["https:\/\/www.facebook.com\/Studiobiancamachado\/","https:\/\/www.instagram.com\/Studiobiancamachado\/"]},{"@type":"Person","@id":"https:\/\/biancamachado.com.br\/blog\/#\/schema\/person\/990263800ec5e9bdbbf092a2353550a1","name":"biancamachado","image":{"@type":"ImageObject","inLanguage":"pt-BR","@id":"https:\/\/secure.gravatar.com\/avatar\/62b1a50f2632dbc2e279c3eb55aa46cc324c969cff16a69c59756d155316542c?s=96&d=mm&r=g","url":"https:\/\/secure.gravatar.com\/avatar\/62b1a50f2632dbc2e279c3eb55aa46cc324c969cff16a69c59756d155316542c?s=96&d=mm&r=g","contentUrl":"https:\/\/secure.gravatar.com\/avatar\/62b1a50f2632dbc2e279c3eb55aa46cc324c969cff16a69c59756d155316542c?s=96&d=mm&r=g","caption":"biancamachado"},"sameAs":["https:\/\/biancamachado.com.br\/blog"],"url":"https:\/\/biancamachado.com.br\/blog\/author\/biancamachado\/"}]}},"jetpack_featured_media_url":"https:\/\/i0.wp.com\/biancamachado.com.br\/blog\/wp-content\/uploads\/2021\/04\/016-5-scaled.jpg?fit=1707%2C2560&ssl=1?v=1617823313","jetpack-related-posts":[],"jetpack_sharing_enabled":true,"_links":{"self":[{"href":"https:\/\/biancamachado.com.br\/blog\/wp-json\/wp\/v2\/posts\/2641","targetHints":{"allow":["GET"]}}],"collection":[{"href":"https:\/\/biancamachado.com.br\/blog\/wp-json\/wp\/v2\/posts"}],"about":[{"href":"https:\/\/biancamachado.com.br\/blog\/wp-json\/wp\/v2\/types\/post"}],"author":[{"embeddable":true,"href":"https:\/\/biancamachado.com.br\/blog\/wp-json\/wp\/v2\/users\/1"}],"replies":[{"embeddable":true,"href":"https:\/\/biancamachado.com.br\/blog\/wp-json\/wp\/v2\/comments?post=2641"}],"version-history":[{"count":2,"href":"https:\/\/biancamachado.com.br\/blog\/wp-json\/wp\/v2\/posts\/2641\/revisions"}],"predecessor-version":[{"id":3239,"href":"https:\/\/biancamachado.com.br\/blog\/wp-json\/wp\/v2\/posts\/2641\/revisions\/3239"}],"wp:featuredmedia":[{"embeddable":true,"href":"https:\/\/biancamachado.com.br\/blog\/wp-json\/wp\/v2\/media\/2453"}],"wp:attachment":[{"href":"https:\/\/biancamachado.com.br\/blog\/wp-json\/wp\/v2\/media?parent=2641"}],"wp:term":[{"taxonomy":"category","embeddable":true,"href":"https:\/\/biancamachado.com.br\/blog\/wp-json\/wp\/v2\/categories?post=2641"},{"taxonomy":"post_tag","embeddable":true,"href":"https:\/\/biancamachado.com.br\/blog\/wp-json\/wp\/v2\/tags?post=2641"}],"curies":[{"name":"wp","href":"https:\/\/api.w.org\/{rel}","templated":true}]}}