{"id":260,"date":"2013-08-20T16:35:00","date_gmt":"2013-08-20T19:35:00","guid":{"rendered":"https:\/\/biancamachado.com.br\/blog\/?p=260"},"modified":"2021-02-18T00:33:37","modified_gmt":"2021-02-18T03:33:37","slug":"fotografia-para-batizado","status":"publish","type":"post","link":"https:\/\/biancamachado.com.br\/blog\/fotografia-para-batizado\/","title":{"rendered":"Fotografia para Batizado"},"content":{"rendered":"<h2>Como Planejar o Batizado do seu beb\u00ea?<\/h2>\n<div style=\"text-align: justify;\"><\/div>\n<table align=\"center\" cellpadding=\"0\" cellspacing=\"0\" style=\"margin-left: auto; margin-right: auto; text-align: center;\">\n<tbody>\n<tr>\n<td style=\"text-align: center;\"><a href=\"https:\/\/i0.wp.com\/1.bp.blogspot.com\/-g_35tOj45XA\/UhPDxS7g2LI\/AAAAAAAALE0\/2rOlLrVJ9oY\/s1600\/foto_e_video_batizado2.jpg\" style=\"margin-left: auto; margin-right: auto;\"><img data-recalc-dims=\"1\" loading=\"lazy\" decoding=\"async\" alt=\"fotografia para batizado\" border=\"0\" height=\"304\" src=\"https:\/\/i0.wp.com\/1.bp.blogspot.com\/-g_35tOj45XA\/UhPDxS7g2LI\/AAAAAAAALE0\/2rOlLrVJ9oY\/s640\/foto_e_video_batizado2.jpg?resize=640%2C304&#038;ssl=1\" title=\"fotografia para batizado\" width=\"640\" \/><\/a><\/td>\n<\/tr>\n<tr>\n<td style=\"text-align: center;\">fotografia para batizado<\/td>\n<\/tr>\n<\/tbody>\n<\/table>\n<div style=\"text-align: justify;\"><\/div>\n<div style=\"text-align: justify;\">Al\u00e9m da parte de fotografia para batizados, vamos deixar algumas dicas para os clientes que querem planejar sua cerim\u00f4nia com muito carinho e criatividade.<\/div>\n<div style=\"text-align: justify;\"><\/div>\n<div style=\"text-align: justify;\">A festa de batismo normalmente \u00e9 oferecida apenas para os familiares e amigos mais pr\u00f3ximos, e adaptada de acordo com o hor\u00e1rio de t\u00e9rmino da celebra\u00e7\u00e3o. \u00c9 claro que n\u00e3o h\u00e1 nenhuma proibi\u00e7\u00e3o se voc\u00ea quiser fazer um fest\u00e3o, mas a maioria das pessoas deixa a festa maior para o anivers\u00e1rio de 1 ano do beb\u00ea.&nbsp;<\/div>\n<div style=\"text-align: justify;\">Precisa mandar convite?<\/div>\n<div style=\"text-align: justify;\"><\/div>\n<div style=\"text-align: justify;\">Existem convites especiais para batismo (com anjinhos ou outros s\u00edmbolos religiosos), que podem ser comprados prontos em livrarias e papelarias especializadas ou ser confeccionados de acordo com o desejo dos pais.&nbsp;<\/div>\n<div style=\"text-align: justify;\"><\/div>\n<div style=\"text-align: justify;\">Mas o convite tamb\u00e9m pode ser feito apenas por telefone ou at\u00e9 email, j\u00e1 que os convidados costumam ser pessoas pr\u00f3ximas.&nbsp;<\/div>\n<div style=\"text-align: justify;\"><\/div>\n<h3><b>Quem convidar para o batizado?<\/b><\/h3>\n<div style=\"text-align: justify;\"><\/div>\n<div style=\"text-align: justify;\">Em geral o batizado \u00e9 uma festa mais \u00edntima, na qual s\u00e3o inclu\u00eddas somente as pessoas que estiverem na cerim\u00f4nia na igreja (saiba mais sobre como se preparar para a cerim\u00f4nia do batizado). Convidam-se os padrinhos, al\u00e9m dos av\u00f3s da crian\u00e7a e os tios de primeiro grau (irm\u00e3os dos pais).&nbsp;<\/div>\n<div style=\"text-align: justify;\"><\/div>\n<div style=\"text-align: justify;\">A expectativa \u00e9 que haja alguma reuni\u00e3o ou comemora\u00e7\u00e3o logo depois da parte religiosa (um almo\u00e7o ou lanche, dependendo do hor\u00e1rio), mas n\u00e3o \u00e9 uma obriga\u00e7\u00e3o.&nbsp;<\/div>\n<div style=\"text-align: justify;\"><\/div>\n<div style=\"text-align: justify;\">Se voc\u00ea n\u00e3o quiser ou n\u00e3o puder fazer uma festinha, despe\u00e7a-se dos convidados na igreja mesmo, e, quem sabe, entregue algum tipo de lembrancinha para agradecer a presen\u00e7a.&nbsp;<\/div>\n<div style=\"text-align: justify;\"><\/div>\n<div style=\"text-align: justify;\">Lembre-se de que o batizado \u00e9 um evento em torno de um tema s\u00e9rio e adulto, e n\u00e3o uma festa para crian\u00e7as. S\u00f3 convide crian\u00e7as se for mesmo necess\u00e1rio, para evitar confus\u00e3o na igreja (crian\u00e7a nenhuma aguenta ficar quietinha por tanto tempo!). E n\u00e3o precisa se preocupar com entretenimento infantil se for oferecer uma festinha depois.&nbsp;<\/div>\n<div style=\"text-align: justify;\"><\/div>\n<h3>Batizado de manh\u00e3 cedo: caf\u00e9 da manh\u00e3 e brunch<\/h3>\n<div style=\"text-align: justify;\"><\/div>\n<div style=\"text-align: justify;\">Se o batismo for muito cedo e as pessoas sa\u00edrem da igreja antes das 11h, uma boa op\u00e7\u00e3o \u00e9 um caf\u00e9 da manh\u00e3 caprichado, com p\u00e3es diversos, dois ou tr\u00eas tipos de bolos mais sequinhos, geleias, frios, frutas, caf\u00e9, leite, chocolate e sucos.&nbsp;<\/div>\n<div style=\"text-align: justify;\"><\/div>\n<div style=\"text-align: justify;\">Se quiser prolongar mais a reuni\u00e3o, ofere\u00e7a, em vez do caf\u00e9, um brunch, que \u00e9 uma mistura de caf\u00e9 da manh\u00e3 e almo\u00e7o leve. Os quitutes s\u00e3o os mesmos do caf\u00e9 da manh\u00e3, mas voc\u00ea pode acrescentar saladas (de folhas, de macarr\u00e3o, s\u00f3 de tomates com peda\u00e7os de mussarela e manjeric\u00e3o), tortas salgadas ou quiches e sobremesas.&nbsp;<\/div>\n<div style=\"text-align: justify;\"><\/div>\n<h3>Batizado no fim da manh\u00e3: almo\u00e7o em casa<\/h3>\n<div style=\"text-align: justify;\"><\/div>\n<div style=\"text-align: justify;\">Se a celebra\u00e7\u00e3o do batizado terminar perto da hora do almo\u00e7o, o ideal \u00e9 que seja servida uma refei\u00e7\u00e3o na casa dos pais ou de um parente cuja casa acomode melhor as pessoas. \u00c0s vezes s\u00e3o os padrinhos ou os av\u00f3s que oferecem o almo\u00e7o.&nbsp;<\/div>\n<div style=\"text-align: justify;\"><\/div>\n<div style=\"text-align: justify;\">A comida pode ser mais leve, combinando com a ocasi\u00e3o, mas, se voc\u00ea \u00e9 mesmo da turma da feijoada ou do churrasco, fa\u00e7a o que for do seu gosto e, acima de tudo, seja pr\u00e1tico.&nbsp;<\/div>\n<div style=\"text-align: justify;\"><\/div>\n<div style=\"text-align: justify;\">Uma sugest\u00e3o para agradar todos os paladares \u00e9 preparar uma massa ou torta salgada, dois pratos com carne ou frango e batatas, arroz e uma saladona.&nbsp;<\/div>\n<div style=\"text-align: justify;\"><\/div>\n<div style=\"text-align: justify;\">Uma mesa com massas e molhos variados e tamb\u00e9m saladas (pode ser uma de folhas verdes e legumes e outra de batata, ma\u00e7\u00e3s picadas e maionese) costuma ser mais f\u00e1cil de organizar e n\u00e3o sai t\u00e3o cara.&nbsp;<\/div>\n<div style=\"text-align: justify;\"><\/div>\n<div style=\"text-align: justify;\">Para a sobremesa, al\u00e9m do bolo, voc\u00ea pode servir uma torta e uma musse ou encher uma mesa de docinhos.&nbsp;<\/div>\n<div style=\"text-align: justify;\"><\/div>\n<div style=\"text-align: justify;\">Se o almo\u00e7o for em um restaurante, os pais devem pagar para todos?<\/div>\n<div style=\"text-align: justify;\"><\/div>\n<div style=\"text-align: justify;\">Sim, o costume \u00e9 que os pais ofere\u00e7am o almo\u00e7o, se convidarem os padrinhos e parentes para ir a um restaurante.&nbsp;<\/div>\n<div style=\"text-align: justify;\"><\/div>\n<div style=\"text-align: justify;\">N\u00e3o tem problema nenhum cada um pagar a sua conta, desde que isso tenha sido combinado antes com todos e esteja bem claro, para n\u00e3o criar situa\u00e7\u00f5es chatas de \u00faltima hora.&nbsp;<\/div>\n<div style=\"text-align: justify;\"><\/div>\n<div style=\"text-align: justify;\">Se voc\u00ea n\u00e3o est\u00e1 podendo bancar um almo\u00e7o para muita gente, existe a possibilidade de convidar apenas os padrinhos para almo\u00e7ar fora, em agradecimento. Nesse caso, chame somente quem for estritamente necess\u00e1rio para a cerim\u00f4nia na igreja (como os av\u00f3s) e use a sinceridade, dizendo que n\u00e3o vai haver comemora\u00e7\u00e3o, apenas um almo\u00e7o simples com os padrinhos.&nbsp;<\/div>\n<div style=\"text-align: justify;\"><\/div>\n<h3>Batizado \u00e0 tarde: caf\u00e9 ou lanche<\/h3>\n<div style=\"text-align: justify;\"><\/div>\n<div style=\"text-align: justify;\">Se a cerim\u00f4nia do batismo for depois do almo\u00e7o, voc\u00ea pode servir um lanche para os convidados. O card\u00e1pio \u00e9 mais livre: caf\u00e9, sucos, refrigerantes, sandu\u00edches de metro, salgados, p\u00e3es, tortas, docinhos&#8230; Tudo vai depender do seu or\u00e7amento.&nbsp;<\/div>\n<div style=\"text-align: justify;\"><\/div>\n<div style=\"text-align: justify;\">Voc\u00ea tamb\u00e9m pode oferecer uma festinha no estilo coquetel, com salgadinhos e bolo, como faria numa festa normal de anivers\u00e1rio de crian\u00e7a. A op\u00e7\u00e3o do caf\u00e9 (ou ch\u00e1), por\u00e9m, \u00e9 mais charmosa, porque os convidados podem se sentar em volta da mesa e conversar sobre a linda vida que o beb\u00ea ter\u00e1 pela frente.&nbsp;<\/div>\n<div style=\"text-align: justify;\"><\/div>\n<h3>Decora\u00e7\u00e3o: o que fazer?<\/h3>\n<div style=\"text-align: justify;\"><\/div>\n<div style=\"text-align: justify;\">Uma reuni\u00e3o de batizado n\u00e3o precisa de decora\u00e7\u00e3o muito elaborada e nem &#8220;tema&#8221;. Um arranjo de flores brancas na mesa ou vasinhos menores espalhados pela sala j\u00e1 d\u00e3o o tom elegante e s\u00f3brio da ocasi\u00e3o. O branco e as cores suaves s\u00e3o os mais usados &#8212; para o bolo e os docinhos, por exemplo. Anjinhos tamb\u00e9m podem servir de enfeite para paredes e mesas, se for do seu gosto.&nbsp;<\/div>\n<div style=\"text-align: justify;\"><\/div>\n<div style=\"text-align: justify;\">N\u00e3o h\u00e1 problema algum em fazer uma reuni\u00e3o descontra\u00edda e despojada, mas se voc\u00ea quiser apostar em toalhas de renda, velas perfumadas e talheres, pratos e copos de verdade, no lugar dos descart\u00e1veis, certamente vai criar um clima mais caprichado.&nbsp;<\/div>\n<div style=\"text-align: justify;\"><\/div>\n<h3>Lembrancinha: o que dar<\/h3>\n<div style=\"text-align: justify;\"><\/div>\n<div style=\"text-align: justify;\">Uma data t\u00e3o especial como o batizado merece ficar guardada na mem\u00f3ria de quem esteve presente, principalmente por ser um c\u00edrculo t\u00e3o \u00edntimo de parentes e amigos. Por esse motivo, \u00e9 simp\u00e1tico oferecer lembrancinhas aos convidados.&nbsp;<\/div>\n<div style=\"text-align: justify;\"><\/div>\n<div style=\"text-align: justify;\">Existem v\u00e1rias op\u00e7\u00f5es ligadas ao tema religioso, como ter\u00e7os ou miniter\u00e7os e vidrinhos de \u00e1gua-benta. Mas nada impede que voc\u00ea ofere\u00e7a lembrancinhas mais livres, como marcadores de livros, plantas, bem-casados ou caixinhas com brigadeiros ou trufas. A regra geral \u00e9 entregar uma lembrancinha por fam\u00edlia.&nbsp;<\/div>\n<div style=\"text-align: justify;\"><\/div>\n<h3>Pode fazer a festa de batismo junto com o anivers\u00e1rio de 1 ano?<\/h3>\n<div style=\"text-align: justify;\"><\/div>\n<div style=\"text-align: justify;\">Sim, \u00e9 at\u00e9 poss\u00edvel fazer a festa de batizado junto com o anivers\u00e1rio de 1 ano. H\u00e1, por\u00e9m, algumas considera\u00e7\u00f5es.&nbsp;<\/div>\n<div style=\"text-align: justify;\"><\/div>\n<div style=\"text-align: justify;\">Em primeiro lugar, os padres preferem que a crian\u00e7a seja mais nova na hora do batizado. Al\u00e9m dos motivos religiosos (de aben\u00e7oar a crian\u00e7a o quanto antes), h\u00e1 o fato de uma crian\u00e7a de 1 ano j\u00e1 ser bastante ativa e poder ter dificuldade em ficar quietinha na hora da cerim\u00f4nia.&nbsp;<\/div>\n<div style=\"text-align: justify;\"><\/div>\n<div style=\"text-align: justify;\">Depois, \u00e9 preciso pensar na lista de convidados. Pode ser que ela seja maior que a do batizado sozinho. Pense bem se vale a pena convidar todo mundo para a cerim\u00f4nia na igreja. Uma op\u00e7\u00e3o \u00e9 fazer o batizado de manh\u00e3 e a festa \u00e0 tarde, assim nem todos os convidados precisam ir \u00e0 igreja tamb\u00e9m (s\u00f3 os mais pr\u00f3ximos).&nbsp;<\/div>\n<div style=\"text-align: justify;\"><\/div>\n<div style=\"text-align: justify;\">Se a festa de 1 ano que voc\u00ea planeja fazer for uma reuni\u00e3o \u00edntima, ent\u00e3o \u00e9 realmente mais f\u00e1cil fazer uma comemora\u00e7\u00e3o s\u00f3.&nbsp;<\/div>\n<div style=\"text-align: justify;\"><\/div>\n<div style=\"text-align: justify;\">A cara da festa ou do almo\u00e7o pode ser mais de anivers\u00e1rio. O convite precisa explicar a comemora\u00e7\u00e3o dupla (batizado e anivers\u00e1rio), e o tema da festa pode ser mais discreto. Temas de personagens infantis, que caem bem nos anivers\u00e1rios, nem sempre se encaixam para a ocasi\u00e3o do batismo.&nbsp;<\/div>\n<div style=\"text-align: justify;\"><\/div>\n<h3>Vale \u00e0 pena contratar um fotografo profissional?<\/h3>\n<div>Acesse nossos pre\u00e7os e promo\u00e7\u00f5es no site&nbsp;<a href=\"http:\/\/www.biancamachado.com.br\/\">www.biancamachado.com.br<\/a>. As igrejas, s\u00e3o locais maravilhosos e &#8220;escuros&#8221;, onde as c\u00e2meras amadoras podem estragar a recorda\u00e7\u00e3o do seu beb\u00ea. Consulte nossos pacotes e mostru\u00e1rios pelo site clicando <a href=\"http:\/\/www.biancamachado.com.br\/batizado.html\" target=\"_blank\" rel=\"noopener\">aqui.<\/a><\/div>\n<p><i>Fonte: Site e-family<\/i><\/p>\n<p>Visite tamb\u00e9m nosso site:&nbsp;<a href=\"http:\/\/www.biancamachado.com.br\/\">www.biancamachado.com.br<\/a><br \/>(11) 97107-1018<\/p>\n<div style=\"-webkit-text-stroke-width: 0px; clear: both; color: black; font-family: &quot;times new roman&quot;; font-size: medium; font-style: normal; font-variant: normal; font-weight: normal; letter-spacing: normal; line-height: normal; margin: 0px; orphans: auto; text-align: center; text-indent: 0px; text-transform: none; white-space: normal; widows: 1; word-spacing: 0px;\"><\/div>\n<div style=\"-webkit-text-stroke-width: 0px; clear: both; color: black; font-family: &quot;times new roman&quot;; font-size: medium; font-style: normal; font-variant: normal; font-weight: normal; letter-spacing: normal; line-height: normal; margin: 0px; orphans: auto; text-align: center; text-indent: 0px; text-transform: none; white-space: normal; widows: 1; word-spacing: 0px;\"><\/div>\n<div style=\"-webkit-text-stroke-width: 0px; clear: both; color: black; font-family: &quot;times new roman&quot;; font-size: medium; font-style: normal; font-variant: normal; font-weight: normal; letter-spacing: normal; line-height: normal; margin: 0px; orphans: auto; text-align: center; text-indent: 0px; text-transform: none; white-space: normal; widows: 1; word-spacing: 0px;\"><\/div>\n<div style=\"-webkit-text-stroke-width: 0px; clear: both; color: black; font-family: &quot;times new roman&quot;; font-size: medium; font-style: normal; font-variant: normal; font-weight: normal; letter-spacing: normal; line-height: normal; margin: 0px; orphans: auto; text-align: center; text-indent: 0px; text-transform: none; white-space: normal; widows: 1; word-spacing: 0px;\"><\/div>\nVisite tamb\u00e9m nosso site: www.biancamachado.com.br\r\n(11) 97107-1018\r\n\r\nAtendemos as regi\u00f5es de S\u00e3o Paulo, Sorocaba, Ibi\u00fana, Piedade, Votorantim, Cotia, Itupeva, Jundia\u00ed, It\u00fa e Campinas","protected":false},"excerpt":{"rendered":"<p>Como Planejar o Batizado do<\/p>\n","protected":false},"author":1,"featured_media":1048,"comment_status":"open","ping_status":"open","sticky":false,"template":"","format":"standard","meta":{"_monsterinsights_skip_tracking":false,"_monsterinsights_sitenote_active":false,"_monsterinsights_sitenote_note":"","_monsterinsights_sitenote_category":0,"jetpack_post_was_ever_published":false,"_jetpack_newsletter_access":"","_jetpack_dont_email_post_to_subs":false,"_jetpack_newsletter_tier_id":0,"_jetpack_memberships_contains_paywalled_content":false,"_jetpack_memberships_contains_paid_content":false,"_joinchat":[],"footnotes":""},"categories":[320,319,1],"tags":[361,358,359,334,357,360],"class_list":["post-260","post","type-post","status-publish","format-standard","has-post-thumbnail","hentry","category-batizado","category-festa-infantil-aniversario","category-studio-bianca-machado","tag-cerimonia-de-batizado","tag-festa-de-criancas","tag-fotografia-de-batizado","tag-fotografia-profissional-para-familias","tag-fotos-para-festa-de-aniversario-infantil","tag-fotos-profissionais-de-batizado"],"yoast_head":"<!-- This site is optimized with the Yoast SEO plugin v27.4 - https:\/\/yoast.com\/product\/yoast-seo-wordpress\/ -->\n<title>Fotografia para Batizado - STUDIO BIANCA MACHADO<\/title>\n<meta name=\"robots\" content=\"index, follow, max-snippet:-1, max-image-preview:large, max-video-preview:-1\" \/>\n<link rel=\"canonical\" href=\"https:\/\/biancamachado.com.br\/blog\/fotografia-para-batizado\/\" \/>\n<meta property=\"og:locale\" content=\"pt_BR\" \/>\n<meta property=\"og:type\" content=\"article\" \/>\n<meta property=\"og:title\" content=\"Fotografia para Batizado - STUDIO BIANCA MACHADO\" \/>\n<meta property=\"og:description\" content=\"Como Planejar o Batizado do\" \/>\n<meta property=\"og:url\" content=\"https:\/\/biancamachado.com.br\/blog\/fotografia-para-batizado\/\" \/>\n<meta property=\"og:site_name\" content=\"STUDIO BIANCA MACHADO\" \/>\n<meta property=\"article:publisher\" content=\"https:\/\/www.facebook.com\/Studiobiancamachado\/\" \/>\n<meta property=\"article:published_time\" content=\"2013-08-20T19:35:00+00:00\" \/>\n<meta property=\"article:modified_time\" content=\"2021-02-18T03:33:37+00:00\" \/>\n<meta property=\"og:image\" content=\"https:\/\/i0.wp.com\/biancamachado.com.br\/blog\/wp-content\/uploads\/2013\/08\/Screenshot_219.png?fit=501%2C304&ssl=1\" \/>\n\t<meta property=\"og:image:width\" content=\"501\" \/>\n\t<meta property=\"og:image:height\" content=\"304\" \/>\n\t<meta property=\"og:image:type\" content=\"image\/png\" \/>\n<meta name=\"author\" content=\"biancamachado\" \/>\n<meta name=\"twitter:card\" content=\"summary_large_image\" \/>\n<meta name=\"twitter:label1\" content=\"Escrito por\" \/>\n\t<meta name=\"twitter:data1\" content=\"biancamachado\" \/>\n\t<meta name=\"twitter:label2\" content=\"Est. tempo de leitura\" \/>\n\t<meta name=\"twitter:data2\" content=\"7 minutos\" \/>\n<script type=\"application\/ld+json\" class=\"yoast-schema-graph\">{\"@context\":\"https:\\\/\\\/schema.org\",\"@graph\":[{\"@type\":\"Article\",\"@id\":\"https:\\\/\\\/biancamachado.com.br\\\/blog\\\/fotografia-para-batizado\\\/#article\",\"isPartOf\":{\"@id\":\"https:\\\/\\\/biancamachado.com.br\\\/blog\\\/fotografia-para-batizado\\\/\"},\"author\":{\"name\":\"biancamachado\",\"@id\":\"https:\\\/\\\/biancamachado.com.br\\\/blog\\\/#\\\/schema\\\/person\\\/990263800ec5e9bdbbf092a2353550a1\"},\"headline\":\"Fotografia para Batizado\",\"datePublished\":\"2013-08-20T19:35:00+00:00\",\"dateModified\":\"2021-02-18T03:33:37+00:00\",\"mainEntityOfPage\":{\"@id\":\"https:\\\/\\\/biancamachado.com.br\\\/blog\\\/fotografia-para-batizado\\\/\"},\"wordCount\":1434,\"commentCount\":0,\"publisher\":{\"@id\":\"https:\\\/\\\/biancamachado.com.br\\\/blog\\\/#organization\"},\"image\":{\"@id\":\"https:\\\/\\\/biancamachado.com.br\\\/blog\\\/fotografia-para-batizado\\\/#primaryimage\"},\"thumbnailUrl\":\"https:\\\/\\\/i0.wp.com\\\/biancamachado.com.br\\\/blog\\\/wp-content\\\/uploads\\\/2013\\\/08\\\/Screenshot_219.png?fit=501%2C304&ssl=1\",\"keywords\":[\"cerimonia de batizado\",\"festa de crian\u00e7as\",\"fotografia de batizado\",\"fotografia profissional para familias\",\"fotos para festa de aniversario infantil\",\"fotos profissionais de batizado\"],\"articleSection\":[\"Batizado\",\"Festa Infantil \\\/ Anivers\u00e1rio\",\"Studio Bianca Machado\"],\"inLanguage\":\"pt-BR\",\"potentialAction\":[{\"@type\":\"CommentAction\",\"name\":\"Comment\",\"target\":[\"https:\\\/\\\/biancamachado.com.br\\\/blog\\\/fotografia-para-batizado\\\/#respond\"]}]},{\"@type\":\"WebPage\",\"@id\":\"https:\\\/\\\/biancamachado.com.br\\\/blog\\\/fotografia-para-batizado\\\/\",\"url\":\"https:\\\/\\\/biancamachado.com.br\\\/blog\\\/fotografia-para-batizado\\\/\",\"name\":\"Fotografia para Batizado - STUDIO BIANCA MACHADO\",\"isPartOf\":{\"@id\":\"https:\\\/\\\/biancamachado.com.br\\\/blog\\\/#website\"},\"primaryImageOfPage\":{\"@id\":\"https:\\\/\\\/biancamachado.com.br\\\/blog\\\/fotografia-para-batizado\\\/#primaryimage\"},\"image\":{\"@id\":\"https:\\\/\\\/biancamachado.com.br\\\/blog\\\/fotografia-para-batizado\\\/#primaryimage\"},\"thumbnailUrl\":\"https:\\\/\\\/i0.wp.com\\\/biancamachado.com.br\\\/blog\\\/wp-content\\\/uploads\\\/2013\\\/08\\\/Screenshot_219.png?fit=501%2C304&ssl=1\",\"datePublished\":\"2013-08-20T19:35:00+00:00\",\"dateModified\":\"2021-02-18T03:33:37+00:00\",\"breadcrumb\":{\"@id\":\"https:\\\/\\\/biancamachado.com.br\\\/blog\\\/fotografia-para-batizado\\\/#breadcrumb\"},\"inLanguage\":\"pt-BR\",\"potentialAction\":[{\"@type\":\"ReadAction\",\"target\":[\"https:\\\/\\\/biancamachado.com.br\\\/blog\\\/fotografia-para-batizado\\\/\"]}]},{\"@type\":\"ImageObject\",\"inLanguage\":\"pt-BR\",\"@id\":\"https:\\\/\\\/biancamachado.com.br\\\/blog\\\/fotografia-para-batizado\\\/#primaryimage\",\"url\":\"https:\\\/\\\/i0.wp.com\\\/biancamachado.com.br\\\/blog\\\/wp-content\\\/uploads\\\/2013\\\/08\\\/Screenshot_219.png?fit=501%2C304&ssl=1\",\"contentUrl\":\"https:\\\/\\\/i0.wp.com\\\/biancamachado.com.br\\\/blog\\\/wp-content\\\/uploads\\\/2013\\\/08\\\/Screenshot_219.png?fit=501%2C304&ssl=1\",\"width\":501,\"height\":304,\"caption\":\"Fotografia para Batizado\"},{\"@type\":\"BreadcrumbList\",\"@id\":\"https:\\\/\\\/biancamachado.com.br\\\/blog\\\/fotografia-para-batizado\\\/#breadcrumb\",\"itemListElement\":[{\"@type\":\"ListItem\",\"position\":1,\"name\":\"In\u00edcio\",\"item\":\"https:\\\/\\\/biancamachado.com.br\\\/blog\\\/\"},{\"@type\":\"ListItem\",\"position\":2,\"name\":\"Fotografia para Batizado\"}]},{\"@type\":\"WebSite\",\"@id\":\"https:\\\/\\\/biancamachado.com.br\\\/blog\\\/#website\",\"url\":\"https:\\\/\\\/biancamachado.com.br\\\/blog\\\/\",\"name\":\"STUDIO BIANCA MACHADO\",\"description\":\"Estudio Fotografico, Ensaios e Books de foto profissional\",\"publisher\":{\"@id\":\"https:\\\/\\\/biancamachado.com.br\\\/blog\\\/#organization\"},\"potentialAction\":[{\"@type\":\"SearchAction\",\"target\":{\"@type\":\"EntryPoint\",\"urlTemplate\":\"https:\\\/\\\/biancamachado.com.br\\\/blog\\\/?s={search_term_string}\"},\"query-input\":{\"@type\":\"PropertyValueSpecification\",\"valueRequired\":true,\"valueName\":\"search_term_string\"}}],\"inLanguage\":\"pt-BR\"},{\"@type\":\"Organization\",\"@id\":\"https:\\\/\\\/biancamachado.com.br\\\/blog\\\/#organization\",\"name\":\"STUDIO BIANCA MACHADO\",\"url\":\"https:\\\/\\\/biancamachado.com.br\\\/blog\\\/\",\"logo\":{\"@type\":\"ImageObject\",\"inLanguage\":\"pt-BR\",\"@id\":\"https:\\\/\\\/biancamachado.com.br\\\/blog\\\/#\\\/schema\\\/logo\\\/image\\\/\",\"url\":\"https:\\\/\\\/i0.wp.com\\\/biancamachado.com.br\\\/blog\\\/wp-content\\\/uploads\\\/2021\\\/02\\\/cropped-logo-ml.jpg?fit=278%2C100&ssl=1\",\"contentUrl\":\"https:\\\/\\\/i0.wp.com\\\/biancamachado.com.br\\\/blog\\\/wp-content\\\/uploads\\\/2021\\\/02\\\/cropped-logo-ml.jpg?fit=278%2C100&ssl=1\",\"width\":278,\"height\":100,\"caption\":\"STUDIO BIANCA MACHADO\"},\"image\":{\"@id\":\"https:\\\/\\\/biancamachado.com.br\\\/blog\\\/#\\\/schema\\\/logo\\\/image\\\/\"},\"sameAs\":[\"https:\\\/\\\/www.facebook.com\\\/Studiobiancamachado\\\/\",\"https:\\\/\\\/www.instagram.com\\\/Studiobiancamachado\\\/\"]},{\"@type\":\"Person\",\"@id\":\"https:\\\/\\\/biancamachado.com.br\\\/blog\\\/#\\\/schema\\\/person\\\/990263800ec5e9bdbbf092a2353550a1\",\"name\":\"biancamachado\",\"image\":{\"@type\":\"ImageObject\",\"inLanguage\":\"pt-BR\",\"@id\":\"https:\\\/\\\/secure.gravatar.com\\\/avatar\\\/62b1a50f2632dbc2e279c3eb55aa46cc324c969cff16a69c59756d155316542c?s=96&d=mm&r=g\",\"url\":\"https:\\\/\\\/secure.gravatar.com\\\/avatar\\\/62b1a50f2632dbc2e279c3eb55aa46cc324c969cff16a69c59756d155316542c?s=96&d=mm&r=g\",\"contentUrl\":\"https:\\\/\\\/secure.gravatar.com\\\/avatar\\\/62b1a50f2632dbc2e279c3eb55aa46cc324c969cff16a69c59756d155316542c?s=96&d=mm&r=g\",\"caption\":\"biancamachado\"},\"sameAs\":[\"https:\\\/\\\/biancamachado.com.br\\\/blog\"],\"url\":\"https:\\\/\\\/biancamachado.com.br\\\/blog\\\/author\\\/biancamachado\\\/\"}]}<\/script>\n<!-- \/ Yoast SEO plugin. -->","yoast_head_json":{"title":"Fotografia para Batizado - STUDIO BIANCA MACHADO","robots":{"index":"index","follow":"follow","max-snippet":"max-snippet:-1","max-image-preview":"max-image-preview:large","max-video-preview":"max-video-preview:-1"},"canonical":"https:\/\/biancamachado.com.br\/blog\/fotografia-para-batizado\/","og_locale":"pt_BR","og_type":"article","og_title":"Fotografia para Batizado - STUDIO BIANCA MACHADO","og_description":"Como Planejar o Batizado do","og_url":"https:\/\/biancamachado.com.br\/blog\/fotografia-para-batizado\/","og_site_name":"STUDIO BIANCA MACHADO","article_publisher":"https:\/\/www.facebook.com\/Studiobiancamachado\/","article_published_time":"2013-08-20T19:35:00+00:00","article_modified_time":"2021-02-18T03:33:37+00:00","og_image":[{"width":501,"height":304,"url":"https:\/\/i0.wp.com\/biancamachado.com.br\/blog\/wp-content\/uploads\/2013\/08\/Screenshot_219.png?fit=501%2C304&ssl=1","type":"image\/png"}],"author":"biancamachado","twitter_card":"summary_large_image","twitter_misc":{"Escrito por":"biancamachado","Est. tempo de leitura":"7 minutos"},"schema":{"@context":"https:\/\/schema.org","@graph":[{"@type":"Article","@id":"https:\/\/biancamachado.com.br\/blog\/fotografia-para-batizado\/#article","isPartOf":{"@id":"https:\/\/biancamachado.com.br\/blog\/fotografia-para-batizado\/"},"author":{"name":"biancamachado","@id":"https:\/\/biancamachado.com.br\/blog\/#\/schema\/person\/990263800ec5e9bdbbf092a2353550a1"},"headline":"Fotografia para Batizado","datePublished":"2013-08-20T19:35:00+00:00","dateModified":"2021-02-18T03:33:37+00:00","mainEntityOfPage":{"@id":"https:\/\/biancamachado.com.br\/blog\/fotografia-para-batizado\/"},"wordCount":1434,"commentCount":0,"publisher":{"@id":"https:\/\/biancamachado.com.br\/blog\/#organization"},"image":{"@id":"https:\/\/biancamachado.com.br\/blog\/fotografia-para-batizado\/#primaryimage"},"thumbnailUrl":"https:\/\/i0.wp.com\/biancamachado.com.br\/blog\/wp-content\/uploads\/2013\/08\/Screenshot_219.png?fit=501%2C304&ssl=1","keywords":["cerimonia de batizado","festa de crian\u00e7as","fotografia de batizado","fotografia profissional para familias","fotos para festa de aniversario infantil","fotos profissionais de batizado"],"articleSection":["Batizado","Festa Infantil \/ Anivers\u00e1rio","Studio Bianca Machado"],"inLanguage":"pt-BR","potentialAction":[{"@type":"CommentAction","name":"Comment","target":["https:\/\/biancamachado.com.br\/blog\/fotografia-para-batizado\/#respond"]}]},{"@type":"WebPage","@id":"https:\/\/biancamachado.com.br\/blog\/fotografia-para-batizado\/","url":"https:\/\/biancamachado.com.br\/blog\/fotografia-para-batizado\/","name":"Fotografia para Batizado - STUDIO BIANCA MACHADO","isPartOf":{"@id":"https:\/\/biancamachado.com.br\/blog\/#website"},"primaryImageOfPage":{"@id":"https:\/\/biancamachado.com.br\/blog\/fotografia-para-batizado\/#primaryimage"},"image":{"@id":"https:\/\/biancamachado.com.br\/blog\/fotografia-para-batizado\/#primaryimage"},"thumbnailUrl":"https:\/\/i0.wp.com\/biancamachado.com.br\/blog\/wp-content\/uploads\/2013\/08\/Screenshot_219.png?fit=501%2C304&ssl=1","datePublished":"2013-08-20T19:35:00+00:00","dateModified":"2021-02-18T03:33:37+00:00","breadcrumb":{"@id":"https:\/\/biancamachado.com.br\/blog\/fotografia-para-batizado\/#breadcrumb"},"inLanguage":"pt-BR","potentialAction":[{"@type":"ReadAction","target":["https:\/\/biancamachado.com.br\/blog\/fotografia-para-batizado\/"]}]},{"@type":"ImageObject","inLanguage":"pt-BR","@id":"https:\/\/biancamachado.com.br\/blog\/fotografia-para-batizado\/#primaryimage","url":"https:\/\/i0.wp.com\/biancamachado.com.br\/blog\/wp-content\/uploads\/2013\/08\/Screenshot_219.png?fit=501%2C304&ssl=1","contentUrl":"https:\/\/i0.wp.com\/biancamachado.com.br\/blog\/wp-content\/uploads\/2013\/08\/Screenshot_219.png?fit=501%2C304&ssl=1","width":501,"height":304,"caption":"Fotografia para Batizado"},{"@type":"BreadcrumbList","@id":"https:\/\/biancamachado.com.br\/blog\/fotografia-para-batizado\/#breadcrumb","itemListElement":[{"@type":"ListItem","position":1,"name":"In\u00edcio","item":"https:\/\/biancamachado.com.br\/blog\/"},{"@type":"ListItem","position":2,"name":"Fotografia para Batizado"}]},{"@type":"WebSite","@id":"https:\/\/biancamachado.com.br\/blog\/#website","url":"https:\/\/biancamachado.com.br\/blog\/","name":"STUDIO BIANCA MACHADO","description":"Estudio Fotografico, Ensaios e Books de foto profissional","publisher":{"@id":"https:\/\/biancamachado.com.br\/blog\/#organization"},"potentialAction":[{"@type":"SearchAction","target":{"@type":"EntryPoint","urlTemplate":"https:\/\/biancamachado.com.br\/blog\/?s={search_term_string}"},"query-input":{"@type":"PropertyValueSpecification","valueRequired":true,"valueName":"search_term_string"}}],"inLanguage":"pt-BR"},{"@type":"Organization","@id":"https:\/\/biancamachado.com.br\/blog\/#organization","name":"STUDIO BIANCA MACHADO","url":"https:\/\/biancamachado.com.br\/blog\/","logo":{"@type":"ImageObject","inLanguage":"pt-BR","@id":"https:\/\/biancamachado.com.br\/blog\/#\/schema\/logo\/image\/","url":"https:\/\/i0.wp.com\/biancamachado.com.br\/blog\/wp-content\/uploads\/2021\/02\/cropped-logo-ml.jpg?fit=278%2C100&ssl=1","contentUrl":"https:\/\/i0.wp.com\/biancamachado.com.br\/blog\/wp-content\/uploads\/2021\/02\/cropped-logo-ml.jpg?fit=278%2C100&ssl=1","width":278,"height":100,"caption":"STUDIO BIANCA MACHADO"},"image":{"@id":"https:\/\/biancamachado.com.br\/blog\/#\/schema\/logo\/image\/"},"sameAs":["https:\/\/www.facebook.com\/Studiobiancamachado\/","https:\/\/www.instagram.com\/Studiobiancamachado\/"]},{"@type":"Person","@id":"https:\/\/biancamachado.com.br\/blog\/#\/schema\/person\/990263800ec5e9bdbbf092a2353550a1","name":"biancamachado","image":{"@type":"ImageObject","inLanguage":"pt-BR","@id":"https:\/\/secure.gravatar.com\/avatar\/62b1a50f2632dbc2e279c3eb55aa46cc324c969cff16a69c59756d155316542c?s=96&d=mm&r=g","url":"https:\/\/secure.gravatar.com\/avatar\/62b1a50f2632dbc2e279c3eb55aa46cc324c969cff16a69c59756d155316542c?s=96&d=mm&r=g","contentUrl":"https:\/\/secure.gravatar.com\/avatar\/62b1a50f2632dbc2e279c3eb55aa46cc324c969cff16a69c59756d155316542c?s=96&d=mm&r=g","caption":"biancamachado"},"sameAs":["https:\/\/biancamachado.com.br\/blog"],"url":"https:\/\/biancamachado.com.br\/blog\/author\/biancamachado\/"}]}},"jetpack_featured_media_url":"https:\/\/i0.wp.com\/biancamachado.com.br\/blog\/wp-content\/uploads\/2013\/08\/Screenshot_219.png?fit=501%2C304&ssl=1","jetpack-related-posts":[],"jetpack_sharing_enabled":true,"_links":{"self":[{"href":"https:\/\/biancamachado.com.br\/blog\/wp-json\/wp\/v2\/posts\/260","targetHints":{"allow":["GET"]}}],"collection":[{"href":"https:\/\/biancamachado.com.br\/blog\/wp-json\/wp\/v2\/posts"}],"about":[{"href":"https:\/\/biancamachado.com.br\/blog\/wp-json\/wp\/v2\/types\/post"}],"author":[{"embeddable":true,"href":"https:\/\/biancamachado.com.br\/blog\/wp-json\/wp\/v2\/users\/1"}],"replies":[{"embeddable":true,"href":"https:\/\/biancamachado.com.br\/blog\/wp-json\/wp\/v2\/comments?post=260"}],"version-history":[{"count":1,"href":"https:\/\/biancamachado.com.br\/blog\/wp-json\/wp\/v2\/posts\/260\/revisions"}],"predecessor-version":[{"id":1743,"href":"https:\/\/biancamachado.com.br\/blog\/wp-json\/wp\/v2\/posts\/260\/revisions\/1743"}],"wp:featuredmedia":[{"embeddable":true,"href":"https:\/\/biancamachado.com.br\/blog\/wp-json\/wp\/v2\/media\/1048"}],"wp:attachment":[{"href":"https:\/\/biancamachado.com.br\/blog\/wp-json\/wp\/v2\/media?parent=260"}],"wp:term":[{"taxonomy":"category","embeddable":true,"href":"https:\/\/biancamachado.com.br\/blog\/wp-json\/wp\/v2\/categories?post=260"},{"taxonomy":"post_tag","embeddable":true,"href":"https:\/\/biancamachado.com.br\/blog\/wp-json\/wp\/v2\/tags?post=260"}],"curies":[{"name":"wp","href":"https:\/\/api.w.org\/{rel}","templated":true}]}}