{"id":255,"date":"2013-08-20T17:44:00","date_gmt":"2013-08-20T20:44:00","guid":{"rendered":"https:\/\/biancamachado.com.br\/blog\/?p=255"},"modified":"2013-08-20T17:44:00","modified_gmt":"2013-08-20T20:44:00","slug":"book-acompanhamento-bebe-quais-as-mudancas-o-meu-bebe-ira-passar-no-primeiro-ano","status":"publish","type":"post","link":"https:\/\/biancamachado.com.br\/blog\/book-acompanhamento-bebe-quais-as-mudancas-o-meu-bebe-ira-passar-no-primeiro-ano\/","title":{"rendered":"Book Acompanhamento Beb\u00ea &#8211; Quais as mudan\u00e7as o meu beb\u00ea ir\u00e1 passar no primeiro ano?"},"content":{"rendered":"<h2>Fotografe o primeiro ano do seu beb\u00ea mensalmente ou trimestralmente<\/h2>\n<div style=\"text-align: justify;\"><\/div>\n<div style=\"text-align: justify;\">Vc j\u00e1 deve ter ouvido algu\u00e9m dizer que o primeiro aninho do beb\u00ea passa voando, n\u00e3o \u00e9 mesmo?<\/div>\n<div style=\"text-align: justify;\">Por isso temos uma sess\u00e3o de fotos espec\u00edfica para o acompanhamento do desenvolvimento do beb\u00ea no primeiro ano.&nbsp;<span style=\"text-align: start;\">Acesse nossos pre\u00e7os e promo\u00e7\u00f5es no site&nbsp;<\/span><a href=\"http:\/\/www.biancamachado.com.br\/\" style=\"text-align: start;\">www.biancamachado.com.br<\/a><\/div>\n<div style=\"text-align: justify;\"><\/div>\n<h3>Quais as mudan\u00e7as o meu beb\u00ea ir\u00e1 passar no primeiro ano?<\/h3>\n<table align=\"center\" cellpadding=\"0\" cellspacing=\"0\" style=\"margin-left: auto; margin-right: auto; text-align: center;\">\n<tbody>\n<tr>\n<td style=\"text-align: center;\"><a href=\"https:\/\/i0.wp.com\/3.bp.blogspot.com\/-QwZyjkrybtc\/UhPUKVa6AsI\/AAAAAAAALGU\/Rxh9c1SjzDk\/s1600\/fotos-de-babys-em-estudio.jpg\" style=\"margin-left: auto; margin-right: auto;\"><img data-recalc-dims=\"1\" loading=\"lazy\" decoding=\"async\" alt=\"book acompanhamento primeiro ano do bebe\" border=\"0\" height=\"304\" src=\"https:\/\/i0.wp.com\/3.bp.blogspot.com\/-QwZyjkrybtc\/UhPUKVa6AsI\/AAAAAAAALGU\/Rxh9c1SjzDk\/s640\/fotos-de-babys-em-estudio.jpg?resize=640%2C304&#038;ssl=1\" title=\"book acompanhamento primeiro ano do bebe\" width=\"640\" \/><\/a><\/td>\n<\/tr>\n<tr>\n<td style=\"text-align: center;\"><\/td>\n<\/tr>\n<\/tbody>\n<\/table>\n<div><\/div>\n<div style=\"text-align: justify;\"><\/div>\n<div style=\"text-align: justify;\">Voc\u00ea j\u00e1 parou para pensar quantas coisas novas os pequenos aprendem no primeiro ano de vida? Eles sentam, ficam em p\u00e9, engatinham, andam e falam. Tamb\u00e9m pulam da fase de amamenta\u00e7\u00e3o para as papinhas e ganham dentes na boca. Sem falar nas descobertas que fazem em cada cantinho da casa. Por isso sempre se diz que no primeiro ano de vida \u00e9 t\u00e3o importante os pais observarem de perto o desenvolvimento do filhote. Mas nem \u00e9 preciso lembrar. Quem iria perder a sucess\u00e3o de gracinhas e perip\u00e9cias? Al\u00e9m disso, os danadinhos tamb\u00e9m precisam de mais cuidados em rela\u00e7\u00e3o \u00e0 sa\u00fade e \u00e0 alimenta\u00e7\u00e3o &#8211; s\u00e3o extremamente delicados nesses doze meses&#8230; Haja f\u00f4lego para acompanhar o beb\u00ea em seu desenvolvimento.<\/div>\n<div style=\"text-align: justify;\"><\/div>\n<h3>&nbsp;1\u00ba m\u00eas<\/h3>\n<div style=\"text-align: justify;\">Sa\u00fade: O coto umbilical (que cai por volta do s\u00e9timo dia) exige cuidados. Depois do banho, aplique com cotonete, em torno do umbigo, \u00e1lcool a 70%. Para combater uma eventual icter\u00edcia, o beb\u00ea deve tomar 10 minutos de sol pela manh\u00e3.<\/div>\n<div style=\"text-align: justify;\">Vacinas: (de 3 a 30 dias) BCG (tuberculose) e primeira dose da hepatite B. Alimenta\u00e7\u00e3o: apenas leite da m\u00e3e a cada duas horas. O movimento de procura pelo bico do seio \u00e9 instintivo. Basta encostar o rosto dele no peito e acariciar sua bochecha que ele vai procur\u00e1lo. No in\u00edcio, o bico pode rachar e voc\u00ea sentir fisgadas. Resista por alguns dias, pois a tend\u00eancia \u00e9 o bico ficar mais grosso ecicatrizar logo. Para acelerar o processo, tome banhos de sol nos seios pela manh\u00e3 durante 15 minutos.&nbsp;<\/div>\n<div style=\"text-align: justify;\">Desenvolvimento emocional: os pequenos dormem em m\u00e9dia 16 horas por dia. Ao acordar, comunicam por meio do choro o que os incomoda &#8211; frio, calor, fome, fralda suja, sono &#8211; ou pedem colo. Por isso sua presen\u00e7a \u00e9 importante para que ele comece a se sentir seguro fora da barriga. Desenvolvimento motor: os movimentos s\u00e3o reflexos. Erga os bra\u00e7os e as pernas dele e mexa nas m\u00e3os para ele sentir amovimenta\u00e7\u00e3o dos membros. Desenvolvimento intelectual: o beb\u00ea j\u00e1 pede por est\u00edmulos. Converse com ele e cante baixinho, pois sua voz o acalma. Pesquisas recentes provaram que cada pequeno est\u00edmulo, por mais simples que pare\u00e7a, funciona como um grande aprendizado intelectual para o nen\u00ea.<\/div>\n<div style=\"text-align: justify;\">As mamadas s\u00e3o mais substanciosas no segundo m\u00eas. No terceiro, \u00e9 hora de ajustar o rel\u00f3gio do soninho&nbsp;<\/div>\n<div style=\"text-align: justify;\"><\/div>\n<h3>2\u00ba m\u00eas<\/h3>\n<div style=\"text-align: justify;\">Sa\u00fade: as eventuais c\u00f3licas duram em m\u00e9dia at\u00e9 o terceiro m\u00eas. Nessa fase, os pequenos est\u00e3o famintos e engolem ar quando mamam. Ajude o nen\u00ea a arrotar sempre ap\u00f3s as mamadas para eliminar o ar engolido e utilize compressas com fralda aquecida na regi\u00e3o do abd\u00f4men.<\/div>\n<div style=\"text-align: justify;\">Vacina: (60 dias completos) primeira dose da Sabin (contra a paralisia), primeira dose da DPT tr\u00edplice bacteriana (contra difteria, t\u00e9tano e coqueluche) e primeira dose da anti-hem\u00f3filo (a bact\u00e9ria hemophilus causa meningite).<\/div>\n<div style=\"text-align: justify;\">Alimenta\u00e7\u00e3o: as mamadas s\u00e3o mais substanciosas e a intervalos maiores. O nen\u00ea retira cerca de 60 ml de leite de cada seio. Mas ainda \u00e9 prov\u00e1vel que acorde de madrugada para mamar.<\/div>\n<div style=\"text-align: justify;\">Desenvolvimento emocional: esbo\u00e7a os primeiros sorrisos, sente o cheiro e escuta a voz dos pais. N\u00e3o ag\u00fcenta ficar sozinho por longos per\u00edodos. Desenvolvimento motor: j\u00e1 sabe que os pezinhos e as m\u00e3os se movimentam e acelera o vaiv\u00e9m parecendo uma bicicleta. Se coloc\u00e1-lo de bru\u00e7os, levantar\u00e1 o queixo por alguns segundos.<\/div>\n<div style=\"text-align: justify;\">Desenvolvimento intelectual: observa tudo com os olhos. Ainda n\u00e3o enxerga nitidamente, mas fixa o olhar nos objetos que despertam prazer, principalmente quando s\u00e3o coloridos e est\u00e3o a 22 cm de seu rosto. Mas n\u00e3o o estimule mais do que 15 minutos para que ele n\u00e3o fique exausto.<\/div>\n<div style=\"text-align: justify;\"><\/div>\n<h3>3\u00ba m\u00eas<\/h3>\n<div style=\"text-align: justify;\">Sa\u00fade: o ideal \u00e9 que o pequeno n\u00e3o troque mais o dia pela noite. Se isso ainda ocorre, ajuste o rel\u00f3gio biol\u00f3gico dele, atrasando seu sono noturno uma hora por dia. As c\u00f3licas devem diminuir, no entanto, aparece a regurgita\u00e7\u00e3o por causa do volume maior de leite. \u00c9 normal, mas o exagero significa refluxo gastresof\u00e1gico. Nesse caso o m\u00e9dico receita medicamentos que aceleram o esvaziamento do est\u00f4mago para que o alimento n\u00e3o volte.&nbsp;<\/div>\n<div style=\"text-align: justify;\">Vacina: (90 dias completos) segunda dose contra a hepatite B.&nbsp;<\/div>\n<div style=\"text-align: justify;\">Alimenta\u00e7\u00e3o: o intervalo das mamadas chega a ser de 4 horas. O beb\u00ea suga cerca de 100 ml de leite de cada seio. E n\u00e3o necessita de suplemento se for amamentado s\u00f3 com o leite materno.&nbsp;<\/div>\n<div style=\"text-align: justify;\">Desenvolvimento emocional: o pequeno adora participar do que ocorre na casa e preza uma rotina &#8211; hora do banho, de dormir, da mamada e da brincadeira. Se a agenda n\u00e3o for cumprida, ele fica irritado e inseguro.<\/div>\n<div style=\"text-align: justify;\">Desenvolvimento motor: controla a cabe\u00e7a quando colocado de bru\u00e7os e consegue agarrar um objeto macio. Fica pimp\u00e3o ao perceber que \u00e9 ele mesmo quem manda nos bra\u00e7os e pernas.<\/div>\n<div style=\"text-align: justify;\">Desenvolvimento intelectual: presta aten\u00e7\u00e3o nas brincadeiras de escondeu- achou. Copia gestos e caretas da mam\u00e3e e emite os primeiros sons.<\/div>\n<div style=\"text-align: justify;\"><\/div>\n<h3>4\u00ba m\u00eas<\/h3>\n<div style=\"text-align: justify;\">Sa\u00fade: as alergias respirat\u00f3rias se instalam nessa fase e tamb\u00e9m as dermatites (ligadas ao uso de roupas sint\u00e9ticas). Mantenha o quarto arejado, tire a poeira todos os dias e vistao com roupas de algod\u00e3o.&nbsp;<\/div>\n<div style=\"text-align: justify;\">Vacina: ( 120 dias completos) segunda dose da Sabin, DPT e anti-hem\u00f3filo.<\/div>\n<div style=\"text-align: justify;\">Alimenta\u00e7\u00e3o: o nen\u00ea deve sugar cerca de 110 ml de leite em cada seio. Se a a amamenta\u00e7\u00e3o natural n\u00e3o d\u00e1 conta do recado, o pediatra poder\u00e1 mesclar o aleitamento materno com a mamadeira. Se ocorrer a alimenta\u00e7\u00e3o mista, \u00e9 preciso oferecer uma chuca de \u00e1gua nos intervalos das mamadas.<\/div>\n<div style=\"text-align: justify;\">Desenvolvimento emocional: o beb\u00ea vai querer colo o dia todo. Por isso estabele\u00e7a limites. Ele n\u00e3o ficar\u00e1 traumatizado se chorar no ber\u00e7o por alguns minutos quando voc\u00ea estiver ocupada.&nbsp;<\/div>\n<div style=\"text-align: justify;\">Desenvolvimento motor: ele pega os objetos, mas n\u00e3o os segura por muito tempo. Quando est\u00e1 no colo, quer manter a cabe\u00e7a erguida para espiar tudo. Se colocado de bru\u00e7os, ergue quase todo o tronco.<\/div>\n<div style=\"text-align: justify;\">Desenvolvimento intelectual: as hist\u00f3rias prendem a sua aten\u00e7\u00e3o mais pela continuidade da fala. Gosta tamb\u00e9m dos brinquedos sonoros. J\u00e1 emite sons com algum significado, como &#8221;dad\u00e1&#8221; ou &#8221;pap\u00e1&#8221;.<\/div>\n<div style=\"text-align: justify;\"><\/div>\n<div style=\"clear: both; text-align: center;\"><a href=\"https:\/\/i0.wp.com\/2.bp.blogspot.com\/-ROjsYANhvNg\/UhPUVfsOfeI\/AAAAAAAALGc\/0T1lCyaQ56Y\/s1600\/fotografias-de-bebes.jpg\" style=\"margin-left: 1em; margin-right: 1em;\"><img data-recalc-dims=\"1\" loading=\"lazy\" decoding=\"async\" alt=\"fotos profissionais de bebes em estudio\" border=\"0\" height=\"304\" src=\"https:\/\/i0.wp.com\/2.bp.blogspot.com\/-ROjsYANhvNg\/UhPUVfsOfeI\/AAAAAAAALGc\/0T1lCyaQ56Y\/s640\/fotografias-de-bebes.jpg?resize=640%2C304&#038;ssl=1\" title=\"fotos profissionais de bebes em estudio\" width=\"640\" \/><\/a><\/div>\n<div style=\"text-align: justify;\"><\/div>\n<div style=\"text-align: justify;\"><\/div>\n<h3>5\u00ba m\u00eas<\/h3>\n<div style=\"text-align: justify;\">Sa\u00fade: fase de inc\u00f4modos por causa da erup\u00e7\u00e3o dos dentes. Al\u00e9m de babar e ficar irritado com a coceira, ele sofre com diarr\u00e9ia e febre baixa. Os pediatras costumam receitar analg\u00e9sicos nas crises mais acentuadas.<\/div>\n<div style=\"text-align: justify;\">Alimenta\u00e7\u00e3o: hora de introduzir os sucos de frutas n\u00e3o-\u00e1cidas: laranja-lima, p\u00eara e mam\u00e3o-papaia. Prepare pouco antes de servir, para preservar as vitaminas.<\/div>\n<div style=\"text-align: justify;\">Desenvolvimento emocional: diferencia a entona\u00e7\u00e3o de voz da m\u00e3e e sabe quando ela est\u00e1 chateada. Nesse caso, ele tamb\u00e9m fica magoado.<\/div>\n<div style=\"text-align: justify;\">Desenvolvimento motor: o beb\u00ea segura os brinquedos com as duas m\u00e3os e consegue lev\u00e1-los \u00e0 boca. Mant\u00e9m-se ereto quando sentado.<\/div>\n<div style=\"text-align: justify;\">Desenvolvimento intelectual: vai aprender brincando com a textura dos objetos, cores e sons. Deixe-o no ch\u00e3o cercado de brinquedos macios.&nbsp;<\/div>\n<div style=\"text-align: justify;\"><\/div>\n<h3>6\u00ba m\u00eas<\/h3>\n<div style=\"text-align: justify;\">Denti\u00e7\u00e3o: nascem os dois incisivos centrais da arcada inferior.&nbsp;<\/div>\n<div style=\"text-align: justify;\">Sa\u00fade: ele ir\u00e1 provar novos alimentos e as fezes podem ficar mais \u00e1cidas. Resultado: assaduras e dermatites. Cuide da higiene e use pomadas protetoras contra assaduras.<\/div>\n<div style=\"text-align: justify;\">Vacina: (180 dias completos) terceira dose da Sabin, DPT e anti-hem\u00f3filo.<\/div>\n<div style=\"text-align: justify;\">Alimenta\u00e7\u00e3o: a fase do desmame deve ser gradual. Durante todo o sexto m\u00eas o beb\u00ea recebe, al\u00e9m do leite materno, o suco no intervalo da mamada e a papa de fruta no lanche da tarde. As melhores pedidas s\u00e3o: banana-prata, mam\u00e3o, ma\u00e7\u00e3, p\u00eara e kiwi.<\/div>\n<div style=\"text-align: justify;\">Desenvolvimento emocional: se n\u00e3o tem motivo para chorar, ensaia um resmungo. Sente-se inseguro quando a mam\u00e3e sai para trabalhar e n\u00e3o gosta de estranhos. O ideal \u00e9 deixar o beb\u00ea com algu\u00e9m que ele j\u00e1 conhe\u00e7a.<\/div>\n<div style=\"text-align: justify;\">Desenvolvimento motor: pega sozinho os objetos pr\u00f3ximos e pode ficar agarrado a eles por um bom tempo. Consegue levar o ded\u00e3o do p\u00e9 \u00e0 boca<\/div>\n<div style=\"text-align: justify;\">Desenvolvimento intelectual: provar o gosto e a textura dos objetos ser\u00e1 seu maior canal de descoberta. Tamb\u00e9m presta aten\u00e7\u00e3o nos barulhos e tenta imit\u00e1-los. Por isso seu vocabul\u00e1rio j\u00e1 est\u00e1 repleto de sons diferentes.<\/div>\n<div style=\"text-align: justify;\"><\/div>\n<h3>7\u00ba m\u00eas<\/h3>\n<div style=\"text-align: justify;\">Denti\u00e7\u00e3o: nascem os dois incisivos centrais da arcada superior e os dois incisivos laterais da inferior.<\/div>\n<div style=\"text-align: justify;\">Sa\u00fade: por causa da introdu\u00e7\u00e3o dos primeiros alimentos salgados, o nen\u00ea pode sofrer com pris\u00e3o de ventre at\u00e9 que o aparelho digestivo se acostume com os novos ingredientes, principalmente a batata e a mandioquinha. Por isso as frutas s\u00e3o t\u00e3o importantes, como o mam\u00e3o, a banana-prata e a ameixa.&nbsp;<\/div>\n<div style=\"text-align: justify;\">Alimenta\u00e7\u00e3o: o suco continua sendo oferecido pela manh\u00e3 e a papa de fruta no lanche da tarde. No almo\u00e7o (por volta de 11 horas da manh\u00e3), o baixinho far\u00e1 sua primeira refei\u00e7\u00e3o salgada. S\u00e3o introduzidas sopinhas de legumes amassados: batata, cenoura, chuchu, abobrinha, inhame, mandioquinha e beterraba. A carne magra, batida junto com a sopa, tamb\u00e9m pode ser adicionada no card\u00e1pio. Se a mam\u00e3e n\u00e3oder mais o peito, o leite de vaca ir\u00e1 completar a alimenta\u00e7\u00e3o.<\/div>\n<div style=\"text-align: justify;\">Desenvolvimento emocional: distingue tudo o que causa inc\u00f4modo e chora quando percebe que est\u00e1 prestes a acontecer algo que lhe desagrada, como trocar as fraldas. Percebe que a mam\u00e3e pode se afastar, mas volta.<\/div>\n<div style=\"text-align: justify;\">Desenvolvimento motor: j\u00e1 fica sentado sem apoio, o que muda sua forma de enxergar o mundo. Os ambientes da casa e do quarto parecem ter novas dimens\u00f5es e isso lhe agrada bastante, criando certo est\u00edmulo para ele se arrastar at\u00e9 onde deseja chegar.<\/div>\n<div style=\"text-align: justify;\">Desenvolvimento intelectual: ensaia as primeiras entona\u00e7\u00f5es do &#8221;M&#8221; para se comunicar com a m\u00e3e e j\u00e1 tem no\u00e7\u00e3o de procurar um brinquedo perdido no meio da sua bagun\u00e7a. Tamb\u00e9m memoriza muitas brincadeiras.<\/div>\n<div style=\"text-align: justify;\"><\/div>\n<table align=\"center\" cellpadding=\"0\" cellspacing=\"0\" style=\"margin-left: auto; margin-right: auto; text-align: center;\">\n<tbody>\n<tr>\n<td style=\"text-align: center;\"><a href=\"https:\/\/i0.wp.com\/4.bp.blogspot.com\/-5R2NaS9pOs0\/UhPUe7JiHgI\/AAAAAAAALGk\/S2AfRpSREsg\/s1600\/fotos-de-acompanhamento-bebe.jpg\" style=\"margin-left: auto; margin-right: auto;\"><img data-recalc-dims=\"1\" loading=\"lazy\" decoding=\"async\" alt=\"fotos book acompanhamento\" border=\"0\" height=\"304\" src=\"https:\/\/i0.wp.com\/4.bp.blogspot.com\/-5R2NaS9pOs0\/UhPUe7JiHgI\/AAAAAAAALGk\/S2AfRpSREsg\/s640\/fotos-de-acompanhamento-bebe.jpg?resize=640%2C304&#038;ssl=1\" title=\"fotos book acompanhamento\" width=\"640\" \/><\/a><\/td>\n<\/tr>\n<tr>\n<td style=\"text-align: center;\"><\/td>\n<\/tr>\n<\/tbody>\n<\/table>\n<div style=\"text-align: justify;\"><\/div>\n<h3>8\u00ba m\u00eas<\/h3>\n<div style=\"text-align: justify;\">Sa\u00fade: a maioria dos nen\u00eas j\u00e1 n\u00e3o mama mais o leite da mam\u00e3e, por isso perde parte dos anticorpos que eram passados a ele. Nesse momento surgem as primeiras gripes, que o deixam com as vias a\u00e9reas superiores congestionadas. Os pediatras costumam receitar soro fisiol\u00f3gico para lavar as narinas e diluir as secre\u00e7\u00f5es. Outra recomenda\u00e7\u00e3o \u00e9 aumentar a ingest\u00e3o de alimentos ricos em vitamina C, comokiwi e laranja.<\/div>\n<div style=\"text-align: justify;\">Alimenta\u00e7\u00e3o: al\u00e9m da papinha salgada, o nen\u00ea ir\u00e1 jantar uma nutritiva sopinha. Areceita \u00e9 bem parecida com a refei\u00e7\u00e3o anterior: \u00e0 base de legumes e carne magra bem desfiada. \u00c9 interessante variar o card\u00e1pio e oferecer dois legumes em cada refei\u00e7\u00e3o.<\/div>\n<div style=\"text-align: justify;\">Desenvolvimento emocional: o pimpolho percebe que ele e a mam\u00e3e s\u00e3o pessoas distintas. \u00c9 preciso paci\u00eancia, pois o baixinho estar\u00e1 bem manhoso e resmung\u00e3o Quanto mais carinho a m\u00e3e demonstrar, mais cedo o beb\u00ea se libertar\u00e1 dessa ang\u00fastia.<\/div>\n<div style=\"text-align: justify;\">Desenvolvimento motor: usa o polegar e o indicador para agarrar um objeto. Tamb\u00e9m come\u00e7a a engatinhar.<\/div>\n<div style=\"text-align: justify;\">Desenvolvimento intelectual: como adquire o controle dos dedinhos, a crian\u00e7a se interessa por rasgar revistas e papel. E vai adorar admirar livrinhos coloridos. Conte hist\u00f3rias breves com entona\u00e7\u00e3o de voz suave.<\/div>\n<div style=\"text-align: justify;\"><\/div>\n<h3>9\u00ba m\u00eas<\/h3>\n<div style=\"text-align: justify;\">Sa\u00fade: continue mantendo a guarda contra as gripes, j\u00e1 que o baixinho est\u00e1 mais suscet\u00edvel. Al\u00e9m disso, nesse m\u00eas ele deve tomar a vacina contra sarampo e pode reagir com febre e pontos vermelhos por todo o corpo.<\/div>\n<div style=\"text-align: justify;\">Vacinas: terceira dose da hepatite B e sarampo.<\/div>\n<div style=\"text-align: justify;\">Alimenta\u00e7\u00e3o: \u00e9 hora de incrementar a sopinha com gr\u00e3os amassados e macarr\u00e3o do tipo cabelo-de-anjo ou arroz bem cozido. No lanche da tarde ofere\u00e7a mingau de aveia com fruta amassada. Como est\u00e1 se movimentando mais, ter\u00e1 mais apetite.<\/div>\n<div style=\"text-align: justify;\">Desenvolvimento emocional: detesta estranhos por perto, pois fica inibido e inseguro. Tamb\u00e9m faz birra quando contrariado e atira objetos.<\/div>\n<div style=\"text-align: justify;\">Desenvolvimento motor: engatinha para todos os lados como um furac\u00e3o. Se estiver apoiado, ele se mant\u00e9m em p\u00e9 por um bom tempo. Consegue segurar a mamadeira com as duas m\u00e3os e lev\u00e1-la \u00e0 boca sem ajuda.<\/div>\n<div style=\"text-align: justify;\">Desenvolvimento intelectual: ele \u00e9 capaz de compreender as atitudes de rotina, como tomar banho, fazer as refei\u00e7\u00f5es e se preparar para o soninho.<\/div>\n<div style=\"text-align: justify;\"><\/div>\n<div style=\"text-align: justify;\"><\/div>\n<h3>10\u00ba m\u00eas<\/h3>\n<div style=\"text-align: justify;\">Denti\u00e7\u00e3o: nascem os dois incisivos laterais da arcada superior.&nbsp;<\/div>\n<div style=\"text-align: justify;\">Sa\u00fade: o beb\u00ea completou a denti\u00e7\u00e3o b\u00e1sica do primeiro ano. \u00c9 importante fazer a higiene adequada dos dentinhos (assim que o primeiro apontar). Escove-os tr\u00eas vezes ao dia e inicie a tarefa de passar fio dental para o pequeno ir se habituando.<\/div>\n<div style=\"text-align: justify;\">Alimenta\u00e7\u00e3o: a mam\u00e3e j\u00e1 pode oferecer as frutas em peda\u00e7os pequenos e deixar a sopa mais consistente para o pimpolho exercitar a mastiga\u00e7\u00e3o.<\/div>\n<div style=\"text-align: justify;\">Desenvolvimento emocional: \u00e9 a hora de come\u00e7ar a dizer &#8221;n\u00e3o&#8221;. Acrian\u00e7a pode at\u00e9 disfar\u00e7ar, mas j\u00e1 compreende bem que aquilo n\u00e3o deve ser feito.<\/div>\n<div style=\"text-align: justify;\">Desenvolvimento motor: as pernas est\u00e3o bem firmes para arriscar os primeiros passos apoiados pelos adultos.<\/div>\n<div style=\"text-align: justify;\">Desenvolvimento intelectual: seus monoss\u00edlabos tentam imitar as conversas dos adultos e j\u00e1 deve estar soltando um sonoro &#8221;mam\u00e3&#8221; e &#8221;pap\u00e1&#8221;.&nbsp;<\/div>\n<div style=\"text-align: justify;\"><\/div>\n<h3>11\u00ba m\u00eas<\/h3>\n<div style=\"text-align: justify;\">Sa\u00fade: por causa da comidinha que ser\u00e1 oferecida mais s\u00f3lida, alguns baixinhos podem recusar a nova textura e ter problema de apetite. Ficam enjoados quando est\u00e3o \u00e0 mesa e parece que nada os agrada. Alguns m\u00e9dicos costumam receitar vitaminas.<\/div>\n<div style=\"text-align: justify;\">Alimenta\u00e7\u00e3o: comece a trein\u00e1-lo para receber as mesmas comidas que as da fam\u00edlia. No entanto, sirva tudo amassadinho com o garfo, como arroz com feij\u00e3o, pur\u00ea de batata e carne mo\u00edda.<\/div>\n<div style=\"text-align: justify;\">Desenvolvimento emocional: se deixar o pequeno na frente do espelho, ele ir\u00e1 adorar se olhar e se descobrir. O baixinho anda apaixonado por si mesmo. Isso refor\u00e7a sua seguran\u00e7a.<\/div>\n<div style=\"text-align: justify;\">Desenvolvimento motor: ele est\u00e1 pronto para andar. Adora ficar em p\u00e9 e pode se recusar a sentar. A musculatura das pernas e a coordena\u00e7\u00e3o motora est\u00e3o no ponto.<\/div>\n<div style=\"text-align: justify;\">Desenvolvimento intelectual: come\u00e7a a entender os significados das palavras e repete o come\u00e7o das frases como &#8221;d\u00e1&#8221; ou &#8221;nen\u00ea mam\u00e3&#8221;. Gosta de encaixar objetos grandes em caixas. Entende as regras das brincadeiras, mas n\u00e3o gosta de cumpri-las.<\/div>\n<div style=\"text-align: justify;\"><\/div>\n<h3>12\u00ba m\u00eas<\/h3>\n<div style=\"text-align: justify;\">Sa\u00fade: a incid\u00eancia de intoxica\u00e7\u00e3o em pequenos com menos de 1 ano \u00e9 alta. Para evitar acidentes guarde medicamentos em uma caixa fechada, mantenha os produtos de limpeza em prateleiras altas e as bebidas alco\u00f3licas trancadas no bar.&nbsp;<\/div>\n<div style=\"text-align: justify;\">Vacina: catapora.<\/div>\n<div style=\"text-align: justify;\">Alimenta\u00e7\u00e3o: j\u00e1 \u00e9 hora de apresentar ao pimpolho as mesmas comidas da fam\u00edlia: arroz, feij\u00e3o, carne picadinha, macarr\u00e3o, ovo cozido e peixe. O preparo deve ser simples, sem muito tempero, e tudo bem cozido para facilitar a mastiga\u00e7\u00e3o.<\/div>\n<div style=\"text-align: justify;\">Desenvolvimento emocional: a crian\u00e7a est\u00e1 se sentindo livre, principalmente se j\u00e1 come\u00e7ou a andar, mas mantenha- se perto para socorr\u00ea-la.<\/div>\n<div style=\"text-align: justify;\">Desenvolvimento motor: mais maduro, o baixinho consegue se soltar e andar. Come\u00e7a cambaleando, mas se adapta e troca os passos com maestria.<\/div>\n<div style=\"text-align: justify;\">Desenvolvimento intelectual: seu vocabul\u00e1rio cont\u00e9m palavras simples como &#8221;aua&#8221; para \u00e1gua, &#8221;queu&#8221; para quero, &#8221;meu&#8221; para tudo<\/div>\n<div style=\"text-align: justify;\"><\/div>\n<div style=\"clear: both; text-align: center;\"><a href=\"https:\/\/i0.wp.com\/3.bp.blogspot.com\/-dEK2ujl6ToU\/UhPUn0Eb_MI\/AAAAAAAALGs\/3Bfcy96o8z0\/s1600\/fotos-e-acompanhamento-de-bebes.jpg\" style=\"margin-left: 1em; margin-right: 1em;\"><img data-recalc-dims=\"1\" loading=\"lazy\" decoding=\"async\" alt=\"book fotos bebe acompanhamento\" border=\"0\" height=\"304\" src=\"https:\/\/i0.wp.com\/3.bp.blogspot.com\/-dEK2ujl6ToU\/UhPUn0Eb_MI\/AAAAAAAALGs\/3Bfcy96o8z0\/s640\/fotos-e-acompanhamento-de-bebes.jpg?resize=640%2C304&#038;ssl=1\" title=\"book fotos bebe acompanhamento\" width=\"640\" \/><\/a><\/div>\n<div style=\"text-align: justify;\"><\/div>\n<div style=\"text-align: justify;\"><i>Fonte: E-family<\/i><\/div>\n<div style=\"text-align: justify;\"><\/div>\n<p>Visite tamb\u00e9m nosso site:&nbsp;<a href=\"http:\/\/www.biancamachado.com.br\/\">www.biancamachado.com.br<\/a><br \/>(11) 97107-1018<\/p>\n<div style=\"-webkit-text-stroke-width: 0px; clear: both; color: black; font-family: &quot;times new roman&quot;; font-size: medium; font-style: normal; font-variant: normal; font-weight: normal; letter-spacing: normal; line-height: normal; margin: 0px; orphans: auto; text-align: center; text-indent: 0px; text-transform: none; white-space: normal; widows: 1; word-spacing: 0px;\"><\/div>\n<div style=\"-webkit-text-stroke-width: 0px; clear: both; color: black; font-family: &quot;times new roman&quot;; font-size: medium; font-style: normal; font-variant: normal; font-weight: normal; letter-spacing: normal; line-height: normal; margin: 0px; orphans: auto; text-align: center; text-indent: 0px; text-transform: none; white-space: normal; widows: 1; word-spacing: 0px;\"><\/div>\n<div style=\"-webkit-text-stroke-width: 0px; clear: both; color: black; font-family: &quot;times new roman&quot;; font-size: medium; font-style: normal; font-variant: normal; font-weight: normal; letter-spacing: normal; line-height: normal; margin: 0px; orphans: auto; text-align: center; text-indent: 0px; text-transform: none; white-space: normal; widows: 1; word-spacing: 0px;\"><\/div>\n<div style=\"-webkit-text-stroke-width: 0px; clear: both; color: black; font-family: &quot;times new roman&quot;; font-size: medium; font-style: normal; font-variant: normal; font-weight: normal; letter-spacing: normal; line-height: normal; margin: 0px; orphans: auto; text-align: center; text-indent: 0px; text-transform: none; white-space: normal; widows: 1; word-spacing: 0px;\"><\/div>\nVisite tamb\u00e9m nosso site: www.biancamachado.com.br\r\n(11) 97107-1018\r\n\r\nAtendemos as regi\u00f5es de S\u00e3o Paulo, Sorocaba, Ibi\u00fana, Piedade, Votorantim, Cotia, Itupeva, Jundia\u00ed, It\u00fa e Campinas","protected":false},"excerpt":{"rendered":"<p>Fotografe o primeiro ano do<\/p>\n","protected":false},"author":1,"featured_media":1042,"comment_status":"open","ping_status":"open","sticky":false,"template":"","format":"standard","meta":{"_monsterinsights_skip_tracking":false,"_monsterinsights_sitenote_active":false,"_monsterinsights_sitenote_note":"","_monsterinsights_sitenote_category":0,"jetpack_post_was_ever_published":false,"_jetpack_newsletter_access":"","_jetpack_dont_email_post_to_subs":false,"_jetpack_newsletter_tier_id":0,"_jetpack_memberships_contains_paywalled_content":false,"_jetpack_memberships_contains_paid_content":false,"_joinchat":[],"footnotes":""},"categories":[1],"tags":[],"class_list":["post-255","post","type-post","status-publish","format-standard","has-post-thumbnail","hentry","category-studio-bianca-machado"],"yoast_head":"<!-- This site is optimized with the Yoast SEO plugin v27.4 - https:\/\/yoast.com\/product\/yoast-seo-wordpress\/ -->\n<title>Book Acompanhamento Beb\u00ea - Quais as mudan\u00e7as o meu beb\u00ea ir\u00e1 passar no primeiro ano? - STUDIO BIANCA MACHADO<\/title>\n<meta name=\"robots\" content=\"index, follow, max-snippet:-1, max-image-preview:large, max-video-preview:-1\" \/>\n<link rel=\"canonical\" href=\"https:\/\/biancamachado.com.br\/blog\/book-acompanhamento-bebe-quais-as-mudancas-o-meu-bebe-ira-passar-no-primeiro-ano\/\" \/>\n<meta property=\"og:locale\" content=\"pt_BR\" \/>\n<meta property=\"og:type\" content=\"article\" \/>\n<meta property=\"og:title\" content=\"Book Acompanhamento Beb\u00ea - Quais as mudan\u00e7as o meu beb\u00ea ir\u00e1 passar no primeiro ano? - STUDIO BIANCA MACHADO\" \/>\n<meta property=\"og:description\" content=\"Fotografe o primeiro ano do\" \/>\n<meta property=\"og:url\" content=\"https:\/\/biancamachado.com.br\/blog\/book-acompanhamento-bebe-quais-as-mudancas-o-meu-bebe-ira-passar-no-primeiro-ano\/\" \/>\n<meta property=\"og:site_name\" content=\"STUDIO BIANCA MACHADO\" \/>\n<meta property=\"article:publisher\" content=\"https:\/\/www.facebook.com\/Studiobiancamachado\/\" \/>\n<meta property=\"article:published_time\" content=\"2013-08-20T20:44:00+00:00\" \/>\n<meta property=\"og:image\" content=\"https:\/\/i0.wp.com\/biancamachado.com.br\/blog\/wp-content\/uploads\/2013\/08\/Screenshot_214.png?fit=495%2C311&ssl=1\" \/>\n\t<meta property=\"og:image:width\" content=\"495\" \/>\n\t<meta property=\"og:image:height\" content=\"311\" \/>\n\t<meta property=\"og:image:type\" content=\"image\/png\" \/>\n<meta name=\"author\" content=\"biancamachado\" \/>\n<meta name=\"twitter:card\" content=\"summary_large_image\" \/>\n<meta name=\"twitter:label1\" content=\"Escrito por\" \/>\n\t<meta name=\"twitter:data1\" content=\"biancamachado\" \/>\n\t<meta name=\"twitter:label2\" content=\"Est. tempo de leitura\" \/>\n\t<meta name=\"twitter:data2\" content=\"13 minutos\" \/>\n<script type=\"application\/ld+json\" class=\"yoast-schema-graph\">{\"@context\":\"https:\\\/\\\/schema.org\",\"@graph\":[{\"@type\":\"Article\",\"@id\":\"https:\\\/\\\/biancamachado.com.br\\\/blog\\\/book-acompanhamento-bebe-quais-as-mudancas-o-meu-bebe-ira-passar-no-primeiro-ano\\\/#article\",\"isPartOf\":{\"@id\":\"https:\\\/\\\/biancamachado.com.br\\\/blog\\\/book-acompanhamento-bebe-quais-as-mudancas-o-meu-bebe-ira-passar-no-primeiro-ano\\\/\"},\"author\":{\"name\":\"biancamachado\",\"@id\":\"https:\\\/\\\/biancamachado.com.br\\\/blog\\\/#\\\/schema\\\/person\\\/990263800ec5e9bdbbf092a2353550a1\"},\"headline\":\"Book Acompanhamento Beb\u00ea &#8211; Quais as mudan\u00e7as o meu beb\u00ea ir\u00e1 passar no primeiro ano?\",\"datePublished\":\"2013-08-20T20:44:00+00:00\",\"mainEntityOfPage\":{\"@id\":\"https:\\\/\\\/biancamachado.com.br\\\/blog\\\/book-acompanhamento-bebe-quais-as-mudancas-o-meu-bebe-ira-passar-no-primeiro-ano\\\/\"},\"wordCount\":2665,\"commentCount\":0,\"publisher\":{\"@id\":\"https:\\\/\\\/biancamachado.com.br\\\/blog\\\/#organization\"},\"image\":{\"@id\":\"https:\\\/\\\/biancamachado.com.br\\\/blog\\\/book-acompanhamento-bebe-quais-as-mudancas-o-meu-bebe-ira-passar-no-primeiro-ano\\\/#primaryimage\"},\"thumbnailUrl\":\"https:\\\/\\\/i0.wp.com\\\/biancamachado.com.br\\\/blog\\\/wp-content\\\/uploads\\\/2013\\\/08\\\/Screenshot_214.png?fit=495%2C311&ssl=1\",\"articleSection\":[\"Studio Bianca Machado\"],\"inLanguage\":\"pt-BR\",\"potentialAction\":[{\"@type\":\"CommentAction\",\"name\":\"Comment\",\"target\":[\"https:\\\/\\\/biancamachado.com.br\\\/blog\\\/book-acompanhamento-bebe-quais-as-mudancas-o-meu-bebe-ira-passar-no-primeiro-ano\\\/#respond\"]}]},{\"@type\":\"WebPage\",\"@id\":\"https:\\\/\\\/biancamachado.com.br\\\/blog\\\/book-acompanhamento-bebe-quais-as-mudancas-o-meu-bebe-ira-passar-no-primeiro-ano\\\/\",\"url\":\"https:\\\/\\\/biancamachado.com.br\\\/blog\\\/book-acompanhamento-bebe-quais-as-mudancas-o-meu-bebe-ira-passar-no-primeiro-ano\\\/\",\"name\":\"Book Acompanhamento Beb\u00ea - Quais as mudan\u00e7as o meu beb\u00ea ir\u00e1 passar no primeiro ano? - STUDIO BIANCA MACHADO\",\"isPartOf\":{\"@id\":\"https:\\\/\\\/biancamachado.com.br\\\/blog\\\/#website\"},\"primaryImageOfPage\":{\"@id\":\"https:\\\/\\\/biancamachado.com.br\\\/blog\\\/book-acompanhamento-bebe-quais-as-mudancas-o-meu-bebe-ira-passar-no-primeiro-ano\\\/#primaryimage\"},\"image\":{\"@id\":\"https:\\\/\\\/biancamachado.com.br\\\/blog\\\/book-acompanhamento-bebe-quais-as-mudancas-o-meu-bebe-ira-passar-no-primeiro-ano\\\/#primaryimage\"},\"thumbnailUrl\":\"https:\\\/\\\/i0.wp.com\\\/biancamachado.com.br\\\/blog\\\/wp-content\\\/uploads\\\/2013\\\/08\\\/Screenshot_214.png?fit=495%2C311&ssl=1\",\"datePublished\":\"2013-08-20T20:44:00+00:00\",\"breadcrumb\":{\"@id\":\"https:\\\/\\\/biancamachado.com.br\\\/blog\\\/book-acompanhamento-bebe-quais-as-mudancas-o-meu-bebe-ira-passar-no-primeiro-ano\\\/#breadcrumb\"},\"inLanguage\":\"pt-BR\",\"potentialAction\":[{\"@type\":\"ReadAction\",\"target\":[\"https:\\\/\\\/biancamachado.com.br\\\/blog\\\/book-acompanhamento-bebe-quais-as-mudancas-o-meu-bebe-ira-passar-no-primeiro-ano\\\/\"]}]},{\"@type\":\"ImageObject\",\"inLanguage\":\"pt-BR\",\"@id\":\"https:\\\/\\\/biancamachado.com.br\\\/blog\\\/book-acompanhamento-bebe-quais-as-mudancas-o-meu-bebe-ira-passar-no-primeiro-ano\\\/#primaryimage\",\"url\":\"https:\\\/\\\/i0.wp.com\\\/biancamachado.com.br\\\/blog\\\/wp-content\\\/uploads\\\/2013\\\/08\\\/Screenshot_214.png?fit=495%2C311&ssl=1\",\"contentUrl\":\"https:\\\/\\\/i0.wp.com\\\/biancamachado.com.br\\\/blog\\\/wp-content\\\/uploads\\\/2013\\\/08\\\/Screenshot_214.png?fit=495%2C311&ssl=1\",\"width\":495,\"height\":311,\"caption\":\"Book Acompanhamento Beb\u00ea \u2013 Quais as mudan\u00e7as o meu beb\u00ea ir\u00e1 passar no primeiro ano?\"},{\"@type\":\"BreadcrumbList\",\"@id\":\"https:\\\/\\\/biancamachado.com.br\\\/blog\\\/book-acompanhamento-bebe-quais-as-mudancas-o-meu-bebe-ira-passar-no-primeiro-ano\\\/#breadcrumb\",\"itemListElement\":[{\"@type\":\"ListItem\",\"position\":1,\"name\":\"In\u00edcio\",\"item\":\"https:\\\/\\\/biancamachado.com.br\\\/blog\\\/\"},{\"@type\":\"ListItem\",\"position\":2,\"name\":\"Book Acompanhamento Beb\u00ea &#8211; Quais as mudan\u00e7as o meu beb\u00ea ir\u00e1 passar no primeiro ano?\"}]},{\"@type\":\"WebSite\",\"@id\":\"https:\\\/\\\/biancamachado.com.br\\\/blog\\\/#website\",\"url\":\"https:\\\/\\\/biancamachado.com.br\\\/blog\\\/\",\"name\":\"STUDIO BIANCA MACHADO\",\"description\":\"Estudio Fotografico, Ensaios e Books de foto profissional\",\"publisher\":{\"@id\":\"https:\\\/\\\/biancamachado.com.br\\\/blog\\\/#organization\"},\"potentialAction\":[{\"@type\":\"SearchAction\",\"target\":{\"@type\":\"EntryPoint\",\"urlTemplate\":\"https:\\\/\\\/biancamachado.com.br\\\/blog\\\/?s={search_term_string}\"},\"query-input\":{\"@type\":\"PropertyValueSpecification\",\"valueRequired\":true,\"valueName\":\"search_term_string\"}}],\"inLanguage\":\"pt-BR\"},{\"@type\":\"Organization\",\"@id\":\"https:\\\/\\\/biancamachado.com.br\\\/blog\\\/#organization\",\"name\":\"STUDIO BIANCA MACHADO\",\"url\":\"https:\\\/\\\/biancamachado.com.br\\\/blog\\\/\",\"logo\":{\"@type\":\"ImageObject\",\"inLanguage\":\"pt-BR\",\"@id\":\"https:\\\/\\\/biancamachado.com.br\\\/blog\\\/#\\\/schema\\\/logo\\\/image\\\/\",\"url\":\"https:\\\/\\\/i0.wp.com\\\/biancamachado.com.br\\\/blog\\\/wp-content\\\/uploads\\\/2021\\\/02\\\/cropped-logo-ml.jpg?fit=278%2C100&ssl=1\",\"contentUrl\":\"https:\\\/\\\/i0.wp.com\\\/biancamachado.com.br\\\/blog\\\/wp-content\\\/uploads\\\/2021\\\/02\\\/cropped-logo-ml.jpg?fit=278%2C100&ssl=1\",\"width\":278,\"height\":100,\"caption\":\"STUDIO BIANCA MACHADO\"},\"image\":{\"@id\":\"https:\\\/\\\/biancamachado.com.br\\\/blog\\\/#\\\/schema\\\/logo\\\/image\\\/\"},\"sameAs\":[\"https:\\\/\\\/www.facebook.com\\\/Studiobiancamachado\\\/\",\"https:\\\/\\\/www.instagram.com\\\/Studiobiancamachado\\\/\"]},{\"@type\":\"Person\",\"@id\":\"https:\\\/\\\/biancamachado.com.br\\\/blog\\\/#\\\/schema\\\/person\\\/990263800ec5e9bdbbf092a2353550a1\",\"name\":\"biancamachado\",\"image\":{\"@type\":\"ImageObject\",\"inLanguage\":\"pt-BR\",\"@id\":\"https:\\\/\\\/secure.gravatar.com\\\/avatar\\\/62b1a50f2632dbc2e279c3eb55aa46cc324c969cff16a69c59756d155316542c?s=96&d=mm&r=g\",\"url\":\"https:\\\/\\\/secure.gravatar.com\\\/avatar\\\/62b1a50f2632dbc2e279c3eb55aa46cc324c969cff16a69c59756d155316542c?s=96&d=mm&r=g\",\"contentUrl\":\"https:\\\/\\\/secure.gravatar.com\\\/avatar\\\/62b1a50f2632dbc2e279c3eb55aa46cc324c969cff16a69c59756d155316542c?s=96&d=mm&r=g\",\"caption\":\"biancamachado\"},\"sameAs\":[\"https:\\\/\\\/biancamachado.com.br\\\/blog\"],\"url\":\"https:\\\/\\\/biancamachado.com.br\\\/blog\\\/author\\\/biancamachado\\\/\"}]}<\/script>\n<!-- \/ Yoast SEO plugin. -->","yoast_head_json":{"title":"Book Acompanhamento Beb\u00ea - Quais as mudan\u00e7as o meu beb\u00ea ir\u00e1 passar no primeiro ano? - STUDIO BIANCA MACHADO","robots":{"index":"index","follow":"follow","max-snippet":"max-snippet:-1","max-image-preview":"max-image-preview:large","max-video-preview":"max-video-preview:-1"},"canonical":"https:\/\/biancamachado.com.br\/blog\/book-acompanhamento-bebe-quais-as-mudancas-o-meu-bebe-ira-passar-no-primeiro-ano\/","og_locale":"pt_BR","og_type":"article","og_title":"Book Acompanhamento Beb\u00ea - Quais as mudan\u00e7as o meu beb\u00ea ir\u00e1 passar no primeiro ano? - STUDIO BIANCA MACHADO","og_description":"Fotografe o primeiro ano do","og_url":"https:\/\/biancamachado.com.br\/blog\/book-acompanhamento-bebe-quais-as-mudancas-o-meu-bebe-ira-passar-no-primeiro-ano\/","og_site_name":"STUDIO BIANCA MACHADO","article_publisher":"https:\/\/www.facebook.com\/Studiobiancamachado\/","article_published_time":"2013-08-20T20:44:00+00:00","og_image":[{"width":495,"height":311,"url":"https:\/\/i0.wp.com\/biancamachado.com.br\/blog\/wp-content\/uploads\/2013\/08\/Screenshot_214.png?fit=495%2C311&ssl=1","type":"image\/png"}],"author":"biancamachado","twitter_card":"summary_large_image","twitter_misc":{"Escrito por":"biancamachado","Est. tempo de leitura":"13 minutos"},"schema":{"@context":"https:\/\/schema.org","@graph":[{"@type":"Article","@id":"https:\/\/biancamachado.com.br\/blog\/book-acompanhamento-bebe-quais-as-mudancas-o-meu-bebe-ira-passar-no-primeiro-ano\/#article","isPartOf":{"@id":"https:\/\/biancamachado.com.br\/blog\/book-acompanhamento-bebe-quais-as-mudancas-o-meu-bebe-ira-passar-no-primeiro-ano\/"},"author":{"name":"biancamachado","@id":"https:\/\/biancamachado.com.br\/blog\/#\/schema\/person\/990263800ec5e9bdbbf092a2353550a1"},"headline":"Book Acompanhamento Beb\u00ea &#8211; Quais as mudan\u00e7as o meu beb\u00ea ir\u00e1 passar no primeiro ano?","datePublished":"2013-08-20T20:44:00+00:00","mainEntityOfPage":{"@id":"https:\/\/biancamachado.com.br\/blog\/book-acompanhamento-bebe-quais-as-mudancas-o-meu-bebe-ira-passar-no-primeiro-ano\/"},"wordCount":2665,"commentCount":0,"publisher":{"@id":"https:\/\/biancamachado.com.br\/blog\/#organization"},"image":{"@id":"https:\/\/biancamachado.com.br\/blog\/book-acompanhamento-bebe-quais-as-mudancas-o-meu-bebe-ira-passar-no-primeiro-ano\/#primaryimage"},"thumbnailUrl":"https:\/\/i0.wp.com\/biancamachado.com.br\/blog\/wp-content\/uploads\/2013\/08\/Screenshot_214.png?fit=495%2C311&ssl=1","articleSection":["Studio Bianca Machado"],"inLanguage":"pt-BR","potentialAction":[{"@type":"CommentAction","name":"Comment","target":["https:\/\/biancamachado.com.br\/blog\/book-acompanhamento-bebe-quais-as-mudancas-o-meu-bebe-ira-passar-no-primeiro-ano\/#respond"]}]},{"@type":"WebPage","@id":"https:\/\/biancamachado.com.br\/blog\/book-acompanhamento-bebe-quais-as-mudancas-o-meu-bebe-ira-passar-no-primeiro-ano\/","url":"https:\/\/biancamachado.com.br\/blog\/book-acompanhamento-bebe-quais-as-mudancas-o-meu-bebe-ira-passar-no-primeiro-ano\/","name":"Book Acompanhamento Beb\u00ea - Quais as mudan\u00e7as o meu beb\u00ea ir\u00e1 passar no primeiro ano? - STUDIO BIANCA MACHADO","isPartOf":{"@id":"https:\/\/biancamachado.com.br\/blog\/#website"},"primaryImageOfPage":{"@id":"https:\/\/biancamachado.com.br\/blog\/book-acompanhamento-bebe-quais-as-mudancas-o-meu-bebe-ira-passar-no-primeiro-ano\/#primaryimage"},"image":{"@id":"https:\/\/biancamachado.com.br\/blog\/book-acompanhamento-bebe-quais-as-mudancas-o-meu-bebe-ira-passar-no-primeiro-ano\/#primaryimage"},"thumbnailUrl":"https:\/\/i0.wp.com\/biancamachado.com.br\/blog\/wp-content\/uploads\/2013\/08\/Screenshot_214.png?fit=495%2C311&ssl=1","datePublished":"2013-08-20T20:44:00+00:00","breadcrumb":{"@id":"https:\/\/biancamachado.com.br\/blog\/book-acompanhamento-bebe-quais-as-mudancas-o-meu-bebe-ira-passar-no-primeiro-ano\/#breadcrumb"},"inLanguage":"pt-BR","potentialAction":[{"@type":"ReadAction","target":["https:\/\/biancamachado.com.br\/blog\/book-acompanhamento-bebe-quais-as-mudancas-o-meu-bebe-ira-passar-no-primeiro-ano\/"]}]},{"@type":"ImageObject","inLanguage":"pt-BR","@id":"https:\/\/biancamachado.com.br\/blog\/book-acompanhamento-bebe-quais-as-mudancas-o-meu-bebe-ira-passar-no-primeiro-ano\/#primaryimage","url":"https:\/\/i0.wp.com\/biancamachado.com.br\/blog\/wp-content\/uploads\/2013\/08\/Screenshot_214.png?fit=495%2C311&ssl=1","contentUrl":"https:\/\/i0.wp.com\/biancamachado.com.br\/blog\/wp-content\/uploads\/2013\/08\/Screenshot_214.png?fit=495%2C311&ssl=1","width":495,"height":311,"caption":"Book Acompanhamento Beb\u00ea \u2013 Quais as mudan\u00e7as o meu beb\u00ea ir\u00e1 passar no primeiro ano?"},{"@type":"BreadcrumbList","@id":"https:\/\/biancamachado.com.br\/blog\/book-acompanhamento-bebe-quais-as-mudancas-o-meu-bebe-ira-passar-no-primeiro-ano\/#breadcrumb","itemListElement":[{"@type":"ListItem","position":1,"name":"In\u00edcio","item":"https:\/\/biancamachado.com.br\/blog\/"},{"@type":"ListItem","position":2,"name":"Book Acompanhamento Beb\u00ea &#8211; Quais as mudan\u00e7as o meu beb\u00ea ir\u00e1 passar no primeiro ano?"}]},{"@type":"WebSite","@id":"https:\/\/biancamachado.com.br\/blog\/#website","url":"https:\/\/biancamachado.com.br\/blog\/","name":"STUDIO BIANCA MACHADO","description":"Estudio Fotografico, Ensaios e Books de foto profissional","publisher":{"@id":"https:\/\/biancamachado.com.br\/blog\/#organization"},"potentialAction":[{"@type":"SearchAction","target":{"@type":"EntryPoint","urlTemplate":"https:\/\/biancamachado.com.br\/blog\/?s={search_term_string}"},"query-input":{"@type":"PropertyValueSpecification","valueRequired":true,"valueName":"search_term_string"}}],"inLanguage":"pt-BR"},{"@type":"Organization","@id":"https:\/\/biancamachado.com.br\/blog\/#organization","name":"STUDIO BIANCA MACHADO","url":"https:\/\/biancamachado.com.br\/blog\/","logo":{"@type":"ImageObject","inLanguage":"pt-BR","@id":"https:\/\/biancamachado.com.br\/blog\/#\/schema\/logo\/image\/","url":"https:\/\/i0.wp.com\/biancamachado.com.br\/blog\/wp-content\/uploads\/2021\/02\/cropped-logo-ml.jpg?fit=278%2C100&ssl=1","contentUrl":"https:\/\/i0.wp.com\/biancamachado.com.br\/blog\/wp-content\/uploads\/2021\/02\/cropped-logo-ml.jpg?fit=278%2C100&ssl=1","width":278,"height":100,"caption":"STUDIO BIANCA MACHADO"},"image":{"@id":"https:\/\/biancamachado.com.br\/blog\/#\/schema\/logo\/image\/"},"sameAs":["https:\/\/www.facebook.com\/Studiobiancamachado\/","https:\/\/www.instagram.com\/Studiobiancamachado\/"]},{"@type":"Person","@id":"https:\/\/biancamachado.com.br\/blog\/#\/schema\/person\/990263800ec5e9bdbbf092a2353550a1","name":"biancamachado","image":{"@type":"ImageObject","inLanguage":"pt-BR","@id":"https:\/\/secure.gravatar.com\/avatar\/62b1a50f2632dbc2e279c3eb55aa46cc324c969cff16a69c59756d155316542c?s=96&d=mm&r=g","url":"https:\/\/secure.gravatar.com\/avatar\/62b1a50f2632dbc2e279c3eb55aa46cc324c969cff16a69c59756d155316542c?s=96&d=mm&r=g","contentUrl":"https:\/\/secure.gravatar.com\/avatar\/62b1a50f2632dbc2e279c3eb55aa46cc324c969cff16a69c59756d155316542c?s=96&d=mm&r=g","caption":"biancamachado"},"sameAs":["https:\/\/biancamachado.com.br\/blog"],"url":"https:\/\/biancamachado.com.br\/blog\/author\/biancamachado\/"}]}},"jetpack_featured_media_url":"https:\/\/i0.wp.com\/biancamachado.com.br\/blog\/wp-content\/uploads\/2013\/08\/Screenshot_214.png?fit=495%2C311&ssl=1","jetpack-related-posts":[],"jetpack_sharing_enabled":true,"_links":{"self":[{"href":"https:\/\/biancamachado.com.br\/blog\/wp-json\/wp\/v2\/posts\/255","targetHints":{"allow":["GET"]}}],"collection":[{"href":"https:\/\/biancamachado.com.br\/blog\/wp-json\/wp\/v2\/posts"}],"about":[{"href":"https:\/\/biancamachado.com.br\/blog\/wp-json\/wp\/v2\/types\/post"}],"author":[{"embeddable":true,"href":"https:\/\/biancamachado.com.br\/blog\/wp-json\/wp\/v2\/users\/1"}],"replies":[{"embeddable":true,"href":"https:\/\/biancamachado.com.br\/blog\/wp-json\/wp\/v2\/comments?post=255"}],"version-history":[{"count":0,"href":"https:\/\/biancamachado.com.br\/blog\/wp-json\/wp\/v2\/posts\/255\/revisions"}],"wp:featuredmedia":[{"embeddable":true,"href":"https:\/\/biancamachado.com.br\/blog\/wp-json\/wp\/v2\/media\/1042"}],"wp:attachment":[{"href":"https:\/\/biancamachado.com.br\/blog\/wp-json\/wp\/v2\/media?parent=255"}],"wp:term":[{"taxonomy":"category","embeddable":true,"href":"https:\/\/biancamachado.com.br\/blog\/wp-json\/wp\/v2\/categories?post=255"},{"taxonomy":"post_tag","embeddable":true,"href":"https:\/\/biancamachado.com.br\/blog\/wp-json\/wp\/v2\/tags?post=255"}],"curies":[{"name":"wp","href":"https:\/\/api.w.org\/{rel}","templated":true}]}}