{"id":239,"date":"2013-08-28T00:02:00","date_gmt":"2013-08-28T03:02:00","guid":{"rendered":"https:\/\/biancamachado.com.br\/blog\/?p=239"},"modified":"2013-08-28T00:02:00","modified_gmt":"2013-08-28T03:02:00","slug":"modelo-tem-que-ser-magra","status":"publish","type":"post","link":"https:\/\/biancamachado.com.br\/blog\/modelo-tem-que-ser-magra\/","title":{"rendered":"Modelo tem que ser magra?"},"content":{"rendered":"<div style=\"text-align: justify;\">Veja nesse t\u00f3pico v\u00e1rias dicas para iniciantes, pessoas que fazem sucesso independente de peso ou altura, dicion\u00e1rio do modelo e muito mais !<\/div>\n<div style=\"text-align: justify;\">&nbsp;&nbsp;<\/div>\n<h3>Modelos Gordinhas fazendo sucesso no mundo da moda.<\/h3>\n<div><\/div>\n<div style=\"text-align: justify;\">Voc\u00ea acha que as ag\u00eancias de modelos procuram modelos altos, magros ou com outro perfil pr\u00e9-definido?<\/div>\n<div style=\"text-align: justify;\"><\/div>\n<div style=\"text-align: justify;\">Pelo contr\u00e1rio, veja na mat\u00e9ria abaixo que as gordinhas est\u00e3o quebrando os padr\u00f5es do mundo da moda. A categoria foi criada com base para que n\u00e3o achassem que precisavam ser magras como as modelos (estas, naturalmente magras), e que \u00e9 poss\u00edvel serem lindas com alguns cent\u00edmetros sobrando. As modelos Plus Size vem conquistando n\u00e3o &nbsp;s\u00f3 o Brasil como mundo a fora, a modelo Fl\u00favia Lacerda \u00e9 um exemplo disso.<\/div>\n<div style=\"text-align: justify;\"><\/div>\n<div style=\"text-align: justify;\">Fl\u00favia Lacerda, a Giselle B\u00fcndchen Plus Size, chega a faturar R$ 30 mil por dia e quer abrir uma grife para gordinhas no Brasil<\/div>\n<div style=\"text-align: justify;\"><\/div>\n<table align=\"center\" cellpadding=\"0\" cellspacing=\"0\" style=\"margin-left: auto; margin-right: auto; text-align: center;\">\n<tbody>\n<tr>\n<td style=\"text-align: center;\"><a href=\"https:\/\/i0.wp.com\/1.bp.blogspot.com\/-e0R9UnQ6b-E\/Uh1oAfrS7VI\/AAAAAAAALMQ\/lrXeqlpISCI\/s1600\/fotos_book_fotografico.jpg\" style=\"margin-left: auto; margin-right: auto;\"><img data-recalc-dims=\"1\" loading=\"lazy\" decoding=\"async\" alt=\"modelo profissional\" border=\"0\" height=\"304\" src=\"https:\/\/i0.wp.com\/1.bp.blogspot.com\/-e0R9UnQ6b-E\/Uh1oAfrS7VI\/AAAAAAAALMQ\/lrXeqlpISCI\/s640\/fotos_book_fotografico.jpg?resize=640%2C304&#038;ssl=1\" title=\"modelo profissional\" width=\"640\" \/><\/a><\/td>\n<\/tr>\n<tr>\n<td style=\"text-align: center;\">Book para Modelo Profissional &nbsp;: Studio Bianca Machado<\/td>\n<\/tr>\n<\/tbody>\n<\/table>\n<div style=\"text-align: justify;\"><\/div>\n<div style=\"text-align: justify;\"><\/div>\n<div style=\"text-align: justify;\">Ela come arroz e feij\u00e3o sem culpa, n\u00e3o se pesa h\u00e1 anos, nunca fez dieta na vida e ganha dinheiro \u2014 MUITO! \u2014 com seus quilos a mais. Em seu guarda-roupa, pe\u00e7as de Marc Jacobs, Chanel e Jean Paul Gaultier dividem espa\u00e7o com marcas menos famosas, compradas em grandes magazines europeus. Tamb\u00e9m j\u00e1 esteve na capa da \u201cVogue\u201d italiana, foi recheio da renomad\u00edssima \u201cHarper\u2019s Bazaar\u201d e da americana \u201cGlamour\u201d, ilustrando, com seu manequim 48, diversos editoriais de moda.<\/div>\n<div style=\"text-align: justify;\"><\/div>\n<div style=\"text-align: justify;\">O que parece imposs\u00edvel \u00e9 realidade para a carioca Fl\u00favia Lacerda, de 31 anos, uma das modelos plus size mais famosas do mundo. Radicada em Nova York h\u00e1 mais de uma d\u00e9cada, ela nem teve que se esfor\u00e7ar para realizar o sonho de muitas meninas de esqu\u00e1lidos 48 quilos.<\/div>\n<div style=\"text-align: justify;\"><\/div>\n<div style=\"text-align: justify;\">\u2014 Estava num \u00f4nibus a caminho do trabalho quando fui abordada por uma mulher que queria saber quanto eu vestia. Achei estranh\u00edssimo, mas ela logo se apresentou como editora de moda, me deu um cart\u00e3o e disse que eu poderia ser uma modelo de tamanhos grandes. Nem sabia que isso existia. Modelo n\u00e3o tinha que ser pele e osso? \u2014 conta Fl\u00favia, que est\u00e1 no Brasil para estrelar diversas campanhas.<\/div>\n<div style=\"text-align: justify;\"><\/div>\n<div style=\"text-align: justify;\">Com 1,72m, peso desconhecido, 109cm de busto, 88cm de cintura e generosos 121cm de quadris, Fl\u00favia n\u00e3o esbanja apenas sua beleza voluptuosa. \u00c9 inteligente, articulada e sabe exatamente que ser chamada de \u201cGisele B\u00fcndchen Plus Size\u201d \u00e9 mais que lisonjeiro. \u00c9 uma forma de abrir portas para outras mulheres.<\/div>\n<div style=\"text-align: justify;\"><\/div>\n<div style=\"text-align: justify;\">\u2014 Ningu\u00e9m no mundo \u00e9 igual ao outro. O grande barato \u00e9 a n\u00e3o padroniza\u00e7\u00e3o. Vivemos num pa\u00eds miscigenado, e que bom que \u00e9 assim! Luto para que sejamos respeitadas com o DNA que temos. N\u00e3o fa\u00e7o apologia \u00e0 gordura, mas \u00e0 autoestima. \u00c9 poss\u00edvel ser feliz acima do manequim 42 \u2014 garante.<\/div>\n<div style=\"text-align: justify;\"><\/div>\n<div style=\"text-align: justify;\">Para Fl\u00favia, o Brasil ainda est\u00e1 atrasado neste assunto. S\u00f3 agora \u2014 e ainda a passos muito lentos \u2014, \u00e9 que concursos, blogs e at\u00e9 revistas come\u00e7am a prestar aten\u00e7\u00e3o no mundo GG:<\/div>\n<div style=\"text-align: justify;\"><\/div>\n<div style=\"text-align: justify;\">\u2014 Quando venho ao Brasil, as pessoas me param na rua para saber de onde \u00e9 minha roupa. N\u00e3o \u00e9 poss\u00edvel que a ind\u00fastria continue ignorando que existem consumidoras vorazes atr\u00e1s de sua pr\u00f3pria identidade, que est\u00e3o felizes com o seu corpo.<\/div>\n<div style=\"text-align: justify;\"><\/div>\n<div style=\"text-align: justify;\">No futuro, ela pr\u00f3pria pensa em montar uma grife com seu nome. Antes, por\u00e9m, vai testar o que produzir l\u00e1 fora. Enquanto esse tal de futuro n\u00e3o chega, no entanto, a linda carioca, criada no Norte do pa\u00eds, vai capitalizando em cima de sua imagem. A compara\u00e7\u00e3o com \u201cLa B\u00fcndchen\u201d n\u00e3o fica por conta apenas da nacionalidade ou da profiss\u00e3o. Diz-se por a\u00ed que as cifras ganhas por Fl\u00favia s\u00e3o t\u00e3o generosas quanto as da colega mag\u00e9rrima. Para t\u00ea-la num editorial, \u00e9 preciso desembolsar cerca de R$ 30 mil reais. Por dia.<\/div>\n<div style=\"text-align: justify;\"><\/div>\n<div style=\"text-align: justify;\">\u2014 Posso dizer que ganho muito bem para fazer o que fa\u00e7o \u2014 esquiva-se.<\/div>\n<div style=\"text-align: justify;\"><\/div>\n<div style=\"text-align: justify;\">Bem a ponto de j\u00e1 ter dado a ela a chance de comprar um espa\u00e7oso im\u00f3vel em Manhatan (EUA), com direito a terra\u00e7o onde cultiva uma horta, uma casa no M\u00e9xico para as f\u00e9rias em fam\u00edlia e outra na Austr\u00e1lia, terra de seu marido.<\/div>\n<div style=\"text-align: justify;\"><\/div>\n<div style=\"text-align: justify;\">Gordinha, sim; gulosa, nunca!<\/div>\n<div style=\"text-align: justify;\"><\/div>\n<div style=\"text-align: justify;\">Fl\u00favia sucumbe apenas aos carboidratos, mas de resto mant\u00e9m uma alimenta\u00e7\u00e3o quase natureba. N\u00e3o come frituras ou comida industrializada e exagera nos alimentos integrais, frutas e verduras. Para completar, adotou a bicicleta como meio de transporte.<\/div>\n<div style=\"text-align: justify;\"><\/div>\n<div style=\"text-align: justify;\">\u2014 Vivo sobre duas rodas. Busco minha filha na escola, vou ao supermercado, \u00e0s loca\u00e7\u00f5es de fotos, tudo isso de bicicleta. Ainda fa\u00e7o ioga e pilates \u2014 enumera ela, que contratou uma personal trainer: \u2014 Ela \u00e9 da Rep\u00fablica Tcheca. Ent\u00e3o, voc\u00ea faz ideia de como \u00e9 linha dura, n\u00e9? Preciso me manter firme, com o corpo durinho, tudo no lugar para trabalhar. N\u00e3o fa\u00e7o para emagrecer, mas para ser saud\u00e1vel.<\/div>\n<div style=\"text-align: justify;\"><\/div>\n<div style=\"text-align: justify;\">Dona de um senso est\u00e9tico apurado, ela privilegia os vestidos em seu closet e faz a linha \u201cvista o que voc\u00ea gosta\u201d sem radicalismos. Mas deixa algumas dicas para outras fofas, como ela:<\/div>\n<div style=\"text-align: justify;\"><\/div>\n<div style=\"text-align: justify;\">\u2014 A mulher perdeu a feminilidade. Ficamos de cal\u00e7a jeans o tempo todo. \u00c9 preciso redescobrir esta mulher feminina, perdida por a\u00ed. Equil\u00edbrio vale para tudo na vida, inclusive na hora de se vestir. Adoro combinar uma pe\u00e7a estampada com uma b\u00e1sica, n\u00e3o uso nada colado ao corpo, tenho dezenas de cintos para criar uma silhueta e uso saltos para along\u00e1-la \u2014 ensina.<\/div>\n<div style=\"text-align: justify;\"><\/div>\n<div style=\"text-align: justify;\">Vaidosa, ela n\u00e3o sai de casa sem a sant\u00edssima trindade: r\u00edmel, blush e batom. Os cabelos, t\u00e3o bonitos quanto os de Gisele, ganham hidrata\u00e7\u00f5es semanais e passam longe do secador e da chapinha quando n\u00e3o necess\u00e1rio. A pele de porcelana \u00e9 mantida com filtro solar. Sempre!<\/div>\n<div style=\"text-align: justify;\"><\/div>\n<div style=\"text-align: justify;\">A autoestima elevada vem de casa. A m\u00e3e ensinou aos tr\u00eas filhos \u2014 apenas Fl\u00favia n\u00e3o \u00e9 magra \u2014 que eles poderiam ser quem quisessem, a levantarem a cabe\u00e7a, e o primordial: se amarem.<\/div>\n<div style=\"text-align: justify;\"><\/div>\n<div style=\"text-align: justify;\">\u2014 Nunca sofri preconceito porque nunca fiquei na mira dele. Sempre me amei como sou, me acho bonita, tive os namorados que quis. \u00c9 claro que sempre tem uma tia para te dizer \u201cAh, voc\u00ea \u00e9 t\u00e3o bonita de rosto, conhe\u00e7o uma dieta \u00f3tima!\u201d. Dou de ombros \u2014 afirma ela, que j\u00e1 foi alvo de m\u00e9dicos brasileiros, que lhe ofereceram f\u00f3rmulas milagrosas e opera\u00e7\u00f5es radicais.<\/div>\n<div style=\"text-align: justify;\"><\/div>\n<div style=\"text-align: justify;\">Famosa no mundo todo, principalmente ap\u00f3s ser eleita a modelo plus size do ano nos EUA, Fl\u00favia parece viver um conto de fadas. Alguns sonhos j\u00e1 foram realizados, mas um deles ainda aguarda na primeira fila:<\/div>\n<div style=\"text-align: justify;\"><\/div>\n<div style=\"text-align: justify;\">\u2014 Queria conhecer a Xuxa! Nossa, quem nunca teve essa vontade? Nunca quis ser paquita, mas sempre quis chegar perto dela.<\/div>\n<div style=\"text-align: justify;\"><\/div>\n<div style=\"text-align: justify;\">Fonte: Extra<\/div>\n<div style=\"text-align: justify;\"><\/div>\n<div style=\"text-align: justify;\"><i>Fonte: Agencia de Modelo<\/i><\/div>\n<div style=\"text-align: justify;\"><\/div>\n<p>Visite tamb\u00e9m nosso site:&nbsp;<a href=\"http:\/\/www.biancamachado.com.br\/\">www.biancamachado.com.br<\/a><br \/>(11) 97107-1018<\/p>\n<div style=\"-webkit-text-stroke-width: 0px; clear: both; color: black; font-family: &quot;times new roman&quot;; font-size: medium; font-style: normal; font-variant: normal; font-weight: normal; letter-spacing: normal; line-height: normal; margin: 0px; orphans: auto; text-align: center; text-indent: 0px; text-transform: none; white-space: normal; widows: 1; word-spacing: 0px;\"><\/div>\n<div style=\"-webkit-text-stroke-width: 0px; clear: both; color: black; font-family: &quot;times new roman&quot;; font-size: medium; font-style: normal; font-variant: normal; font-weight: normal; letter-spacing: normal; line-height: normal; margin: 0px; orphans: auto; text-align: center; text-indent: 0px; text-transform: none; white-space: normal; widows: 1; word-spacing: 0px;\"><\/div>\n<div style=\"-webkit-text-stroke-width: 0px; clear: both; color: black; font-family: &quot;times new roman&quot;; font-size: medium; font-style: normal; font-variant: normal; font-weight: normal; letter-spacing: normal; line-height: normal; margin: 0px; orphans: auto; text-align: center; text-indent: 0px; text-transform: none; white-space: normal; widows: 1; word-spacing: 0px;\"><\/div>\n<div style=\"-webkit-text-stroke-width: 0px; clear: both; color: black; font-family: &quot;times new roman&quot;; font-size: medium; font-style: normal; font-variant: normal; font-weight: normal; letter-spacing: normal; line-height: normal; margin: 0px; orphans: auto; text-align: center; text-indent: 0px; text-transform: none; white-space: normal; widows: 1; word-spacing: 0px;\"><\/div>\nVisite tamb\u00e9m nosso site: www.biancamachado.com.br\r\n(11) 97107-1018\r\n\r\nAtendemos as regi\u00f5es de S\u00e3o Paulo, Sorocaba, Ibi\u00fana, Piedade, Votorantim, Cotia, Itupeva, Jundia\u00ed, It\u00fa e Campinas","protected":false},"excerpt":{"rendered":"<p>Veja nesse t\u00f3pico v\u00e1rias dicas<\/p>\n","protected":false},"author":1,"featured_media":1008,"comment_status":"open","ping_status":"open","sticky":false,"template":"","format":"standard","meta":{"_monsterinsights_skip_tracking":false,"_monsterinsights_sitenote_active":false,"_monsterinsights_sitenote_note":"","_monsterinsights_sitenote_category":0,"jetpack_post_was_ever_published":false,"_jetpack_newsletter_access":"","_jetpack_dont_email_post_to_subs":false,"_jetpack_newsletter_tier_id":0,"_jetpack_memberships_contains_paywalled_content":false,"_jetpack_memberships_contains_paid_content":false,"_joinchat":[],"footnotes":""},"categories":[1],"tags":[],"class_list":["post-239","post","type-post","status-publish","format-standard","has-post-thumbnail","hentry","category-studio-bianca-machado"],"yoast_head":"<!-- This site is optimized with the Yoast SEO plugin v27.4 - https:\/\/yoast.com\/product\/yoast-seo-wordpress\/ -->\n<title>Modelo tem que ser magra? - STUDIO BIANCA MACHADO<\/title>\n<meta name=\"robots\" content=\"index, follow, max-snippet:-1, max-image-preview:large, max-video-preview:-1\" \/>\n<link rel=\"canonical\" href=\"https:\/\/biancamachado.com.br\/blog\/modelo-tem-que-ser-magra\/\" \/>\n<meta property=\"og:locale\" content=\"pt_BR\" \/>\n<meta property=\"og:type\" content=\"article\" \/>\n<meta property=\"og:title\" content=\"Modelo tem que ser magra? - STUDIO BIANCA MACHADO\" \/>\n<meta property=\"og:description\" content=\"Veja nesse t\u00f3pico v\u00e1rias dicas\" \/>\n<meta property=\"og:url\" content=\"https:\/\/biancamachado.com.br\/blog\/modelo-tem-que-ser-magra\/\" \/>\n<meta property=\"og:site_name\" content=\"STUDIO BIANCA MACHADO\" \/>\n<meta property=\"article:publisher\" content=\"https:\/\/www.facebook.com\/Studiobiancamachado\/\" \/>\n<meta property=\"article:published_time\" content=\"2013-08-28T03:02:00+00:00\" \/>\n<meta property=\"og:image\" content=\"https:\/\/i0.wp.com\/biancamachado.com.br\/blog\/wp-content\/uploads\/2013\/08\/Screenshot_198.png?fit=677%2C304&ssl=1\" \/>\n\t<meta property=\"og:image:width\" content=\"677\" \/>\n\t<meta property=\"og:image:height\" content=\"304\" \/>\n\t<meta property=\"og:image:type\" content=\"image\/png\" \/>\n<meta name=\"author\" content=\"biancamachado\" \/>\n<meta name=\"twitter:card\" content=\"summary_large_image\" \/>\n<meta name=\"twitter:label1\" content=\"Escrito por\" \/>\n\t<meta name=\"twitter:data1\" content=\"biancamachado\" \/>\n\t<meta name=\"twitter:label2\" content=\"Est. tempo de leitura\" \/>\n\t<meta name=\"twitter:data2\" content=\"6 minutos\" \/>\n<script type=\"application\/ld+json\" class=\"yoast-schema-graph\">{\"@context\":\"https:\\\/\\\/schema.org\",\"@graph\":[{\"@type\":\"Article\",\"@id\":\"https:\\\/\\\/biancamachado.com.br\\\/blog\\\/modelo-tem-que-ser-magra\\\/#article\",\"isPartOf\":{\"@id\":\"https:\\\/\\\/biancamachado.com.br\\\/blog\\\/modelo-tem-que-ser-magra\\\/\"},\"author\":{\"name\":\"biancamachado\",\"@id\":\"https:\\\/\\\/biancamachado.com.br\\\/blog\\\/#\\\/schema\\\/person\\\/990263800ec5e9bdbbf092a2353550a1\"},\"headline\":\"Modelo tem que ser magra?\",\"datePublished\":\"2013-08-28T03:02:00+00:00\",\"mainEntityOfPage\":{\"@id\":\"https:\\\/\\\/biancamachado.com.br\\\/blog\\\/modelo-tem-que-ser-magra\\\/\"},\"wordCount\":1164,\"commentCount\":0,\"publisher\":{\"@id\":\"https:\\\/\\\/biancamachado.com.br\\\/blog\\\/#organization\"},\"image\":{\"@id\":\"https:\\\/\\\/biancamachado.com.br\\\/blog\\\/modelo-tem-que-ser-magra\\\/#primaryimage\"},\"thumbnailUrl\":\"https:\\\/\\\/i0.wp.com\\\/biancamachado.com.br\\\/blog\\\/wp-content\\\/uploads\\\/2013\\\/08\\\/Screenshot_198.png?fit=677%2C304&ssl=1\",\"articleSection\":[\"Studio Bianca Machado\"],\"inLanguage\":\"pt-BR\",\"potentialAction\":[{\"@type\":\"CommentAction\",\"name\":\"Comment\",\"target\":[\"https:\\\/\\\/biancamachado.com.br\\\/blog\\\/modelo-tem-que-ser-magra\\\/#respond\"]}]},{\"@type\":\"WebPage\",\"@id\":\"https:\\\/\\\/biancamachado.com.br\\\/blog\\\/modelo-tem-que-ser-magra\\\/\",\"url\":\"https:\\\/\\\/biancamachado.com.br\\\/blog\\\/modelo-tem-que-ser-magra\\\/\",\"name\":\"Modelo tem que ser magra? - STUDIO BIANCA MACHADO\",\"isPartOf\":{\"@id\":\"https:\\\/\\\/biancamachado.com.br\\\/blog\\\/#website\"},\"primaryImageOfPage\":{\"@id\":\"https:\\\/\\\/biancamachado.com.br\\\/blog\\\/modelo-tem-que-ser-magra\\\/#primaryimage\"},\"image\":{\"@id\":\"https:\\\/\\\/biancamachado.com.br\\\/blog\\\/modelo-tem-que-ser-magra\\\/#primaryimage\"},\"thumbnailUrl\":\"https:\\\/\\\/i0.wp.com\\\/biancamachado.com.br\\\/blog\\\/wp-content\\\/uploads\\\/2013\\\/08\\\/Screenshot_198.png?fit=677%2C304&ssl=1\",\"datePublished\":\"2013-08-28T03:02:00+00:00\",\"breadcrumb\":{\"@id\":\"https:\\\/\\\/biancamachado.com.br\\\/blog\\\/modelo-tem-que-ser-magra\\\/#breadcrumb\"},\"inLanguage\":\"pt-BR\",\"potentialAction\":[{\"@type\":\"ReadAction\",\"target\":[\"https:\\\/\\\/biancamachado.com.br\\\/blog\\\/modelo-tem-que-ser-magra\\\/\"]}]},{\"@type\":\"ImageObject\",\"inLanguage\":\"pt-BR\",\"@id\":\"https:\\\/\\\/biancamachado.com.br\\\/blog\\\/modelo-tem-que-ser-magra\\\/#primaryimage\",\"url\":\"https:\\\/\\\/i0.wp.com\\\/biancamachado.com.br\\\/blog\\\/wp-content\\\/uploads\\\/2013\\\/08\\\/Screenshot_198.png?fit=677%2C304&ssl=1\",\"contentUrl\":\"https:\\\/\\\/i0.wp.com\\\/biancamachado.com.br\\\/blog\\\/wp-content\\\/uploads\\\/2013\\\/08\\\/Screenshot_198.png?fit=677%2C304&ssl=1\",\"width\":677,\"height\":304,\"caption\":\"Modelo tem que ser magra?\"},{\"@type\":\"BreadcrumbList\",\"@id\":\"https:\\\/\\\/biancamachado.com.br\\\/blog\\\/modelo-tem-que-ser-magra\\\/#breadcrumb\",\"itemListElement\":[{\"@type\":\"ListItem\",\"position\":1,\"name\":\"In\u00edcio\",\"item\":\"https:\\\/\\\/biancamachado.com.br\\\/blog\\\/\"},{\"@type\":\"ListItem\",\"position\":2,\"name\":\"Modelo tem que ser magra?\"}]},{\"@type\":\"WebSite\",\"@id\":\"https:\\\/\\\/biancamachado.com.br\\\/blog\\\/#website\",\"url\":\"https:\\\/\\\/biancamachado.com.br\\\/blog\\\/\",\"name\":\"STUDIO BIANCA MACHADO\",\"description\":\"Estudio Fotografico, Ensaios e Books de foto profissional\",\"publisher\":{\"@id\":\"https:\\\/\\\/biancamachado.com.br\\\/blog\\\/#organization\"},\"potentialAction\":[{\"@type\":\"SearchAction\",\"target\":{\"@type\":\"EntryPoint\",\"urlTemplate\":\"https:\\\/\\\/biancamachado.com.br\\\/blog\\\/?s={search_term_string}\"},\"query-input\":{\"@type\":\"PropertyValueSpecification\",\"valueRequired\":true,\"valueName\":\"search_term_string\"}}],\"inLanguage\":\"pt-BR\"},{\"@type\":\"Organization\",\"@id\":\"https:\\\/\\\/biancamachado.com.br\\\/blog\\\/#organization\",\"name\":\"STUDIO BIANCA MACHADO\",\"url\":\"https:\\\/\\\/biancamachado.com.br\\\/blog\\\/\",\"logo\":{\"@type\":\"ImageObject\",\"inLanguage\":\"pt-BR\",\"@id\":\"https:\\\/\\\/biancamachado.com.br\\\/blog\\\/#\\\/schema\\\/logo\\\/image\\\/\",\"url\":\"https:\\\/\\\/i0.wp.com\\\/biancamachado.com.br\\\/blog\\\/wp-content\\\/uploads\\\/2021\\\/02\\\/cropped-logo-ml.jpg?fit=278%2C100&ssl=1\",\"contentUrl\":\"https:\\\/\\\/i0.wp.com\\\/biancamachado.com.br\\\/blog\\\/wp-content\\\/uploads\\\/2021\\\/02\\\/cropped-logo-ml.jpg?fit=278%2C100&ssl=1\",\"width\":278,\"height\":100,\"caption\":\"STUDIO BIANCA MACHADO\"},\"image\":{\"@id\":\"https:\\\/\\\/biancamachado.com.br\\\/blog\\\/#\\\/schema\\\/logo\\\/image\\\/\"},\"sameAs\":[\"https:\\\/\\\/www.facebook.com\\\/Studiobiancamachado\\\/\",\"https:\\\/\\\/www.instagram.com\\\/Studiobiancamachado\\\/\"]},{\"@type\":\"Person\",\"@id\":\"https:\\\/\\\/biancamachado.com.br\\\/blog\\\/#\\\/schema\\\/person\\\/990263800ec5e9bdbbf092a2353550a1\",\"name\":\"biancamachado\",\"image\":{\"@type\":\"ImageObject\",\"inLanguage\":\"pt-BR\",\"@id\":\"https:\\\/\\\/secure.gravatar.com\\\/avatar\\\/62b1a50f2632dbc2e279c3eb55aa46cc324c969cff16a69c59756d155316542c?s=96&d=mm&r=g\",\"url\":\"https:\\\/\\\/secure.gravatar.com\\\/avatar\\\/62b1a50f2632dbc2e279c3eb55aa46cc324c969cff16a69c59756d155316542c?s=96&d=mm&r=g\",\"contentUrl\":\"https:\\\/\\\/secure.gravatar.com\\\/avatar\\\/62b1a50f2632dbc2e279c3eb55aa46cc324c969cff16a69c59756d155316542c?s=96&d=mm&r=g\",\"caption\":\"biancamachado\"},\"sameAs\":[\"https:\\\/\\\/biancamachado.com.br\\\/blog\"],\"url\":\"https:\\\/\\\/biancamachado.com.br\\\/blog\\\/author\\\/biancamachado\\\/\"}]}<\/script>\n<!-- \/ Yoast SEO plugin. -->","yoast_head_json":{"title":"Modelo tem que ser magra? - STUDIO BIANCA MACHADO","robots":{"index":"index","follow":"follow","max-snippet":"max-snippet:-1","max-image-preview":"max-image-preview:large","max-video-preview":"max-video-preview:-1"},"canonical":"https:\/\/biancamachado.com.br\/blog\/modelo-tem-que-ser-magra\/","og_locale":"pt_BR","og_type":"article","og_title":"Modelo tem que ser magra? - STUDIO BIANCA MACHADO","og_description":"Veja nesse t\u00f3pico v\u00e1rias dicas","og_url":"https:\/\/biancamachado.com.br\/blog\/modelo-tem-que-ser-magra\/","og_site_name":"STUDIO BIANCA MACHADO","article_publisher":"https:\/\/www.facebook.com\/Studiobiancamachado\/","article_published_time":"2013-08-28T03:02:00+00:00","og_image":[{"width":677,"height":304,"url":"https:\/\/i0.wp.com\/biancamachado.com.br\/blog\/wp-content\/uploads\/2013\/08\/Screenshot_198.png?fit=677%2C304&ssl=1","type":"image\/png"}],"author":"biancamachado","twitter_card":"summary_large_image","twitter_misc":{"Escrito por":"biancamachado","Est. tempo de leitura":"6 minutos"},"schema":{"@context":"https:\/\/schema.org","@graph":[{"@type":"Article","@id":"https:\/\/biancamachado.com.br\/blog\/modelo-tem-que-ser-magra\/#article","isPartOf":{"@id":"https:\/\/biancamachado.com.br\/blog\/modelo-tem-que-ser-magra\/"},"author":{"name":"biancamachado","@id":"https:\/\/biancamachado.com.br\/blog\/#\/schema\/person\/990263800ec5e9bdbbf092a2353550a1"},"headline":"Modelo tem que ser magra?","datePublished":"2013-08-28T03:02:00+00:00","mainEntityOfPage":{"@id":"https:\/\/biancamachado.com.br\/blog\/modelo-tem-que-ser-magra\/"},"wordCount":1164,"commentCount":0,"publisher":{"@id":"https:\/\/biancamachado.com.br\/blog\/#organization"},"image":{"@id":"https:\/\/biancamachado.com.br\/blog\/modelo-tem-que-ser-magra\/#primaryimage"},"thumbnailUrl":"https:\/\/i0.wp.com\/biancamachado.com.br\/blog\/wp-content\/uploads\/2013\/08\/Screenshot_198.png?fit=677%2C304&ssl=1","articleSection":["Studio Bianca Machado"],"inLanguage":"pt-BR","potentialAction":[{"@type":"CommentAction","name":"Comment","target":["https:\/\/biancamachado.com.br\/blog\/modelo-tem-que-ser-magra\/#respond"]}]},{"@type":"WebPage","@id":"https:\/\/biancamachado.com.br\/blog\/modelo-tem-que-ser-magra\/","url":"https:\/\/biancamachado.com.br\/blog\/modelo-tem-que-ser-magra\/","name":"Modelo tem que ser magra? - STUDIO BIANCA MACHADO","isPartOf":{"@id":"https:\/\/biancamachado.com.br\/blog\/#website"},"primaryImageOfPage":{"@id":"https:\/\/biancamachado.com.br\/blog\/modelo-tem-que-ser-magra\/#primaryimage"},"image":{"@id":"https:\/\/biancamachado.com.br\/blog\/modelo-tem-que-ser-magra\/#primaryimage"},"thumbnailUrl":"https:\/\/i0.wp.com\/biancamachado.com.br\/blog\/wp-content\/uploads\/2013\/08\/Screenshot_198.png?fit=677%2C304&ssl=1","datePublished":"2013-08-28T03:02:00+00:00","breadcrumb":{"@id":"https:\/\/biancamachado.com.br\/blog\/modelo-tem-que-ser-magra\/#breadcrumb"},"inLanguage":"pt-BR","potentialAction":[{"@type":"ReadAction","target":["https:\/\/biancamachado.com.br\/blog\/modelo-tem-que-ser-magra\/"]}]},{"@type":"ImageObject","inLanguage":"pt-BR","@id":"https:\/\/biancamachado.com.br\/blog\/modelo-tem-que-ser-magra\/#primaryimage","url":"https:\/\/i0.wp.com\/biancamachado.com.br\/blog\/wp-content\/uploads\/2013\/08\/Screenshot_198.png?fit=677%2C304&ssl=1","contentUrl":"https:\/\/i0.wp.com\/biancamachado.com.br\/blog\/wp-content\/uploads\/2013\/08\/Screenshot_198.png?fit=677%2C304&ssl=1","width":677,"height":304,"caption":"Modelo tem que ser magra?"},{"@type":"BreadcrumbList","@id":"https:\/\/biancamachado.com.br\/blog\/modelo-tem-que-ser-magra\/#breadcrumb","itemListElement":[{"@type":"ListItem","position":1,"name":"In\u00edcio","item":"https:\/\/biancamachado.com.br\/blog\/"},{"@type":"ListItem","position":2,"name":"Modelo tem que ser magra?"}]},{"@type":"WebSite","@id":"https:\/\/biancamachado.com.br\/blog\/#website","url":"https:\/\/biancamachado.com.br\/blog\/","name":"STUDIO BIANCA MACHADO","description":"Estudio Fotografico, Ensaios e Books de foto profissional","publisher":{"@id":"https:\/\/biancamachado.com.br\/blog\/#organization"},"potentialAction":[{"@type":"SearchAction","target":{"@type":"EntryPoint","urlTemplate":"https:\/\/biancamachado.com.br\/blog\/?s={search_term_string}"},"query-input":{"@type":"PropertyValueSpecification","valueRequired":true,"valueName":"search_term_string"}}],"inLanguage":"pt-BR"},{"@type":"Organization","@id":"https:\/\/biancamachado.com.br\/blog\/#organization","name":"STUDIO BIANCA MACHADO","url":"https:\/\/biancamachado.com.br\/blog\/","logo":{"@type":"ImageObject","inLanguage":"pt-BR","@id":"https:\/\/biancamachado.com.br\/blog\/#\/schema\/logo\/image\/","url":"https:\/\/i0.wp.com\/biancamachado.com.br\/blog\/wp-content\/uploads\/2021\/02\/cropped-logo-ml.jpg?fit=278%2C100&ssl=1","contentUrl":"https:\/\/i0.wp.com\/biancamachado.com.br\/blog\/wp-content\/uploads\/2021\/02\/cropped-logo-ml.jpg?fit=278%2C100&ssl=1","width":278,"height":100,"caption":"STUDIO BIANCA MACHADO"},"image":{"@id":"https:\/\/biancamachado.com.br\/blog\/#\/schema\/logo\/image\/"},"sameAs":["https:\/\/www.facebook.com\/Studiobiancamachado\/","https:\/\/www.instagram.com\/Studiobiancamachado\/"]},{"@type":"Person","@id":"https:\/\/biancamachado.com.br\/blog\/#\/schema\/person\/990263800ec5e9bdbbf092a2353550a1","name":"biancamachado","image":{"@type":"ImageObject","inLanguage":"pt-BR","@id":"https:\/\/secure.gravatar.com\/avatar\/62b1a50f2632dbc2e279c3eb55aa46cc324c969cff16a69c59756d155316542c?s=96&d=mm&r=g","url":"https:\/\/secure.gravatar.com\/avatar\/62b1a50f2632dbc2e279c3eb55aa46cc324c969cff16a69c59756d155316542c?s=96&d=mm&r=g","contentUrl":"https:\/\/secure.gravatar.com\/avatar\/62b1a50f2632dbc2e279c3eb55aa46cc324c969cff16a69c59756d155316542c?s=96&d=mm&r=g","caption":"biancamachado"},"sameAs":["https:\/\/biancamachado.com.br\/blog"],"url":"https:\/\/biancamachado.com.br\/blog\/author\/biancamachado\/"}]}},"jetpack_featured_media_url":"https:\/\/i0.wp.com\/biancamachado.com.br\/blog\/wp-content\/uploads\/2013\/08\/Screenshot_198.png?fit=677%2C304&ssl=1","jetpack-related-posts":[],"jetpack_sharing_enabled":true,"_links":{"self":[{"href":"https:\/\/biancamachado.com.br\/blog\/wp-json\/wp\/v2\/posts\/239","targetHints":{"allow":["GET"]}}],"collection":[{"href":"https:\/\/biancamachado.com.br\/blog\/wp-json\/wp\/v2\/posts"}],"about":[{"href":"https:\/\/biancamachado.com.br\/blog\/wp-json\/wp\/v2\/types\/post"}],"author":[{"embeddable":true,"href":"https:\/\/biancamachado.com.br\/blog\/wp-json\/wp\/v2\/users\/1"}],"replies":[{"embeddable":true,"href":"https:\/\/biancamachado.com.br\/blog\/wp-json\/wp\/v2\/comments?post=239"}],"version-history":[{"count":0,"href":"https:\/\/biancamachado.com.br\/blog\/wp-json\/wp\/v2\/posts\/239\/revisions"}],"wp:featuredmedia":[{"embeddable":true,"href":"https:\/\/biancamachado.com.br\/blog\/wp-json\/wp\/v2\/media\/1008"}],"wp:attachment":[{"href":"https:\/\/biancamachado.com.br\/blog\/wp-json\/wp\/v2\/media?parent=239"}],"wp:term":[{"taxonomy":"category","embeddable":true,"href":"https:\/\/biancamachado.com.br\/blog\/wp-json\/wp\/v2\/categories?post=239"},{"taxonomy":"post_tag","embeddable":true,"href":"https:\/\/biancamachado.com.br\/blog\/wp-json\/wp\/v2\/tags?post=239"}],"curies":[{"name":"wp","href":"https:\/\/api.w.org\/{rel}","templated":true}]}}