{"id":237,"date":"2013-08-28T00:27:00","date_gmt":"2013-08-28T03:27:00","guid":{"rendered":"https:\/\/biancamachado.com.br\/blog\/?p=237"},"modified":"2021-02-18T00:17:58","modified_gmt":"2021-02-18T03:17:58","slug":"como-se-preparar-para-uma-sessao-fotografica-de-modelo","status":"publish","type":"post","link":"https:\/\/biancamachado.com.br\/blog\/como-se-preparar-para-uma-sessao-fotografica-de-modelo\/","title":{"rendered":"Como se preparar para uma sess\u00e3o fotogr\u00e1fica de Modelo"},"content":{"rendered":"<h3>Poses e Express\u00f5es Faciais<\/h3>\n<div style=\"text-align: justify;\"><\/div>\n<div style=\"text-align: justify;\">Embora as interpreta\u00e7\u00f5es de diferentes express\u00f5es e olhares possam variar, por favor, pratique uma variedade de olhares diferentes para que voc\u00ea esteja pelo menos um pouco preparado ao ser pedida pelo fot\u00f3grafo uma express\u00e3o espec\u00edfica, tais como: \u201csexy\u201d, \u201cintenso\u201d, \u201cs\u00e9rio\u201d, \u201cmisterioso\u201d.&nbsp;<\/div>\n<div style=\"text-align: justify;\">Se voc\u00ea tem uma tend\u00eancia a mostrar bastante de sua gengiva ao sorrir, voc\u00ea tamb\u00e9m deve praticar o sorriso sem mostrar o m\u00e1ximo de sua gengiva.&nbsp;<\/div>\n<div style=\"text-align: justify;\">Alguns dos melhores guias de refer\u00eancia para posar s\u00e3o cat\u00e1logos e revistas de moda. Estude-os. Preste muita aten\u00e7\u00e3o \u00e0 posi\u00e7\u00e3o das m\u00e3os, os \u00e2ngulos diferentes, o que o corpo faz (incluindo a inclina\u00e7\u00e3o da cabe\u00e7a, bra\u00e7os, tronco, coxas e pernas), e express\u00f5es faciais.<\/div>\n<div style=\"text-align: justify;\"><\/div>\n<table align=\"center\" cellpadding=\"0\" cellspacing=\"0\" style=\"margin-left: auto; margin-right: auto; text-align: center;\">\n<tbody>\n<tr>\n<td style=\"text-align: center;\"><a href=\"https:\/\/i0.wp.com\/4.bp.blogspot.com\/-9DTyCd51Uic\/Uh1t74IeECI\/AAAAAAAALMo\/Ha9XJWVksv4\/s1600\/fotos_modelos_fotograficos.jpg\" style=\"margin-left: auto; margin-right: auto;\"><img data-recalc-dims=\"1\" loading=\"lazy\" decoding=\"async\" border=\"0\" height=\"304\" src=\"https:\/\/i0.wp.com\/4.bp.blogspot.com\/-9DTyCd51Uic\/Uh1t74IeECI\/AAAAAAAALMo\/Ha9XJWVksv4\/s640\/fotos_modelos_fotograficos.jpg?resize=640%2C304&#038;ssl=1\" width=\"640\" \/><\/a><\/td>\n<\/tr>\n<tr>\n<td style=\"text-align: center;\">Book Fotogr\u00e1fico : Studio Bianca Machado<\/td>\n<\/tr>\n<\/tbody>\n<\/table>\n<div style=\"text-align: justify;\"><\/div>\n<h3>Est\u00e9tica e Maquiagem<\/h3>\n<div style=\"text-align: justify;\">Certifique-se de cuidar da depila\u00e7\u00e3o antes de uma sess\u00e3o, mas deixe pelo menos 2-3 dias entre a depila\u00e7\u00e3o de todas as \u00e1reas sens\u00edveis (como a linha do biqu\u00edni, o bu\u00e7o, etc) e sua data de fotografar. Esse tempo \u00e9 necess\u00e1rio para permitir a qualquer irrita\u00e7\u00e3o que desapare\u00e7a.<\/div>\n<div style=\"text-align: justify;\">Se for fazer uma limpeza de pele, fa\u00e7a isso com no m\u00ednimo 4 dias de anteced\u00eancia.<\/div>\n<div style=\"text-align: justify;\">Cuide de suas unhas. Tenha certeza de que suas unhas est\u00e3o limpas e bem conservadas. Unhas curtas s\u00e3o preferenciais. Naturais, n\u00e3o coloridas, ou &nbsp;manicure franc\u00eas \u00e9 prefer\u00edvel. Se voc\u00ea planeja posar descal\u00e7o, certifique-se de seus p\u00e9s e os dedos est\u00e3o em boas condi\u00e7\u00f5es.<\/div>\n<div style=\"text-align: justify;\">Certifique-se de ter cuidado de todos os detalhes necess\u00e1rios \u00e0 sess\u00e3o. Voc\u00ea deve saber onde ir, a mais f\u00e1cil e r\u00e1pida maneira de chegar l\u00e1, o que voc\u00ea precisa fazer para estar preparado.<\/div>\n<div style=\"text-align: justify;\">Tenha certeza que voc\u00ea sabe como chegar ao est\u00fadio ou local onde voc\u00ea ser\u00e1 fotografado. Se voc\u00ea for trabalhar com um maquiador\/cabelereiro, certifique-se de que ele est\u00e1 ciente disso tamb\u00e9m.<\/div>\n<div style=\"text-align: justify;\">Cuide do seu cabelo. Tenha certeza de que o corte est\u00e1 em dia. N\u00e3o experimente novos cortes.<\/div>\n<div style=\"text-align: justify;\">Voc\u00ea tamb\u00e9m deve ter uma boa ideia de quais itens vai trazer para as suas fotos.<\/div>\n<div style=\"text-align: justify;\">Tenha uma alimenta\u00e7\u00e3o saud\u00e1vel. Beba muita \u00e1gua. Evite gorduras e alimentos salgados antes de fotografar. Por favor, evite \u00e1lcool ou qualquer coisa que fa\u00e7a voc\u00ea ficar inchado.&nbsp;<\/div>\n<div style=\"text-align: justify;\">Arrume tudo que voc\u00ea precisa &nbsp;antes da noite anterior \u00e0s fotos, para que voc\u00ea n\u00e3o tenha que correr antes de sair ou n\u00e3o tenha tempo de encontrar algo que falta.<\/div>\n<div style=\"text-align: justify;\">\u00c9 muito importante tamb\u00e9m que voc\u00ea tenha uma \u00f3tima noite de sono. Voc\u00ea n\u00e3o s\u00f3 ir\u00e1 se sentir melhor, mas voc\u00ea ficar\u00e1 melhor se voc\u00ea estiver bem descansado e com energia. Afinal olheiras e bolsas sob os olhos n\u00e3o s\u00e3o atraentes, embora possam ser disfar\u00e7ados com maquiagem, luz e efeitos digitais.<\/div>\n<h3>NO DIA DA SUA SESS\u00c3O FOTOGR\u00c1FICA<\/h3>\n<div style=\"text-align: justify;\">Coma uma refei\u00e7\u00e3o leve antes de sair. Comida \u00e9 combust\u00edvel e se voc\u00ea pular as refei\u00e7\u00f5es antes das fotos, as chances s\u00e3o de que voc\u00ea v\u00e1 ficar sem energia, perder o foco, ou tornar-se irritado. Nada disso ir\u00e1 melhorar suas fotos.&nbsp;<\/div>\n<div style=\"text-align: justify;\">Traga \u00e1gua mineral, lanches, e tudo o mais que for necess\u00e1rio para mant\u00ea-lo alimentado e hidratado, mas evite qualquer coisa que possa manchar ou grudar nos dentes.<\/div>\n<div style=\"text-align: justify;\">Se n\u00e3o tiver um cabelereiro contratado para a sua sess\u00e3o, lave e fa\u00e7a uma escova com um profissional.<\/div>\n<div style=\"text-align: justify;\">Para evitar fechar os olhos devido \u00e0s luzes fortes do est\u00fadio ou \u00e0 luz solar, por favor n\u00e3o use \u00f3culos escuros antes da sess\u00e3o.<\/div>\n<p>Visite tamb\u00e9m nosso site:&nbsp;<a href=\"http:\/\/www.biancamachado.com.br\/\">www.biancamachado.com.br<\/a><br \/>(11) 97107-1018<\/p>\n<div style=\"-webkit-text-stroke-width: 0px; clear: both; color: black; font-family: &quot;times new roman&quot;; font-size: medium; font-style: normal; font-variant: normal; font-weight: normal; letter-spacing: normal; line-height: normal; margin: 0px; orphans: auto; text-align: center; text-indent: 0px; text-transform: none; white-space: normal; widows: 1; word-spacing: 0px;\"><\/div>\n<div style=\"-webkit-text-stroke-width: 0px; clear: both; color: black; font-family: &quot;times new roman&quot;; font-size: medium; font-style: normal; font-variant: normal; font-weight: normal; letter-spacing: normal; line-height: normal; margin: 0px; orphans: auto; text-align: center; text-indent: 0px; text-transform: none; white-space: normal; widows: 1; word-spacing: 0px;\"><\/div>\n<div style=\"-webkit-text-stroke-width: 0px; clear: both; color: black; font-family: &quot;times new roman&quot;; font-size: medium; font-style: normal; font-variant: normal; font-weight: normal; letter-spacing: normal; line-height: normal; margin: 0px; orphans: auto; text-align: center; text-indent: 0px; text-transform: none; white-space: normal; widows: 1; word-spacing: 0px;\"><\/div>\n<div style=\"-webkit-text-stroke-width: 0px; clear: both; color: black; font-family: &quot;times new roman&quot;; font-size: medium; font-style: normal; font-variant: normal; font-weight: normal; letter-spacing: normal; line-height: normal; margin: 0px; orphans: auto; text-align: center; text-indent: 0px; text-transform: none; white-space: normal; widows: 1; word-spacing: 0px;\"><\/div>\nVisite tamb\u00e9m nosso site: www.biancamachado.com.br\r\n(11) 97107-1018\r\n\r\nAtendemos as regi\u00f5es de S\u00e3o Paulo, Sorocaba, Ibi\u00fana, Piedade, Votorantim, Cotia, Itupeva, Jundia\u00ed, It\u00fa e Campinas","protected":false},"excerpt":{"rendered":"<p>Poses e Express\u00f5es Faciais Embora<\/p>\n","protected":false},"author":1,"featured_media":1006,"comment_status":"open","ping_status":"open","sticky":false,"template":"","format":"standard","meta":{"_monsterinsights_skip_tracking":false,"_monsterinsights_sitenote_active":false,"_monsterinsights_sitenote_note":"","_monsterinsights_sitenote_category":0,"jetpack_post_was_ever_published":false,"_jetpack_newsletter_access":"","_jetpack_dont_email_post_to_subs":false,"_jetpack_newsletter_tier_id":0,"_jetpack_memberships_contains_paywalled_content":false,"_jetpack_memberships_contains_paid_content":false,"_joinchat":[],"footnotes":""},"categories":[286,1],"tags":[338,339,340],"class_list":["post-237","post","type-post","status-publish","format-standard","has-post-thumbnail","hentry","category-book-feminino-estudio","category-studio-bianca-machado","tag-book-fotografico-feminino","tag-book-modelo","tag-fotos-profissionais"],"yoast_head":"<!-- This site is optimized with the Yoast SEO plugin v27.4 - https:\/\/yoast.com\/product\/yoast-seo-wordpress\/ -->\n<title>Como se preparar para uma sess\u00e3o fotogr\u00e1fica de Modelo - STUDIO BIANCA MACHADO<\/title>\n<meta name=\"robots\" content=\"index, follow, max-snippet:-1, max-image-preview:large, max-video-preview:-1\" \/>\n<link rel=\"canonical\" href=\"https:\/\/biancamachado.com.br\/blog\/como-se-preparar-para-uma-sessao-fotografica-de-modelo\/\" \/>\n<meta property=\"og:locale\" content=\"pt_BR\" \/>\n<meta property=\"og:type\" content=\"article\" \/>\n<meta property=\"og:title\" content=\"Como se preparar para uma sess\u00e3o fotogr\u00e1fica de Modelo - STUDIO BIANCA MACHADO\" \/>\n<meta property=\"og:description\" content=\"Poses e Express\u00f5es Faciais Embora\" \/>\n<meta property=\"og:url\" content=\"https:\/\/biancamachado.com.br\/blog\/como-se-preparar-para-uma-sessao-fotografica-de-modelo\/\" \/>\n<meta property=\"og:site_name\" content=\"STUDIO BIANCA MACHADO\" \/>\n<meta property=\"article:publisher\" content=\"https:\/\/www.facebook.com\/Studiobiancamachado\/\" \/>\n<meta property=\"article:published_time\" content=\"2013-08-28T03:27:00+00:00\" \/>\n<meta property=\"article:modified_time\" content=\"2021-02-18T03:17:58+00:00\" \/>\n<meta property=\"og:image\" content=\"https:\/\/i0.wp.com\/biancamachado.com.br\/blog\/wp-content\/uploads\/2013\/08\/Screenshot_196-1.png?fit=676%2C304&ssl=1\" \/>\n\t<meta property=\"og:image:width\" content=\"676\" \/>\n\t<meta property=\"og:image:height\" content=\"304\" \/>\n\t<meta property=\"og:image:type\" content=\"image\/png\" \/>\n<meta name=\"author\" content=\"biancamachado\" \/>\n<meta name=\"twitter:card\" content=\"summary_large_image\" \/>\n<meta name=\"twitter:label1\" content=\"Escrito por\" \/>\n\t<meta name=\"twitter:data1\" content=\"biancamachado\" \/>\n\t<meta name=\"twitter:label2\" content=\"Est. tempo de leitura\" \/>\n\t<meta name=\"twitter:data2\" content=\"3 minutos\" \/>\n<script type=\"application\/ld+json\" class=\"yoast-schema-graph\">{\"@context\":\"https:\\\/\\\/schema.org\",\"@graph\":[{\"@type\":\"Article\",\"@id\":\"https:\\\/\\\/biancamachado.com.br\\\/blog\\\/como-se-preparar-para-uma-sessao-fotografica-de-modelo\\\/#article\",\"isPartOf\":{\"@id\":\"https:\\\/\\\/biancamachado.com.br\\\/blog\\\/como-se-preparar-para-uma-sessao-fotografica-de-modelo\\\/\"},\"author\":{\"name\":\"biancamachado\",\"@id\":\"https:\\\/\\\/biancamachado.com.br\\\/blog\\\/#\\\/schema\\\/person\\\/990263800ec5e9bdbbf092a2353550a1\"},\"headline\":\"Como se preparar para uma sess\u00e3o fotogr\u00e1fica de Modelo\",\"datePublished\":\"2013-08-28T03:27:00+00:00\",\"dateModified\":\"2021-02-18T03:17:58+00:00\",\"mainEntityOfPage\":{\"@id\":\"https:\\\/\\\/biancamachado.com.br\\\/blog\\\/como-se-preparar-para-uma-sessao-fotografica-de-modelo\\\/\"},\"wordCount\":644,\"commentCount\":0,\"publisher\":{\"@id\":\"https:\\\/\\\/biancamachado.com.br\\\/blog\\\/#organization\"},\"image\":{\"@id\":\"https:\\\/\\\/biancamachado.com.br\\\/blog\\\/como-se-preparar-para-uma-sessao-fotografica-de-modelo\\\/#primaryimage\"},\"thumbnailUrl\":\"https:\\\/\\\/i0.wp.com\\\/biancamachado.com.br\\\/blog\\\/wp-content\\\/uploads\\\/2013\\\/08\\\/Screenshot_196-1.png?fit=676%2C304&ssl=1\",\"keywords\":[\"book fotografico feminino\",\"book modelo\",\"fotos profissionais\"],\"articleSection\":[\"Book Feminino Estudio\",\"Studio Bianca Machado\"],\"inLanguage\":\"pt-BR\",\"potentialAction\":[{\"@type\":\"CommentAction\",\"name\":\"Comment\",\"target\":[\"https:\\\/\\\/biancamachado.com.br\\\/blog\\\/como-se-preparar-para-uma-sessao-fotografica-de-modelo\\\/#respond\"]}]},{\"@type\":\"WebPage\",\"@id\":\"https:\\\/\\\/biancamachado.com.br\\\/blog\\\/como-se-preparar-para-uma-sessao-fotografica-de-modelo\\\/\",\"url\":\"https:\\\/\\\/biancamachado.com.br\\\/blog\\\/como-se-preparar-para-uma-sessao-fotografica-de-modelo\\\/\",\"name\":\"Como se preparar para uma sess\u00e3o fotogr\u00e1fica de Modelo - STUDIO BIANCA MACHADO\",\"isPartOf\":{\"@id\":\"https:\\\/\\\/biancamachado.com.br\\\/blog\\\/#website\"},\"primaryImageOfPage\":{\"@id\":\"https:\\\/\\\/biancamachado.com.br\\\/blog\\\/como-se-preparar-para-uma-sessao-fotografica-de-modelo\\\/#primaryimage\"},\"image\":{\"@id\":\"https:\\\/\\\/biancamachado.com.br\\\/blog\\\/como-se-preparar-para-uma-sessao-fotografica-de-modelo\\\/#primaryimage\"},\"thumbnailUrl\":\"https:\\\/\\\/i0.wp.com\\\/biancamachado.com.br\\\/blog\\\/wp-content\\\/uploads\\\/2013\\\/08\\\/Screenshot_196-1.png?fit=676%2C304&ssl=1\",\"datePublished\":\"2013-08-28T03:27:00+00:00\",\"dateModified\":\"2021-02-18T03:17:58+00:00\",\"breadcrumb\":{\"@id\":\"https:\\\/\\\/biancamachado.com.br\\\/blog\\\/como-se-preparar-para-uma-sessao-fotografica-de-modelo\\\/#breadcrumb\"},\"inLanguage\":\"pt-BR\",\"potentialAction\":[{\"@type\":\"ReadAction\",\"target\":[\"https:\\\/\\\/biancamachado.com.br\\\/blog\\\/como-se-preparar-para-uma-sessao-fotografica-de-modelo\\\/\"]}]},{\"@type\":\"ImageObject\",\"inLanguage\":\"pt-BR\",\"@id\":\"https:\\\/\\\/biancamachado.com.br\\\/blog\\\/como-se-preparar-para-uma-sessao-fotografica-de-modelo\\\/#primaryimage\",\"url\":\"https:\\\/\\\/i0.wp.com\\\/biancamachado.com.br\\\/blog\\\/wp-content\\\/uploads\\\/2013\\\/08\\\/Screenshot_196-1.png?fit=676%2C304&ssl=1\",\"contentUrl\":\"https:\\\/\\\/i0.wp.com\\\/biancamachado.com.br\\\/blog\\\/wp-content\\\/uploads\\\/2013\\\/08\\\/Screenshot_196-1.png?fit=676%2C304&ssl=1\",\"width\":676,\"height\":304,\"caption\":\"Como se preparar para uma sess\u00e3o fotogr\u00e1fica de Modelo\"},{\"@type\":\"BreadcrumbList\",\"@id\":\"https:\\\/\\\/biancamachado.com.br\\\/blog\\\/como-se-preparar-para-uma-sessao-fotografica-de-modelo\\\/#breadcrumb\",\"itemListElement\":[{\"@type\":\"ListItem\",\"position\":1,\"name\":\"In\u00edcio\",\"item\":\"https:\\\/\\\/biancamachado.com.br\\\/blog\\\/\"},{\"@type\":\"ListItem\",\"position\":2,\"name\":\"Como se preparar para uma sess\u00e3o fotogr\u00e1fica de Modelo\"}]},{\"@type\":\"WebSite\",\"@id\":\"https:\\\/\\\/biancamachado.com.br\\\/blog\\\/#website\",\"url\":\"https:\\\/\\\/biancamachado.com.br\\\/blog\\\/\",\"name\":\"STUDIO BIANCA MACHADO\",\"description\":\"Estudio Fotografico, Ensaios e Books de foto profissional\",\"publisher\":{\"@id\":\"https:\\\/\\\/biancamachado.com.br\\\/blog\\\/#organization\"},\"potentialAction\":[{\"@type\":\"SearchAction\",\"target\":{\"@type\":\"EntryPoint\",\"urlTemplate\":\"https:\\\/\\\/biancamachado.com.br\\\/blog\\\/?s={search_term_string}\"},\"query-input\":{\"@type\":\"PropertyValueSpecification\",\"valueRequired\":true,\"valueName\":\"search_term_string\"}}],\"inLanguage\":\"pt-BR\"},{\"@type\":\"Organization\",\"@id\":\"https:\\\/\\\/biancamachado.com.br\\\/blog\\\/#organization\",\"name\":\"STUDIO BIANCA MACHADO\",\"url\":\"https:\\\/\\\/biancamachado.com.br\\\/blog\\\/\",\"logo\":{\"@type\":\"ImageObject\",\"inLanguage\":\"pt-BR\",\"@id\":\"https:\\\/\\\/biancamachado.com.br\\\/blog\\\/#\\\/schema\\\/logo\\\/image\\\/\",\"url\":\"https:\\\/\\\/i0.wp.com\\\/biancamachado.com.br\\\/blog\\\/wp-content\\\/uploads\\\/2021\\\/02\\\/cropped-logo-ml.jpg?fit=278%2C100&ssl=1\",\"contentUrl\":\"https:\\\/\\\/i0.wp.com\\\/biancamachado.com.br\\\/blog\\\/wp-content\\\/uploads\\\/2021\\\/02\\\/cropped-logo-ml.jpg?fit=278%2C100&ssl=1\",\"width\":278,\"height\":100,\"caption\":\"STUDIO BIANCA MACHADO\"},\"image\":{\"@id\":\"https:\\\/\\\/biancamachado.com.br\\\/blog\\\/#\\\/schema\\\/logo\\\/image\\\/\"},\"sameAs\":[\"https:\\\/\\\/www.facebook.com\\\/Studiobiancamachado\\\/\",\"https:\\\/\\\/www.instagram.com\\\/Studiobiancamachado\\\/\"]},{\"@type\":\"Person\",\"@id\":\"https:\\\/\\\/biancamachado.com.br\\\/blog\\\/#\\\/schema\\\/person\\\/990263800ec5e9bdbbf092a2353550a1\",\"name\":\"biancamachado\",\"image\":{\"@type\":\"ImageObject\",\"inLanguage\":\"pt-BR\",\"@id\":\"https:\\\/\\\/secure.gravatar.com\\\/avatar\\\/62b1a50f2632dbc2e279c3eb55aa46cc324c969cff16a69c59756d155316542c?s=96&d=mm&r=g\",\"url\":\"https:\\\/\\\/secure.gravatar.com\\\/avatar\\\/62b1a50f2632dbc2e279c3eb55aa46cc324c969cff16a69c59756d155316542c?s=96&d=mm&r=g\",\"contentUrl\":\"https:\\\/\\\/secure.gravatar.com\\\/avatar\\\/62b1a50f2632dbc2e279c3eb55aa46cc324c969cff16a69c59756d155316542c?s=96&d=mm&r=g\",\"caption\":\"biancamachado\"},\"sameAs\":[\"https:\\\/\\\/biancamachado.com.br\\\/blog\"],\"url\":\"https:\\\/\\\/biancamachado.com.br\\\/blog\\\/author\\\/biancamachado\\\/\"}]}<\/script>\n<!-- \/ Yoast SEO plugin. -->","yoast_head_json":{"title":"Como se preparar para uma sess\u00e3o fotogr\u00e1fica de Modelo - STUDIO BIANCA MACHADO","robots":{"index":"index","follow":"follow","max-snippet":"max-snippet:-1","max-image-preview":"max-image-preview:large","max-video-preview":"max-video-preview:-1"},"canonical":"https:\/\/biancamachado.com.br\/blog\/como-se-preparar-para-uma-sessao-fotografica-de-modelo\/","og_locale":"pt_BR","og_type":"article","og_title":"Como se preparar para uma sess\u00e3o fotogr\u00e1fica de Modelo - STUDIO BIANCA MACHADO","og_description":"Poses e Express\u00f5es Faciais Embora","og_url":"https:\/\/biancamachado.com.br\/blog\/como-se-preparar-para-uma-sessao-fotografica-de-modelo\/","og_site_name":"STUDIO BIANCA MACHADO","article_publisher":"https:\/\/www.facebook.com\/Studiobiancamachado\/","article_published_time":"2013-08-28T03:27:00+00:00","article_modified_time":"2021-02-18T03:17:58+00:00","og_image":[{"width":676,"height":304,"url":"https:\/\/i0.wp.com\/biancamachado.com.br\/blog\/wp-content\/uploads\/2013\/08\/Screenshot_196-1.png?fit=676%2C304&ssl=1","type":"image\/png"}],"author":"biancamachado","twitter_card":"summary_large_image","twitter_misc":{"Escrito por":"biancamachado","Est. tempo de leitura":"3 minutos"},"schema":{"@context":"https:\/\/schema.org","@graph":[{"@type":"Article","@id":"https:\/\/biancamachado.com.br\/blog\/como-se-preparar-para-uma-sessao-fotografica-de-modelo\/#article","isPartOf":{"@id":"https:\/\/biancamachado.com.br\/blog\/como-se-preparar-para-uma-sessao-fotografica-de-modelo\/"},"author":{"name":"biancamachado","@id":"https:\/\/biancamachado.com.br\/blog\/#\/schema\/person\/990263800ec5e9bdbbf092a2353550a1"},"headline":"Como se preparar para uma sess\u00e3o fotogr\u00e1fica de Modelo","datePublished":"2013-08-28T03:27:00+00:00","dateModified":"2021-02-18T03:17:58+00:00","mainEntityOfPage":{"@id":"https:\/\/biancamachado.com.br\/blog\/como-se-preparar-para-uma-sessao-fotografica-de-modelo\/"},"wordCount":644,"commentCount":0,"publisher":{"@id":"https:\/\/biancamachado.com.br\/blog\/#organization"},"image":{"@id":"https:\/\/biancamachado.com.br\/blog\/como-se-preparar-para-uma-sessao-fotografica-de-modelo\/#primaryimage"},"thumbnailUrl":"https:\/\/i0.wp.com\/biancamachado.com.br\/blog\/wp-content\/uploads\/2013\/08\/Screenshot_196-1.png?fit=676%2C304&ssl=1","keywords":["book fotografico feminino","book modelo","fotos profissionais"],"articleSection":["Book Feminino Estudio","Studio Bianca Machado"],"inLanguage":"pt-BR","potentialAction":[{"@type":"CommentAction","name":"Comment","target":["https:\/\/biancamachado.com.br\/blog\/como-se-preparar-para-uma-sessao-fotografica-de-modelo\/#respond"]}]},{"@type":"WebPage","@id":"https:\/\/biancamachado.com.br\/blog\/como-se-preparar-para-uma-sessao-fotografica-de-modelo\/","url":"https:\/\/biancamachado.com.br\/blog\/como-se-preparar-para-uma-sessao-fotografica-de-modelo\/","name":"Como se preparar para uma sess\u00e3o fotogr\u00e1fica de Modelo - STUDIO BIANCA MACHADO","isPartOf":{"@id":"https:\/\/biancamachado.com.br\/blog\/#website"},"primaryImageOfPage":{"@id":"https:\/\/biancamachado.com.br\/blog\/como-se-preparar-para-uma-sessao-fotografica-de-modelo\/#primaryimage"},"image":{"@id":"https:\/\/biancamachado.com.br\/blog\/como-se-preparar-para-uma-sessao-fotografica-de-modelo\/#primaryimage"},"thumbnailUrl":"https:\/\/i0.wp.com\/biancamachado.com.br\/blog\/wp-content\/uploads\/2013\/08\/Screenshot_196-1.png?fit=676%2C304&ssl=1","datePublished":"2013-08-28T03:27:00+00:00","dateModified":"2021-02-18T03:17:58+00:00","breadcrumb":{"@id":"https:\/\/biancamachado.com.br\/blog\/como-se-preparar-para-uma-sessao-fotografica-de-modelo\/#breadcrumb"},"inLanguage":"pt-BR","potentialAction":[{"@type":"ReadAction","target":["https:\/\/biancamachado.com.br\/blog\/como-se-preparar-para-uma-sessao-fotografica-de-modelo\/"]}]},{"@type":"ImageObject","inLanguage":"pt-BR","@id":"https:\/\/biancamachado.com.br\/blog\/como-se-preparar-para-uma-sessao-fotografica-de-modelo\/#primaryimage","url":"https:\/\/i0.wp.com\/biancamachado.com.br\/blog\/wp-content\/uploads\/2013\/08\/Screenshot_196-1.png?fit=676%2C304&ssl=1","contentUrl":"https:\/\/i0.wp.com\/biancamachado.com.br\/blog\/wp-content\/uploads\/2013\/08\/Screenshot_196-1.png?fit=676%2C304&ssl=1","width":676,"height":304,"caption":"Como se preparar para uma sess\u00e3o fotogr\u00e1fica de Modelo"},{"@type":"BreadcrumbList","@id":"https:\/\/biancamachado.com.br\/blog\/como-se-preparar-para-uma-sessao-fotografica-de-modelo\/#breadcrumb","itemListElement":[{"@type":"ListItem","position":1,"name":"In\u00edcio","item":"https:\/\/biancamachado.com.br\/blog\/"},{"@type":"ListItem","position":2,"name":"Como se preparar para uma sess\u00e3o fotogr\u00e1fica de Modelo"}]},{"@type":"WebSite","@id":"https:\/\/biancamachado.com.br\/blog\/#website","url":"https:\/\/biancamachado.com.br\/blog\/","name":"STUDIO BIANCA MACHADO","description":"Estudio Fotografico, Ensaios e Books de foto profissional","publisher":{"@id":"https:\/\/biancamachado.com.br\/blog\/#organization"},"potentialAction":[{"@type":"SearchAction","target":{"@type":"EntryPoint","urlTemplate":"https:\/\/biancamachado.com.br\/blog\/?s={search_term_string}"},"query-input":{"@type":"PropertyValueSpecification","valueRequired":true,"valueName":"search_term_string"}}],"inLanguage":"pt-BR"},{"@type":"Organization","@id":"https:\/\/biancamachado.com.br\/blog\/#organization","name":"STUDIO BIANCA MACHADO","url":"https:\/\/biancamachado.com.br\/blog\/","logo":{"@type":"ImageObject","inLanguage":"pt-BR","@id":"https:\/\/biancamachado.com.br\/blog\/#\/schema\/logo\/image\/","url":"https:\/\/i0.wp.com\/biancamachado.com.br\/blog\/wp-content\/uploads\/2021\/02\/cropped-logo-ml.jpg?fit=278%2C100&ssl=1","contentUrl":"https:\/\/i0.wp.com\/biancamachado.com.br\/blog\/wp-content\/uploads\/2021\/02\/cropped-logo-ml.jpg?fit=278%2C100&ssl=1","width":278,"height":100,"caption":"STUDIO BIANCA MACHADO"},"image":{"@id":"https:\/\/biancamachado.com.br\/blog\/#\/schema\/logo\/image\/"},"sameAs":["https:\/\/www.facebook.com\/Studiobiancamachado\/","https:\/\/www.instagram.com\/Studiobiancamachado\/"]},{"@type":"Person","@id":"https:\/\/biancamachado.com.br\/blog\/#\/schema\/person\/990263800ec5e9bdbbf092a2353550a1","name":"biancamachado","image":{"@type":"ImageObject","inLanguage":"pt-BR","@id":"https:\/\/secure.gravatar.com\/avatar\/62b1a50f2632dbc2e279c3eb55aa46cc324c969cff16a69c59756d155316542c?s=96&d=mm&r=g","url":"https:\/\/secure.gravatar.com\/avatar\/62b1a50f2632dbc2e279c3eb55aa46cc324c969cff16a69c59756d155316542c?s=96&d=mm&r=g","contentUrl":"https:\/\/secure.gravatar.com\/avatar\/62b1a50f2632dbc2e279c3eb55aa46cc324c969cff16a69c59756d155316542c?s=96&d=mm&r=g","caption":"biancamachado"},"sameAs":["https:\/\/biancamachado.com.br\/blog"],"url":"https:\/\/biancamachado.com.br\/blog\/author\/biancamachado\/"}]}},"jetpack_featured_media_url":"https:\/\/i0.wp.com\/biancamachado.com.br\/blog\/wp-content\/uploads\/2013\/08\/Screenshot_196-1.png?fit=676%2C304&ssl=1","jetpack-related-posts":[],"jetpack_sharing_enabled":true,"_links":{"self":[{"href":"https:\/\/biancamachado.com.br\/blog\/wp-json\/wp\/v2\/posts\/237","targetHints":{"allow":["GET"]}}],"collection":[{"href":"https:\/\/biancamachado.com.br\/blog\/wp-json\/wp\/v2\/posts"}],"about":[{"href":"https:\/\/biancamachado.com.br\/blog\/wp-json\/wp\/v2\/types\/post"}],"author":[{"embeddable":true,"href":"https:\/\/biancamachado.com.br\/blog\/wp-json\/wp\/v2\/users\/1"}],"replies":[{"embeddable":true,"href":"https:\/\/biancamachado.com.br\/blog\/wp-json\/wp\/v2\/comments?post=237"}],"version-history":[{"count":1,"href":"https:\/\/biancamachado.com.br\/blog\/wp-json\/wp\/v2\/posts\/237\/revisions"}],"predecessor-version":[{"id":1669,"href":"https:\/\/biancamachado.com.br\/blog\/wp-json\/wp\/v2\/posts\/237\/revisions\/1669"}],"wp:featuredmedia":[{"embeddable":true,"href":"https:\/\/biancamachado.com.br\/blog\/wp-json\/wp\/v2\/media\/1006"}],"wp:attachment":[{"href":"https:\/\/biancamachado.com.br\/blog\/wp-json\/wp\/v2\/media?parent=237"}],"wp:term":[{"taxonomy":"category","embeddable":true,"href":"https:\/\/biancamachado.com.br\/blog\/wp-json\/wp\/v2\/categories?post=237"},{"taxonomy":"post_tag","embeddable":true,"href":"https:\/\/biancamachado.com.br\/blog\/wp-json\/wp\/v2\/tags?post=237"}],"curies":[{"name":"wp","href":"https:\/\/api.w.org\/{rel}","templated":true}]}}