{"id":224,"date":"2014-09-17T16:29:00","date_gmt":"2014-09-17T19:29:00","guid":{"rendered":"https:\/\/biancamachado.com.br\/blog\/?p=224"},"modified":"2014-09-17T16:29:00","modified_gmt":"2014-09-17T19:29:00","slug":"detalhes-da-vida-de-um-fotografo","status":"publish","type":"post","link":"https:\/\/biancamachado.com.br\/blog\/detalhes-da-vida-de-um-fotografo\/","title":{"rendered":"Detalhes da vida de um fot\u00f3grafo"},"content":{"rendered":"<table align=\"center\" cellpadding=\"0\" cellspacing=\"0\" style=\"margin-left: auto; margin-right: auto; text-align: center;\">\n<tbody>\n<tr>\n<td style=\"text-align: center;\"><a href=\"https:\/\/i0.wp.com\/3.bp.blogspot.com\/-G8e6Eos7Bu0\/VBnf9kmTYaI\/AAAAAAAANP4\/gUuZbhjlO3w\/s1600\/fotografos-new-born.jpg\" style=\"margin-left: auto; margin-right: auto;\"><img data-recalc-dims=\"1\" loading=\"lazy\" decoding=\"async\" alt=\"Vida de Fot\u00f3grafo : Studio Bianca Machado\" border=\"0\" height=\"304\" src=\"https:\/\/i0.wp.com\/3.bp.blogspot.com\/-G8e6Eos7Bu0\/VBnf9kmTYaI\/AAAAAAAANP4\/gUuZbhjlO3w\/s1600\/fotografos-new-born.jpg?resize=640%2C304&#038;ssl=1\" title=\"Vida de Fot\u00f3grafo : Studio Bianca Machado\" width=\"640\" \/><\/a><\/td>\n<\/tr>\n<tr>\n<td style=\"text-align: center;\">Vida de Fot\u00f3grafo : Studio Bianca Machado<\/td>\n<\/tr>\n<\/tbody>\n<\/table>\n<div style=\"text-align: justify;\"><\/div>\n<div style=\"text-align: justify;\"><\/div>\n<div style=\"text-align: justify;\">Cheguei \u00e0 conclus\u00e3o que um bom fot\u00f3grafo, deve ser uma pessoa feliz.&nbsp;<\/div>\n<div style=\"text-align: justify;\">O equil\u00edbrio interno, rebate diretamente na capacidade de cria\u00e7\u00e3o.<\/div>\n<div style=\"text-align: justify;\">Eu encontro muito da minha motiva\u00e7\u00e3o, na figura das minhas filhas, no meu dia a dia.&nbsp;<\/div>\n<div style=\"text-align: justify;\">A fotografia \u00e9 como se fosse uma extens\u00e3o da minha realiza\u00e7\u00e3o, do meu eu.&nbsp;<\/div>\n<div style=\"text-align: justify;\">Buscar o equil\u00edbrio, e a felicidade nos dias de hoje, \u00e9 com certeza um bom desafio.&nbsp;<\/div>\n<div style=\"text-align: justify;\"><\/div>\n<div style=\"text-align: justify;\">Fotografar \u00e9 harmonizar.&nbsp;<\/div>\n<div style=\"text-align: justify;\"><\/div>\n<div style=\"text-align: justify;\">O que vc \u00e9 como pessoa, \u00e9 o que vc \u00e9 como fot\u00f3grafo.&nbsp;<\/div>\n<div style=\"text-align: justify;\"><\/div>\n<div style=\"text-align: justify;\">A fotografia \u00e9 diferente de outras profiss\u00f5es, que vc pode &#8220;separar&#8221; a sua vida pessoal da profissional.&nbsp;<\/div>\n<div style=\"text-align: justify;\">A fotografia \u00e9 uma arte, ela \u00e9 diretamente vc.&nbsp;<\/div>\n<div style=\"text-align: justify;\">N\u00e3o tem como fugir, enrolar, etc.&nbsp;<\/div>\n<div style=\"text-align: justify;\">Vc \u00e9 o que \u00e9.&nbsp;<\/div>\n<div style=\"text-align: justify;\"><\/div>\n<div style=\"text-align: justify;\">Seria interessante que essa filosofia, atingisse tamb\u00e9m outras profiss\u00f5es, n\u00e3o s\u00f3 as art\u00edsticas.&nbsp;<\/div>\n<div style=\"text-align: justify;\">O ser humano \u00e9 infinito em sua capacidade quando motivado pela sua verdade interna.&nbsp;<\/div>\n<div style=\"text-align: justify;\">\u00c9 a felicidade, o que devemos buscar para nossa vida.&nbsp;<\/div>\n<div style=\"text-align: justify;\"><\/div>\n<div style=\"text-align: justify;\">\u00c9 claro que tem dias que s\u00e3o tensos. Mas a busca do equil\u00edbrio e da harmoniza\u00e7\u00e3o \u00e9 um desafio eterno. Todos os dias estamos sendo testados em novos conceitos e situa\u00e7\u00f5es para nosso crescimento pessoal.&nbsp;<\/div>\n<div style=\"text-align: justify;\"><\/div>\n<div style=\"text-align: justify;\">A fotografia \u00e9 uma parte da minha pessoa, da minha vida. A outra parte, \u00e9 a felicidade.&nbsp;<\/div>\n<div style=\"text-align: justify;\">N\u00e3o d\u00e1 pra separar uma da outra.&nbsp;<\/div>\n<div style=\"text-align: justify;\">Em 10 anos de profiss\u00e3o, essa foi o aprendizado mais dif\u00edcil que eu tive.&nbsp;<\/div>\n<div style=\"text-align: justify;\"><\/div>\n<div style=\"text-align: justify;\">J\u00e1 fui stressada, perfeccionista, controladora, enfim, foi um trabalho muito bonito comigo mesma para atingir essa harmonia atual.&nbsp;<\/div>\n<div style=\"text-align: justify;\"><\/div>\n<div style=\"text-align: justify;\">Parece que no final de tudo, eu demorei, mas entendi o que \u00e9 a fotografia.<\/div>\n<p>Bjs !<\/p>\n<p>Visite tamb\u00e9m nosso site:&nbsp;<a href=\"http:\/\/www.biancamachado.com.br\/\">www.biancamachado.com.br<\/a><br \/>(11) 97107-1018<\/p>\n<div style=\"-webkit-text-stroke-width: 0px; clear: both; color: black; font-family: &quot;times new roman&quot;; font-size: medium; font-style: normal; font-variant: normal; font-weight: normal; letter-spacing: normal; line-height: normal; margin: 0px; orphans: auto; text-align: center; text-indent: 0px; text-transform: none; white-space: normal; widows: 1; word-spacing: 0px;\"><\/div>\n<div style=\"-webkit-text-stroke-width: 0px; clear: both; color: black; font-family: &quot;times new roman&quot;; font-size: medium; font-style: normal; font-variant: normal; font-weight: normal; letter-spacing: normal; line-height: normal; margin: 0px; orphans: auto; text-align: center; text-indent: 0px; text-transform: none; white-space: normal; widows: 1; word-spacing: 0px;\"><\/div>\n<div style=\"-webkit-text-stroke-width: 0px; clear: both; color: black; font-family: &quot;times new roman&quot;; font-size: medium; font-style: normal; font-variant: normal; font-weight: normal; letter-spacing: normal; line-height: normal; margin: 0px; orphans: auto; text-align: center; text-indent: 0px; text-transform: none; white-space: normal; widows: 1; word-spacing: 0px;\"><\/div>\n<div style=\"-webkit-text-stroke-width: 0px; clear: both; color: black; font-family: &quot;times new roman&quot;; font-size: medium; font-style: normal; font-variant: normal; font-weight: normal; letter-spacing: normal; line-height: normal; margin: 0px; orphans: auto; text-align: center; text-indent: 0px; text-transform: none; white-space: normal; widows: 1; word-spacing: 0px;\"><\/div>\nVisite tamb\u00e9m nosso site: www.biancamachado.com.br\r\n(11) 97107-1018\r\n\r\nAtendemos as regi\u00f5es de S\u00e3o Paulo, Sorocaba, Ibi\u00fana, Piedade, Votorantim, Cotia, Itupeva, Jundia\u00ed, It\u00fa e Campinas","protected":false},"excerpt":{"rendered":"<p>Vida de Fot\u00f3grafo : Studio<\/p>\n","protected":false},"author":1,"featured_media":991,"comment_status":"open","ping_status":"open","sticky":false,"template":"","format":"standard","meta":{"_monsterinsights_skip_tracking":false,"_monsterinsights_sitenote_active":false,"_monsterinsights_sitenote_note":"","_monsterinsights_sitenote_category":0,"jetpack_post_was_ever_published":false,"_jetpack_newsletter_access":"","_jetpack_dont_email_post_to_subs":false,"_jetpack_newsletter_tier_id":0,"_jetpack_memberships_contains_paywalled_content":false,"_jetpack_memberships_contains_paid_content":false,"_joinchat":[],"footnotes":""},"categories":[1],"tags":[],"class_list":["post-224","post","type-post","status-publish","format-standard","has-post-thumbnail","hentry","category-studio-bianca-machado"],"yoast_head":"<!-- This site is optimized with the Yoast SEO plugin v27.4 - https:\/\/yoast.com\/product\/yoast-seo-wordpress\/ -->\n<title>Detalhes da vida de um fot\u00f3grafo - STUDIO BIANCA MACHADO<\/title>\n<meta name=\"robots\" content=\"index, follow, max-snippet:-1, max-image-preview:large, max-video-preview:-1\" \/>\n<link rel=\"canonical\" href=\"https:\/\/biancamachado.com.br\/blog\/detalhes-da-vida-de-um-fotografo\/\" \/>\n<meta property=\"og:locale\" content=\"pt_BR\" \/>\n<meta property=\"og:type\" content=\"article\" \/>\n<meta property=\"og:title\" content=\"Detalhes da vida de um fot\u00f3grafo - STUDIO BIANCA MACHADO\" \/>\n<meta property=\"og:description\" content=\"Vida de Fot\u00f3grafo : Studio\" \/>\n<meta property=\"og:url\" content=\"https:\/\/biancamachado.com.br\/blog\/detalhes-da-vida-de-um-fotografo\/\" \/>\n<meta property=\"og:site_name\" content=\"STUDIO BIANCA MACHADO\" \/>\n<meta property=\"article:publisher\" content=\"https:\/\/www.facebook.com\/Studiobiancamachado\/\" \/>\n<meta property=\"article:published_time\" content=\"2014-09-17T19:29:00+00:00\" \/>\n<meta property=\"og:image\" content=\"https:\/\/i0.wp.com\/biancamachado.com.br\/blog\/wp-content\/uploads\/2014\/09\/Screenshot_184.png?fit=669%2C314&ssl=1\" \/>\n\t<meta property=\"og:image:width\" content=\"669\" \/>\n\t<meta property=\"og:image:height\" content=\"314\" \/>\n\t<meta property=\"og:image:type\" content=\"image\/png\" \/>\n<meta name=\"author\" content=\"biancamachado\" \/>\n<meta name=\"twitter:card\" content=\"summary_large_image\" \/>\n<meta name=\"twitter:label1\" content=\"Escrito por\" \/>\n\t<meta name=\"twitter:data1\" content=\"biancamachado\" \/>\n\t<meta name=\"twitter:label2\" content=\"Est. tempo de leitura\" \/>\n\t<meta name=\"twitter:data2\" content=\"2 minutos\" \/>\n<script type=\"application\/ld+json\" class=\"yoast-schema-graph\">{\"@context\":\"https:\\\/\\\/schema.org\",\"@graph\":[{\"@type\":\"Article\",\"@id\":\"https:\\\/\\\/biancamachado.com.br\\\/blog\\\/detalhes-da-vida-de-um-fotografo\\\/#article\",\"isPartOf\":{\"@id\":\"https:\\\/\\\/biancamachado.com.br\\\/blog\\\/detalhes-da-vida-de-um-fotografo\\\/\"},\"author\":{\"name\":\"biancamachado\",\"@id\":\"https:\\\/\\\/biancamachado.com.br\\\/blog\\\/#\\\/schema\\\/person\\\/990263800ec5e9bdbbf092a2353550a1\"},\"headline\":\"Detalhes da vida de um fot\u00f3grafo\",\"datePublished\":\"2014-09-17T19:29:00+00:00\",\"mainEntityOfPage\":{\"@id\":\"https:\\\/\\\/biancamachado.com.br\\\/blog\\\/detalhes-da-vida-de-um-fotografo\\\/\"},\"wordCount\":309,\"commentCount\":0,\"publisher\":{\"@id\":\"https:\\\/\\\/biancamachado.com.br\\\/blog\\\/#organization\"},\"image\":{\"@id\":\"https:\\\/\\\/biancamachado.com.br\\\/blog\\\/detalhes-da-vida-de-um-fotografo\\\/#primaryimage\"},\"thumbnailUrl\":\"https:\\\/\\\/i0.wp.com\\\/biancamachado.com.br\\\/blog\\\/wp-content\\\/uploads\\\/2014\\\/09\\\/Screenshot_184.png?fit=669%2C314&ssl=1\",\"articleSection\":[\"Studio Bianca Machado\"],\"inLanguage\":\"pt-BR\",\"potentialAction\":[{\"@type\":\"CommentAction\",\"name\":\"Comment\",\"target\":[\"https:\\\/\\\/biancamachado.com.br\\\/blog\\\/detalhes-da-vida-de-um-fotografo\\\/#respond\"]}]},{\"@type\":\"WebPage\",\"@id\":\"https:\\\/\\\/biancamachado.com.br\\\/blog\\\/detalhes-da-vida-de-um-fotografo\\\/\",\"url\":\"https:\\\/\\\/biancamachado.com.br\\\/blog\\\/detalhes-da-vida-de-um-fotografo\\\/\",\"name\":\"Detalhes da vida de um fot\u00f3grafo - STUDIO BIANCA MACHADO\",\"isPartOf\":{\"@id\":\"https:\\\/\\\/biancamachado.com.br\\\/blog\\\/#website\"},\"primaryImageOfPage\":{\"@id\":\"https:\\\/\\\/biancamachado.com.br\\\/blog\\\/detalhes-da-vida-de-um-fotografo\\\/#primaryimage\"},\"image\":{\"@id\":\"https:\\\/\\\/biancamachado.com.br\\\/blog\\\/detalhes-da-vida-de-um-fotografo\\\/#primaryimage\"},\"thumbnailUrl\":\"https:\\\/\\\/i0.wp.com\\\/biancamachado.com.br\\\/blog\\\/wp-content\\\/uploads\\\/2014\\\/09\\\/Screenshot_184.png?fit=669%2C314&ssl=1\",\"datePublished\":\"2014-09-17T19:29:00+00:00\",\"breadcrumb\":{\"@id\":\"https:\\\/\\\/biancamachado.com.br\\\/blog\\\/detalhes-da-vida-de-um-fotografo\\\/#breadcrumb\"},\"inLanguage\":\"pt-BR\",\"potentialAction\":[{\"@type\":\"ReadAction\",\"target\":[\"https:\\\/\\\/biancamachado.com.br\\\/blog\\\/detalhes-da-vida-de-um-fotografo\\\/\"]}]},{\"@type\":\"ImageObject\",\"inLanguage\":\"pt-BR\",\"@id\":\"https:\\\/\\\/biancamachado.com.br\\\/blog\\\/detalhes-da-vida-de-um-fotografo\\\/#primaryimage\",\"url\":\"https:\\\/\\\/i0.wp.com\\\/biancamachado.com.br\\\/blog\\\/wp-content\\\/uploads\\\/2014\\\/09\\\/Screenshot_184.png?fit=669%2C314&ssl=1\",\"contentUrl\":\"https:\\\/\\\/i0.wp.com\\\/biancamachado.com.br\\\/blog\\\/wp-content\\\/uploads\\\/2014\\\/09\\\/Screenshot_184.png?fit=669%2C314&ssl=1\",\"width\":669,\"height\":314,\"caption\":\"Detalhes da vida de um fot\u00f3grafo\"},{\"@type\":\"BreadcrumbList\",\"@id\":\"https:\\\/\\\/biancamachado.com.br\\\/blog\\\/detalhes-da-vida-de-um-fotografo\\\/#breadcrumb\",\"itemListElement\":[{\"@type\":\"ListItem\",\"position\":1,\"name\":\"In\u00edcio\",\"item\":\"https:\\\/\\\/biancamachado.com.br\\\/blog\\\/\"},{\"@type\":\"ListItem\",\"position\":2,\"name\":\"Detalhes da vida de um fot\u00f3grafo\"}]},{\"@type\":\"WebSite\",\"@id\":\"https:\\\/\\\/biancamachado.com.br\\\/blog\\\/#website\",\"url\":\"https:\\\/\\\/biancamachado.com.br\\\/blog\\\/\",\"name\":\"STUDIO BIANCA MACHADO\",\"description\":\"Estudio Fotografico, Ensaios e Books de foto profissional\",\"publisher\":{\"@id\":\"https:\\\/\\\/biancamachado.com.br\\\/blog\\\/#organization\"},\"potentialAction\":[{\"@type\":\"SearchAction\",\"target\":{\"@type\":\"EntryPoint\",\"urlTemplate\":\"https:\\\/\\\/biancamachado.com.br\\\/blog\\\/?s={search_term_string}\"},\"query-input\":{\"@type\":\"PropertyValueSpecification\",\"valueRequired\":true,\"valueName\":\"search_term_string\"}}],\"inLanguage\":\"pt-BR\"},{\"@type\":\"Organization\",\"@id\":\"https:\\\/\\\/biancamachado.com.br\\\/blog\\\/#organization\",\"name\":\"STUDIO BIANCA MACHADO\",\"url\":\"https:\\\/\\\/biancamachado.com.br\\\/blog\\\/\",\"logo\":{\"@type\":\"ImageObject\",\"inLanguage\":\"pt-BR\",\"@id\":\"https:\\\/\\\/biancamachado.com.br\\\/blog\\\/#\\\/schema\\\/logo\\\/image\\\/\",\"url\":\"https:\\\/\\\/i0.wp.com\\\/biancamachado.com.br\\\/blog\\\/wp-content\\\/uploads\\\/2021\\\/02\\\/cropped-logo-ml.jpg?fit=278%2C100&ssl=1\",\"contentUrl\":\"https:\\\/\\\/i0.wp.com\\\/biancamachado.com.br\\\/blog\\\/wp-content\\\/uploads\\\/2021\\\/02\\\/cropped-logo-ml.jpg?fit=278%2C100&ssl=1\",\"width\":278,\"height\":100,\"caption\":\"STUDIO BIANCA MACHADO\"},\"image\":{\"@id\":\"https:\\\/\\\/biancamachado.com.br\\\/blog\\\/#\\\/schema\\\/logo\\\/image\\\/\"},\"sameAs\":[\"https:\\\/\\\/www.facebook.com\\\/Studiobiancamachado\\\/\",\"https:\\\/\\\/www.instagram.com\\\/Studiobiancamachado\\\/\"]},{\"@type\":\"Person\",\"@id\":\"https:\\\/\\\/biancamachado.com.br\\\/blog\\\/#\\\/schema\\\/person\\\/990263800ec5e9bdbbf092a2353550a1\",\"name\":\"biancamachado\",\"image\":{\"@type\":\"ImageObject\",\"inLanguage\":\"pt-BR\",\"@id\":\"https:\\\/\\\/secure.gravatar.com\\\/avatar\\\/62b1a50f2632dbc2e279c3eb55aa46cc324c969cff16a69c59756d155316542c?s=96&d=mm&r=g\",\"url\":\"https:\\\/\\\/secure.gravatar.com\\\/avatar\\\/62b1a50f2632dbc2e279c3eb55aa46cc324c969cff16a69c59756d155316542c?s=96&d=mm&r=g\",\"contentUrl\":\"https:\\\/\\\/secure.gravatar.com\\\/avatar\\\/62b1a50f2632dbc2e279c3eb55aa46cc324c969cff16a69c59756d155316542c?s=96&d=mm&r=g\",\"caption\":\"biancamachado\"},\"sameAs\":[\"https:\\\/\\\/biancamachado.com.br\\\/blog\"],\"url\":\"https:\\\/\\\/biancamachado.com.br\\\/blog\\\/author\\\/biancamachado\\\/\"}]}<\/script>\n<!-- \/ Yoast SEO plugin. -->","yoast_head_json":{"title":"Detalhes da vida de um fot\u00f3grafo - STUDIO BIANCA MACHADO","robots":{"index":"index","follow":"follow","max-snippet":"max-snippet:-1","max-image-preview":"max-image-preview:large","max-video-preview":"max-video-preview:-1"},"canonical":"https:\/\/biancamachado.com.br\/blog\/detalhes-da-vida-de-um-fotografo\/","og_locale":"pt_BR","og_type":"article","og_title":"Detalhes da vida de um fot\u00f3grafo - STUDIO BIANCA MACHADO","og_description":"Vida de Fot\u00f3grafo : Studio","og_url":"https:\/\/biancamachado.com.br\/blog\/detalhes-da-vida-de-um-fotografo\/","og_site_name":"STUDIO BIANCA MACHADO","article_publisher":"https:\/\/www.facebook.com\/Studiobiancamachado\/","article_published_time":"2014-09-17T19:29:00+00:00","og_image":[{"width":669,"height":314,"url":"https:\/\/i0.wp.com\/biancamachado.com.br\/blog\/wp-content\/uploads\/2014\/09\/Screenshot_184.png?fit=669%2C314&ssl=1","type":"image\/png"}],"author":"biancamachado","twitter_card":"summary_large_image","twitter_misc":{"Escrito por":"biancamachado","Est. tempo de leitura":"2 minutos"},"schema":{"@context":"https:\/\/schema.org","@graph":[{"@type":"Article","@id":"https:\/\/biancamachado.com.br\/blog\/detalhes-da-vida-de-um-fotografo\/#article","isPartOf":{"@id":"https:\/\/biancamachado.com.br\/blog\/detalhes-da-vida-de-um-fotografo\/"},"author":{"name":"biancamachado","@id":"https:\/\/biancamachado.com.br\/blog\/#\/schema\/person\/990263800ec5e9bdbbf092a2353550a1"},"headline":"Detalhes da vida de um fot\u00f3grafo","datePublished":"2014-09-17T19:29:00+00:00","mainEntityOfPage":{"@id":"https:\/\/biancamachado.com.br\/blog\/detalhes-da-vida-de-um-fotografo\/"},"wordCount":309,"commentCount":0,"publisher":{"@id":"https:\/\/biancamachado.com.br\/blog\/#organization"},"image":{"@id":"https:\/\/biancamachado.com.br\/blog\/detalhes-da-vida-de-um-fotografo\/#primaryimage"},"thumbnailUrl":"https:\/\/i0.wp.com\/biancamachado.com.br\/blog\/wp-content\/uploads\/2014\/09\/Screenshot_184.png?fit=669%2C314&ssl=1","articleSection":["Studio Bianca Machado"],"inLanguage":"pt-BR","potentialAction":[{"@type":"CommentAction","name":"Comment","target":["https:\/\/biancamachado.com.br\/blog\/detalhes-da-vida-de-um-fotografo\/#respond"]}]},{"@type":"WebPage","@id":"https:\/\/biancamachado.com.br\/blog\/detalhes-da-vida-de-um-fotografo\/","url":"https:\/\/biancamachado.com.br\/blog\/detalhes-da-vida-de-um-fotografo\/","name":"Detalhes da vida de um fot\u00f3grafo - STUDIO BIANCA MACHADO","isPartOf":{"@id":"https:\/\/biancamachado.com.br\/blog\/#website"},"primaryImageOfPage":{"@id":"https:\/\/biancamachado.com.br\/blog\/detalhes-da-vida-de-um-fotografo\/#primaryimage"},"image":{"@id":"https:\/\/biancamachado.com.br\/blog\/detalhes-da-vida-de-um-fotografo\/#primaryimage"},"thumbnailUrl":"https:\/\/i0.wp.com\/biancamachado.com.br\/blog\/wp-content\/uploads\/2014\/09\/Screenshot_184.png?fit=669%2C314&ssl=1","datePublished":"2014-09-17T19:29:00+00:00","breadcrumb":{"@id":"https:\/\/biancamachado.com.br\/blog\/detalhes-da-vida-de-um-fotografo\/#breadcrumb"},"inLanguage":"pt-BR","potentialAction":[{"@type":"ReadAction","target":["https:\/\/biancamachado.com.br\/blog\/detalhes-da-vida-de-um-fotografo\/"]}]},{"@type":"ImageObject","inLanguage":"pt-BR","@id":"https:\/\/biancamachado.com.br\/blog\/detalhes-da-vida-de-um-fotografo\/#primaryimage","url":"https:\/\/i0.wp.com\/biancamachado.com.br\/blog\/wp-content\/uploads\/2014\/09\/Screenshot_184.png?fit=669%2C314&ssl=1","contentUrl":"https:\/\/i0.wp.com\/biancamachado.com.br\/blog\/wp-content\/uploads\/2014\/09\/Screenshot_184.png?fit=669%2C314&ssl=1","width":669,"height":314,"caption":"Detalhes da vida de um fot\u00f3grafo"},{"@type":"BreadcrumbList","@id":"https:\/\/biancamachado.com.br\/blog\/detalhes-da-vida-de-um-fotografo\/#breadcrumb","itemListElement":[{"@type":"ListItem","position":1,"name":"In\u00edcio","item":"https:\/\/biancamachado.com.br\/blog\/"},{"@type":"ListItem","position":2,"name":"Detalhes da vida de um fot\u00f3grafo"}]},{"@type":"WebSite","@id":"https:\/\/biancamachado.com.br\/blog\/#website","url":"https:\/\/biancamachado.com.br\/blog\/","name":"STUDIO BIANCA MACHADO","description":"Estudio Fotografico, Ensaios e Books de foto profissional","publisher":{"@id":"https:\/\/biancamachado.com.br\/blog\/#organization"},"potentialAction":[{"@type":"SearchAction","target":{"@type":"EntryPoint","urlTemplate":"https:\/\/biancamachado.com.br\/blog\/?s={search_term_string}"},"query-input":{"@type":"PropertyValueSpecification","valueRequired":true,"valueName":"search_term_string"}}],"inLanguage":"pt-BR"},{"@type":"Organization","@id":"https:\/\/biancamachado.com.br\/blog\/#organization","name":"STUDIO BIANCA MACHADO","url":"https:\/\/biancamachado.com.br\/blog\/","logo":{"@type":"ImageObject","inLanguage":"pt-BR","@id":"https:\/\/biancamachado.com.br\/blog\/#\/schema\/logo\/image\/","url":"https:\/\/i0.wp.com\/biancamachado.com.br\/blog\/wp-content\/uploads\/2021\/02\/cropped-logo-ml.jpg?fit=278%2C100&ssl=1","contentUrl":"https:\/\/i0.wp.com\/biancamachado.com.br\/blog\/wp-content\/uploads\/2021\/02\/cropped-logo-ml.jpg?fit=278%2C100&ssl=1","width":278,"height":100,"caption":"STUDIO BIANCA MACHADO"},"image":{"@id":"https:\/\/biancamachado.com.br\/blog\/#\/schema\/logo\/image\/"},"sameAs":["https:\/\/www.facebook.com\/Studiobiancamachado\/","https:\/\/www.instagram.com\/Studiobiancamachado\/"]},{"@type":"Person","@id":"https:\/\/biancamachado.com.br\/blog\/#\/schema\/person\/990263800ec5e9bdbbf092a2353550a1","name":"biancamachado","image":{"@type":"ImageObject","inLanguage":"pt-BR","@id":"https:\/\/secure.gravatar.com\/avatar\/62b1a50f2632dbc2e279c3eb55aa46cc324c969cff16a69c59756d155316542c?s=96&d=mm&r=g","url":"https:\/\/secure.gravatar.com\/avatar\/62b1a50f2632dbc2e279c3eb55aa46cc324c969cff16a69c59756d155316542c?s=96&d=mm&r=g","contentUrl":"https:\/\/secure.gravatar.com\/avatar\/62b1a50f2632dbc2e279c3eb55aa46cc324c969cff16a69c59756d155316542c?s=96&d=mm&r=g","caption":"biancamachado"},"sameAs":["https:\/\/biancamachado.com.br\/blog"],"url":"https:\/\/biancamachado.com.br\/blog\/author\/biancamachado\/"}]}},"jetpack_featured_media_url":"https:\/\/i0.wp.com\/biancamachado.com.br\/blog\/wp-content\/uploads\/2014\/09\/Screenshot_184.png?fit=669%2C314&ssl=1","jetpack-related-posts":[],"jetpack_sharing_enabled":true,"_links":{"self":[{"href":"https:\/\/biancamachado.com.br\/blog\/wp-json\/wp\/v2\/posts\/224","targetHints":{"allow":["GET"]}}],"collection":[{"href":"https:\/\/biancamachado.com.br\/blog\/wp-json\/wp\/v2\/posts"}],"about":[{"href":"https:\/\/biancamachado.com.br\/blog\/wp-json\/wp\/v2\/types\/post"}],"author":[{"embeddable":true,"href":"https:\/\/biancamachado.com.br\/blog\/wp-json\/wp\/v2\/users\/1"}],"replies":[{"embeddable":true,"href":"https:\/\/biancamachado.com.br\/blog\/wp-json\/wp\/v2\/comments?post=224"}],"version-history":[{"count":0,"href":"https:\/\/biancamachado.com.br\/blog\/wp-json\/wp\/v2\/posts\/224\/revisions"}],"wp:featuredmedia":[{"embeddable":true,"href":"https:\/\/biancamachado.com.br\/blog\/wp-json\/wp\/v2\/media\/991"}],"wp:attachment":[{"href":"https:\/\/biancamachado.com.br\/blog\/wp-json\/wp\/v2\/media?parent=224"}],"wp:term":[{"taxonomy":"category","embeddable":true,"href":"https:\/\/biancamachado.com.br\/blog\/wp-json\/wp\/v2\/categories?post=224"},{"taxonomy":"post_tag","embeddable":true,"href":"https:\/\/biancamachado.com.br\/blog\/wp-json\/wp\/v2\/tags?post=224"}],"curies":[{"name":"wp","href":"https:\/\/api.w.org\/{rel}","templated":true}]}}