{"id":209,"date":"2016-03-10T15:32:00","date_gmt":"2016-03-10T18:32:00","guid":{"rendered":"https:\/\/biancamachado.com.br\/blog\/?p=209"},"modified":"2021-02-17T23:37:56","modified_gmt":"2021-02-18T02:37:56","slug":"ensaio-fotografico-de-gestante-no-jardim-botanico-sp","status":"publish","type":"post","link":"https:\/\/biancamachado.com.br\/blog\/ensaio-fotografico-de-gestante-no-jardim-botanico-sp\/","title":{"rendered":"Ensaio Fotogr\u00e1fico de Gestante no Jardim Bot\u00e2nico SP"},"content":{"rendered":"<div style=\"text-align: justify;\">Uma forma divertida e criativa de guardar o momento da gesta\u00e7\u00e3o com um toque especial entre as \u00e0rvores e a natureza.<\/div>\n<div style=\"text-align: justify;\">No site, vc poder\u00e1 conferir os mostru\u00e1rios e pre\u00e7os da sess\u00e3o de Book Gestante Externo no Jardium Bot\u00e2nico pelo link&nbsp;http:\/\/www.biancamachado.com.br\/bookgestanteexterno.html<\/div>\n<div style=\"text-align: justify;\">O Jardim Bot\u00e2nico de S\u00e3o Paulo, \u00e9 um parque calmo, ideal para uma recorda\u00e7\u00e3o de fotos familiar.<\/div>\n<div style=\"text-align: justify;\">As paisagens, o toque r\u00fastico e natural, marcam uma sess\u00e3o de fotos inesquec\u00edvel para esse momento t\u00e3o especial.&nbsp;<\/div>\n<div style=\"text-align: justify;\">As sess\u00f5es s\u00e3o feitas pela fot\u00f3grafa Bianca Machado &amp; Jo\u00e3o sinatro, de forma divertida, criativa e todos os detalhes s\u00e3o orientados e trabalhados de forma simples e criativa, dando o toque maravilhoso do ensaio fotogr\u00e1fico.&nbsp;<\/div>\n<div style=\"text-align: justify;\">Promo\u00e7\u00e3o para sess\u00f5es durante a semana dispon\u00edveis no nosso site.<\/div>\n<p>Visite tamb\u00e9m nosso site:&nbsp;<a href=\"http:\/\/www.biancamachado.com.br\/\">www.biancamachado.com.br<\/a><br \/>(11) 97107-1018<\/p>\n<div style=\"clear: both; text-align: center;\"><iframe loading=\"lazy\" allowfullscreen=\"\" data-thumbnail-src=\"https:\/\/i.ytimg.com\/vi\/b-bCQuHKDnE\/0.jpg\" frameborder=\"0\" height=\"532\" src=\"https:\/\/www.youtube.com\/embed\/b-bCQuHKDnE?feature=player_embedded\" width=\"640\"><\/iframe><\/div>\n<table align=\"center\" cellpadding=\"0\" cellspacing=\"0\" style=\"margin-left: auto; margin-right: auto; text-align: center;\">\n<tbody>\n<tr>\n<td style=\"text-align: center;\"><a href=\"https:\/\/i0.wp.com\/4.bp.blogspot.com\/-UuTeAx7RkbI\/VuG65tkag2I\/AAAAAAAAPvY\/xTqgr9bHVoY\/s1600\/001.jpg?ssl=1\" style=\"margin-left: auto; margin-right: auto;\"><img data-recalc-dims=\"1\" loading=\"lazy\" decoding=\"async\" alt=\"ensaio fotografico no jardim botanico sp\" border=\"0\" height=\"426\" src=\"https:\/\/i0.wp.com\/4.bp.blogspot.com\/-UuTeAx7RkbI\/VuG65tkag2I\/AAAAAAAAPvY\/xTqgr9bHVoY\/s640\/001.jpg?resize=640%2C426&#038;ssl=1\" title=\"ensaio fotografico no jardim botanico sp\" width=\"640\" \/><\/a><\/td>\n<\/tr>\n<tr>\n<td style=\"text-align: center;\">ensaio fotografico no jardim botanico sp<\/td>\n<\/tr>\n<\/tbody>\n<\/table>\n<p><\/p>\n<table align=\"center\" cellpadding=\"0\" cellspacing=\"0\" style=\"margin-left: auto; margin-right: auto; text-align: center;\">\n<tbody>\n<tr>\n<td style=\"text-align: center;\"><a href=\"https:\/\/i0.wp.com\/2.bp.blogspot.com\/-TV41Bsgyms4\/VuG65exRzAI\/AAAAAAAAPvU\/_crkur1sM2g\/s1600\/002.jpg?ssl=1\" style=\"margin-left: auto; margin-right: auto;\"><img data-recalc-dims=\"1\" loading=\"lazy\" decoding=\"async\" alt=\"fotografias maravilhosas no jardim botanico sp para gestantes\" border=\"0\" height=\"640\" src=\"https:\/\/i0.wp.com\/2.bp.blogspot.com\/-TV41Bsgyms4\/VuG65exRzAI\/AAAAAAAAPvU\/_crkur1sM2g\/s640\/002.jpg?resize=426%2C640&#038;ssl=1\" title=\"fotografias maravilhosas no jardim botanico sp para gestantes\" width=\"426\" \/><\/a><\/td>\n<\/tr>\n<tr>\n<td style=\"text-align: center;\">fotografias maravilhosas no jardim botanico sp para gestantes<\/td>\n<\/tr>\n<\/tbody>\n<\/table>\n<p><\/p>\n<table align=\"center\" cellpadding=\"0\" cellspacing=\"0\" style=\"margin-left: auto; margin-right: auto; text-align: center;\">\n<tbody>\n<tr>\n<td style=\"text-align: center;\"><a href=\"https:\/\/i0.wp.com\/1.bp.blogspot.com\/-_F_6HfiM8qU\/VuG65oFJduI\/AAAAAAAAPvc\/xKdyKSXSKWw\/s1600\/003.jpg?ssl=1\" style=\"margin-left: auto; margin-right: auto;\"><img data-recalc-dims=\"1\" loading=\"lazy\" decoding=\"async\" alt=\"fotos criativas para gestantes ao ar livre\" border=\"0\" height=\"426\" src=\"https:\/\/i0.wp.com\/1.bp.blogspot.com\/-_F_6HfiM8qU\/VuG65oFJduI\/AAAAAAAAPvc\/xKdyKSXSKWw\/s640\/003.jpg?resize=640%2C426&#038;ssl=1\" title=\"fotos criativas para gestantes ao ar livre\" width=\"640\" \/><\/a><\/td>\n<\/tr>\n<tr>\n<td style=\"text-align: center;\">fotos criativas para gestantes ao ar livre<\/td>\n<\/tr>\n<\/tbody>\n<\/table>\n<p><\/p>\n<table align=\"center\" cellpadding=\"0\" cellspacing=\"0\" style=\"margin-left: auto; margin-right: auto; text-align: center;\">\n<tbody>\n<tr>\n<td style=\"text-align: center;\"><a href=\"https:\/\/i0.wp.com\/1.bp.blogspot.com\/-emQ9v9Gwf6c\/VuG67iP8-OI\/AAAAAAAAPvg\/c9M0Rg8Sjqw\/s1600\/005.jpg?ssl=1\" style=\"margin-left: auto; margin-right: auto;\"><img data-recalc-dims=\"1\" loading=\"lazy\" decoding=\"async\" alt=\"fotografias para gravidas em parques sp\" border=\"0\" height=\"640\" src=\"https:\/\/i0.wp.com\/1.bp.blogspot.com\/-emQ9v9Gwf6c\/VuG67iP8-OI\/AAAAAAAAPvg\/c9M0Rg8Sjqw\/s640\/005.jpg?resize=424%2C640&#038;ssl=1\" title=\"fotografias para gravidas em parques sp\" width=\"424\" \/><\/a><\/td>\n<\/tr>\n<tr>\n<td style=\"text-align: center;\">fotografias para gravidas em parques sp<\/td>\n<\/tr>\n<\/tbody>\n<\/table>\n<p><\/p>\n<table align=\"center\" cellpadding=\"0\" cellspacing=\"0\" style=\"margin-left: auto; margin-right: auto; text-align: center;\">\n<tbody>\n<tr>\n<td style=\"text-align: center;\"><a href=\"https:\/\/i0.wp.com\/4.bp.blogspot.com\/-KiJfv9QH01E\/VuG69CBLMsI\/AAAAAAAAPvo\/3VE1EU8myEk\/s1600\/006.jpg?ssl=1\" style=\"margin-left: auto; margin-right: auto;\"><img data-recalc-dims=\"1\" loading=\"lazy\" decoding=\"async\" alt=\"foto book gestante externo sp\" border=\"0\" height=\"640\" src=\"https:\/\/i0.wp.com\/4.bp.blogspot.com\/-KiJfv9QH01E\/VuG69CBLMsI\/AAAAAAAAPvo\/3VE1EU8myEk\/s640\/006.jpg?resize=426%2C640&#038;ssl=1\" title=\"foto book gestante externo sp\" width=\"426\" \/><\/a><\/td>\n<\/tr>\n<tr>\n<td style=\"text-align: center;\">foto book gestante externo sp<\/td>\n<\/tr>\n<\/tbody>\n<\/table>\n<p><\/p>\n<table align=\"center\" cellpadding=\"0\" cellspacing=\"0\" style=\"margin-left: auto; margin-right: auto; text-align: center;\">\n<tbody>\n<tr>\n<td style=\"text-align: center;\"><a href=\"https:\/\/i0.wp.com\/4.bp.blogspot.com\/-gjT6s-iuePc\/VuG68iRw3QI\/AAAAAAAAPvk\/Hukg-XK3XA4\/s1600\/007.jpg?ssl=1\" style=\"margin-left: auto; margin-right: auto;\"><img data-recalc-dims=\"1\" loading=\"lazy\" decoding=\"async\" alt=\"fotografias no jardim botanico para gravidas em sp\" border=\"0\" height=\"640\" src=\"https:\/\/i0.wp.com\/4.bp.blogspot.com\/-gjT6s-iuePc\/VuG68iRw3QI\/AAAAAAAAPvk\/Hukg-XK3XA4\/s640\/007.jpg?resize=426%2C640&#038;ssl=1\" title=\"fotografias no jardim botanico para gravidas em sp\" width=\"426\" \/><\/a><\/td>\n<\/tr>\n<tr>\n<td style=\"text-align: center;\">fotografias no jardim botanico para gravidas em sp<\/td>\n<\/tr>\n<\/tbody>\n<\/table>\n<p><\/p>\n<table align=\"center\" cellpadding=\"0\" cellspacing=\"0\" style=\"margin-left: auto; margin-right: auto; text-align: center;\">\n<tbody>\n<tr>\n<td style=\"text-align: center;\"><a href=\"https:\/\/i0.wp.com\/4.bp.blogspot.com\/--ezuvHriOBY\/VuG69qhJ7EI\/AAAAAAAAPvs\/pOOjAJi2QH0\/s1600\/008.jpg?ssl=1\" style=\"margin-left: auto; margin-right: auto;\"><img data-recalc-dims=\"1\" loading=\"lazy\" decoding=\"async\" alt=\"ensaio fotografico para gravidas no jardim botanico sp\" border=\"0\" height=\"426\" src=\"https:\/\/i0.wp.com\/4.bp.blogspot.com\/--ezuvHriOBY\/VuG69qhJ7EI\/AAAAAAAAPvs\/pOOjAJi2QH0\/s640\/008.jpg?resize=640%2C426&#038;ssl=1\" title=\"ensaio fotografico para gravidas no jardim botanico sp\" width=\"640\" \/><\/a><\/td>\n<\/tr>\n<tr>\n<td style=\"text-align: center;\">ensaio fotografico para gravidas no jardim botanico sp<\/td>\n<\/tr>\n<\/tbody>\n<\/table>\n<p><\/p>\n<table align=\"center\" cellpadding=\"0\" cellspacing=\"0\" style=\"margin-left: auto; margin-right: auto; text-align: center;\">\n<tbody>\n<tr>\n<td style=\"text-align: center;\"><a href=\"https:\/\/i0.wp.com\/2.bp.blogspot.com\/-AEbZgxpPZz4\/VuG6-aW_l6I\/AAAAAAAAPvw\/BacuGyxxcTs\/s1600\/009.jpg?ssl=1\" style=\"margin-left: auto; margin-right: auto;\"><img data-recalc-dims=\"1\" loading=\"lazy\" decoding=\"async\" alt=\"sess\u00e3o de fotos para gestantes no jardim botanico sp\" border=\"0\" height=\"426\" src=\"https:\/\/i0.wp.com\/2.bp.blogspot.com\/-AEbZgxpPZz4\/VuG6-aW_l6I\/AAAAAAAAPvw\/BacuGyxxcTs\/s640\/009.jpg?resize=640%2C426&#038;ssl=1\" title=\"sess\u00e3o de fotos para gestantes no jardim botanico sp\" width=\"640\" \/><\/a><\/td>\n<\/tr>\n<tr>\n<td style=\"text-align: center;\">sess\u00e3o de fotos para gestantes no jardim botanico sp<\/td>\n<\/tr>\n<\/tbody>\n<\/table>\n<p><\/p>\n<table align=\"center\" cellpadding=\"0\" cellspacing=\"0\" style=\"margin-left: auto; margin-right: auto; text-align: center;\">\n<tbody>\n<tr>\n<td style=\"text-align: center;\"><a href=\"https:\/\/i0.wp.com\/1.bp.blogspot.com\/-q6vtvRU9mVw\/VuG6_Vq9ptI\/AAAAAAAAPv0\/d2ynbdD99Bg\/s1600\/010.jpg?ssl=1\" style=\"margin-left: auto; margin-right: auto;\"><img data-recalc-dims=\"1\" loading=\"lazy\" decoding=\"async\" alt=\"melhores fotografias de gravidas no jardim botanico sp\" border=\"0\" height=\"424\" src=\"https:\/\/i0.wp.com\/1.bp.blogspot.com\/-q6vtvRU9mVw\/VuG6_Vq9ptI\/AAAAAAAAPv0\/d2ynbdD99Bg\/s640\/010.jpg?resize=640%2C424&#038;ssl=1\" title=\"melhores fotografias de gravidas no jardim botanico sp\" width=\"640\" \/><\/a><\/td>\n<\/tr>\n<tr>\n<td style=\"text-align: center;\">melhores fotografias de gravidas no jardim botanico sp<\/td>\n<\/tr>\n<\/tbody>\n<\/table>\n<p><\/p>\n<table align=\"center\" cellpadding=\"0\" cellspacing=\"0\" style=\"margin-left: auto; margin-right: auto; text-align: center;\">\n<tbody>\n<tr>\n<td style=\"text-align: center;\"><a href=\"https:\/\/i0.wp.com\/2.bp.blogspot.com\/-610P7teP9qA\/VuG7ACqK86I\/AAAAAAAAPv4\/4uSIAnZz71g\/s1600\/011.jpg?ssl=1\" style=\"margin-left: auto; margin-right: auto;\"><img data-recalc-dims=\"1\" loading=\"lazy\" decoding=\"async\" alt=\"id\u00e9ias para fotos profissionais de gestante em parques\" border=\"0\" height=\"426\" src=\"https:\/\/i0.wp.com\/2.bp.blogspot.com\/-610P7teP9qA\/VuG7ACqK86I\/AAAAAAAAPv4\/4uSIAnZz71g\/s640\/011.jpg?resize=640%2C426&#038;ssl=1\" title=\"id\u00e9ias para fotos profissionais de gestante em parques\" width=\"640\" \/><\/a><\/td>\n<\/tr>\n<tr>\n<td style=\"text-align: center;\">id\u00e9ias para fotos profissionais de gestante em parques<\/td>\n<\/tr>\n<\/tbody>\n<\/table>\n<p><\/p>\n<table align=\"center\" cellpadding=\"0\" cellspacing=\"0\" style=\"margin-left: auto; margin-right: auto; text-align: center;\">\n<tbody>\n<tr>\n<td style=\"text-align: center;\"><a href=\"https:\/\/i0.wp.com\/4.bp.blogspot.com\/-vaeGWr9JDIk\/VuG7BCnbnCI\/AAAAAAAAPv8\/kvtp8p6cn3E\/s1600\/015.jpg?ssl=1\" style=\"margin-left: auto; margin-right: auto;\"><img data-recalc-dims=\"1\" loading=\"lazy\" decoding=\"async\" alt=\"melhor lugar para o book gestante externo sp jardim botanico\" border=\"0\" height=\"426\" src=\"https:\/\/i0.wp.com\/4.bp.blogspot.com\/-vaeGWr9JDIk\/VuG7BCnbnCI\/AAAAAAAAPv8\/kvtp8p6cn3E\/s640\/015.jpg?resize=640%2C426&#038;ssl=1\" title=\"melhor lugar para o book gestante externo sp jardim botanico\" width=\"640\" \/><\/a><\/td>\n<\/tr>\n<tr>\n<td style=\"text-align: center;\">melhor lugar para o book gestante externo sp jardim botanico<\/td>\n<\/tr>\n<\/tbody>\n<\/table>\n<p><\/p>\n<table align=\"center\" cellpadding=\"0\" cellspacing=\"0\" style=\"margin-left: auto; margin-right: auto; text-align: center;\">\n<tbody>\n<tr>\n<td style=\"text-align: center;\"><a href=\"https:\/\/i0.wp.com\/2.bp.blogspot.com\/-4t_dlEyKQsw\/VuG7Bb8oALI\/AAAAAAAAPwA\/zTbdATON594\/s1600\/019.jpg?ssl=1\" style=\"margin-left: auto; margin-right: auto;\"><img data-recalc-dims=\"1\" loading=\"lazy\" decoding=\"async\" border=\"0\" height=\"640\" src=\"https:\/\/i0.wp.com\/2.bp.blogspot.com\/-4t_dlEyKQsw\/VuG7Bb8oALI\/AAAAAAAAPwA\/zTbdATON594\/s640\/019.jpg?resize=426%2C640&#038;ssl=1\" width=\"426\" \/><\/a><\/td>\n<\/tr>\n<tr>\n<td style=\"text-align: center;\">fotografias que marcam a gravidez<\/td>\n<\/tr>\n<\/tbody>\n<\/table>\n<p><\/p>\n<table align=\"center\" cellpadding=\"0\" cellspacing=\"0\" style=\"margin-left: auto; margin-right: auto; text-align: center;\">\n<tbody>\n<tr>\n<td style=\"text-align: center;\"><a href=\"https:\/\/i0.wp.com\/3.bp.blogspot.com\/-H3wnnkFaEpQ\/VuG7B176y0I\/AAAAAAAAPwE\/ooreI-6xxWQ\/s1600\/024.jpg?ssl=1\" style=\"margin-left: auto; margin-right: auto;\"><img data-recalc-dims=\"1\" loading=\"lazy\" decoding=\"async\" alt=\"sess\u00f5es de fotos diferentes para gestantes sp\" border=\"0\" height=\"640\" src=\"https:\/\/i0.wp.com\/3.bp.blogspot.com\/-H3wnnkFaEpQ\/VuG7B176y0I\/AAAAAAAAPwE\/ooreI-6xxWQ\/s640\/024.jpg?resize=426%2C640&#038;ssl=1\" title=\"sess\u00f5es de fotos diferentes para gestantes sp\" width=\"426\" \/><\/a><\/td>\n<\/tr>\n<tr>\n<td style=\"text-align: center;\">sess\u00f5es de fotos diferentes para gestantes sp<\/td>\n<\/tr>\n<\/tbody>\n<\/table>\n<p><\/p>\n<table align=\"center\" cellpadding=\"0\" cellspacing=\"0\" style=\"margin-left: auto; margin-right: auto; text-align: center;\">\n<tbody>\n<tr>\n<td style=\"text-align: center;\"><a href=\"https:\/\/i0.wp.com\/4.bp.blogspot.com\/-XfTfSdjWHNo\/VuG7F3i1FwI\/AAAAAAAAPwY\/rGr_a5q28ss\/s1600\/045.jpg?ssl=1\" style=\"margin-left: auto; margin-right: auto;\"><img data-recalc-dims=\"1\" loading=\"lazy\" decoding=\"async\" alt=\"melhores fotografos de gestante\" border=\"0\" height=\"426\" src=\"https:\/\/i0.wp.com\/4.bp.blogspot.com\/-XfTfSdjWHNo\/VuG7F3i1FwI\/AAAAAAAAPwY\/rGr_a5q28ss\/s640\/045.jpg?resize=640%2C426&#038;ssl=1\" title=\"melhores fotografos de gestante\" width=\"640\" \/><\/a><\/td>\n<\/tr>\n<tr>\n<td style=\"text-align: center;\">melhores fotografos de gestante<\/td>\n<\/tr>\n<\/tbody>\n<\/table>\n<p><\/p>\n<table align=\"center\" cellpadding=\"0\" cellspacing=\"0\" style=\"margin-left: auto; margin-right: auto; text-align: center;\">\n<tbody>\n<tr>\n<td style=\"text-align: center;\"><a href=\"https:\/\/i0.wp.com\/4.bp.blogspot.com\/-cM16Vu0POhY\/VuG7Du9q9lI\/AAAAAAAAPwI\/jL9bh3D-c6E\/s1600\/046.jpg?ssl=1\" style=\"margin-left: auto; margin-right: auto;\"><img data-recalc-dims=\"1\" loading=\"lazy\" decoding=\"async\" alt=\"id\u00e9ias para fotografia no jardim botanico sp\" border=\"0\" height=\"640\" src=\"https:\/\/i0.wp.com\/4.bp.blogspot.com\/-cM16Vu0POhY\/VuG7Du9q9lI\/AAAAAAAAPwI\/jL9bh3D-c6E\/s640\/046.jpg?resize=424%2C640&#038;ssl=1\" title=\"id\u00e9ias para fotografia no jardim botanico sp\" width=\"424\" \/><\/a><\/td>\n<\/tr>\n<tr>\n<td style=\"text-align: center;\">id\u00e9ias para fotografia no jardim botanico sp<\/td>\n<\/tr>\n<\/tbody>\n<\/table>\n<p><\/p>\n<table align=\"center\" cellpadding=\"0\" cellspacing=\"0\" style=\"margin-left: auto; margin-right: auto; text-align: center;\">\n<tbody>\n<tr>\n<td style=\"text-align: center;\"><a href=\"https:\/\/i0.wp.com\/4.bp.blogspot.com\/-1_v6D9hvvTE\/VuG7DoWzjdI\/AAAAAAAAPwM\/oQdCkd9svPE\/s1600\/060.jpg?ssl=1\" style=\"margin-left: auto; margin-right: auto;\"><img data-recalc-dims=\"1\" loading=\"lazy\" decoding=\"async\" alt=\"melhores fotos de gestante no jardim botanico sp\" border=\"0\" height=\"640\" src=\"https:\/\/i0.wp.com\/4.bp.blogspot.com\/-1_v6D9hvvTE\/VuG7DoWzjdI\/AAAAAAAAPwM\/oQdCkd9svPE\/s640\/060.jpg?resize=426%2C640&#038;ssl=1\" title=\"melhores fotos de gestante no jardim botanico sp\" width=\"426\" \/><\/a><\/td>\n<\/tr>\n<tr>\n<td style=\"text-align: center;\">melhores fotos de gestante no jardim botanico sp<\/td>\n<\/tr>\n<\/tbody>\n<\/table>\n<p><\/p>\n<table align=\"center\" cellpadding=\"0\" cellspacing=\"0\" style=\"margin-left: auto; margin-right: auto; text-align: center;\">\n<tbody>\n<tr>\n<td style=\"text-align: center;\"><a href=\"https:\/\/i0.wp.com\/1.bp.blogspot.com\/-NML932oTye8\/VuG7E4C6tzI\/AAAAAAAAPwQ\/BkJGMaDidMI\/s1600\/065.jpg?ssl=1\" style=\"margin-left: auto; margin-right: auto;\"><img data-recalc-dims=\"1\" loading=\"lazy\" decoding=\"async\" alt=\"ensaio fotografico de gravidas em parques\" border=\"0\" height=\"640\" src=\"https:\/\/i0.wp.com\/1.bp.blogspot.com\/-NML932oTye8\/VuG7E4C6tzI\/AAAAAAAAPwQ\/BkJGMaDidMI\/s640\/065.jpg?resize=424%2C640&#038;ssl=1\" title=\"ensaio fotografico de gravidas em parques\" width=\"424\" \/><\/a><\/td>\n<\/tr>\n<tr>\n<td style=\"text-align: center;\">ensaio fotografico de gravidas em parques<\/td>\n<\/tr>\n<\/tbody>\n<\/table>\n<p><\/p>\n<table align=\"center\" cellpadding=\"0\" cellspacing=\"0\" style=\"margin-left: auto; margin-right: auto; text-align: center;\">\n<tbody>\n<tr>\n<td style=\"text-align: center;\"><a href=\"https:\/\/i0.wp.com\/1.bp.blogspot.com\/-fB2fxT-igLQ\/VuG7F90e1ZI\/AAAAAAAAPwU\/cRG-ugSpvGg\/s1600\/069.jpg?ssl=1\" style=\"margin-left: auto; margin-right: auto;\"><img data-recalc-dims=\"1\" loading=\"lazy\" decoding=\"async\" alt=\"fotografias profissionais de gravidas no jardim botanico\" border=\"0\" height=\"640\" src=\"https:\/\/i0.wp.com\/1.bp.blogspot.com\/-fB2fxT-igLQ\/VuG7F90e1ZI\/AAAAAAAAPwU\/cRG-ugSpvGg\/s640\/069.jpg?resize=426%2C640&#038;ssl=1\" title=\"fotografias profissionais de gravidas no jardim botanico\" width=\"426\" \/><\/a><\/td>\n<\/tr>\n<tr>\n<td style=\"text-align: center;\">fotografias profissionais de gravidas no jardim botanico<\/td>\n<\/tr>\n<\/tbody>\n<\/table>\n<p><\/p>\n<table align=\"center\" cellpadding=\"0\" cellspacing=\"0\" style=\"margin-left: auto; margin-right: auto; text-align: center;\">\n<tbody>\n<tr>\n<td style=\"text-align: center;\"><a href=\"https:\/\/i0.wp.com\/2.bp.blogspot.com\/-r6Sva2-6qto\/VuG7GmXHNYI\/AAAAAAAAPwc\/fMObaZVP2U4\/s1600\/078.jpg?ssl=1\" style=\"margin-left: auto; margin-right: auto;\"><img data-recalc-dims=\"1\" loading=\"lazy\" decoding=\"async\" alt=\"fotografos especializados em book gestante externo sp\" border=\"0\" height=\"640\" src=\"https:\/\/i0.wp.com\/2.bp.blogspot.com\/-r6Sva2-6qto\/VuG7GmXHNYI\/AAAAAAAAPwc\/fMObaZVP2U4\/s640\/078.jpg?resize=426%2C640&#038;ssl=1\" title=\"fotografos especializados em book gestante externo sp\" width=\"426\" \/><\/a><\/td>\n<\/tr>\n<tr>\n<td style=\"text-align: center;\">fotografos especializados em book gestante externo sp<\/td>\n<\/tr>\n<\/tbody>\n<\/table>\n<p><\/p>\n<table align=\"center\" cellpadding=\"0\" cellspacing=\"0\" style=\"margin-left: auto; margin-right: auto; text-align: center;\">\n<tbody>\n<tr>\n<td style=\"text-align: center;\"><a href=\"https:\/\/i0.wp.com\/2.bp.blogspot.com\/-1WV-AjWNdMQ\/VuG7HobtffI\/AAAAAAAAPwg\/4xCcbig2O3o\/s1600\/107.jpg?ssl=1\" style=\"margin-left: auto; margin-right: auto;\"><img data-recalc-dims=\"1\" loading=\"lazy\" decoding=\"async\" alt=\"ensaio fotografico inesquecivel no jardim botanico para gestantes\" border=\"0\" height=\"640\" src=\"https:\/\/i0.wp.com\/2.bp.blogspot.com\/-1WV-AjWNdMQ\/VuG7HobtffI\/AAAAAAAAPwg\/4xCcbig2O3o\/s640\/107.jpg?resize=426%2C640&#038;ssl=1\" title=\"ensaio fotografico inesquecivel no jardim botanico para gestantes\" width=\"426\" \/><\/a><\/td>\n<\/tr>\n<tr>\n<td style=\"text-align: center;\">ensaio fotografico inesquecivel no jardim botanico para gestantes<\/td>\n<\/tr>\n<\/tbody>\n<\/table>\n<div style=\"clear: both; text-align: center;\"><\/div>\n<p><\/p>\n<div style=\"clear: both; text-align: center;\"><\/div>\n<p><\/p>\nVisite tamb\u00e9m nosso site: www.biancamachado.com.br\r\n(11) 97107-1018\r\n\r\nAtendemos as regi\u00f5es de S\u00e3o Paulo, Sorocaba, Ibi\u00fana, Piedade, Votorantim, Cotia, Itupeva, Jundia\u00ed, It\u00fa e Campinas","protected":false},"excerpt":{"rendered":"<p>Uma forma divertida e criativa<\/p>\n","protected":false},"author":1,"featured_media":976,"comment_status":"open","ping_status":"open","sticky":false,"template":"","format":"standard","meta":{"_monsterinsights_skip_tracking":false,"_monsterinsights_sitenote_active":false,"_monsterinsights_sitenote_note":"","_monsterinsights_sitenote_category":0,"jetpack_post_was_ever_published":false,"_jetpack_newsletter_access":"","_jetpack_dont_email_post_to_subs":false,"_jetpack_newsletter_tier_id":0,"_jetpack_memberships_contains_paywalled_content":false,"_jetpack_memberships_contains_paid_content":false,"_joinchat":[],"footnotes":""},"categories":[285,1],"tags":[303,302,304,305],"class_list":["post-209","post","type-post","status-publish","format-standard","has-post-thumbnail","hentry","category-book-gestante-externo","category-studio-bianca-machado","tag-book-fotografico-em-parques","tag-ensaio-gestante-externo","tag-fotografias-de-gravida","tag-fotografos-de-gestante"],"yoast_head":"<!-- This site is optimized with the Yoast SEO plugin v27.4 - https:\/\/yoast.com\/product\/yoast-seo-wordpress\/ -->\n<title>Ensaio Fotogr\u00e1fico de Gestante no Jardim Bot\u00e2nico SP - STUDIO BIANCA MACHADO<\/title>\n<meta name=\"robots\" content=\"index, follow, max-snippet:-1, max-image-preview:large, max-video-preview:-1\" \/>\n<link rel=\"canonical\" href=\"https:\/\/biancamachado.com.br\/blog\/ensaio-fotografico-de-gestante-no-jardim-botanico-sp\/\" \/>\n<meta property=\"og:locale\" content=\"pt_BR\" \/>\n<meta property=\"og:type\" content=\"article\" \/>\n<meta property=\"og:title\" content=\"Ensaio Fotogr\u00e1fico de Gestante no Jardim Bot\u00e2nico SP - STUDIO BIANCA MACHADO\" \/>\n<meta property=\"og:description\" content=\"Uma forma divertida e criativa\" \/>\n<meta property=\"og:url\" content=\"https:\/\/biancamachado.com.br\/blog\/ensaio-fotografico-de-gestante-no-jardim-botanico-sp\/\" \/>\n<meta property=\"og:site_name\" content=\"STUDIO BIANCA MACHADO\" \/>\n<meta property=\"article:publisher\" content=\"https:\/\/www.facebook.com\/Studiobiancamachado\/\" \/>\n<meta property=\"article:published_time\" content=\"2016-03-10T18:32:00+00:00\" \/>\n<meta property=\"article:modified_time\" content=\"2021-02-18T02:37:56+00:00\" \/>\n<meta property=\"og:image\" content=\"https:\/\/i0.wp.com\/biancamachado.com.br\/blog\/wp-content\/uploads\/2016\/03\/Screenshot_170.png?fit=629%2C399&ssl=1\" \/>\n\t<meta property=\"og:image:width\" content=\"629\" \/>\n\t<meta property=\"og:image:height\" content=\"399\" \/>\n\t<meta property=\"og:image:type\" content=\"image\/png\" \/>\n<meta name=\"author\" content=\"biancamachado\" \/>\n<meta name=\"twitter:card\" content=\"summary_large_image\" \/>\n<meta name=\"twitter:label1\" content=\"Escrito por\" \/>\n\t<meta name=\"twitter:data1\" content=\"biancamachado\" \/>\n\t<meta name=\"twitter:label2\" content=\"Est. tempo de leitura\" \/>\n\t<meta name=\"twitter:data2\" content=\"1 minuto\" \/>\n<script type=\"application\/ld+json\" class=\"yoast-schema-graph\">{\"@context\":\"https:\\\/\\\/schema.org\",\"@graph\":[{\"@type\":\"Article\",\"@id\":\"https:\\\/\\\/biancamachado.com.br\\\/blog\\\/ensaio-fotografico-de-gestante-no-jardim-botanico-sp\\\/#article\",\"isPartOf\":{\"@id\":\"https:\\\/\\\/biancamachado.com.br\\\/blog\\\/ensaio-fotografico-de-gestante-no-jardim-botanico-sp\\\/\"},\"author\":{\"name\":\"biancamachado\",\"@id\":\"https:\\\/\\\/biancamachado.com.br\\\/blog\\\/#\\\/schema\\\/person\\\/990263800ec5e9bdbbf092a2353550a1\"},\"headline\":\"Ensaio Fotogr\u00e1fico de Gestante no Jardim Bot\u00e2nico SP\",\"datePublished\":\"2016-03-10T18:32:00+00:00\",\"dateModified\":\"2021-02-18T02:37:56+00:00\",\"mainEntityOfPage\":{\"@id\":\"https:\\\/\\\/biancamachado.com.br\\\/blog\\\/ensaio-fotografico-de-gestante-no-jardim-botanico-sp\\\/\"},\"wordCount\":318,\"commentCount\":1,\"publisher\":{\"@id\":\"https:\\\/\\\/biancamachado.com.br\\\/blog\\\/#organization\"},\"image\":{\"@id\":\"https:\\\/\\\/biancamachado.com.br\\\/blog\\\/ensaio-fotografico-de-gestante-no-jardim-botanico-sp\\\/#primaryimage\"},\"thumbnailUrl\":\"https:\\\/\\\/i0.wp.com\\\/biancamachado.com.br\\\/blog\\\/wp-content\\\/uploads\\\/2016\\\/03\\\/Screenshot_170.png?fit=629%2C399&ssl=1\",\"keywords\":[\"book fotografico em parques\",\"ensaio gestante externo\",\"fotografias de gravida\",\"fotografos de gestante\"],\"articleSection\":[\"Book Gestante Externo\",\"Studio Bianca Machado\"],\"inLanguage\":\"pt-BR\",\"potentialAction\":[{\"@type\":\"CommentAction\",\"name\":\"Comment\",\"target\":[\"https:\\\/\\\/biancamachado.com.br\\\/blog\\\/ensaio-fotografico-de-gestante-no-jardim-botanico-sp\\\/#respond\"]}]},{\"@type\":\"WebPage\",\"@id\":\"https:\\\/\\\/biancamachado.com.br\\\/blog\\\/ensaio-fotografico-de-gestante-no-jardim-botanico-sp\\\/\",\"url\":\"https:\\\/\\\/biancamachado.com.br\\\/blog\\\/ensaio-fotografico-de-gestante-no-jardim-botanico-sp\\\/\",\"name\":\"Ensaio Fotogr\u00e1fico de Gestante no Jardim Bot\u00e2nico SP - STUDIO BIANCA MACHADO\",\"isPartOf\":{\"@id\":\"https:\\\/\\\/biancamachado.com.br\\\/blog\\\/#website\"},\"primaryImageOfPage\":{\"@id\":\"https:\\\/\\\/biancamachado.com.br\\\/blog\\\/ensaio-fotografico-de-gestante-no-jardim-botanico-sp\\\/#primaryimage\"},\"image\":{\"@id\":\"https:\\\/\\\/biancamachado.com.br\\\/blog\\\/ensaio-fotografico-de-gestante-no-jardim-botanico-sp\\\/#primaryimage\"},\"thumbnailUrl\":\"https:\\\/\\\/i0.wp.com\\\/biancamachado.com.br\\\/blog\\\/wp-content\\\/uploads\\\/2016\\\/03\\\/Screenshot_170.png?fit=629%2C399&ssl=1\",\"datePublished\":\"2016-03-10T18:32:00+00:00\",\"dateModified\":\"2021-02-18T02:37:56+00:00\",\"breadcrumb\":{\"@id\":\"https:\\\/\\\/biancamachado.com.br\\\/blog\\\/ensaio-fotografico-de-gestante-no-jardim-botanico-sp\\\/#breadcrumb\"},\"inLanguage\":\"pt-BR\",\"potentialAction\":[{\"@type\":\"ReadAction\",\"target\":[\"https:\\\/\\\/biancamachado.com.br\\\/blog\\\/ensaio-fotografico-de-gestante-no-jardim-botanico-sp\\\/\"]}]},{\"@type\":\"ImageObject\",\"inLanguage\":\"pt-BR\",\"@id\":\"https:\\\/\\\/biancamachado.com.br\\\/blog\\\/ensaio-fotografico-de-gestante-no-jardim-botanico-sp\\\/#primaryimage\",\"url\":\"https:\\\/\\\/i0.wp.com\\\/biancamachado.com.br\\\/blog\\\/wp-content\\\/uploads\\\/2016\\\/03\\\/Screenshot_170.png?fit=629%2C399&ssl=1\",\"contentUrl\":\"https:\\\/\\\/i0.wp.com\\\/biancamachado.com.br\\\/blog\\\/wp-content\\\/uploads\\\/2016\\\/03\\\/Screenshot_170.png?fit=629%2C399&ssl=1\",\"width\":629,\"height\":399,\"caption\":\"Ensaio Fotogr\u00e1fico de Gestante no Jardim Bot\u00e2nico SP\"},{\"@type\":\"BreadcrumbList\",\"@id\":\"https:\\\/\\\/biancamachado.com.br\\\/blog\\\/ensaio-fotografico-de-gestante-no-jardim-botanico-sp\\\/#breadcrumb\",\"itemListElement\":[{\"@type\":\"ListItem\",\"position\":1,\"name\":\"In\u00edcio\",\"item\":\"https:\\\/\\\/biancamachado.com.br\\\/blog\\\/\"},{\"@type\":\"ListItem\",\"position\":2,\"name\":\"Ensaio Fotogr\u00e1fico de Gestante no Jardim Bot\u00e2nico SP\"}]},{\"@type\":\"WebSite\",\"@id\":\"https:\\\/\\\/biancamachado.com.br\\\/blog\\\/#website\",\"url\":\"https:\\\/\\\/biancamachado.com.br\\\/blog\\\/\",\"name\":\"STUDIO BIANCA MACHADO\",\"description\":\"Estudio Fotografico, Ensaios e Books de foto profissional\",\"publisher\":{\"@id\":\"https:\\\/\\\/biancamachado.com.br\\\/blog\\\/#organization\"},\"potentialAction\":[{\"@type\":\"SearchAction\",\"target\":{\"@type\":\"EntryPoint\",\"urlTemplate\":\"https:\\\/\\\/biancamachado.com.br\\\/blog\\\/?s={search_term_string}\"},\"query-input\":{\"@type\":\"PropertyValueSpecification\",\"valueRequired\":true,\"valueName\":\"search_term_string\"}}],\"inLanguage\":\"pt-BR\"},{\"@type\":\"Organization\",\"@id\":\"https:\\\/\\\/biancamachado.com.br\\\/blog\\\/#organization\",\"name\":\"STUDIO BIANCA MACHADO\",\"url\":\"https:\\\/\\\/biancamachado.com.br\\\/blog\\\/\",\"logo\":{\"@type\":\"ImageObject\",\"inLanguage\":\"pt-BR\",\"@id\":\"https:\\\/\\\/biancamachado.com.br\\\/blog\\\/#\\\/schema\\\/logo\\\/image\\\/\",\"url\":\"https:\\\/\\\/i0.wp.com\\\/biancamachado.com.br\\\/blog\\\/wp-content\\\/uploads\\\/2021\\\/02\\\/cropped-logo-ml.jpg?fit=278%2C100&ssl=1\",\"contentUrl\":\"https:\\\/\\\/i0.wp.com\\\/biancamachado.com.br\\\/blog\\\/wp-content\\\/uploads\\\/2021\\\/02\\\/cropped-logo-ml.jpg?fit=278%2C100&ssl=1\",\"width\":278,\"height\":100,\"caption\":\"STUDIO BIANCA MACHADO\"},\"image\":{\"@id\":\"https:\\\/\\\/biancamachado.com.br\\\/blog\\\/#\\\/schema\\\/logo\\\/image\\\/\"},\"sameAs\":[\"https:\\\/\\\/www.facebook.com\\\/Studiobiancamachado\\\/\",\"https:\\\/\\\/www.instagram.com\\\/Studiobiancamachado\\\/\"]},{\"@type\":\"Person\",\"@id\":\"https:\\\/\\\/biancamachado.com.br\\\/blog\\\/#\\\/schema\\\/person\\\/990263800ec5e9bdbbf092a2353550a1\",\"name\":\"biancamachado\",\"image\":{\"@type\":\"ImageObject\",\"inLanguage\":\"pt-BR\",\"@id\":\"https:\\\/\\\/secure.gravatar.com\\\/avatar\\\/62b1a50f2632dbc2e279c3eb55aa46cc324c969cff16a69c59756d155316542c?s=96&d=mm&r=g\",\"url\":\"https:\\\/\\\/secure.gravatar.com\\\/avatar\\\/62b1a50f2632dbc2e279c3eb55aa46cc324c969cff16a69c59756d155316542c?s=96&d=mm&r=g\",\"contentUrl\":\"https:\\\/\\\/secure.gravatar.com\\\/avatar\\\/62b1a50f2632dbc2e279c3eb55aa46cc324c969cff16a69c59756d155316542c?s=96&d=mm&r=g\",\"caption\":\"biancamachado\"},\"sameAs\":[\"https:\\\/\\\/biancamachado.com.br\\\/blog\"],\"url\":\"https:\\\/\\\/biancamachado.com.br\\\/blog\\\/author\\\/biancamachado\\\/\"}]}<\/script>\n<!-- \/ Yoast SEO plugin. -->","yoast_head_json":{"title":"Ensaio Fotogr\u00e1fico de Gestante no Jardim Bot\u00e2nico SP - STUDIO BIANCA MACHADO","robots":{"index":"index","follow":"follow","max-snippet":"max-snippet:-1","max-image-preview":"max-image-preview:large","max-video-preview":"max-video-preview:-1"},"canonical":"https:\/\/biancamachado.com.br\/blog\/ensaio-fotografico-de-gestante-no-jardim-botanico-sp\/","og_locale":"pt_BR","og_type":"article","og_title":"Ensaio Fotogr\u00e1fico de Gestante no Jardim Bot\u00e2nico SP - STUDIO BIANCA MACHADO","og_description":"Uma forma divertida e criativa","og_url":"https:\/\/biancamachado.com.br\/blog\/ensaio-fotografico-de-gestante-no-jardim-botanico-sp\/","og_site_name":"STUDIO BIANCA MACHADO","article_publisher":"https:\/\/www.facebook.com\/Studiobiancamachado\/","article_published_time":"2016-03-10T18:32:00+00:00","article_modified_time":"2021-02-18T02:37:56+00:00","og_image":[{"width":629,"height":399,"url":"https:\/\/i0.wp.com\/biancamachado.com.br\/blog\/wp-content\/uploads\/2016\/03\/Screenshot_170.png?fit=629%2C399&ssl=1","type":"image\/png"}],"author":"biancamachado","twitter_card":"summary_large_image","twitter_misc":{"Escrito por":"biancamachado","Est. tempo de leitura":"1 minuto"},"schema":{"@context":"https:\/\/schema.org","@graph":[{"@type":"Article","@id":"https:\/\/biancamachado.com.br\/blog\/ensaio-fotografico-de-gestante-no-jardim-botanico-sp\/#article","isPartOf":{"@id":"https:\/\/biancamachado.com.br\/blog\/ensaio-fotografico-de-gestante-no-jardim-botanico-sp\/"},"author":{"name":"biancamachado","@id":"https:\/\/biancamachado.com.br\/blog\/#\/schema\/person\/990263800ec5e9bdbbf092a2353550a1"},"headline":"Ensaio Fotogr\u00e1fico de Gestante no Jardim Bot\u00e2nico SP","datePublished":"2016-03-10T18:32:00+00:00","dateModified":"2021-02-18T02:37:56+00:00","mainEntityOfPage":{"@id":"https:\/\/biancamachado.com.br\/blog\/ensaio-fotografico-de-gestante-no-jardim-botanico-sp\/"},"wordCount":318,"commentCount":1,"publisher":{"@id":"https:\/\/biancamachado.com.br\/blog\/#organization"},"image":{"@id":"https:\/\/biancamachado.com.br\/blog\/ensaio-fotografico-de-gestante-no-jardim-botanico-sp\/#primaryimage"},"thumbnailUrl":"https:\/\/i0.wp.com\/biancamachado.com.br\/blog\/wp-content\/uploads\/2016\/03\/Screenshot_170.png?fit=629%2C399&ssl=1","keywords":["book fotografico em parques","ensaio gestante externo","fotografias de gravida","fotografos de gestante"],"articleSection":["Book Gestante Externo","Studio Bianca Machado"],"inLanguage":"pt-BR","potentialAction":[{"@type":"CommentAction","name":"Comment","target":["https:\/\/biancamachado.com.br\/blog\/ensaio-fotografico-de-gestante-no-jardim-botanico-sp\/#respond"]}]},{"@type":"WebPage","@id":"https:\/\/biancamachado.com.br\/blog\/ensaio-fotografico-de-gestante-no-jardim-botanico-sp\/","url":"https:\/\/biancamachado.com.br\/blog\/ensaio-fotografico-de-gestante-no-jardim-botanico-sp\/","name":"Ensaio Fotogr\u00e1fico de Gestante no Jardim Bot\u00e2nico SP - STUDIO BIANCA MACHADO","isPartOf":{"@id":"https:\/\/biancamachado.com.br\/blog\/#website"},"primaryImageOfPage":{"@id":"https:\/\/biancamachado.com.br\/blog\/ensaio-fotografico-de-gestante-no-jardim-botanico-sp\/#primaryimage"},"image":{"@id":"https:\/\/biancamachado.com.br\/blog\/ensaio-fotografico-de-gestante-no-jardim-botanico-sp\/#primaryimage"},"thumbnailUrl":"https:\/\/i0.wp.com\/biancamachado.com.br\/blog\/wp-content\/uploads\/2016\/03\/Screenshot_170.png?fit=629%2C399&ssl=1","datePublished":"2016-03-10T18:32:00+00:00","dateModified":"2021-02-18T02:37:56+00:00","breadcrumb":{"@id":"https:\/\/biancamachado.com.br\/blog\/ensaio-fotografico-de-gestante-no-jardim-botanico-sp\/#breadcrumb"},"inLanguage":"pt-BR","potentialAction":[{"@type":"ReadAction","target":["https:\/\/biancamachado.com.br\/blog\/ensaio-fotografico-de-gestante-no-jardim-botanico-sp\/"]}]},{"@type":"ImageObject","inLanguage":"pt-BR","@id":"https:\/\/biancamachado.com.br\/blog\/ensaio-fotografico-de-gestante-no-jardim-botanico-sp\/#primaryimage","url":"https:\/\/i0.wp.com\/biancamachado.com.br\/blog\/wp-content\/uploads\/2016\/03\/Screenshot_170.png?fit=629%2C399&ssl=1","contentUrl":"https:\/\/i0.wp.com\/biancamachado.com.br\/blog\/wp-content\/uploads\/2016\/03\/Screenshot_170.png?fit=629%2C399&ssl=1","width":629,"height":399,"caption":"Ensaio Fotogr\u00e1fico de Gestante no Jardim Bot\u00e2nico SP"},{"@type":"BreadcrumbList","@id":"https:\/\/biancamachado.com.br\/blog\/ensaio-fotografico-de-gestante-no-jardim-botanico-sp\/#breadcrumb","itemListElement":[{"@type":"ListItem","position":1,"name":"In\u00edcio","item":"https:\/\/biancamachado.com.br\/blog\/"},{"@type":"ListItem","position":2,"name":"Ensaio Fotogr\u00e1fico de Gestante no Jardim Bot\u00e2nico SP"}]},{"@type":"WebSite","@id":"https:\/\/biancamachado.com.br\/blog\/#website","url":"https:\/\/biancamachado.com.br\/blog\/","name":"STUDIO BIANCA MACHADO","description":"Estudio Fotografico, Ensaios e Books de foto profissional","publisher":{"@id":"https:\/\/biancamachado.com.br\/blog\/#organization"},"potentialAction":[{"@type":"SearchAction","target":{"@type":"EntryPoint","urlTemplate":"https:\/\/biancamachado.com.br\/blog\/?s={search_term_string}"},"query-input":{"@type":"PropertyValueSpecification","valueRequired":true,"valueName":"search_term_string"}}],"inLanguage":"pt-BR"},{"@type":"Organization","@id":"https:\/\/biancamachado.com.br\/blog\/#organization","name":"STUDIO BIANCA MACHADO","url":"https:\/\/biancamachado.com.br\/blog\/","logo":{"@type":"ImageObject","inLanguage":"pt-BR","@id":"https:\/\/biancamachado.com.br\/blog\/#\/schema\/logo\/image\/","url":"https:\/\/i0.wp.com\/biancamachado.com.br\/blog\/wp-content\/uploads\/2021\/02\/cropped-logo-ml.jpg?fit=278%2C100&ssl=1","contentUrl":"https:\/\/i0.wp.com\/biancamachado.com.br\/blog\/wp-content\/uploads\/2021\/02\/cropped-logo-ml.jpg?fit=278%2C100&ssl=1","width":278,"height":100,"caption":"STUDIO BIANCA MACHADO"},"image":{"@id":"https:\/\/biancamachado.com.br\/blog\/#\/schema\/logo\/image\/"},"sameAs":["https:\/\/www.facebook.com\/Studiobiancamachado\/","https:\/\/www.instagram.com\/Studiobiancamachado\/"]},{"@type":"Person","@id":"https:\/\/biancamachado.com.br\/blog\/#\/schema\/person\/990263800ec5e9bdbbf092a2353550a1","name":"biancamachado","image":{"@type":"ImageObject","inLanguage":"pt-BR","@id":"https:\/\/secure.gravatar.com\/avatar\/62b1a50f2632dbc2e279c3eb55aa46cc324c969cff16a69c59756d155316542c?s=96&d=mm&r=g","url":"https:\/\/secure.gravatar.com\/avatar\/62b1a50f2632dbc2e279c3eb55aa46cc324c969cff16a69c59756d155316542c?s=96&d=mm&r=g","contentUrl":"https:\/\/secure.gravatar.com\/avatar\/62b1a50f2632dbc2e279c3eb55aa46cc324c969cff16a69c59756d155316542c?s=96&d=mm&r=g","caption":"biancamachado"},"sameAs":["https:\/\/biancamachado.com.br\/blog"],"url":"https:\/\/biancamachado.com.br\/blog\/author\/biancamachado\/"}]}},"jetpack_featured_media_url":"https:\/\/i0.wp.com\/biancamachado.com.br\/blog\/wp-content\/uploads\/2016\/03\/Screenshot_170.png?fit=629%2C399&ssl=1","jetpack-related-posts":[],"jetpack_sharing_enabled":true,"_links":{"self":[{"href":"https:\/\/biancamachado.com.br\/blog\/wp-json\/wp\/v2\/posts\/209","targetHints":{"allow":["GET"]}}],"collection":[{"href":"https:\/\/biancamachado.com.br\/blog\/wp-json\/wp\/v2\/posts"}],"about":[{"href":"https:\/\/biancamachado.com.br\/blog\/wp-json\/wp\/v2\/types\/post"}],"author":[{"embeddable":true,"href":"https:\/\/biancamachado.com.br\/blog\/wp-json\/wp\/v2\/users\/1"}],"replies":[{"embeddable":true,"href":"https:\/\/biancamachado.com.br\/blog\/wp-json\/wp\/v2\/comments?post=209"}],"version-history":[{"count":1,"href":"https:\/\/biancamachado.com.br\/blog\/wp-json\/wp\/v2\/posts\/209\/revisions"}],"predecessor-version":[{"id":1538,"href":"https:\/\/biancamachado.com.br\/blog\/wp-json\/wp\/v2\/posts\/209\/revisions\/1538"}],"wp:featuredmedia":[{"embeddable":true,"href":"https:\/\/biancamachado.com.br\/blog\/wp-json\/wp\/v2\/media\/976"}],"wp:attachment":[{"href":"https:\/\/biancamachado.com.br\/blog\/wp-json\/wp\/v2\/media?parent=209"}],"wp:term":[{"taxonomy":"category","embeddable":true,"href":"https:\/\/biancamachado.com.br\/blog\/wp-json\/wp\/v2\/categories?post=209"},{"taxonomy":"post_tag","embeddable":true,"href":"https:\/\/biancamachado.com.br\/blog\/wp-json\/wp\/v2\/tags?post=209"}],"curies":[{"name":"wp","href":"https:\/\/api.w.org\/{rel}","templated":true}]}}