{"id":207,"date":"2016-03-10T16:20:00","date_gmt":"2016-03-10T19:20:00","guid":{"rendered":"https:\/\/biancamachado.com.br\/blog\/?p=207"},"modified":"2021-02-18T00:52:30","modified_gmt":"2021-02-18T03:52:30","slug":"melhores-precos-para-fotografos-de-festa-infantil-aniversario-de-criancas-em-sp","status":"publish","type":"post","link":"https:\/\/biancamachado.com.br\/blog\/melhores-precos-para-fotografos-de-festa-infantil-aniversario-de-criancas-em-sp\/","title":{"rendered":"Melhores pre\u00e7os para Fotografos de Festa infantil &#8211; Anivers\u00e1rio de Crian\u00e7as em SP"},"content":{"rendered":"<div style=\"text-align: justify;\">E para adequar a crise financeira, nada mais bacana do que a criatividade.<\/div>\n<div style=\"text-align: justify;\">Podemos muito bem nos divertir, manter nossas fam\u00edlias alegres, fazer festas usando a criatividade com economia e muita qualidade !<\/div>\n<div style=\"text-align: justify;\">Abrimos os novos pacotes de cobertura fotogr\u00e1fica para festa infantil e filmagem, com dura\u00e7\u00f5es que variam de 2 a 4 horas de foto e v\u00eddeo.<\/div>\n<div style=\"text-align: justify;\">Consulte nosso site com os valores sempre atualizados pelo link:&nbsp;http:\/\/www.biancamachado.com.br\/infantilalbum.html<\/div>\n<p><\/p>\n<table align=\"center\" cellpadding=\"0\" cellspacing=\"0\" style=\"margin-left: auto; margin-right: auto; text-align: center;\">\n<tbody>\n<tr>\n<td style=\"text-align: center;\"><a href=\"https:\/\/i0.wp.com\/2.bp.blogspot.com\/-b9ThdASnsOw\/VuHH1XJc8yI\/AAAAAAAAPxM\/fWrYn1UkSEk\/s1600\/fotografias%2Bde%2Baniversario%2Bprofissional.jpg?ssl=1\" style=\"margin-left: auto; margin-right: auto;\"><img data-recalc-dims=\"1\" loading=\"lazy\" decoding=\"async\" alt=\"fotografos profissionais de festa de anivers\u00e1rio infantil sp\" border=\"0\" height=\"300\" src=\"https:\/\/i0.wp.com\/2.bp.blogspot.com\/-b9ThdASnsOw\/VuHH1XJc8yI\/AAAAAAAAPxM\/fWrYn1UkSEk\/s640\/fotografias%2Bde%2Baniversario%2Bprofissional.jpg?resize=640%2C300&#038;ssl=1\" title=\"fotografos profissionais de festa de anivers\u00e1rio infantil sp\" width=\"640\" \/><\/a><\/td>\n<\/tr>\n<tr>\n<td style=\"text-align: center;\">fotografos profissionais de festa de anivers\u00e1rio infantil sp<\/td>\n<\/tr>\n<\/tbody>\n<\/table>\n<p><\/p>\n<table align=\"center\" cellpadding=\"0\" cellspacing=\"0\" style=\"margin-left: auto; margin-right: auto; text-align: center;\">\n<tbody>\n<tr>\n<td style=\"text-align: center;\"><a href=\"https:\/\/i0.wp.com\/1.bp.blogspot.com\/-S_kskYCf614\/VuHH1tXs_eI\/AAAAAAAAPxU\/JHU4uFlHbsw\/s1600\/fotografias%2Bde%2Bfestas%2Binfantis.jpg?ssl=1\" style=\"margin-left: auto; margin-right: auto;\"><img data-recalc-dims=\"1\" loading=\"lazy\" decoding=\"async\" alt=\"melhores pre\u00e7os de fotografo festa infantil sp\" border=\"0\" height=\"300\" src=\"https:\/\/i0.wp.com\/1.bp.blogspot.com\/-S_kskYCf614\/VuHH1tXs_eI\/AAAAAAAAPxU\/JHU4uFlHbsw\/s640\/fotografias%2Bde%2Bfestas%2Binfantis.jpg?resize=640%2C300&#038;ssl=1\" title=\"melhores pre\u00e7os de fotografo festa infantil sp\" width=\"640\" \/><\/a><\/td>\n<\/tr>\n<tr>\n<td style=\"text-align: center;\">melhores pre\u00e7os de fotografo festa infantil sp<\/td>\n<\/tr>\n<\/tbody>\n<\/table>\n<p><\/p>\n<table align=\"center\" cellpadding=\"0\" cellspacing=\"0\" style=\"margin-left: auto; margin-right: auto; text-align: center;\">\n<tbody>\n<tr>\n<td style=\"text-align: center;\"><a href=\"https:\/\/i0.wp.com\/3.bp.blogspot.com\/-mzW33HMUxiw\/VuHH1RiJkBI\/AAAAAAAAPxQ\/2nnU0-0APqs\/s1600\/fotografo%2Bde%2Bfesta.jpg?ssl=1\" style=\"margin-left: auto; margin-right: auto;\"><img data-recalc-dims=\"1\" loading=\"lazy\" decoding=\"async\" alt=\"fotografos baratos para festa de anivers\u00e1rio em sp\" border=\"0\" height=\"300\" src=\"https:\/\/i0.wp.com\/3.bp.blogspot.com\/-mzW33HMUxiw\/VuHH1RiJkBI\/AAAAAAAAPxQ\/2nnU0-0APqs\/s640\/fotografo%2Bde%2Bfesta.jpg?resize=640%2C300&#038;ssl=1\" title=\"fotografos baratos para festa de anivers\u00e1rio em sp\" width=\"640\" \/><\/a><\/td>\n<\/tr>\n<tr>\n<td style=\"text-align: center;\">fotografos baratos para festa de anivers\u00e1rio em sp<\/td>\n<\/tr>\n<\/tbody>\n<\/table>\n<p><\/p>\n<table align=\"center\" cellpadding=\"0\" cellspacing=\"0\" style=\"margin-left: auto; margin-right: auto; text-align: center;\">\n<tbody>\n<tr>\n<td style=\"text-align: center;\"><a href=\"https:\/\/i0.wp.com\/4.bp.blogspot.com\/-sonry2rVElo\/VuHH3v9UOkI\/AAAAAAAAPxg\/iwG2VmO8fR4\/s1600\/fotografo%2Bprofissional%2Bfesta%2Baniversario%2Binfantil.jpg?ssl=1\" style=\"margin-left: auto; margin-right: auto;\"><img data-recalc-dims=\"1\" loading=\"lazy\" decoding=\"async\" alt=\"fotografia de aniversario infantil pre\u00e7os\" border=\"0\" height=\"300\" src=\"https:\/\/i0.wp.com\/4.bp.blogspot.com\/-sonry2rVElo\/VuHH3v9UOkI\/AAAAAAAAPxg\/iwG2VmO8fR4\/s640\/fotografo%2Bprofissional%2Bfesta%2Baniversario%2Binfantil.jpg?resize=640%2C300&#038;ssl=1\" title=\"fotografia de aniversario infantil pre\u00e7os\" width=\"640\" \/><\/a><\/td>\n<\/tr>\n<tr>\n<td style=\"text-align: center;\">fotografia de aniversario infantil pre\u00e7os<\/td>\n<\/tr>\n<\/tbody>\n<\/table>\n<p><\/p>\n<table align=\"center\" cellpadding=\"0\" cellspacing=\"0\" style=\"margin-left: auto; margin-right: auto; text-align: center;\">\n<tbody>\n<tr>\n<td style=\"text-align: center;\"><a href=\"https:\/\/i0.wp.com\/3.bp.blogspot.com\/-MKT_lApYtWI\/VuHH2nxdbCI\/AAAAAAAAPxY\/CqAJuo3VdXI\/s1600\/fotografos%2Bde%2Bfesta%2Baniversario.jpg?ssl=1\" style=\"margin-left: auto; margin-right: auto;\"><img data-recalc-dims=\"1\" loading=\"lazy\" decoding=\"async\" alt=\"fotos de festa infantil sp\" border=\"0\" height=\"300\" src=\"https:\/\/i0.wp.com\/3.bp.blogspot.com\/-MKT_lApYtWI\/VuHH2nxdbCI\/AAAAAAAAPxY\/CqAJuo3VdXI\/s640\/fotografos%2Bde%2Bfesta%2Baniversario.jpg?resize=640%2C300&#038;ssl=1\" title=\"fotos de festa infantil sp\" width=\"640\" \/><\/a><\/td>\n<\/tr>\n<tr>\n<td style=\"text-align: center;\">fotos de festa infantil sp<\/td>\n<\/tr>\n<\/tbody>\n<\/table>\n<p><\/p>\n<table align=\"center\" cellpadding=\"0\" cellspacing=\"0\" style=\"margin-left: auto; margin-right: auto; text-align: center;\">\n<tbody>\n<tr>\n<td style=\"text-align: center;\"><a href=\"https:\/\/i0.wp.com\/3.bp.blogspot.com\/-cDJkr84Od-k\/VuHH3AefAXI\/AAAAAAAAPxc\/hRds0d4mPG0\/s1600\/fotos%2Bde%2Baniversario%2Binfantil.jpg?ssl=1\" style=\"margin-left: auto; margin-right: auto;\"><img data-recalc-dims=\"1\" loading=\"lazy\" decoding=\"async\" alt=\"promo\u00e7\u00f5es de fotografo festa\" border=\"0\" height=\"300\" src=\"https:\/\/i0.wp.com\/3.bp.blogspot.com\/-cDJkr84Od-k\/VuHH3AefAXI\/AAAAAAAAPxc\/hRds0d4mPG0\/s640\/fotos%2Bde%2Baniversario%2Binfantil.jpg?resize=640%2C300&#038;ssl=1\" title=\"promo\u00e7\u00f5es de fotografo festa\" width=\"640\" \/><\/a><\/td>\n<\/tr>\n<tr>\n<td style=\"text-align: center;\">promo\u00e7\u00f5es de fotografo festa<\/td>\n<\/tr>\n<\/tbody>\n<\/table>\n<p><\/p>\n<table align=\"center\" cellpadding=\"0\" cellspacing=\"0\" style=\"margin-left: auto; margin-right: auto; text-align: center;\">\n<tbody>\n<tr>\n<td style=\"text-align: center;\"><a href=\"https:\/\/i0.wp.com\/3.bp.blogspot.com\/-pcU-BKJ1GhM\/VuHH382QeMI\/AAAAAAAAPxk\/YaSeCmYbiHY\/s1600\/fotos%2Bfesta%2Bde%2Bcrianca.jpg?ssl=1\" style=\"margin-left: auto; margin-right: auto;\"><img data-recalc-dims=\"1\" loading=\"lazy\" decoding=\"async\" alt=\"melhores fotografos de festa infantil sp\" border=\"0\" height=\"300\" src=\"https:\/\/i0.wp.com\/3.bp.blogspot.com\/-pcU-BKJ1GhM\/VuHH382QeMI\/AAAAAAAAPxk\/YaSeCmYbiHY\/s640\/fotos%2Bfesta%2Bde%2Bcrianca.jpg?resize=640%2C300&#038;ssl=1\" title=\"melhores fotografos de festa infantil sp\" width=\"640\" \/><\/a><\/td>\n<\/tr>\n<tr>\n<td style=\"text-align: center;\">melhores fotografos de festa infantil sp<\/td>\n<\/tr>\n<\/tbody>\n<\/table>\n<p><\/p>\n<table align=\"center\" cellpadding=\"0\" cellspacing=\"0\" style=\"margin-left: auto; margin-right: auto; text-align: center;\">\n<tbody>\n<tr>\n<td style=\"text-align: center;\"><a href=\"https:\/\/i0.wp.com\/2.bp.blogspot.com\/-MRW4Pa_4lD4\/VuHH4hKgi_I\/AAAAAAAAPxo\/cOHIsZr_hEA\/s1600\/fotos%2Bfesta%2Binfantil%2Baniversario.jpg?ssl=1\" style=\"margin-left: auto; margin-right: auto;\"><img data-recalc-dims=\"1\" loading=\"lazy\" decoding=\"async\" alt=\"fotografia de crian\u00e7as para festa de anivers\u00e1rio\" border=\"0\" height=\"300\" src=\"https:\/\/i0.wp.com\/2.bp.blogspot.com\/-MRW4Pa_4lD4\/VuHH4hKgi_I\/AAAAAAAAPxo\/cOHIsZr_hEA\/s640\/fotos%2Bfesta%2Binfantil%2Baniversario.jpg?resize=640%2C300&#038;ssl=1\" title=\"fotografia de crian\u00e7as para festa de anivers\u00e1rio\" width=\"640\" \/><\/a><\/td>\n<\/tr>\n<tr>\n<td style=\"text-align: center;\">fotografia de crian\u00e7as para festa de anivers\u00e1rio<\/td>\n<\/tr>\n<\/tbody>\n<\/table>\n<p><\/p>\n<table border=\"0\" cellpadding=\"0\" cellspacing=\"0\">\n<tbody>\n<tr>\n<td>\n<table border=\"0\" cellpadding=\"0\" cellspacing=\"0\" style=\"width: 760px;\">\n<tbody>\n<tr>\n<td><span style=\"font-size: medium;\"><\/span><\/p>\n<div style=\"text-align: justify;\"><span style=\"font-size: medium;\">Consulte os pacotes personalizados para a compra de mais de 1 produto por email ou telefone.<\/span><\/div>\n<p><span style=\"font-size: medium;\"><\/span><\/td>\n<\/tr>\n<tr>\n<td><\/td>\n<\/tr>\n<tr>\n<td>Visite tamb\u00e9m nosso site:&nbsp;<a href=\"http:\/\/www.biancamachado.com.br\/\">www.biancamachado.com.br<\/a><br \/>(11) 97107-1018<\/td>\n<\/tr>\n<\/tbody>\n<\/table>\n<\/td>\n<\/tr>\n<\/tbody>\n<\/table>\nVisite tamb\u00e9m nosso site: www.biancamachado.com.br\r\n(11) 97107-1018\r\n\r\nAtendemos as regi\u00f5es de S\u00e3o Paulo, Sorocaba, Ibi\u00fana, Piedade, Votorantim, Cotia, Itupeva, Jundia\u00ed, It\u00fa e Campinas","protected":false},"excerpt":{"rendered":"<p>E para adequar a crise<\/p>\n","protected":false},"author":1,"featured_media":974,"comment_status":"open","ping_status":"open","sticky":false,"template":"","format":"standard","meta":{"_monsterinsights_skip_tracking":false,"_monsterinsights_sitenote_active":false,"_monsterinsights_sitenote_note":"","_monsterinsights_sitenote_category":0,"jetpack_post_was_ever_published":false,"_jetpack_newsletter_access":"","_jetpack_dont_email_post_to_subs":false,"_jetpack_newsletter_tier_id":0,"_jetpack_memberships_contains_paywalled_content":false,"_jetpack_memberships_contains_paid_content":false,"_joinchat":[],"footnotes":""},"categories":[319,1],"tags":[383],"class_list":["post-207","post","type-post","status-publish","format-standard","has-post-thumbnail","hentry","category-festa-infantil-aniversario","category-studio-bianca-machado","tag-festa-infantil-fotos"],"yoast_head":"<!-- This site is optimized with the Yoast SEO plugin v27.4 - https:\/\/yoast.com\/product\/yoast-seo-wordpress\/ -->\n<title>Melhores pre\u00e7os para Fotografos de Festa infantil - Anivers\u00e1rio de Crian\u00e7as em SP - STUDIO BIANCA MACHADO<\/title>\n<meta name=\"robots\" content=\"index, follow, max-snippet:-1, max-image-preview:large, max-video-preview:-1\" \/>\n<link rel=\"canonical\" href=\"https:\/\/biancamachado.com.br\/blog\/melhores-precos-para-fotografos-de-festa-infantil-aniversario-de-criancas-em-sp\/\" \/>\n<meta property=\"og:locale\" content=\"pt_BR\" \/>\n<meta property=\"og:type\" content=\"article\" \/>\n<meta property=\"og:title\" content=\"Melhores pre\u00e7os para Fotografos de Festa infantil - Anivers\u00e1rio de Crian\u00e7as em SP - STUDIO BIANCA MACHADO\" \/>\n<meta property=\"og:description\" content=\"E para adequar a crise\" \/>\n<meta property=\"og:url\" content=\"https:\/\/biancamachado.com.br\/blog\/melhores-precos-para-fotografos-de-festa-infantil-aniversario-de-criancas-em-sp\/\" \/>\n<meta property=\"og:site_name\" content=\"STUDIO BIANCA MACHADO\" \/>\n<meta property=\"article:publisher\" content=\"https:\/\/www.facebook.com\/Studiobiancamachado\/\" \/>\n<meta property=\"article:published_time\" content=\"2016-03-10T19:20:00+00:00\" \/>\n<meta property=\"article:modified_time\" content=\"2021-02-18T03:52:30+00:00\" \/>\n<meta property=\"og:image\" content=\"https:\/\/i0.wp.com\/biancamachado.com.br\/blog\/wp-content\/uploads\/2016\/03\/Screenshot_168.png?fit=594%2C302&ssl=1\" \/>\n\t<meta property=\"og:image:width\" content=\"594\" \/>\n\t<meta property=\"og:image:height\" content=\"302\" \/>\n\t<meta property=\"og:image:type\" content=\"image\/png\" \/>\n<meta name=\"author\" content=\"biancamachado\" \/>\n<meta name=\"twitter:card\" content=\"summary_large_image\" \/>\n<meta name=\"twitter:label1\" content=\"Escrito por\" \/>\n\t<meta name=\"twitter:data1\" content=\"biancamachado\" \/>\n\t<meta name=\"twitter:label2\" content=\"Est. tempo de leitura\" \/>\n\t<meta name=\"twitter:data2\" content=\"1 minuto\" \/>\n<script type=\"application\/ld+json\" class=\"yoast-schema-graph\">{\"@context\":\"https:\\\/\\\/schema.org\",\"@graph\":[{\"@type\":\"Article\",\"@id\":\"https:\\\/\\\/biancamachado.com.br\\\/blog\\\/melhores-precos-para-fotografos-de-festa-infantil-aniversario-de-criancas-em-sp\\\/#article\",\"isPartOf\":{\"@id\":\"https:\\\/\\\/biancamachado.com.br\\\/blog\\\/melhores-precos-para-fotografos-de-festa-infantil-aniversario-de-criancas-em-sp\\\/\"},\"author\":{\"name\":\"biancamachado\",\"@id\":\"https:\\\/\\\/biancamachado.com.br\\\/blog\\\/#\\\/schema\\\/person\\\/990263800ec5e9bdbbf092a2353550a1\"},\"headline\":\"Melhores pre\u00e7os para Fotografos de Festa infantil &#8211; Anivers\u00e1rio de Crian\u00e7as em SP\",\"datePublished\":\"2016-03-10T19:20:00+00:00\",\"dateModified\":\"2021-02-18T03:52:30+00:00\",\"mainEntityOfPage\":{\"@id\":\"https:\\\/\\\/biancamachado.com.br\\\/blog\\\/melhores-precos-para-fotografos-de-festa-infantil-aniversario-de-criancas-em-sp\\\/\"},\"wordCount\":176,\"commentCount\":0,\"publisher\":{\"@id\":\"https:\\\/\\\/biancamachado.com.br\\\/blog\\\/#organization\"},\"image\":{\"@id\":\"https:\\\/\\\/biancamachado.com.br\\\/blog\\\/melhores-precos-para-fotografos-de-festa-infantil-aniversario-de-criancas-em-sp\\\/#primaryimage\"},\"thumbnailUrl\":\"https:\\\/\\\/i0.wp.com\\\/biancamachado.com.br\\\/blog\\\/wp-content\\\/uploads\\\/2016\\\/03\\\/Screenshot_168.png?fit=594%2C302&ssl=1\",\"keywords\":[\"festa infantil fotos\"],\"articleSection\":[\"Festa Infantil \\\/ Anivers\u00e1rio\",\"Studio Bianca Machado\"],\"inLanguage\":\"pt-BR\",\"potentialAction\":[{\"@type\":\"CommentAction\",\"name\":\"Comment\",\"target\":[\"https:\\\/\\\/biancamachado.com.br\\\/blog\\\/melhores-precos-para-fotografos-de-festa-infantil-aniversario-de-criancas-em-sp\\\/#respond\"]}]},{\"@type\":\"WebPage\",\"@id\":\"https:\\\/\\\/biancamachado.com.br\\\/blog\\\/melhores-precos-para-fotografos-de-festa-infantil-aniversario-de-criancas-em-sp\\\/\",\"url\":\"https:\\\/\\\/biancamachado.com.br\\\/blog\\\/melhores-precos-para-fotografos-de-festa-infantil-aniversario-de-criancas-em-sp\\\/\",\"name\":\"Melhores pre\u00e7os para Fotografos de Festa infantil - Anivers\u00e1rio de Crian\u00e7as em SP - STUDIO BIANCA MACHADO\",\"isPartOf\":{\"@id\":\"https:\\\/\\\/biancamachado.com.br\\\/blog\\\/#website\"},\"primaryImageOfPage\":{\"@id\":\"https:\\\/\\\/biancamachado.com.br\\\/blog\\\/melhores-precos-para-fotografos-de-festa-infantil-aniversario-de-criancas-em-sp\\\/#primaryimage\"},\"image\":{\"@id\":\"https:\\\/\\\/biancamachado.com.br\\\/blog\\\/melhores-precos-para-fotografos-de-festa-infantil-aniversario-de-criancas-em-sp\\\/#primaryimage\"},\"thumbnailUrl\":\"https:\\\/\\\/i0.wp.com\\\/biancamachado.com.br\\\/blog\\\/wp-content\\\/uploads\\\/2016\\\/03\\\/Screenshot_168.png?fit=594%2C302&ssl=1\",\"datePublished\":\"2016-03-10T19:20:00+00:00\",\"dateModified\":\"2021-02-18T03:52:30+00:00\",\"breadcrumb\":{\"@id\":\"https:\\\/\\\/biancamachado.com.br\\\/blog\\\/melhores-precos-para-fotografos-de-festa-infantil-aniversario-de-criancas-em-sp\\\/#breadcrumb\"},\"inLanguage\":\"pt-BR\",\"potentialAction\":[{\"@type\":\"ReadAction\",\"target\":[\"https:\\\/\\\/biancamachado.com.br\\\/blog\\\/melhores-precos-para-fotografos-de-festa-infantil-aniversario-de-criancas-em-sp\\\/\"]}]},{\"@type\":\"ImageObject\",\"inLanguage\":\"pt-BR\",\"@id\":\"https:\\\/\\\/biancamachado.com.br\\\/blog\\\/melhores-precos-para-fotografos-de-festa-infantil-aniversario-de-criancas-em-sp\\\/#primaryimage\",\"url\":\"https:\\\/\\\/i0.wp.com\\\/biancamachado.com.br\\\/blog\\\/wp-content\\\/uploads\\\/2016\\\/03\\\/Screenshot_168.png?fit=594%2C302&ssl=1\",\"contentUrl\":\"https:\\\/\\\/i0.wp.com\\\/biancamachado.com.br\\\/blog\\\/wp-content\\\/uploads\\\/2016\\\/03\\\/Screenshot_168.png?fit=594%2C302&ssl=1\",\"width\":594,\"height\":302,\"caption\":\"Melhores pre\u00e7os para Fotografos de Festa infantil \u2013 Anivers\u00e1rio de Crian\u00e7as em SP\"},{\"@type\":\"BreadcrumbList\",\"@id\":\"https:\\\/\\\/biancamachado.com.br\\\/blog\\\/melhores-precos-para-fotografos-de-festa-infantil-aniversario-de-criancas-em-sp\\\/#breadcrumb\",\"itemListElement\":[{\"@type\":\"ListItem\",\"position\":1,\"name\":\"In\u00edcio\",\"item\":\"https:\\\/\\\/biancamachado.com.br\\\/blog\\\/\"},{\"@type\":\"ListItem\",\"position\":2,\"name\":\"Melhores pre\u00e7os para Fotografos de Festa infantil &#8211; Anivers\u00e1rio de Crian\u00e7as em SP\"}]},{\"@type\":\"WebSite\",\"@id\":\"https:\\\/\\\/biancamachado.com.br\\\/blog\\\/#website\",\"url\":\"https:\\\/\\\/biancamachado.com.br\\\/blog\\\/\",\"name\":\"STUDIO BIANCA MACHADO\",\"description\":\"Estudio Fotografico, Ensaios e Books de foto profissional\",\"publisher\":{\"@id\":\"https:\\\/\\\/biancamachado.com.br\\\/blog\\\/#organization\"},\"potentialAction\":[{\"@type\":\"SearchAction\",\"target\":{\"@type\":\"EntryPoint\",\"urlTemplate\":\"https:\\\/\\\/biancamachado.com.br\\\/blog\\\/?s={search_term_string}\"},\"query-input\":{\"@type\":\"PropertyValueSpecification\",\"valueRequired\":true,\"valueName\":\"search_term_string\"}}],\"inLanguage\":\"pt-BR\"},{\"@type\":\"Organization\",\"@id\":\"https:\\\/\\\/biancamachado.com.br\\\/blog\\\/#organization\",\"name\":\"STUDIO BIANCA MACHADO\",\"url\":\"https:\\\/\\\/biancamachado.com.br\\\/blog\\\/\",\"logo\":{\"@type\":\"ImageObject\",\"inLanguage\":\"pt-BR\",\"@id\":\"https:\\\/\\\/biancamachado.com.br\\\/blog\\\/#\\\/schema\\\/logo\\\/image\\\/\",\"url\":\"https:\\\/\\\/i0.wp.com\\\/biancamachado.com.br\\\/blog\\\/wp-content\\\/uploads\\\/2021\\\/02\\\/cropped-logo-ml.jpg?fit=278%2C100&ssl=1\",\"contentUrl\":\"https:\\\/\\\/i0.wp.com\\\/biancamachado.com.br\\\/blog\\\/wp-content\\\/uploads\\\/2021\\\/02\\\/cropped-logo-ml.jpg?fit=278%2C100&ssl=1\",\"width\":278,\"height\":100,\"caption\":\"STUDIO BIANCA MACHADO\"},\"image\":{\"@id\":\"https:\\\/\\\/biancamachado.com.br\\\/blog\\\/#\\\/schema\\\/logo\\\/image\\\/\"},\"sameAs\":[\"https:\\\/\\\/www.facebook.com\\\/Studiobiancamachado\\\/\",\"https:\\\/\\\/www.instagram.com\\\/Studiobiancamachado\\\/\"]},{\"@type\":\"Person\",\"@id\":\"https:\\\/\\\/biancamachado.com.br\\\/blog\\\/#\\\/schema\\\/person\\\/990263800ec5e9bdbbf092a2353550a1\",\"name\":\"biancamachado\",\"image\":{\"@type\":\"ImageObject\",\"inLanguage\":\"pt-BR\",\"@id\":\"https:\\\/\\\/secure.gravatar.com\\\/avatar\\\/62b1a50f2632dbc2e279c3eb55aa46cc324c969cff16a69c59756d155316542c?s=96&d=mm&r=g\",\"url\":\"https:\\\/\\\/secure.gravatar.com\\\/avatar\\\/62b1a50f2632dbc2e279c3eb55aa46cc324c969cff16a69c59756d155316542c?s=96&d=mm&r=g\",\"contentUrl\":\"https:\\\/\\\/secure.gravatar.com\\\/avatar\\\/62b1a50f2632dbc2e279c3eb55aa46cc324c969cff16a69c59756d155316542c?s=96&d=mm&r=g\",\"caption\":\"biancamachado\"},\"sameAs\":[\"https:\\\/\\\/biancamachado.com.br\\\/blog\"],\"url\":\"https:\\\/\\\/biancamachado.com.br\\\/blog\\\/author\\\/biancamachado\\\/\"}]}<\/script>\n<!-- \/ Yoast SEO plugin. -->","yoast_head_json":{"title":"Melhores pre\u00e7os para Fotografos de Festa infantil - Anivers\u00e1rio de Crian\u00e7as em SP - STUDIO BIANCA MACHADO","robots":{"index":"index","follow":"follow","max-snippet":"max-snippet:-1","max-image-preview":"max-image-preview:large","max-video-preview":"max-video-preview:-1"},"canonical":"https:\/\/biancamachado.com.br\/blog\/melhores-precos-para-fotografos-de-festa-infantil-aniversario-de-criancas-em-sp\/","og_locale":"pt_BR","og_type":"article","og_title":"Melhores pre\u00e7os para Fotografos de Festa infantil - Anivers\u00e1rio de Crian\u00e7as em SP - STUDIO BIANCA MACHADO","og_description":"E para adequar a crise","og_url":"https:\/\/biancamachado.com.br\/blog\/melhores-precos-para-fotografos-de-festa-infantil-aniversario-de-criancas-em-sp\/","og_site_name":"STUDIO BIANCA MACHADO","article_publisher":"https:\/\/www.facebook.com\/Studiobiancamachado\/","article_published_time":"2016-03-10T19:20:00+00:00","article_modified_time":"2021-02-18T03:52:30+00:00","og_image":[{"width":594,"height":302,"url":"https:\/\/i0.wp.com\/biancamachado.com.br\/blog\/wp-content\/uploads\/2016\/03\/Screenshot_168.png?fit=594%2C302&ssl=1","type":"image\/png"}],"author":"biancamachado","twitter_card":"summary_large_image","twitter_misc":{"Escrito por":"biancamachado","Est. tempo de leitura":"1 minuto"},"schema":{"@context":"https:\/\/schema.org","@graph":[{"@type":"Article","@id":"https:\/\/biancamachado.com.br\/blog\/melhores-precos-para-fotografos-de-festa-infantil-aniversario-de-criancas-em-sp\/#article","isPartOf":{"@id":"https:\/\/biancamachado.com.br\/blog\/melhores-precos-para-fotografos-de-festa-infantil-aniversario-de-criancas-em-sp\/"},"author":{"name":"biancamachado","@id":"https:\/\/biancamachado.com.br\/blog\/#\/schema\/person\/990263800ec5e9bdbbf092a2353550a1"},"headline":"Melhores pre\u00e7os para Fotografos de Festa infantil &#8211; Anivers\u00e1rio de Crian\u00e7as em SP","datePublished":"2016-03-10T19:20:00+00:00","dateModified":"2021-02-18T03:52:30+00:00","mainEntityOfPage":{"@id":"https:\/\/biancamachado.com.br\/blog\/melhores-precos-para-fotografos-de-festa-infantil-aniversario-de-criancas-em-sp\/"},"wordCount":176,"commentCount":0,"publisher":{"@id":"https:\/\/biancamachado.com.br\/blog\/#organization"},"image":{"@id":"https:\/\/biancamachado.com.br\/blog\/melhores-precos-para-fotografos-de-festa-infantil-aniversario-de-criancas-em-sp\/#primaryimage"},"thumbnailUrl":"https:\/\/i0.wp.com\/biancamachado.com.br\/blog\/wp-content\/uploads\/2016\/03\/Screenshot_168.png?fit=594%2C302&ssl=1","keywords":["festa infantil fotos"],"articleSection":["Festa Infantil \/ Anivers\u00e1rio","Studio Bianca Machado"],"inLanguage":"pt-BR","potentialAction":[{"@type":"CommentAction","name":"Comment","target":["https:\/\/biancamachado.com.br\/blog\/melhores-precos-para-fotografos-de-festa-infantil-aniversario-de-criancas-em-sp\/#respond"]}]},{"@type":"WebPage","@id":"https:\/\/biancamachado.com.br\/blog\/melhores-precos-para-fotografos-de-festa-infantil-aniversario-de-criancas-em-sp\/","url":"https:\/\/biancamachado.com.br\/blog\/melhores-precos-para-fotografos-de-festa-infantil-aniversario-de-criancas-em-sp\/","name":"Melhores pre\u00e7os para Fotografos de Festa infantil - Anivers\u00e1rio de Crian\u00e7as em SP - STUDIO BIANCA MACHADO","isPartOf":{"@id":"https:\/\/biancamachado.com.br\/blog\/#website"},"primaryImageOfPage":{"@id":"https:\/\/biancamachado.com.br\/blog\/melhores-precos-para-fotografos-de-festa-infantil-aniversario-de-criancas-em-sp\/#primaryimage"},"image":{"@id":"https:\/\/biancamachado.com.br\/blog\/melhores-precos-para-fotografos-de-festa-infantil-aniversario-de-criancas-em-sp\/#primaryimage"},"thumbnailUrl":"https:\/\/i0.wp.com\/biancamachado.com.br\/blog\/wp-content\/uploads\/2016\/03\/Screenshot_168.png?fit=594%2C302&ssl=1","datePublished":"2016-03-10T19:20:00+00:00","dateModified":"2021-02-18T03:52:30+00:00","breadcrumb":{"@id":"https:\/\/biancamachado.com.br\/blog\/melhores-precos-para-fotografos-de-festa-infantil-aniversario-de-criancas-em-sp\/#breadcrumb"},"inLanguage":"pt-BR","potentialAction":[{"@type":"ReadAction","target":["https:\/\/biancamachado.com.br\/blog\/melhores-precos-para-fotografos-de-festa-infantil-aniversario-de-criancas-em-sp\/"]}]},{"@type":"ImageObject","inLanguage":"pt-BR","@id":"https:\/\/biancamachado.com.br\/blog\/melhores-precos-para-fotografos-de-festa-infantil-aniversario-de-criancas-em-sp\/#primaryimage","url":"https:\/\/i0.wp.com\/biancamachado.com.br\/blog\/wp-content\/uploads\/2016\/03\/Screenshot_168.png?fit=594%2C302&ssl=1","contentUrl":"https:\/\/i0.wp.com\/biancamachado.com.br\/blog\/wp-content\/uploads\/2016\/03\/Screenshot_168.png?fit=594%2C302&ssl=1","width":594,"height":302,"caption":"Melhores pre\u00e7os para Fotografos de Festa infantil \u2013 Anivers\u00e1rio de Crian\u00e7as em SP"},{"@type":"BreadcrumbList","@id":"https:\/\/biancamachado.com.br\/blog\/melhores-precos-para-fotografos-de-festa-infantil-aniversario-de-criancas-em-sp\/#breadcrumb","itemListElement":[{"@type":"ListItem","position":1,"name":"In\u00edcio","item":"https:\/\/biancamachado.com.br\/blog\/"},{"@type":"ListItem","position":2,"name":"Melhores pre\u00e7os para Fotografos de Festa infantil &#8211; Anivers\u00e1rio de Crian\u00e7as em SP"}]},{"@type":"WebSite","@id":"https:\/\/biancamachado.com.br\/blog\/#website","url":"https:\/\/biancamachado.com.br\/blog\/","name":"STUDIO BIANCA MACHADO","description":"Estudio Fotografico, Ensaios e Books de foto profissional","publisher":{"@id":"https:\/\/biancamachado.com.br\/blog\/#organization"},"potentialAction":[{"@type":"SearchAction","target":{"@type":"EntryPoint","urlTemplate":"https:\/\/biancamachado.com.br\/blog\/?s={search_term_string}"},"query-input":{"@type":"PropertyValueSpecification","valueRequired":true,"valueName":"search_term_string"}}],"inLanguage":"pt-BR"},{"@type":"Organization","@id":"https:\/\/biancamachado.com.br\/blog\/#organization","name":"STUDIO BIANCA MACHADO","url":"https:\/\/biancamachado.com.br\/blog\/","logo":{"@type":"ImageObject","inLanguage":"pt-BR","@id":"https:\/\/biancamachado.com.br\/blog\/#\/schema\/logo\/image\/","url":"https:\/\/i0.wp.com\/biancamachado.com.br\/blog\/wp-content\/uploads\/2021\/02\/cropped-logo-ml.jpg?fit=278%2C100&ssl=1","contentUrl":"https:\/\/i0.wp.com\/biancamachado.com.br\/blog\/wp-content\/uploads\/2021\/02\/cropped-logo-ml.jpg?fit=278%2C100&ssl=1","width":278,"height":100,"caption":"STUDIO BIANCA MACHADO"},"image":{"@id":"https:\/\/biancamachado.com.br\/blog\/#\/schema\/logo\/image\/"},"sameAs":["https:\/\/www.facebook.com\/Studiobiancamachado\/","https:\/\/www.instagram.com\/Studiobiancamachado\/"]},{"@type":"Person","@id":"https:\/\/biancamachado.com.br\/blog\/#\/schema\/person\/990263800ec5e9bdbbf092a2353550a1","name":"biancamachado","image":{"@type":"ImageObject","inLanguage":"pt-BR","@id":"https:\/\/secure.gravatar.com\/avatar\/62b1a50f2632dbc2e279c3eb55aa46cc324c969cff16a69c59756d155316542c?s=96&d=mm&r=g","url":"https:\/\/secure.gravatar.com\/avatar\/62b1a50f2632dbc2e279c3eb55aa46cc324c969cff16a69c59756d155316542c?s=96&d=mm&r=g","contentUrl":"https:\/\/secure.gravatar.com\/avatar\/62b1a50f2632dbc2e279c3eb55aa46cc324c969cff16a69c59756d155316542c?s=96&d=mm&r=g","caption":"biancamachado"},"sameAs":["https:\/\/biancamachado.com.br\/blog"],"url":"https:\/\/biancamachado.com.br\/blog\/author\/biancamachado\/"}]}},"jetpack_featured_media_url":"https:\/\/i0.wp.com\/biancamachado.com.br\/blog\/wp-content\/uploads\/2016\/03\/Screenshot_168.png?fit=594%2C302&ssl=1","jetpack-related-posts":[],"jetpack_sharing_enabled":true,"_links":{"self":[{"href":"https:\/\/biancamachado.com.br\/blog\/wp-json\/wp\/v2\/posts\/207","targetHints":{"allow":["GET"]}}],"collection":[{"href":"https:\/\/biancamachado.com.br\/blog\/wp-json\/wp\/v2\/posts"}],"about":[{"href":"https:\/\/biancamachado.com.br\/blog\/wp-json\/wp\/v2\/types\/post"}],"author":[{"embeddable":true,"href":"https:\/\/biancamachado.com.br\/blog\/wp-json\/wp\/v2\/users\/1"}],"replies":[{"embeddable":true,"href":"https:\/\/biancamachado.com.br\/blog\/wp-json\/wp\/v2\/comments?post=207"}],"version-history":[{"count":1,"href":"https:\/\/biancamachado.com.br\/blog\/wp-json\/wp\/v2\/posts\/207\/revisions"}],"predecessor-version":[{"id":1790,"href":"https:\/\/biancamachado.com.br\/blog\/wp-json\/wp\/v2\/posts\/207\/revisions\/1790"}],"wp:featuredmedia":[{"embeddable":true,"href":"https:\/\/biancamachado.com.br\/blog\/wp-json\/wp\/v2\/media\/974"}],"wp:attachment":[{"href":"https:\/\/biancamachado.com.br\/blog\/wp-json\/wp\/v2\/media?parent=207"}],"wp:term":[{"taxonomy":"category","embeddable":true,"href":"https:\/\/biancamachado.com.br\/blog\/wp-json\/wp\/v2\/categories?post=207"},{"taxonomy":"post_tag","embeddable":true,"href":"https:\/\/biancamachado.com.br\/blog\/wp-json\/wp\/v2\/tags?post=207"}],"curies":[{"name":"wp","href":"https:\/\/api.w.org\/{rel}","templated":true}]}}