{"id":203,"date":"2016-03-23T17:10:00","date_gmt":"2016-03-23T20:10:00","guid":{"rendered":"https:\/\/biancamachado.com.br\/blog\/?p=203"},"modified":"2021-02-18T00:11:52","modified_gmt":"2021-02-18T03:11:52","slug":"fotos-para-bebe","status":"publish","type":"post","link":"https:\/\/biancamachado.com.br\/blog\/fotos-para-bebe\/","title":{"rendered":"Fotos para Beb\u00ea"},"content":{"rendered":"<div style=\"text-align: justify;\">Eba ! Mais um nen\u00e9m muito fofo para fazer o acompanhamento do primeiro aninho conosco !<\/div>\n<div style=\"text-align: justify;\">Que seja bem vindo o pequeno Davi, e a mam\u00e3e e papai super fofos, que est\u00e3o aqui com a gente desde a gesta\u00e7\u00e3o.<\/div>\n<div style=\"text-align: justify;\">\u00c9 uma sensa\u00e7\u00e3o maravilhosa acompanhar o crescimento, e a evolu\u00e7\u00e3o de uma fam\u00edlia t\u00e3o calma, linda, iluminada e fofa !<\/div>\n<div style=\"text-align: justify;\">Nosso estilo, \u00e9 repassar o carinho, o abra\u00e7o e beijo de toda a fam\u00edlia de uma forma interativa, criativa e natural que respeita e personaliza cada sess\u00e3o, cada cliente de acordo com o seu estilo de vida.<\/div>\n<div style=\"text-align: justify;\">As fotos podem ser feitas em fundo infinito branco, preto, e o jardim do est\u00fadio ( tamb\u00e9m com piso de madeira ).&nbsp;<\/div>\n<div style=\"text-align: justify;\">O bacana \u00e9 poder trazer o que quiser para a sess\u00e3o de fotos, desde roupinhas, fantasias, brinquedos, deixando tudo mais divertido.<\/div>\n<p>Visite tamb\u00e9m nosso site:&nbsp;<a href=\"http:\/\/www.biancamachado.com.br\/\">www.biancamachado.com.br<\/a><br \/>(11) 97107-1018<\/p>\n<table align=\"center\" cellpadding=\"0\" cellspacing=\"0\" style=\"margin-left: auto; margin-right: auto; text-align: center;\">\n<tbody>\n<tr>\n<td style=\"text-align: center;\"><a href=\"https:\/\/i0.wp.com\/1.bp.blogspot.com\/-hJqm3piUk0A\/VvL2zraI_8I\/AAAAAAAAP3k\/mTyodBXXx90KDABe_wzfChDHmIf3DfkrQ\/s1600\/acompanhamento%2Bde%2Bfotos%2Bpara%2Bbebes.jpg?ssl=1\" style=\"margin-left: auto; margin-right: auto;\"><img data-recalc-dims=\"1\" loading=\"lazy\" decoding=\"async\" alt=\"acompanhamento de fotos para bebes\" border=\"0\" height=\"426\" src=\"https:\/\/i0.wp.com\/1.bp.blogspot.com\/-hJqm3piUk0A\/VvL2zraI_8I\/AAAAAAAAP3k\/mTyodBXXx90KDABe_wzfChDHmIf3DfkrQ\/s640\/acompanhamento%2Bde%2Bfotos%2Bpara%2Bbebes.jpg?resize=640%2C426&#038;ssl=1\" title=\"acompanhamento de fotos para bebes\" width=\"640\" \/><\/a><\/td>\n<\/tr>\n<tr>\n<td style=\"text-align: center;\">acompanhamento de fotos para bebes<\/td>\n<\/tr>\n<\/tbody>\n<\/table>\n<p><\/p>\n<table align=\"center\" cellpadding=\"0\" cellspacing=\"0\" style=\"margin-left: auto; margin-right: auto; text-align: center;\">\n<tbody>\n<tr>\n<td style=\"text-align: center;\"><a href=\"https:\/\/i0.wp.com\/3.bp.blogspot.com\/-0vrsvs-xl6k\/VvL2zqttd7I\/AAAAAAAAP3o\/eMAXmIOX40YxJQqz1-KLLDmiNGyqz5ATw\/s1600\/acompanhamento%2Bdo%2Bprimeiro%2Baninho.jpg?ssl=1\" style=\"margin-left: auto; margin-right: auto;\"><img data-recalc-dims=\"1\" loading=\"lazy\" decoding=\"async\" alt=\"acompanhamento do primeiro aninho\" border=\"0\" height=\"640\" src=\"https:\/\/i0.wp.com\/3.bp.blogspot.com\/-0vrsvs-xl6k\/VvL2zqttd7I\/AAAAAAAAP3o\/eMAXmIOX40YxJQqz1-KLLDmiNGyqz5ATw\/s640\/acompanhamento%2Bdo%2Bprimeiro%2Baninho.jpg?resize=426%2C640&#038;ssl=1\" title=\"acompanhamento do primeiro aninho\" width=\"426\" \/><\/a><\/td>\n<\/tr>\n<tr>\n<td style=\"text-align: center;\">acompanhamento do primeiro aninho<\/td>\n<\/tr>\n<\/tbody>\n<\/table>\n<p><\/p>\n<table align=\"center\" cellpadding=\"0\" cellspacing=\"0\" style=\"margin-left: auto; margin-right: auto; text-align: center;\">\n<tbody>\n<tr>\n<td style=\"text-align: center;\"><a href=\"https:\/\/i0.wp.com\/3.bp.blogspot.com\/-leihb93UBZQ\/VvL2zRcSr3I\/AAAAAAAAP3g\/oKdpsh-rcyE_U0QntWa5_L47joPTDBESw\/s1600\/acompanhamento%2Bmes%2Ba%2Bmes.jpg?ssl=1\" style=\"margin-left: auto; margin-right: auto;\"><img data-recalc-dims=\"1\" loading=\"lazy\" decoding=\"async\" alt=\"acompanhamento mes a mes\" border=\"0\" height=\"426\" src=\"https:\/\/i0.wp.com\/3.bp.blogspot.com\/-leihb93UBZQ\/VvL2zRcSr3I\/AAAAAAAAP3g\/oKdpsh-rcyE_U0QntWa5_L47joPTDBESw\/s640\/acompanhamento%2Bmes%2Ba%2Bmes.jpg?resize=640%2C426&#038;ssl=1\" title=\"acompanhamento mes a mes\" width=\"640\" \/><\/a><\/td>\n<\/tr>\n<tr>\n<td style=\"text-align: center;\">acompanhamento mes a mes<\/td>\n<\/tr>\n<\/tbody>\n<\/table>\n<p><\/p>\n<table align=\"center\" cellpadding=\"0\" cellspacing=\"0\" style=\"margin-left: auto; margin-right: auto; text-align: center;\">\n<tbody>\n<tr>\n<td style=\"text-align: center;\"><a href=\"https:\/\/i0.wp.com\/1.bp.blogspot.com\/-GcA7ffIOriw\/VvL22MvK2II\/AAAAAAAAP30\/3dVywZ0XjEIXfmkAJP5S7UpEgBdLopTOA\/s1600\/book%2Bacompanhamento%2Bbebe.jpg?ssl=1\" style=\"margin-left: auto; margin-right: auto;\"><img data-recalc-dims=\"1\" loading=\"lazy\" decoding=\"async\" alt=\"book acompanhamento bebe\" border=\"0\" height=\"426\" src=\"https:\/\/i0.wp.com\/1.bp.blogspot.com\/-GcA7ffIOriw\/VvL22MvK2II\/AAAAAAAAP30\/3dVywZ0XjEIXfmkAJP5S7UpEgBdLopTOA\/s640\/book%2Bacompanhamento%2Bbebe.jpg?resize=640%2C426&#038;ssl=1\" title=\"book acompanhamento bebe\" width=\"640\" \/><\/a><\/td>\n<\/tr>\n<tr>\n<td style=\"text-align: center;\">book acompanhamento bebe<\/td>\n<\/tr>\n<\/tbody>\n<\/table>\n<p><\/p>\n<table align=\"center\" cellpadding=\"0\" cellspacing=\"0\" style=\"margin-left: auto; margin-right: auto; text-align: center;\">\n<tbody>\n<tr>\n<td style=\"text-align: center;\"><a href=\"https:\/\/i0.wp.com\/1.bp.blogspot.com\/-ziDUFPGuuf8\/VvL21VEOmBI\/AAAAAAAAP3s\/JqW_si3w-O4Ki5TkEdmT3cwodcMCFSwbQ\/s1600\/ensaio%2Bfotografico%2Bmes%2Ba%2Bmes.jpg?ssl=1\" style=\"margin-left: auto; margin-right: auto;\"><img data-recalc-dims=\"1\" loading=\"lazy\" decoding=\"async\" alt=\"ensaio fotografico mes a mes\" border=\"0\" height=\"426\" src=\"https:\/\/i0.wp.com\/1.bp.blogspot.com\/-ziDUFPGuuf8\/VvL21VEOmBI\/AAAAAAAAP3s\/JqW_si3w-O4Ki5TkEdmT3cwodcMCFSwbQ\/s640\/ensaio%2Bfotografico%2Bmes%2Ba%2Bmes.jpg?resize=640%2C426&#038;ssl=1\" title=\"ensaio fotografico mes a mes\" width=\"640\" \/><\/a><\/td>\n<\/tr>\n<tr>\n<td style=\"text-align: center;\">ensaio fotografico mes a mes<\/td>\n<\/tr>\n<\/tbody>\n<\/table>\n<p><\/p>\n<table align=\"center\" cellpadding=\"0\" cellspacing=\"0\" style=\"margin-left: auto; margin-right: auto; text-align: center;\">\n<tbody>\n<tr>\n<td style=\"text-align: center;\"><a href=\"https:\/\/i0.wp.com\/1.bp.blogspot.com\/-vcW06aHShGQ\/VvL21g4BZWI\/AAAAAAAAP3w\/tQPAC2vUCUgdaWqO42GpUr7YWE2WnrElg\/s1600\/fotografias%2Bdiferentes%2Bpara%2Bbebes.jpg?ssl=1\" style=\"margin-left: auto; margin-right: auto;\"><img data-recalc-dims=\"1\" loading=\"lazy\" decoding=\"async\" alt=\"fotografias diferentes para bebes\" border=\"0\" height=\"426\" src=\"https:\/\/i0.wp.com\/1.bp.blogspot.com\/-vcW06aHShGQ\/VvL21g4BZWI\/AAAAAAAAP3w\/tQPAC2vUCUgdaWqO42GpUr7YWE2WnrElg\/s640\/fotografias%2Bdiferentes%2Bpara%2Bbebes.jpg?resize=640%2C426&#038;ssl=1\" title=\"fotografias diferentes para bebes\" width=\"640\" \/><\/a><\/td>\n<\/tr>\n<tr>\n<td style=\"text-align: center;\">fotografias diferentes para bebes<\/td>\n<\/tr>\n<\/tbody>\n<\/table>\n<p><\/p>\n<table align=\"center\" cellpadding=\"0\" cellspacing=\"0\" style=\"margin-left: auto; margin-right: auto; text-align: center;\">\n<tbody>\n<tr>\n<td style=\"text-align: center;\"><a href=\"https:\/\/i0.wp.com\/1.bp.blogspot.com\/-dKVdyPXMvec\/VvL22hljcII\/AAAAAAAAP34\/6MJ6YKsf3WQ0hb_GkhCs25hrerxWYExjg\/s1600\/fotos%2Bde%2Bbebe%2Bmensais.jpg?ssl=1\" style=\"margin-left: auto; margin-right: auto;\"><img data-recalc-dims=\"1\" loading=\"lazy\" decoding=\"async\" alt=\"fotos de bebe mensais\" border=\"0\" height=\"426\" src=\"https:\/\/i0.wp.com\/1.bp.blogspot.com\/-dKVdyPXMvec\/VvL22hljcII\/AAAAAAAAP34\/6MJ6YKsf3WQ0hb_GkhCs25hrerxWYExjg\/s640\/fotos%2Bde%2Bbebe%2Bmensais.jpg?resize=640%2C426&#038;ssl=1\" title=\"fotos de bebe mensais\" width=\"640\" \/><\/a><\/td>\n<\/tr>\n<tr>\n<td style=\"text-align: center;\">fotos de bebe mensais<\/td>\n<\/tr>\n<\/tbody>\n<\/table>\n<p><\/p>\n<table align=\"center\" cellpadding=\"0\" cellspacing=\"0\" style=\"margin-left: auto; margin-right: auto; text-align: center;\">\n<tbody>\n<tr>\n<td style=\"text-align: center;\"><a href=\"https:\/\/i0.wp.com\/3.bp.blogspot.com\/-ki1FcUoslWo\/VvL23Ncxz_I\/AAAAAAAAP38\/iVPxsrFv7QQf5W507Yxa1hsbtNh7jA3OQ\/s1600\/fotos%2Bde%2Bbebes%2Bcom%2Ba%2Bfamilia%2Bem%2Bestudio.jpg?ssl=1\" style=\"margin-left: auto; margin-right: auto;\"><img data-recalc-dims=\"1\" loading=\"lazy\" decoding=\"async\" alt=\"fotos de bebes com a familia em estudio\" border=\"0\" height=\"426\" src=\"https:\/\/i0.wp.com\/3.bp.blogspot.com\/-ki1FcUoslWo\/VvL23Ncxz_I\/AAAAAAAAP38\/iVPxsrFv7QQf5W507Yxa1hsbtNh7jA3OQ\/s640\/fotos%2Bde%2Bbebes%2Bcom%2Ba%2Bfamilia%2Bem%2Bestudio.jpg?resize=640%2C426&#038;ssl=1\" title=\"fotos de bebes com a familia em estudio\" width=\"640\" \/><\/a><\/td>\n<\/tr>\n<tr>\n<td style=\"text-align: center;\">fotos de bebes com a familia em estudio<\/td>\n<\/tr>\n<\/tbody>\n<\/table>\n<p><\/p>\n<table align=\"center\" cellpadding=\"0\" cellspacing=\"0\" style=\"margin-left: auto; margin-right: auto; text-align: center;\">\n<tbody>\n<tr>\n<td style=\"text-align: center;\"><a href=\"https:\/\/i0.wp.com\/1.bp.blogspot.com\/-DvC5T03OVwU\/VvL23edAdtI\/AAAAAAAAP4A\/oZ4yUafTfcopRGi_wEmd9kkExQum1lC0Q\/s1600\/fotos%2Bde%2Bbebes%2Bmes%2Ba%2Bmes.jpg?ssl=1\" style=\"margin-left: auto; margin-right: auto;\"><img data-recalc-dims=\"1\" loading=\"lazy\" decoding=\"async\" alt=\"fotos de bebes mes a mes\" border=\"0\" height=\"426\" src=\"https:\/\/i0.wp.com\/1.bp.blogspot.com\/-DvC5T03OVwU\/VvL23edAdtI\/AAAAAAAAP4A\/oZ4yUafTfcopRGi_wEmd9kkExQum1lC0Q\/s640\/fotos%2Bde%2Bbebes%2Bmes%2Ba%2Bmes.jpg?resize=640%2C426&#038;ssl=1\" title=\"fotos de bebes mes a mes\" width=\"640\" \/><\/a><\/td>\n<\/tr>\n<tr>\n<td style=\"text-align: center;\">fotos de bebes mes a mes<\/td>\n<\/tr>\n<\/tbody>\n<\/table>\n<p><\/p>\nVisite tamb\u00e9m nosso site: www.biancamachado.com.br\r\n(11) 97107-1018\r\n\r\nAtendemos as regi\u00f5es de S\u00e3o Paulo, Sorocaba, Ibi\u00fana, Piedade, Votorantim, Cotia, Itupeva, Jundia\u00ed, It\u00fa e Campinas","protected":false},"excerpt":{"rendered":"<p>Eba ! Mais um nen\u00e9m<\/p>\n","protected":false},"author":1,"featured_media":970,"comment_status":"open","ping_status":"open","sticky":false,"template":"","format":"standard","meta":{"_monsterinsights_skip_tracking":false,"_monsterinsights_sitenote_active":false,"_monsterinsights_sitenote_note":"","_monsterinsights_sitenote_category":0,"jetpack_post_was_ever_published":false,"_jetpack_newsletter_access":"","_jetpack_dont_email_post_to_subs":false,"_jetpack_newsletter_tier_id":0,"_jetpack_memberships_contains_paywalled_content":false,"_jetpack_memberships_contains_paid_content":false,"_joinchat":[],"footnotes":""},"categories":[292,1],"tags":[332,333,334],"class_list":["post-203","post","type-post","status-publish","format-standard","has-post-thumbnail","hentry","category-book-familia-estudio","category-studio-bianca-machado","tag-book-familia-em-estudio","tag-ensaio-de-fotos-com-criancas","tag-fotografia-profissional-para-familias"],"yoast_head":"<!-- This site is optimized with the Yoast SEO plugin v27.5 - https:\/\/yoast.com\/product\/yoast-seo-wordpress\/ -->\n<title>Fotos para Beb\u00ea - STUDIO BIANCA MACHADO<\/title>\n<meta name=\"robots\" content=\"index, follow, max-snippet:-1, max-image-preview:large, max-video-preview:-1\" \/>\n<link rel=\"canonical\" href=\"https:\/\/biancamachado.com.br\/blog\/fotos-para-bebe\/\" \/>\n<meta property=\"og:locale\" content=\"pt_BR\" \/>\n<meta property=\"og:type\" content=\"article\" \/>\n<meta property=\"og:title\" content=\"Fotos para Beb\u00ea - STUDIO BIANCA MACHADO\" \/>\n<meta property=\"og:description\" content=\"Eba ! Mais um nen\u00e9m\" \/>\n<meta property=\"og:url\" content=\"https:\/\/biancamachado.com.br\/blog\/fotos-para-bebe\/\" \/>\n<meta property=\"og:site_name\" content=\"STUDIO BIANCA MACHADO\" \/>\n<meta property=\"article:publisher\" content=\"https:\/\/www.facebook.com\/Studiobiancamachado\/\" \/>\n<meta property=\"article:published_time\" content=\"2016-03-23T20:10:00+00:00\" \/>\n<meta property=\"article:modified_time\" content=\"2021-02-18T03:11:52+00:00\" \/>\n<meta property=\"og:image\" content=\"https:\/\/i0.wp.com\/biancamachado.com.br\/blog\/wp-content\/uploads\/2016\/03\/Screenshot_164.png?fit=617%2C411&ssl=1\" \/>\n\t<meta property=\"og:image:width\" content=\"617\" \/>\n\t<meta property=\"og:image:height\" content=\"411\" \/>\n\t<meta property=\"og:image:type\" content=\"image\/png\" \/>\n<meta name=\"author\" content=\"biancamachado\" \/>\n<meta name=\"twitter:card\" content=\"summary_large_image\" \/>\n<meta name=\"twitter:label1\" content=\"Escrito por\" \/>\n\t<meta name=\"twitter:data1\" content=\"biancamachado\" \/>\n\t<meta name=\"twitter:label2\" content=\"Est. tempo de leitura\" \/>\n\t<meta name=\"twitter:data2\" content=\"1 minuto\" \/>\n<script type=\"application\/ld+json\" class=\"yoast-schema-graph\">{\"@context\":\"https:\\\/\\\/schema.org\",\"@graph\":[{\"@type\":\"Article\",\"@id\":\"https:\\\/\\\/biancamachado.com.br\\\/blog\\\/fotos-para-bebe\\\/#article\",\"isPartOf\":{\"@id\":\"https:\\\/\\\/biancamachado.com.br\\\/blog\\\/fotos-para-bebe\\\/\"},\"author\":{\"name\":\"biancamachado\",\"@id\":\"https:\\\/\\\/biancamachado.com.br\\\/blog\\\/#\\\/schema\\\/person\\\/990263800ec5e9bdbbf092a2353550a1\"},\"headline\":\"Fotos para Beb\u00ea\",\"datePublished\":\"2016-03-23T20:10:00+00:00\",\"dateModified\":\"2021-02-18T03:11:52+00:00\",\"mainEntityOfPage\":{\"@id\":\"https:\\\/\\\/biancamachado.com.br\\\/blog\\\/fotos-para-bebe\\\/\"},\"wordCount\":203,\"commentCount\":0,\"publisher\":{\"@id\":\"https:\\\/\\\/biancamachado.com.br\\\/blog\\\/#organization\"},\"image\":{\"@id\":\"https:\\\/\\\/biancamachado.com.br\\\/blog\\\/fotos-para-bebe\\\/#primaryimage\"},\"thumbnailUrl\":\"https:\\\/\\\/i0.wp.com\\\/biancamachado.com.br\\\/blog\\\/wp-content\\\/uploads\\\/2016\\\/03\\\/Screenshot_164.png?fit=617%2C411&ssl=1\",\"keywords\":[\"Book familia em estudio\",\"ensaio de fotos com crian\u00e7as\",\"fotografia profissional para familias\"],\"articleSection\":[\"Book Familia Estudio\",\"Studio Bianca Machado\"],\"inLanguage\":\"pt-BR\",\"potentialAction\":[{\"@type\":\"CommentAction\",\"name\":\"Comment\",\"target\":[\"https:\\\/\\\/biancamachado.com.br\\\/blog\\\/fotos-para-bebe\\\/#respond\"]}]},{\"@type\":\"WebPage\",\"@id\":\"https:\\\/\\\/biancamachado.com.br\\\/blog\\\/fotos-para-bebe\\\/\",\"url\":\"https:\\\/\\\/biancamachado.com.br\\\/blog\\\/fotos-para-bebe\\\/\",\"name\":\"Fotos para Beb\u00ea - STUDIO BIANCA MACHADO\",\"isPartOf\":{\"@id\":\"https:\\\/\\\/biancamachado.com.br\\\/blog\\\/#website\"},\"primaryImageOfPage\":{\"@id\":\"https:\\\/\\\/biancamachado.com.br\\\/blog\\\/fotos-para-bebe\\\/#primaryimage\"},\"image\":{\"@id\":\"https:\\\/\\\/biancamachado.com.br\\\/blog\\\/fotos-para-bebe\\\/#primaryimage\"},\"thumbnailUrl\":\"https:\\\/\\\/i0.wp.com\\\/biancamachado.com.br\\\/blog\\\/wp-content\\\/uploads\\\/2016\\\/03\\\/Screenshot_164.png?fit=617%2C411&ssl=1\",\"datePublished\":\"2016-03-23T20:10:00+00:00\",\"dateModified\":\"2021-02-18T03:11:52+00:00\",\"breadcrumb\":{\"@id\":\"https:\\\/\\\/biancamachado.com.br\\\/blog\\\/fotos-para-bebe\\\/#breadcrumb\"},\"inLanguage\":\"pt-BR\",\"potentialAction\":[{\"@type\":\"ReadAction\",\"target\":[\"https:\\\/\\\/biancamachado.com.br\\\/blog\\\/fotos-para-bebe\\\/\"]}]},{\"@type\":\"ImageObject\",\"inLanguage\":\"pt-BR\",\"@id\":\"https:\\\/\\\/biancamachado.com.br\\\/blog\\\/fotos-para-bebe\\\/#primaryimage\",\"url\":\"https:\\\/\\\/i0.wp.com\\\/biancamachado.com.br\\\/blog\\\/wp-content\\\/uploads\\\/2016\\\/03\\\/Screenshot_164.png?fit=617%2C411&ssl=1\",\"contentUrl\":\"https:\\\/\\\/i0.wp.com\\\/biancamachado.com.br\\\/blog\\\/wp-content\\\/uploads\\\/2016\\\/03\\\/Screenshot_164.png?fit=617%2C411&ssl=1\",\"width\":617,\"height\":411,\"caption\":\"Fotos para Beb\u00ea\"},{\"@type\":\"BreadcrumbList\",\"@id\":\"https:\\\/\\\/biancamachado.com.br\\\/blog\\\/fotos-para-bebe\\\/#breadcrumb\",\"itemListElement\":[{\"@type\":\"ListItem\",\"position\":1,\"name\":\"In\u00edcio\",\"item\":\"https:\\\/\\\/biancamachado.com.br\\\/blog\\\/\"},{\"@type\":\"ListItem\",\"position\":2,\"name\":\"Fotos para Beb\u00ea\"}]},{\"@type\":\"WebSite\",\"@id\":\"https:\\\/\\\/biancamachado.com.br\\\/blog\\\/#website\",\"url\":\"https:\\\/\\\/biancamachado.com.br\\\/blog\\\/\",\"name\":\"STUDIO BIANCA MACHADO\",\"description\":\"Estudio Fotografico, Ensaios e Books de foto profissional\",\"publisher\":{\"@id\":\"https:\\\/\\\/biancamachado.com.br\\\/blog\\\/#organization\"},\"potentialAction\":[{\"@type\":\"SearchAction\",\"target\":{\"@type\":\"EntryPoint\",\"urlTemplate\":\"https:\\\/\\\/biancamachado.com.br\\\/blog\\\/?s={search_term_string}\"},\"query-input\":{\"@type\":\"PropertyValueSpecification\",\"valueRequired\":true,\"valueName\":\"search_term_string\"}}],\"inLanguage\":\"pt-BR\"},{\"@type\":\"Organization\",\"@id\":\"https:\\\/\\\/biancamachado.com.br\\\/blog\\\/#organization\",\"name\":\"STUDIO BIANCA MACHADO\",\"url\":\"https:\\\/\\\/biancamachado.com.br\\\/blog\\\/\",\"logo\":{\"@type\":\"ImageObject\",\"inLanguage\":\"pt-BR\",\"@id\":\"https:\\\/\\\/biancamachado.com.br\\\/blog\\\/#\\\/schema\\\/logo\\\/image\\\/\",\"url\":\"https:\\\/\\\/i0.wp.com\\\/biancamachado.com.br\\\/blog\\\/wp-content\\\/uploads\\\/2021\\\/02\\\/cropped-logo-ml.jpg?fit=278%2C100&ssl=1\",\"contentUrl\":\"https:\\\/\\\/i0.wp.com\\\/biancamachado.com.br\\\/blog\\\/wp-content\\\/uploads\\\/2021\\\/02\\\/cropped-logo-ml.jpg?fit=278%2C100&ssl=1\",\"width\":278,\"height\":100,\"caption\":\"STUDIO BIANCA MACHADO\"},\"image\":{\"@id\":\"https:\\\/\\\/biancamachado.com.br\\\/blog\\\/#\\\/schema\\\/logo\\\/image\\\/\"},\"sameAs\":[\"https:\\\/\\\/www.facebook.com\\\/Studiobiancamachado\\\/\",\"https:\\\/\\\/www.instagram.com\\\/Studiobiancamachado\\\/\"]},{\"@type\":\"Person\",\"@id\":\"https:\\\/\\\/biancamachado.com.br\\\/blog\\\/#\\\/schema\\\/person\\\/990263800ec5e9bdbbf092a2353550a1\",\"name\":\"biancamachado\",\"image\":{\"@type\":\"ImageObject\",\"inLanguage\":\"pt-BR\",\"@id\":\"https:\\\/\\\/secure.gravatar.com\\\/avatar\\\/62b1a50f2632dbc2e279c3eb55aa46cc324c969cff16a69c59756d155316542c?s=96&d=mm&r=g\",\"url\":\"https:\\\/\\\/secure.gravatar.com\\\/avatar\\\/62b1a50f2632dbc2e279c3eb55aa46cc324c969cff16a69c59756d155316542c?s=96&d=mm&r=g\",\"contentUrl\":\"https:\\\/\\\/secure.gravatar.com\\\/avatar\\\/62b1a50f2632dbc2e279c3eb55aa46cc324c969cff16a69c59756d155316542c?s=96&d=mm&r=g\",\"caption\":\"biancamachado\"},\"sameAs\":[\"https:\\\/\\\/biancamachado.com.br\\\/blog\"],\"url\":\"https:\\\/\\\/biancamachado.com.br\\\/blog\\\/author\\\/biancamachado\\\/\"}]}<\/script>\n<!-- \/ Yoast SEO plugin. -->","yoast_head_json":{"title":"Fotos para Beb\u00ea - STUDIO BIANCA MACHADO","robots":{"index":"index","follow":"follow","max-snippet":"max-snippet:-1","max-image-preview":"max-image-preview:large","max-video-preview":"max-video-preview:-1"},"canonical":"https:\/\/biancamachado.com.br\/blog\/fotos-para-bebe\/","og_locale":"pt_BR","og_type":"article","og_title":"Fotos para Beb\u00ea - STUDIO BIANCA MACHADO","og_description":"Eba ! Mais um nen\u00e9m","og_url":"https:\/\/biancamachado.com.br\/blog\/fotos-para-bebe\/","og_site_name":"STUDIO BIANCA MACHADO","article_publisher":"https:\/\/www.facebook.com\/Studiobiancamachado\/","article_published_time":"2016-03-23T20:10:00+00:00","article_modified_time":"2021-02-18T03:11:52+00:00","og_image":[{"width":617,"height":411,"url":"https:\/\/i0.wp.com\/biancamachado.com.br\/blog\/wp-content\/uploads\/2016\/03\/Screenshot_164.png?fit=617%2C411&ssl=1","type":"image\/png"}],"author":"biancamachado","twitter_card":"summary_large_image","twitter_misc":{"Escrito por":"biancamachado","Est. tempo de leitura":"1 minuto"},"schema":{"@context":"https:\/\/schema.org","@graph":[{"@type":"Article","@id":"https:\/\/biancamachado.com.br\/blog\/fotos-para-bebe\/#article","isPartOf":{"@id":"https:\/\/biancamachado.com.br\/blog\/fotos-para-bebe\/"},"author":{"name":"biancamachado","@id":"https:\/\/biancamachado.com.br\/blog\/#\/schema\/person\/990263800ec5e9bdbbf092a2353550a1"},"headline":"Fotos para Beb\u00ea","datePublished":"2016-03-23T20:10:00+00:00","dateModified":"2021-02-18T03:11:52+00:00","mainEntityOfPage":{"@id":"https:\/\/biancamachado.com.br\/blog\/fotos-para-bebe\/"},"wordCount":203,"commentCount":0,"publisher":{"@id":"https:\/\/biancamachado.com.br\/blog\/#organization"},"image":{"@id":"https:\/\/biancamachado.com.br\/blog\/fotos-para-bebe\/#primaryimage"},"thumbnailUrl":"https:\/\/i0.wp.com\/biancamachado.com.br\/blog\/wp-content\/uploads\/2016\/03\/Screenshot_164.png?fit=617%2C411&ssl=1","keywords":["Book familia em estudio","ensaio de fotos com crian\u00e7as","fotografia profissional para familias"],"articleSection":["Book Familia Estudio","Studio Bianca Machado"],"inLanguage":"pt-BR","potentialAction":[{"@type":"CommentAction","name":"Comment","target":["https:\/\/biancamachado.com.br\/blog\/fotos-para-bebe\/#respond"]}]},{"@type":"WebPage","@id":"https:\/\/biancamachado.com.br\/blog\/fotos-para-bebe\/","url":"https:\/\/biancamachado.com.br\/blog\/fotos-para-bebe\/","name":"Fotos para Beb\u00ea - STUDIO BIANCA MACHADO","isPartOf":{"@id":"https:\/\/biancamachado.com.br\/blog\/#website"},"primaryImageOfPage":{"@id":"https:\/\/biancamachado.com.br\/blog\/fotos-para-bebe\/#primaryimage"},"image":{"@id":"https:\/\/biancamachado.com.br\/blog\/fotos-para-bebe\/#primaryimage"},"thumbnailUrl":"https:\/\/i0.wp.com\/biancamachado.com.br\/blog\/wp-content\/uploads\/2016\/03\/Screenshot_164.png?fit=617%2C411&ssl=1","datePublished":"2016-03-23T20:10:00+00:00","dateModified":"2021-02-18T03:11:52+00:00","breadcrumb":{"@id":"https:\/\/biancamachado.com.br\/blog\/fotos-para-bebe\/#breadcrumb"},"inLanguage":"pt-BR","potentialAction":[{"@type":"ReadAction","target":["https:\/\/biancamachado.com.br\/blog\/fotos-para-bebe\/"]}]},{"@type":"ImageObject","inLanguage":"pt-BR","@id":"https:\/\/biancamachado.com.br\/blog\/fotos-para-bebe\/#primaryimage","url":"https:\/\/i0.wp.com\/biancamachado.com.br\/blog\/wp-content\/uploads\/2016\/03\/Screenshot_164.png?fit=617%2C411&ssl=1","contentUrl":"https:\/\/i0.wp.com\/biancamachado.com.br\/blog\/wp-content\/uploads\/2016\/03\/Screenshot_164.png?fit=617%2C411&ssl=1","width":617,"height":411,"caption":"Fotos para Beb\u00ea"},{"@type":"BreadcrumbList","@id":"https:\/\/biancamachado.com.br\/blog\/fotos-para-bebe\/#breadcrumb","itemListElement":[{"@type":"ListItem","position":1,"name":"In\u00edcio","item":"https:\/\/biancamachado.com.br\/blog\/"},{"@type":"ListItem","position":2,"name":"Fotos para Beb\u00ea"}]},{"@type":"WebSite","@id":"https:\/\/biancamachado.com.br\/blog\/#website","url":"https:\/\/biancamachado.com.br\/blog\/","name":"STUDIO BIANCA MACHADO","description":"Estudio Fotografico, Ensaios e Books de foto profissional","publisher":{"@id":"https:\/\/biancamachado.com.br\/blog\/#organization"},"potentialAction":[{"@type":"SearchAction","target":{"@type":"EntryPoint","urlTemplate":"https:\/\/biancamachado.com.br\/blog\/?s={search_term_string}"},"query-input":{"@type":"PropertyValueSpecification","valueRequired":true,"valueName":"search_term_string"}}],"inLanguage":"pt-BR"},{"@type":"Organization","@id":"https:\/\/biancamachado.com.br\/blog\/#organization","name":"STUDIO BIANCA MACHADO","url":"https:\/\/biancamachado.com.br\/blog\/","logo":{"@type":"ImageObject","inLanguage":"pt-BR","@id":"https:\/\/biancamachado.com.br\/blog\/#\/schema\/logo\/image\/","url":"https:\/\/i0.wp.com\/biancamachado.com.br\/blog\/wp-content\/uploads\/2021\/02\/cropped-logo-ml.jpg?fit=278%2C100&ssl=1","contentUrl":"https:\/\/i0.wp.com\/biancamachado.com.br\/blog\/wp-content\/uploads\/2021\/02\/cropped-logo-ml.jpg?fit=278%2C100&ssl=1","width":278,"height":100,"caption":"STUDIO BIANCA MACHADO"},"image":{"@id":"https:\/\/biancamachado.com.br\/blog\/#\/schema\/logo\/image\/"},"sameAs":["https:\/\/www.facebook.com\/Studiobiancamachado\/","https:\/\/www.instagram.com\/Studiobiancamachado\/"]},{"@type":"Person","@id":"https:\/\/biancamachado.com.br\/blog\/#\/schema\/person\/990263800ec5e9bdbbf092a2353550a1","name":"biancamachado","image":{"@type":"ImageObject","inLanguage":"pt-BR","@id":"https:\/\/secure.gravatar.com\/avatar\/62b1a50f2632dbc2e279c3eb55aa46cc324c969cff16a69c59756d155316542c?s=96&d=mm&r=g","url":"https:\/\/secure.gravatar.com\/avatar\/62b1a50f2632dbc2e279c3eb55aa46cc324c969cff16a69c59756d155316542c?s=96&d=mm&r=g","contentUrl":"https:\/\/secure.gravatar.com\/avatar\/62b1a50f2632dbc2e279c3eb55aa46cc324c969cff16a69c59756d155316542c?s=96&d=mm&r=g","caption":"biancamachado"},"sameAs":["https:\/\/biancamachado.com.br\/blog"],"url":"https:\/\/biancamachado.com.br\/blog\/author\/biancamachado\/"}]}},"jetpack_featured_media_url":"https:\/\/i0.wp.com\/biancamachado.com.br\/blog\/wp-content\/uploads\/2016\/03\/Screenshot_164.png?fit=617%2C411&ssl=1","jetpack-related-posts":[],"jetpack_sharing_enabled":true,"_links":{"self":[{"href":"https:\/\/biancamachado.com.br\/blog\/wp-json\/wp\/v2\/posts\/203","targetHints":{"allow":["GET"]}}],"collection":[{"href":"https:\/\/biancamachado.com.br\/blog\/wp-json\/wp\/v2\/posts"}],"about":[{"href":"https:\/\/biancamachado.com.br\/blog\/wp-json\/wp\/v2\/types\/post"}],"author":[{"embeddable":true,"href":"https:\/\/biancamachado.com.br\/blog\/wp-json\/wp\/v2\/users\/1"}],"replies":[{"embeddable":true,"href":"https:\/\/biancamachado.com.br\/blog\/wp-json\/wp\/v2\/comments?post=203"}],"version-history":[{"count":1,"href":"https:\/\/biancamachado.com.br\/blog\/wp-json\/wp\/v2\/posts\/203\/revisions"}],"predecessor-version":[{"id":1635,"href":"https:\/\/biancamachado.com.br\/blog\/wp-json\/wp\/v2\/posts\/203\/revisions\/1635"}],"wp:featuredmedia":[{"embeddable":true,"href":"https:\/\/biancamachado.com.br\/blog\/wp-json\/wp\/v2\/media\/970"}],"wp:attachment":[{"href":"https:\/\/biancamachado.com.br\/blog\/wp-json\/wp\/v2\/media?parent=203"}],"wp:term":[{"taxonomy":"category","embeddable":true,"href":"https:\/\/biancamachado.com.br\/blog\/wp-json\/wp\/v2\/categories?post=203"},{"taxonomy":"post_tag","embeddable":true,"href":"https:\/\/biancamachado.com.br\/blog\/wp-json\/wp\/v2\/tags?post=203"}],"curies":[{"name":"wp","href":"https:\/\/api.w.org\/{rel}","templated":true}]}}