{"id":202,"date":"2016-03-23T17:42:00","date_gmt":"2016-03-23T20:42:00","guid":{"rendered":"https:\/\/biancamachado.com.br\/blog\/?p=202"},"modified":"2021-02-18T00:11:52","modified_gmt":"2021-02-18T03:11:52","slug":"fotos-de-bebe-mes-a-mes-2","status":"publish","type":"post","link":"https:\/\/biancamachado.com.br\/blog\/fotos-de-bebe-mes-a-mes-2\/","title":{"rendered":"Fotos de Beb\u00ea m\u00eas a m\u00eas"},"content":{"rendered":"<div style=\"text-align: justify;\">Olha a Isabellinha j\u00e1 com 9 meses !<\/div>\n<div style=\"text-align: justify;\">Hoje ela \u00e9 a nossa coelhinha da P\u00e1scoa, trazendo sorriso, chocolate, simpatia e uma energia contagiante com esse sorris\u00e3o.<\/div>\n<div style=\"text-align: justify;\">Todos m\u00eas \u00e9 festa aqui quando ela chega.<\/div>\n<div style=\"text-align: justify;\">E olha que ela tem a mesma idade que a minha bebezinha mais nova, e eu tenho mais foto da Isabellinha do que da pequena Akemi ! ( fot\u00f3grafa m\u00e3e de 3 filhos \u00e9 assim mesmo kkk )<\/div>\n<div style=\"text-align: justify;\">O bacana quando ela chega, \u00e9 que ela j\u00e1 me reconhece e estica os bracinhos !<\/div>\n<div style=\"text-align: justify;\">Esse trabalho tem uma recompensa enorme, eu amo tanto isso tudo.<\/div>\n<div style=\"text-align: justify;\">Todo dia eu trabalho sorrindo, feliz, agradecida.&nbsp;<\/div>\n<div style=\"text-align: justify;\">Por que estou sempre rodeada dessas fofurinhas !<\/div>\n<div style=\"text-align: justify;\"><\/div>\n<p>Visite tamb\u00e9m nosso site:&nbsp;<a href=\"http:\/\/www.biancamachado.com.br\/\">www.biancamachado.com.br<\/a><br \/>(11) 97107-1018<\/p>\n<table align=\"center\" cellpadding=\"0\" cellspacing=\"0\" style=\"margin-left: auto; margin-right: auto; text-align: center;\">\n<tbody>\n<tr>\n<td style=\"text-align: center;\"><a href=\"https:\/\/i0.wp.com\/2.bp.blogspot.com\/-yt2fwXM0tA4\/VvL-obrM5kI\/AAAAAAAAP4c\/9-_3gGnPUSUx7F1TCFbXMGsnv5NlXS0rA\/s1600\/Acompanhamento%2Bde%2Bfotos%2Bdo%2Bprimeiro%2Bano.jpg?ssl=1\" style=\"margin-left: auto; margin-right: auto;\"><img data-recalc-dims=\"1\" loading=\"lazy\" decoding=\"async\" alt=\"Acompanhamento de fotos do primeiro ano\" border=\"0\" height=\"640\" src=\"https:\/\/i0.wp.com\/2.bp.blogspot.com\/-yt2fwXM0tA4\/VvL-obrM5kI\/AAAAAAAAP4c\/9-_3gGnPUSUx7F1TCFbXMGsnv5NlXS0rA\/s640\/Acompanhamento%2Bde%2Bfotos%2Bdo%2Bprimeiro%2Bano.jpg?resize=424%2C640&#038;ssl=1\" title=\"Acompanhamento de fotos do primeiro ano\" width=\"424\" \/><\/a><\/td>\n<\/tr>\n<tr>\n<td style=\"text-align: center;\">Acompanhamento de fotos do primeiro ano<\/td>\n<\/tr>\n<\/tbody>\n<\/table>\n<p><\/p>\n<table align=\"center\" cellpadding=\"0\" cellspacing=\"0\" style=\"margin-left: auto; margin-right: auto; text-align: center;\">\n<tbody>\n<tr>\n<td style=\"text-align: center;\"><a href=\"https:\/\/i0.wp.com\/2.bp.blogspot.com\/-D7suv9e8b3Q\/VvL-mgsMoaI\/AAAAAAAAP4U\/wocC0MglIJoUBYQRm2osdDUFDq-Aw_lOw\/s1600\/book%2Bacompanhamento%2Btema%2Bpascoa.jpg?ssl=1\" style=\"margin-left: auto; margin-right: auto;\"><img data-recalc-dims=\"1\" loading=\"lazy\" decoding=\"async\" alt=\"book acompanhamento tema pascoa\" border=\"0\" height=\"640\" src=\"https:\/\/i0.wp.com\/2.bp.blogspot.com\/-D7suv9e8b3Q\/VvL-mgsMoaI\/AAAAAAAAP4U\/wocC0MglIJoUBYQRm2osdDUFDq-Aw_lOw\/s640\/book%2Bacompanhamento%2Btema%2Bpascoa.jpg?resize=426%2C640&#038;ssl=1\" title=\"book acompanhamento tema pascoa\" width=\"426\" \/><\/a><\/td>\n<\/tr>\n<tr>\n<td style=\"text-align: center;\">book acompanhamento tema pascoa<\/td>\n<\/tr>\n<\/tbody>\n<\/table>\n<p><\/p>\n<table align=\"center\" cellpadding=\"0\" cellspacing=\"0\" style=\"margin-left: auto; margin-right: auto; text-align: center;\">\n<tbody>\n<tr>\n<td style=\"text-align: center;\"><a href=\"https:\/\/i0.wp.com\/4.bp.blogspot.com\/-6ImpFkIivSw\/VvL-mnLGqGI\/AAAAAAAAP4Y\/gxi2zDOJlZ0IP4xPjMEvgd_KzUPmXC5uQ\/s1600\/fotografia%2Bde%2Bfamilias%2Bmensais.jpg?ssl=1\" style=\"margin-left: auto; margin-right: auto;\"><img data-recalc-dims=\"1\" loading=\"lazy\" decoding=\"async\" alt=\"fotografia de familias mensais\" border=\"0\" height=\"426\" src=\"https:\/\/i0.wp.com\/4.bp.blogspot.com\/-6ImpFkIivSw\/VvL-mnLGqGI\/AAAAAAAAP4Y\/gxi2zDOJlZ0IP4xPjMEvgd_KzUPmXC5uQ\/s640\/fotografia%2Bde%2Bfamilias%2Bmensais.jpg?resize=640%2C426&#038;ssl=1\" title=\"fotografia de familias mensais\" width=\"640\" \/><\/a><\/td>\n<\/tr>\n<tr>\n<td style=\"text-align: center;\">fotografia de familias mensais<\/td>\n<\/tr>\n<\/tbody>\n<\/table>\n<p><\/p>\n<table align=\"center\" cellpadding=\"0\" cellspacing=\"0\" style=\"margin-left: auto; margin-right: auto; text-align: center;\">\n<tbody>\n<tr>\n<td style=\"text-align: center;\"><a href=\"https:\/\/i0.wp.com\/1.bp.blogspot.com\/-jajexZqo9HY\/VvL-oofNFaI\/AAAAAAAAP4g\/xvmkojS0HBY5ZmuTf9zQ-p2FPH_6CTp-w\/s1600\/fotografos%2Bde%2Bbeb%25C3%25AAs.jpg?ssl=1\" style=\"margin-left: auto; margin-right: auto;\"><img data-recalc-dims=\"1\" loading=\"lazy\" decoding=\"async\" alt=\"fotografos de beb\u00eas\" border=\"0\" height=\"640\" src=\"https:\/\/i0.wp.com\/1.bp.blogspot.com\/-jajexZqo9HY\/VvL-oofNFaI\/AAAAAAAAP4g\/xvmkojS0HBY5ZmuTf9zQ-p2FPH_6CTp-w\/s640\/fotografos%2Bde%2Bbeb%25C3%25AAs.jpg?resize=426%2C640&#038;ssl=1\" title=\"fotografos de beb\u00eas\" width=\"426\" \/><\/a><\/td>\n<\/tr>\n<tr>\n<td style=\"text-align: center;\">fotografos de beb\u00eas<\/td>\n<\/tr>\n<\/tbody>\n<\/table>\n<p><\/p>\n<table align=\"center\" cellpadding=\"0\" cellspacing=\"0\" style=\"margin-left: auto; margin-right: auto; text-align: center;\">\n<tbody>\n<tr>\n<td style=\"text-align: center;\"><a href=\"https:\/\/i0.wp.com\/2.bp.blogspot.com\/-m247B994-xw\/VvL-o35HgiI\/AAAAAAAAP4k\/jmefybndeZ0cOfuadepJYqisePRJdSQpw\/s1600\/fotos%2Bde%2Bbeb%25C3%25AA%2Bem%2Bestudio.jpg?ssl=1\" style=\"margin-left: auto; margin-right: auto;\"><img data-recalc-dims=\"1\" loading=\"lazy\" decoding=\"async\" alt=\"fotos de beb\u00ea em estudio\" border=\"0\" height=\"426\" src=\"https:\/\/i0.wp.com\/2.bp.blogspot.com\/-m247B994-xw\/VvL-o35HgiI\/AAAAAAAAP4k\/jmefybndeZ0cOfuadepJYqisePRJdSQpw\/s640\/fotos%2Bde%2Bbeb%25C3%25AA%2Bem%2Bestudio.jpg?resize=640%2C426&#038;ssl=1\" title=\"fotos de beb\u00ea em estudio\" width=\"640\" \/><\/a><\/td>\n<\/tr>\n<tr>\n<td style=\"text-align: center;\">fotos de beb\u00ea em estudio<\/td>\n<\/tr>\n<\/tbody>\n<\/table>\n<p><\/p>\n<table align=\"center\" cellpadding=\"0\" cellspacing=\"0\" style=\"margin-left: auto; margin-right: auto; text-align: center;\">\n<tbody>\n<tr>\n<td style=\"text-align: center;\"><a href=\"https:\/\/i0.wp.com\/4.bp.blogspot.com\/-c-1ycuCvBsU\/VvL-qfgJh9I\/AAAAAAAAP4o\/zfOwKgXheEIYNueGCRVzFb7Cl5Mvo8dNA\/s1600\/fotos%2Bde%2Bcoelhinha%2Bde%2Bpascoa%2Bem%2Bestudio.jpg?ssl=1\" style=\"margin-left: auto; margin-right: auto;\"><img data-recalc-dims=\"1\" loading=\"lazy\" decoding=\"async\" alt=\"fotos de coelhinha de pascoa em estudio\" border=\"0\" height=\"426\" src=\"https:\/\/i0.wp.com\/4.bp.blogspot.com\/-c-1ycuCvBsU\/VvL-qfgJh9I\/AAAAAAAAP4o\/zfOwKgXheEIYNueGCRVzFb7Cl5Mvo8dNA\/s640\/fotos%2Bde%2Bcoelhinha%2Bde%2Bpascoa%2Bem%2Bestudio.jpg?resize=640%2C426&#038;ssl=1\" title=\"fotos de coelhinha de pascoa em estudio\" width=\"640\" \/><\/a><\/td>\n<\/tr>\n<tr>\n<td style=\"text-align: center;\">fotos de coelhinha de pascoa em estudio<\/td>\n<\/tr>\n<\/tbody>\n<\/table>\n<p><\/p>\nVisite tamb\u00e9m nosso site: www.biancamachado.com.br\r\n(11) 97107-1018\r\n\r\nAtendemos as regi\u00f5es de S\u00e3o Paulo, Sorocaba, Ibi\u00fana, Piedade, Votorantim, Cotia, Itupeva, Jundia\u00ed, It\u00fa e Campinas","protected":false},"excerpt":{"rendered":"<p>Olha a Isabellinha j\u00e1 com<\/p>\n","protected":false},"author":1,"featured_media":969,"comment_status":"open","ping_status":"open","sticky":false,"template":"","format":"standard","meta":{"_monsterinsights_skip_tracking":false,"_monsterinsights_sitenote_active":false,"_monsterinsights_sitenote_note":"","_monsterinsights_sitenote_category":0,"jetpack_post_was_ever_published":false,"_jetpack_newsletter_access":"","_jetpack_dont_email_post_to_subs":false,"_jetpack_newsletter_tier_id":0,"_jetpack_memberships_contains_paywalled_content":false,"_jetpack_memberships_contains_paid_content":false,"_joinchat":[],"footnotes":""},"categories":[292,1],"tags":[332,333,334],"class_list":["post-202","post","type-post","status-publish","format-standard","has-post-thumbnail","hentry","category-book-familia-estudio","category-studio-bianca-machado","tag-book-familia-em-estudio","tag-ensaio-de-fotos-com-criancas","tag-fotografia-profissional-para-familias"],"yoast_head":"<!-- This site is optimized with the Yoast SEO plugin v27.4 - https:\/\/yoast.com\/product\/yoast-seo-wordpress\/ -->\n<title>Fotos de Beb\u00ea m\u00eas a m\u00eas - STUDIO BIANCA MACHADO<\/title>\n<meta name=\"robots\" content=\"index, follow, max-snippet:-1, max-image-preview:large, max-video-preview:-1\" \/>\n<link rel=\"canonical\" href=\"https:\/\/biancamachado.com.br\/blog\/fotos-de-bebe-mes-a-mes-2\/\" \/>\n<meta property=\"og:locale\" content=\"pt_BR\" \/>\n<meta property=\"og:type\" content=\"article\" \/>\n<meta property=\"og:title\" content=\"Fotos de Beb\u00ea m\u00eas a m\u00eas - STUDIO BIANCA MACHADO\" \/>\n<meta property=\"og:description\" content=\"Olha a Isabellinha j\u00e1 com\" \/>\n<meta property=\"og:url\" content=\"https:\/\/biancamachado.com.br\/blog\/fotos-de-bebe-mes-a-mes-2\/\" \/>\n<meta property=\"og:site_name\" content=\"STUDIO BIANCA MACHADO\" \/>\n<meta property=\"article:publisher\" content=\"https:\/\/www.facebook.com\/Studiobiancamachado\/\" \/>\n<meta property=\"article:published_time\" content=\"2016-03-23T20:42:00+00:00\" \/>\n<meta property=\"article:modified_time\" content=\"2021-02-18T03:11:52+00:00\" \/>\n<meta property=\"og:image\" content=\"https:\/\/i0.wp.com\/biancamachado.com.br\/blog\/wp-content\/uploads\/2016\/03\/Screenshot_163.png?fit=623%2C402&ssl=1\" \/>\n\t<meta property=\"og:image:width\" content=\"623\" \/>\n\t<meta property=\"og:image:height\" content=\"402\" \/>\n\t<meta property=\"og:image:type\" content=\"image\/png\" \/>\n<meta name=\"author\" content=\"biancamachado\" \/>\n<meta name=\"twitter:card\" content=\"summary_large_image\" \/>\n<meta name=\"twitter:label1\" content=\"Escrito por\" \/>\n\t<meta name=\"twitter:data1\" content=\"biancamachado\" \/>\n\t<meta name=\"twitter:label2\" content=\"Est. tempo de leitura\" \/>\n\t<meta name=\"twitter:data2\" content=\"1 minuto\" \/>\n<script type=\"application\/ld+json\" class=\"yoast-schema-graph\">{\"@context\":\"https:\\\/\\\/schema.org\",\"@graph\":[{\"@type\":\"Article\",\"@id\":\"https:\\\/\\\/biancamachado.com.br\\\/blog\\\/fotos-de-bebe-mes-a-mes-2\\\/#article\",\"isPartOf\":{\"@id\":\"https:\\\/\\\/biancamachado.com.br\\\/blog\\\/fotos-de-bebe-mes-a-mes-2\\\/\"},\"author\":{\"name\":\"biancamachado\",\"@id\":\"https:\\\/\\\/biancamachado.com.br\\\/blog\\\/#\\\/schema\\\/person\\\/990263800ec5e9bdbbf092a2353550a1\"},\"headline\":\"Fotos de Beb\u00ea m\u00eas a m\u00eas\",\"datePublished\":\"2016-03-23T20:42:00+00:00\",\"dateModified\":\"2021-02-18T03:11:52+00:00\",\"mainEntityOfPage\":{\"@id\":\"https:\\\/\\\/biancamachado.com.br\\\/blog\\\/fotos-de-bebe-mes-a-mes-2\\\/\"},\"wordCount\":158,\"commentCount\":0,\"publisher\":{\"@id\":\"https:\\\/\\\/biancamachado.com.br\\\/blog\\\/#organization\"},\"image\":{\"@id\":\"https:\\\/\\\/biancamachado.com.br\\\/blog\\\/fotos-de-bebe-mes-a-mes-2\\\/#primaryimage\"},\"thumbnailUrl\":\"https:\\\/\\\/i0.wp.com\\\/biancamachado.com.br\\\/blog\\\/wp-content\\\/uploads\\\/2016\\\/03\\\/Screenshot_163.png?fit=623%2C402&ssl=1\",\"keywords\":[\"Book familia em estudio\",\"ensaio de fotos com crian\u00e7as\",\"fotografia profissional para familias\"],\"articleSection\":[\"Book Familia Estudio\",\"Studio Bianca Machado\"],\"inLanguage\":\"pt-BR\",\"potentialAction\":[{\"@type\":\"CommentAction\",\"name\":\"Comment\",\"target\":[\"https:\\\/\\\/biancamachado.com.br\\\/blog\\\/fotos-de-bebe-mes-a-mes-2\\\/#respond\"]}]},{\"@type\":\"WebPage\",\"@id\":\"https:\\\/\\\/biancamachado.com.br\\\/blog\\\/fotos-de-bebe-mes-a-mes-2\\\/\",\"url\":\"https:\\\/\\\/biancamachado.com.br\\\/blog\\\/fotos-de-bebe-mes-a-mes-2\\\/\",\"name\":\"Fotos de Beb\u00ea m\u00eas a m\u00eas - STUDIO BIANCA MACHADO\",\"isPartOf\":{\"@id\":\"https:\\\/\\\/biancamachado.com.br\\\/blog\\\/#website\"},\"primaryImageOfPage\":{\"@id\":\"https:\\\/\\\/biancamachado.com.br\\\/blog\\\/fotos-de-bebe-mes-a-mes-2\\\/#primaryimage\"},\"image\":{\"@id\":\"https:\\\/\\\/biancamachado.com.br\\\/blog\\\/fotos-de-bebe-mes-a-mes-2\\\/#primaryimage\"},\"thumbnailUrl\":\"https:\\\/\\\/i0.wp.com\\\/biancamachado.com.br\\\/blog\\\/wp-content\\\/uploads\\\/2016\\\/03\\\/Screenshot_163.png?fit=623%2C402&ssl=1\",\"datePublished\":\"2016-03-23T20:42:00+00:00\",\"dateModified\":\"2021-02-18T03:11:52+00:00\",\"breadcrumb\":{\"@id\":\"https:\\\/\\\/biancamachado.com.br\\\/blog\\\/fotos-de-bebe-mes-a-mes-2\\\/#breadcrumb\"},\"inLanguage\":\"pt-BR\",\"potentialAction\":[{\"@type\":\"ReadAction\",\"target\":[\"https:\\\/\\\/biancamachado.com.br\\\/blog\\\/fotos-de-bebe-mes-a-mes-2\\\/\"]}]},{\"@type\":\"ImageObject\",\"inLanguage\":\"pt-BR\",\"@id\":\"https:\\\/\\\/biancamachado.com.br\\\/blog\\\/fotos-de-bebe-mes-a-mes-2\\\/#primaryimage\",\"url\":\"https:\\\/\\\/i0.wp.com\\\/biancamachado.com.br\\\/blog\\\/wp-content\\\/uploads\\\/2016\\\/03\\\/Screenshot_163.png?fit=623%2C402&ssl=1\",\"contentUrl\":\"https:\\\/\\\/i0.wp.com\\\/biancamachado.com.br\\\/blog\\\/wp-content\\\/uploads\\\/2016\\\/03\\\/Screenshot_163.png?fit=623%2C402&ssl=1\",\"width\":623,\"height\":402,\"caption\":\"Fotos de Beb\u00ea m\u00eas a m\u00eas\"},{\"@type\":\"BreadcrumbList\",\"@id\":\"https:\\\/\\\/biancamachado.com.br\\\/blog\\\/fotos-de-bebe-mes-a-mes-2\\\/#breadcrumb\",\"itemListElement\":[{\"@type\":\"ListItem\",\"position\":1,\"name\":\"In\u00edcio\",\"item\":\"https:\\\/\\\/biancamachado.com.br\\\/blog\\\/\"},{\"@type\":\"ListItem\",\"position\":2,\"name\":\"Fotos de Beb\u00ea m\u00eas a m\u00eas\"}]},{\"@type\":\"WebSite\",\"@id\":\"https:\\\/\\\/biancamachado.com.br\\\/blog\\\/#website\",\"url\":\"https:\\\/\\\/biancamachado.com.br\\\/blog\\\/\",\"name\":\"STUDIO BIANCA MACHADO\",\"description\":\"Estudio Fotografico, Ensaios e Books de foto profissional\",\"publisher\":{\"@id\":\"https:\\\/\\\/biancamachado.com.br\\\/blog\\\/#organization\"},\"potentialAction\":[{\"@type\":\"SearchAction\",\"target\":{\"@type\":\"EntryPoint\",\"urlTemplate\":\"https:\\\/\\\/biancamachado.com.br\\\/blog\\\/?s={search_term_string}\"},\"query-input\":{\"@type\":\"PropertyValueSpecification\",\"valueRequired\":true,\"valueName\":\"search_term_string\"}}],\"inLanguage\":\"pt-BR\"},{\"@type\":\"Organization\",\"@id\":\"https:\\\/\\\/biancamachado.com.br\\\/blog\\\/#organization\",\"name\":\"STUDIO BIANCA MACHADO\",\"url\":\"https:\\\/\\\/biancamachado.com.br\\\/blog\\\/\",\"logo\":{\"@type\":\"ImageObject\",\"inLanguage\":\"pt-BR\",\"@id\":\"https:\\\/\\\/biancamachado.com.br\\\/blog\\\/#\\\/schema\\\/logo\\\/image\\\/\",\"url\":\"https:\\\/\\\/i0.wp.com\\\/biancamachado.com.br\\\/blog\\\/wp-content\\\/uploads\\\/2021\\\/02\\\/cropped-logo-ml.jpg?fit=278%2C100&ssl=1\",\"contentUrl\":\"https:\\\/\\\/i0.wp.com\\\/biancamachado.com.br\\\/blog\\\/wp-content\\\/uploads\\\/2021\\\/02\\\/cropped-logo-ml.jpg?fit=278%2C100&ssl=1\",\"width\":278,\"height\":100,\"caption\":\"STUDIO BIANCA MACHADO\"},\"image\":{\"@id\":\"https:\\\/\\\/biancamachado.com.br\\\/blog\\\/#\\\/schema\\\/logo\\\/image\\\/\"},\"sameAs\":[\"https:\\\/\\\/www.facebook.com\\\/Studiobiancamachado\\\/\",\"https:\\\/\\\/www.instagram.com\\\/Studiobiancamachado\\\/\"]},{\"@type\":\"Person\",\"@id\":\"https:\\\/\\\/biancamachado.com.br\\\/blog\\\/#\\\/schema\\\/person\\\/990263800ec5e9bdbbf092a2353550a1\",\"name\":\"biancamachado\",\"image\":{\"@type\":\"ImageObject\",\"inLanguage\":\"pt-BR\",\"@id\":\"https:\\\/\\\/secure.gravatar.com\\\/avatar\\\/62b1a50f2632dbc2e279c3eb55aa46cc324c969cff16a69c59756d155316542c?s=96&d=mm&r=g\",\"url\":\"https:\\\/\\\/secure.gravatar.com\\\/avatar\\\/62b1a50f2632dbc2e279c3eb55aa46cc324c969cff16a69c59756d155316542c?s=96&d=mm&r=g\",\"contentUrl\":\"https:\\\/\\\/secure.gravatar.com\\\/avatar\\\/62b1a50f2632dbc2e279c3eb55aa46cc324c969cff16a69c59756d155316542c?s=96&d=mm&r=g\",\"caption\":\"biancamachado\"},\"sameAs\":[\"https:\\\/\\\/biancamachado.com.br\\\/blog\"],\"url\":\"https:\\\/\\\/biancamachado.com.br\\\/blog\\\/author\\\/biancamachado\\\/\"}]}<\/script>\n<!-- \/ Yoast SEO plugin. -->","yoast_head_json":{"title":"Fotos de Beb\u00ea m\u00eas a m\u00eas - STUDIO BIANCA MACHADO","robots":{"index":"index","follow":"follow","max-snippet":"max-snippet:-1","max-image-preview":"max-image-preview:large","max-video-preview":"max-video-preview:-1"},"canonical":"https:\/\/biancamachado.com.br\/blog\/fotos-de-bebe-mes-a-mes-2\/","og_locale":"pt_BR","og_type":"article","og_title":"Fotos de Beb\u00ea m\u00eas a m\u00eas - STUDIO BIANCA MACHADO","og_description":"Olha a Isabellinha j\u00e1 com","og_url":"https:\/\/biancamachado.com.br\/blog\/fotos-de-bebe-mes-a-mes-2\/","og_site_name":"STUDIO BIANCA MACHADO","article_publisher":"https:\/\/www.facebook.com\/Studiobiancamachado\/","article_published_time":"2016-03-23T20:42:00+00:00","article_modified_time":"2021-02-18T03:11:52+00:00","og_image":[{"width":623,"height":402,"url":"https:\/\/i0.wp.com\/biancamachado.com.br\/blog\/wp-content\/uploads\/2016\/03\/Screenshot_163.png?fit=623%2C402&ssl=1","type":"image\/png"}],"author":"biancamachado","twitter_card":"summary_large_image","twitter_misc":{"Escrito por":"biancamachado","Est. tempo de leitura":"1 minuto"},"schema":{"@context":"https:\/\/schema.org","@graph":[{"@type":"Article","@id":"https:\/\/biancamachado.com.br\/blog\/fotos-de-bebe-mes-a-mes-2\/#article","isPartOf":{"@id":"https:\/\/biancamachado.com.br\/blog\/fotos-de-bebe-mes-a-mes-2\/"},"author":{"name":"biancamachado","@id":"https:\/\/biancamachado.com.br\/blog\/#\/schema\/person\/990263800ec5e9bdbbf092a2353550a1"},"headline":"Fotos de Beb\u00ea m\u00eas a m\u00eas","datePublished":"2016-03-23T20:42:00+00:00","dateModified":"2021-02-18T03:11:52+00:00","mainEntityOfPage":{"@id":"https:\/\/biancamachado.com.br\/blog\/fotos-de-bebe-mes-a-mes-2\/"},"wordCount":158,"commentCount":0,"publisher":{"@id":"https:\/\/biancamachado.com.br\/blog\/#organization"},"image":{"@id":"https:\/\/biancamachado.com.br\/blog\/fotos-de-bebe-mes-a-mes-2\/#primaryimage"},"thumbnailUrl":"https:\/\/i0.wp.com\/biancamachado.com.br\/blog\/wp-content\/uploads\/2016\/03\/Screenshot_163.png?fit=623%2C402&ssl=1","keywords":["Book familia em estudio","ensaio de fotos com crian\u00e7as","fotografia profissional para familias"],"articleSection":["Book Familia Estudio","Studio Bianca Machado"],"inLanguage":"pt-BR","potentialAction":[{"@type":"CommentAction","name":"Comment","target":["https:\/\/biancamachado.com.br\/blog\/fotos-de-bebe-mes-a-mes-2\/#respond"]}]},{"@type":"WebPage","@id":"https:\/\/biancamachado.com.br\/blog\/fotos-de-bebe-mes-a-mes-2\/","url":"https:\/\/biancamachado.com.br\/blog\/fotos-de-bebe-mes-a-mes-2\/","name":"Fotos de Beb\u00ea m\u00eas a m\u00eas - STUDIO BIANCA MACHADO","isPartOf":{"@id":"https:\/\/biancamachado.com.br\/blog\/#website"},"primaryImageOfPage":{"@id":"https:\/\/biancamachado.com.br\/blog\/fotos-de-bebe-mes-a-mes-2\/#primaryimage"},"image":{"@id":"https:\/\/biancamachado.com.br\/blog\/fotos-de-bebe-mes-a-mes-2\/#primaryimage"},"thumbnailUrl":"https:\/\/i0.wp.com\/biancamachado.com.br\/blog\/wp-content\/uploads\/2016\/03\/Screenshot_163.png?fit=623%2C402&ssl=1","datePublished":"2016-03-23T20:42:00+00:00","dateModified":"2021-02-18T03:11:52+00:00","breadcrumb":{"@id":"https:\/\/biancamachado.com.br\/blog\/fotos-de-bebe-mes-a-mes-2\/#breadcrumb"},"inLanguage":"pt-BR","potentialAction":[{"@type":"ReadAction","target":["https:\/\/biancamachado.com.br\/blog\/fotos-de-bebe-mes-a-mes-2\/"]}]},{"@type":"ImageObject","inLanguage":"pt-BR","@id":"https:\/\/biancamachado.com.br\/blog\/fotos-de-bebe-mes-a-mes-2\/#primaryimage","url":"https:\/\/i0.wp.com\/biancamachado.com.br\/blog\/wp-content\/uploads\/2016\/03\/Screenshot_163.png?fit=623%2C402&ssl=1","contentUrl":"https:\/\/i0.wp.com\/biancamachado.com.br\/blog\/wp-content\/uploads\/2016\/03\/Screenshot_163.png?fit=623%2C402&ssl=1","width":623,"height":402,"caption":"Fotos de Beb\u00ea m\u00eas a m\u00eas"},{"@type":"BreadcrumbList","@id":"https:\/\/biancamachado.com.br\/blog\/fotos-de-bebe-mes-a-mes-2\/#breadcrumb","itemListElement":[{"@type":"ListItem","position":1,"name":"In\u00edcio","item":"https:\/\/biancamachado.com.br\/blog\/"},{"@type":"ListItem","position":2,"name":"Fotos de Beb\u00ea m\u00eas a m\u00eas"}]},{"@type":"WebSite","@id":"https:\/\/biancamachado.com.br\/blog\/#website","url":"https:\/\/biancamachado.com.br\/blog\/","name":"STUDIO BIANCA MACHADO","description":"Estudio Fotografico, Ensaios e Books de foto profissional","publisher":{"@id":"https:\/\/biancamachado.com.br\/blog\/#organization"},"potentialAction":[{"@type":"SearchAction","target":{"@type":"EntryPoint","urlTemplate":"https:\/\/biancamachado.com.br\/blog\/?s={search_term_string}"},"query-input":{"@type":"PropertyValueSpecification","valueRequired":true,"valueName":"search_term_string"}}],"inLanguage":"pt-BR"},{"@type":"Organization","@id":"https:\/\/biancamachado.com.br\/blog\/#organization","name":"STUDIO BIANCA MACHADO","url":"https:\/\/biancamachado.com.br\/blog\/","logo":{"@type":"ImageObject","inLanguage":"pt-BR","@id":"https:\/\/biancamachado.com.br\/blog\/#\/schema\/logo\/image\/","url":"https:\/\/i0.wp.com\/biancamachado.com.br\/blog\/wp-content\/uploads\/2021\/02\/cropped-logo-ml.jpg?fit=278%2C100&ssl=1","contentUrl":"https:\/\/i0.wp.com\/biancamachado.com.br\/blog\/wp-content\/uploads\/2021\/02\/cropped-logo-ml.jpg?fit=278%2C100&ssl=1","width":278,"height":100,"caption":"STUDIO BIANCA MACHADO"},"image":{"@id":"https:\/\/biancamachado.com.br\/blog\/#\/schema\/logo\/image\/"},"sameAs":["https:\/\/www.facebook.com\/Studiobiancamachado\/","https:\/\/www.instagram.com\/Studiobiancamachado\/"]},{"@type":"Person","@id":"https:\/\/biancamachado.com.br\/blog\/#\/schema\/person\/990263800ec5e9bdbbf092a2353550a1","name":"biancamachado","image":{"@type":"ImageObject","inLanguage":"pt-BR","@id":"https:\/\/secure.gravatar.com\/avatar\/62b1a50f2632dbc2e279c3eb55aa46cc324c969cff16a69c59756d155316542c?s=96&d=mm&r=g","url":"https:\/\/secure.gravatar.com\/avatar\/62b1a50f2632dbc2e279c3eb55aa46cc324c969cff16a69c59756d155316542c?s=96&d=mm&r=g","contentUrl":"https:\/\/secure.gravatar.com\/avatar\/62b1a50f2632dbc2e279c3eb55aa46cc324c969cff16a69c59756d155316542c?s=96&d=mm&r=g","caption":"biancamachado"},"sameAs":["https:\/\/biancamachado.com.br\/blog"],"url":"https:\/\/biancamachado.com.br\/blog\/author\/biancamachado\/"}]}},"jetpack_featured_media_url":"https:\/\/i0.wp.com\/biancamachado.com.br\/blog\/wp-content\/uploads\/2016\/03\/Screenshot_163.png?fit=623%2C402&ssl=1","jetpack-related-posts":[],"jetpack_sharing_enabled":true,"_links":{"self":[{"href":"https:\/\/biancamachado.com.br\/blog\/wp-json\/wp\/v2\/posts\/202","targetHints":{"allow":["GET"]}}],"collection":[{"href":"https:\/\/biancamachado.com.br\/blog\/wp-json\/wp\/v2\/posts"}],"about":[{"href":"https:\/\/biancamachado.com.br\/blog\/wp-json\/wp\/v2\/types\/post"}],"author":[{"embeddable":true,"href":"https:\/\/biancamachado.com.br\/blog\/wp-json\/wp\/v2\/users\/1"}],"replies":[{"embeddable":true,"href":"https:\/\/biancamachado.com.br\/blog\/wp-json\/wp\/v2\/comments?post=202"}],"version-history":[{"count":1,"href":"https:\/\/biancamachado.com.br\/blog\/wp-json\/wp\/v2\/posts\/202\/revisions"}],"predecessor-version":[{"id":1634,"href":"https:\/\/biancamachado.com.br\/blog\/wp-json\/wp\/v2\/posts\/202\/revisions\/1634"}],"wp:featuredmedia":[{"embeddable":true,"href":"https:\/\/biancamachado.com.br\/blog\/wp-json\/wp\/v2\/media\/969"}],"wp:attachment":[{"href":"https:\/\/biancamachado.com.br\/blog\/wp-json\/wp\/v2\/media?parent=202"}],"wp:term":[{"taxonomy":"category","embeddable":true,"href":"https:\/\/biancamachado.com.br\/blog\/wp-json\/wp\/v2\/categories?post=202"},{"taxonomy":"post_tag","embeddable":true,"href":"https:\/\/biancamachado.com.br\/blog\/wp-json\/wp\/v2\/tags?post=202"}],"curies":[{"name":"wp","href":"https:\/\/api.w.org\/{rel}","templated":true}]}}