{"id":196,"date":"2016-03-23T20:19:00","date_gmt":"2016-03-23T23:19:00","guid":{"rendered":"https:\/\/biancamachado.com.br\/blog\/?p=196"},"modified":"2021-02-17T23:32:23","modified_gmt":"2021-02-18T02:32:23","slug":"book-gestante-com-38-semanas","status":"publish","type":"post","link":"https:\/\/biancamachado.com.br\/blog\/book-gestante-com-38-semanas\/","title":{"rendered":"Book Gestante com 38 semanas"},"content":{"rendered":"<p>E eu que me achava forte&#8230; rs&#8230;<br \/>Chega aqui uma super gestante de 38 semanas, 10 vezes mais disposta que eu kkk<br \/>Por isso eu adoro e acho as mulheres lindas e guerreiras.<br \/>As mulheres nasceram para ser m\u00e3es, para serem fortes e cuidarem dos seus beb\u00eas.<br \/>Eu fiquei realmente com orgulho de ser mulher.<br \/>Sem contar na imensa simpatia, energia do bem e alegria !<br \/>Como diz o ditado, quando eu crescer, quero ser igual a ela ! kkk<\/p>\n<p>Visite tamb\u00e9m nosso site:&nbsp;<a href=\"http:\/\/www.biancamachado.com.br\/\">www.biancamachado.com.br<\/a><br \/>(11) 97107-1018<\/p>\n<table align=\"center\" cellpadding=\"0\" cellspacing=\"0\" style=\"margin-left: auto; margin-right: auto; text-align: center;\">\n<tbody>\n<tr>\n<td style=\"text-align: center;\"><a href=\"https:\/\/i0.wp.com\/2.bp.blogspot.com\/-amfnRC7aXRA\/VvMjhCcIdCI\/AAAAAAAAQFQ\/tyGR5tWDF2cwoxqRA9bY6e0X5O2y4A0ow\/s1600\/book%2Bde%2Bfotos%2Bnono%2Bm%25C3%25AAs.jpg?ssl=1\" style=\"margin-left: auto; margin-right: auto;\"><img data-recalc-dims=\"1\" loading=\"lazy\" decoding=\"async\" alt=\"book de fotos nono m\u00eas\" border=\"0\" height=\"640\" src=\"https:\/\/i0.wp.com\/2.bp.blogspot.com\/-amfnRC7aXRA\/VvMjhCcIdCI\/AAAAAAAAQFQ\/tyGR5tWDF2cwoxqRA9bY6e0X5O2y4A0ow\/s640\/book%2Bde%2Bfotos%2Bnono%2Bm%25C3%25AAs.jpg?resize=426%2C640&#038;ssl=1\" title=\"book de fotos nono m\u00eas\" width=\"426\" \/><\/a><\/td>\n<\/tr>\n<tr>\n<td style=\"text-align: center;\">book de fotos nono m\u00eas<\/td>\n<\/tr>\n<\/tbody>\n<\/table>\n<p><\/p>\n<table align=\"center\" cellpadding=\"0\" cellspacing=\"0\" style=\"margin-left: auto; margin-right: auto; text-align: center;\">\n<tbody>\n<tr>\n<td style=\"text-align: center;\"><a href=\"https:\/\/i0.wp.com\/2.bp.blogspot.com\/-_xT-ZKysCQs\/VvMjiU3SB7I\/AAAAAAAAQFc\/ZadEz59pXEwjMhe0Bs_lwfUsSrHXr1h2A\/s1600\/book%2Bgestante%2B38%2Bsemanas.jpg?ssl=1\" style=\"margin-left: auto; margin-right: auto;\"><img data-recalc-dims=\"1\" loading=\"lazy\" decoding=\"async\" alt=\"book gestante 38 semanas\" border=\"0\" height=\"640\" src=\"https:\/\/i0.wp.com\/2.bp.blogspot.com\/-_xT-ZKysCQs\/VvMjiU3SB7I\/AAAAAAAAQFc\/ZadEz59pXEwjMhe0Bs_lwfUsSrHXr1h2A\/s640\/book%2Bgestante%2B38%2Bsemanas.jpg?resize=426%2C640&#038;ssl=1\" title=\"book gestante 38 semanas\" width=\"426\" \/><\/a><\/td>\n<\/tr>\n<tr>\n<td style=\"text-align: center;\">book gestante 38 semanas<\/td>\n<\/tr>\n<\/tbody>\n<\/table>\n<p><\/p>\n<table align=\"center\" cellpadding=\"0\" cellspacing=\"0\" style=\"margin-left: auto; margin-right: auto; text-align: center;\">\n<tbody>\n<tr>\n<td style=\"text-align: center;\"><a href=\"https:\/\/i0.wp.com\/2.bp.blogspot.com\/-KXUtlohesmU\/VvMjhOnC47I\/AAAAAAAAQFU\/7OstA9ADyWYKBBjZ3Oh_Ts8xijTSdiwYQ\/s1600\/ensaio%2Bfotografico%2Bgestante.jpg?ssl=1\" style=\"margin-left: auto; margin-right: auto;\"><img data-recalc-dims=\"1\" loading=\"lazy\" decoding=\"async\" alt=\"ensaio fotografico gestante\" border=\"0\" height=\"640\" src=\"https:\/\/i0.wp.com\/2.bp.blogspot.com\/-KXUtlohesmU\/VvMjhOnC47I\/AAAAAAAAQFU\/7OstA9ADyWYKBBjZ3Oh_Ts8xijTSdiwYQ\/s640\/ensaio%2Bfotografico%2Bgestante.jpg?resize=426%2C640&#038;ssl=1\" title=\"ensaio fotografico gestante\" width=\"426\" \/><\/a><\/td>\n<\/tr>\n<tr>\n<td style=\"text-align: center;\">ensaio fotografico gestante<\/td>\n<\/tr>\n<\/tbody>\n<\/table>\n<p><\/p>\n<table align=\"center\" cellpadding=\"0\" cellspacing=\"0\" style=\"margin-left: auto; margin-right: auto; text-align: center;\">\n<tbody>\n<tr>\n<td style=\"text-align: center;\"><a href=\"https:\/\/i0.wp.com\/2.bp.blogspot.com\/-_6zEEevf7Sg\/VvMjixkakVI\/AAAAAAAAQFg\/nANqOZ25Khs5g05v-d6HPsFoOoj32-W_w\/s1600\/fotografias%2Bdivertidas%2Bpara%2Bgestantes.jpg?ssl=1\" style=\"margin-left: auto; margin-right: auto;\"><img data-recalc-dims=\"1\" loading=\"lazy\" decoding=\"async\" alt=\"fotografias divertidas para gestantes\" border=\"0\" height=\"640\" src=\"https:\/\/i0.wp.com\/2.bp.blogspot.com\/-_6zEEevf7Sg\/VvMjixkakVI\/AAAAAAAAQFg\/nANqOZ25Khs5g05v-d6HPsFoOoj32-W_w\/s640\/fotografias%2Bdivertidas%2Bpara%2Bgestantes.jpg?resize=426%2C640&#038;ssl=1\" title=\"fotografias divertidas para gestantes\" width=\"426\" \/><\/a><\/td>\n<\/tr>\n<tr>\n<td style=\"text-align: center;\">fotografias divertidas para gestantes<\/td>\n<\/tr>\n<\/tbody>\n<\/table>\n<p><\/p>\n<table align=\"center\" cellpadding=\"0\" cellspacing=\"0\" style=\"margin-left: auto; margin-right: auto; text-align: center;\">\n<tbody>\n<tr>\n<td style=\"text-align: center;\"><a href=\"https:\/\/i0.wp.com\/4.bp.blogspot.com\/-CUM3ab1qECs\/VvMjimRqzkI\/AAAAAAAAQFY\/G59pg8HS5SARxGDtFc0B0SgIAN-ZT7Jfg\/s1600\/fotografias%2Bpara%2Bgestante.jpg?ssl=1\" style=\"margin-left: auto; margin-right: auto;\"><img data-recalc-dims=\"1\" loading=\"lazy\" decoding=\"async\" alt=\"fotografias para gestante\" border=\"0\" height=\"640\" src=\"https:\/\/i0.wp.com\/4.bp.blogspot.com\/-CUM3ab1qECs\/VvMjimRqzkI\/AAAAAAAAQFY\/G59pg8HS5SARxGDtFc0B0SgIAN-ZT7Jfg\/s640\/fotografias%2Bpara%2Bgestante.jpg?resize=426%2C640&#038;ssl=1\" title=\"fotografias para gestante\" width=\"426\" \/><\/a><\/td>\n<\/tr>\n<tr>\n<td style=\"text-align: center;\">fotografias para gestante<\/td>\n<\/tr>\n<\/tbody>\n<\/table>\n<p><\/p>\n<table align=\"center\" cellpadding=\"0\" cellspacing=\"0\" style=\"margin-left: auto; margin-right: auto; text-align: center;\">\n<tbody>\n<tr>\n<td style=\"text-align: center;\"><a href=\"https:\/\/i0.wp.com\/3.bp.blogspot.com\/-Im1f76Rg3tI\/VvMjj46xYlI\/AAAAAAAAQFk\/gKdkcXhN4Rs9Ygo-RlWR5L8E1aYI4H-bQ\/s1600\/fotos%2Bde%2Bgestante%2B9%2Bmeses.jpg?ssl=1\" style=\"margin-left: auto; margin-right: auto;\"><img data-recalc-dims=\"1\" loading=\"lazy\" decoding=\"async\" alt=\"fotos de gestante 9 meses\" border=\"0\" height=\"640\" src=\"https:\/\/i0.wp.com\/3.bp.blogspot.com\/-Im1f76Rg3tI\/VvMjj46xYlI\/AAAAAAAAQFk\/gKdkcXhN4Rs9Ygo-RlWR5L8E1aYI4H-bQ\/s640\/fotos%2Bde%2Bgestante%2B9%2Bmeses.jpg?resize=426%2C640&#038;ssl=1\" title=\"fotos de gestante 9 meses\" width=\"426\" \/><\/a><\/td>\n<\/tr>\n<tr>\n<td style=\"text-align: center;\">fotos de gestante 9 meses<\/td>\n<\/tr>\n<\/tbody>\n<\/table>\n<p><\/p>\n<table align=\"center\" cellpadding=\"0\" cellspacing=\"0\" style=\"margin-left: auto; margin-right: auto; text-align: center;\">\n<tbody>\n<tr>\n<td style=\"text-align: center;\"><a href=\"https:\/\/i0.wp.com\/2.bp.blogspot.com\/-SqThnRqERVE\/VvMjkWEyufI\/AAAAAAAAQFo\/qmzSIrfO-bwx8HoGLSsECk58JV_-n_FCw\/s1600\/fotos%2Bdiferentes%2Bde%2Bgestante.jpg?ssl=1\" style=\"margin-left: auto; margin-right: auto;\"><img data-recalc-dims=\"1\" loading=\"lazy\" decoding=\"async\" alt=\"fotos diferentes de gestante\" border=\"0\" height=\"640\" src=\"https:\/\/i0.wp.com\/2.bp.blogspot.com\/-SqThnRqERVE\/VvMjkWEyufI\/AAAAAAAAQFo\/qmzSIrfO-bwx8HoGLSsECk58JV_-n_FCw\/s640\/fotos%2Bdiferentes%2Bde%2Bgestante.jpg?resize=426%2C640&#038;ssl=1\" title=\"fotos diferentes de gestante\" width=\"426\" \/><\/a><\/td>\n<\/tr>\n<tr>\n<td style=\"text-align: center;\">fotos diferentes de gestante<\/td>\n<\/tr>\n<\/tbody>\n<\/table>\n<p><\/p>\n<table align=\"center\" cellpadding=\"0\" cellspacing=\"0\" style=\"margin-left: auto; margin-right: auto; text-align: center;\">\n<tbody>\n<tr>\n<td style=\"text-align: center;\"><a href=\"https:\/\/i0.wp.com\/2.bp.blogspot.com\/-TdSr1dd0sXM\/VvMjkp4hmJI\/AAAAAAAAQFs\/Z3W0WuonRBcllzVU6iG8NBJ-A85eUbg0g\/s1600\/fotos%2Bgravidas.jpg?ssl=1\" style=\"margin-left: auto; margin-right: auto;\"><img data-recalc-dims=\"1\" loading=\"lazy\" decoding=\"async\" alt=\"fotos gravidas\" border=\"0\" height=\"640\" src=\"https:\/\/i0.wp.com\/2.bp.blogspot.com\/-TdSr1dd0sXM\/VvMjkp4hmJI\/AAAAAAAAQFs\/Z3W0WuonRBcllzVU6iG8NBJ-A85eUbg0g\/s640\/fotos%2Bgravidas.jpg?resize=426%2C640&#038;ssl=1\" title=\"fotos gravidas\" width=\"426\" \/><\/a><\/td>\n<\/tr>\n<tr>\n<td style=\"text-align: center;\">fotos gravidas<\/td>\n<\/tr>\n<\/tbody>\n<\/table>\n<p><\/p>\n<table align=\"center\" cellpadding=\"0\" cellspacing=\"0\" style=\"margin-left: auto; margin-right: auto; text-align: center;\">\n<tbody>\n<tr>\n<td style=\"text-align: center;\"><a href=\"https:\/\/i0.wp.com\/2.bp.blogspot.com\/-WwktDf42014\/VvMjllBvoXI\/AAAAAAAAQFw\/g3JnyWDPmlMN7DMGU3AmBfokE2WfxXDBQ\/s1600\/melhores%2Bfotografias%2Bda%2Bgravidez.jpg?ssl=1\" style=\"margin-left: auto; margin-right: auto;\"><img data-recalc-dims=\"1\" loading=\"lazy\" decoding=\"async\" alt=\"melhores fotografias da gravidez\" border=\"0\" height=\"640\" src=\"https:\/\/i0.wp.com\/2.bp.blogspot.com\/-WwktDf42014\/VvMjllBvoXI\/AAAAAAAAQFw\/g3JnyWDPmlMN7DMGU3AmBfokE2WfxXDBQ\/s640\/melhores%2Bfotografias%2Bda%2Bgravidez.jpg?resize=426%2C640&#038;ssl=1\" title=\"melhores fotografias da gravidez\" width=\"426\" \/><\/a><\/td>\n<\/tr>\n<tr>\n<td style=\"text-align: center;\">melhores fotografias da gravidez<\/td>\n<\/tr>\n<\/tbody>\n<\/table>\n<p><\/p>\nVisite tamb\u00e9m nosso site: www.biancamachado.com.br\r\n(11) 97107-1018\r\n\r\nAtendemos as regi\u00f5es de S\u00e3o Paulo, Sorocaba, Ibi\u00fana, Piedade, Votorantim, Cotia, Itupeva, Jundia\u00ed, It\u00fa e Campinas","protected":false},"excerpt":{"rendered":"<p>E eu que me achava<\/p>\n","protected":false},"author":1,"featured_media":963,"comment_status":"open","ping_status":"open","sticky":false,"template":"","format":"standard","meta":{"_monsterinsights_skip_tracking":false,"_monsterinsights_sitenote_active":false,"_monsterinsights_sitenote_note":"","_monsterinsights_sitenote_category":0,"jetpack_post_was_ever_published":false,"_jetpack_newsletter_access":"","_jetpack_dont_email_post_to_subs":false,"_jetpack_newsletter_tier_id":0,"_jetpack_memberships_contains_paywalled_content":false,"_jetpack_memberships_contains_paid_content":false,"_joinchat":[],"footnotes":""},"categories":[283,1],"tags":[300,299,301,298],"class_list":["post-196","post","type-post","status-publish","format-standard","has-post-thumbnail","hentry","category-book-gestante-em-estudio","category-studio-bianca-machado","tag-book-fotografico-para-gravidas","tag-ensaio-de-fotos","tag-fotografas-de-gestantes","tag-fotos-de-book-gestante-em-estudio"],"yoast_head":"<!-- This site is optimized with the Yoast SEO plugin v27.4 - https:\/\/yoast.com\/product\/yoast-seo-wordpress\/ -->\n<title>Book Gestante com 38 semanas - STUDIO BIANCA MACHADO<\/title>\n<meta name=\"robots\" content=\"index, follow, max-snippet:-1, max-image-preview:large, max-video-preview:-1\" \/>\n<link rel=\"canonical\" href=\"https:\/\/biancamachado.com.br\/blog\/book-gestante-com-38-semanas\/\" \/>\n<meta property=\"og:locale\" content=\"pt_BR\" \/>\n<meta property=\"og:type\" content=\"article\" \/>\n<meta property=\"og:title\" content=\"Book Gestante com 38 semanas - STUDIO BIANCA MACHADO\" \/>\n<meta property=\"og:description\" content=\"E eu que me achava\" \/>\n<meta property=\"og:url\" content=\"https:\/\/biancamachado.com.br\/blog\/book-gestante-com-38-semanas\/\" \/>\n<meta property=\"og:site_name\" content=\"STUDIO BIANCA MACHADO\" \/>\n<meta property=\"article:publisher\" content=\"https:\/\/www.facebook.com\/Studiobiancamachado\/\" \/>\n<meta property=\"article:published_time\" content=\"2016-03-23T23:19:00+00:00\" \/>\n<meta property=\"article:modified_time\" content=\"2021-02-18T02:32:23+00:00\" \/>\n<meta property=\"og:image\" content=\"https:\/\/i0.wp.com\/biancamachado.com.br\/blog\/wp-content\/uploads\/2016\/03\/Screenshot_157.png?fit=419%2C603&ssl=1\" \/>\n\t<meta property=\"og:image:width\" content=\"419\" \/>\n\t<meta property=\"og:image:height\" content=\"603\" \/>\n\t<meta property=\"og:image:type\" content=\"image\/png\" \/>\n<meta name=\"author\" content=\"biancamachado\" \/>\n<meta name=\"twitter:card\" content=\"summary_large_image\" \/>\n<meta name=\"twitter:label1\" content=\"Escrito por\" \/>\n\t<meta name=\"twitter:data1\" content=\"biancamachado\" \/>\n\t<meta name=\"twitter:label2\" content=\"Est. tempo de leitura\" \/>\n\t<meta name=\"twitter:data2\" content=\"1 minuto\" \/>\n<script type=\"application\/ld+json\" class=\"yoast-schema-graph\">{\"@context\":\"https:\\\/\\\/schema.org\",\"@graph\":[{\"@type\":\"Article\",\"@id\":\"https:\\\/\\\/biancamachado.com.br\\\/blog\\\/book-gestante-com-38-semanas\\\/#article\",\"isPartOf\":{\"@id\":\"https:\\\/\\\/biancamachado.com.br\\\/blog\\\/book-gestante-com-38-semanas\\\/\"},\"author\":{\"name\":\"biancamachado\",\"@id\":\"https:\\\/\\\/biancamachado.com.br\\\/blog\\\/#\\\/schema\\\/person\\\/990263800ec5e9bdbbf092a2353550a1\"},\"headline\":\"Book Gestante com 38 semanas\",\"datePublished\":\"2016-03-23T23:19:00+00:00\",\"dateModified\":\"2021-02-18T02:32:23+00:00\",\"mainEntityOfPage\":{\"@id\":\"https:\\\/\\\/biancamachado.com.br\\\/blog\\\/book-gestante-com-38-semanas\\\/\"},\"wordCount\":125,\"commentCount\":0,\"publisher\":{\"@id\":\"https:\\\/\\\/biancamachado.com.br\\\/blog\\\/#organization\"},\"image\":{\"@id\":\"https:\\\/\\\/biancamachado.com.br\\\/blog\\\/book-gestante-com-38-semanas\\\/#primaryimage\"},\"thumbnailUrl\":\"https:\\\/\\\/i0.wp.com\\\/biancamachado.com.br\\\/blog\\\/wp-content\\\/uploads\\\/2016\\\/03\\\/Screenshot_157.png?fit=419%2C603&ssl=1\",\"keywords\":[\"book fotografico para gravidas\",\"ensaio de fotos\",\"fotografas de gestantes\",\"fotos de book gestante em estudio\"],\"articleSection\":[\"Book Gestante em Estudio\",\"Studio Bianca Machado\"],\"inLanguage\":\"pt-BR\",\"potentialAction\":[{\"@type\":\"CommentAction\",\"name\":\"Comment\",\"target\":[\"https:\\\/\\\/biancamachado.com.br\\\/blog\\\/book-gestante-com-38-semanas\\\/#respond\"]}]},{\"@type\":\"WebPage\",\"@id\":\"https:\\\/\\\/biancamachado.com.br\\\/blog\\\/book-gestante-com-38-semanas\\\/\",\"url\":\"https:\\\/\\\/biancamachado.com.br\\\/blog\\\/book-gestante-com-38-semanas\\\/\",\"name\":\"Book Gestante com 38 semanas - STUDIO BIANCA MACHADO\",\"isPartOf\":{\"@id\":\"https:\\\/\\\/biancamachado.com.br\\\/blog\\\/#website\"},\"primaryImageOfPage\":{\"@id\":\"https:\\\/\\\/biancamachado.com.br\\\/blog\\\/book-gestante-com-38-semanas\\\/#primaryimage\"},\"image\":{\"@id\":\"https:\\\/\\\/biancamachado.com.br\\\/blog\\\/book-gestante-com-38-semanas\\\/#primaryimage\"},\"thumbnailUrl\":\"https:\\\/\\\/i0.wp.com\\\/biancamachado.com.br\\\/blog\\\/wp-content\\\/uploads\\\/2016\\\/03\\\/Screenshot_157.png?fit=419%2C603&ssl=1\",\"datePublished\":\"2016-03-23T23:19:00+00:00\",\"dateModified\":\"2021-02-18T02:32:23+00:00\",\"breadcrumb\":{\"@id\":\"https:\\\/\\\/biancamachado.com.br\\\/blog\\\/book-gestante-com-38-semanas\\\/#breadcrumb\"},\"inLanguage\":\"pt-BR\",\"potentialAction\":[{\"@type\":\"ReadAction\",\"target\":[\"https:\\\/\\\/biancamachado.com.br\\\/blog\\\/book-gestante-com-38-semanas\\\/\"]}]},{\"@type\":\"ImageObject\",\"inLanguage\":\"pt-BR\",\"@id\":\"https:\\\/\\\/biancamachado.com.br\\\/blog\\\/book-gestante-com-38-semanas\\\/#primaryimage\",\"url\":\"https:\\\/\\\/i0.wp.com\\\/biancamachado.com.br\\\/blog\\\/wp-content\\\/uploads\\\/2016\\\/03\\\/Screenshot_157.png?fit=419%2C603&ssl=1\",\"contentUrl\":\"https:\\\/\\\/i0.wp.com\\\/biancamachado.com.br\\\/blog\\\/wp-content\\\/uploads\\\/2016\\\/03\\\/Screenshot_157.png?fit=419%2C603&ssl=1\",\"width\":419,\"height\":603,\"caption\":\"Book Gestante com 38 semanas\"},{\"@type\":\"BreadcrumbList\",\"@id\":\"https:\\\/\\\/biancamachado.com.br\\\/blog\\\/book-gestante-com-38-semanas\\\/#breadcrumb\",\"itemListElement\":[{\"@type\":\"ListItem\",\"position\":1,\"name\":\"In\u00edcio\",\"item\":\"https:\\\/\\\/biancamachado.com.br\\\/blog\\\/\"},{\"@type\":\"ListItem\",\"position\":2,\"name\":\"Book Gestante com 38 semanas\"}]},{\"@type\":\"WebSite\",\"@id\":\"https:\\\/\\\/biancamachado.com.br\\\/blog\\\/#website\",\"url\":\"https:\\\/\\\/biancamachado.com.br\\\/blog\\\/\",\"name\":\"STUDIO BIANCA MACHADO\",\"description\":\"Estudio Fotografico, Ensaios e Books de foto profissional\",\"publisher\":{\"@id\":\"https:\\\/\\\/biancamachado.com.br\\\/blog\\\/#organization\"},\"potentialAction\":[{\"@type\":\"SearchAction\",\"target\":{\"@type\":\"EntryPoint\",\"urlTemplate\":\"https:\\\/\\\/biancamachado.com.br\\\/blog\\\/?s={search_term_string}\"},\"query-input\":{\"@type\":\"PropertyValueSpecification\",\"valueRequired\":true,\"valueName\":\"search_term_string\"}}],\"inLanguage\":\"pt-BR\"},{\"@type\":\"Organization\",\"@id\":\"https:\\\/\\\/biancamachado.com.br\\\/blog\\\/#organization\",\"name\":\"STUDIO BIANCA MACHADO\",\"url\":\"https:\\\/\\\/biancamachado.com.br\\\/blog\\\/\",\"logo\":{\"@type\":\"ImageObject\",\"inLanguage\":\"pt-BR\",\"@id\":\"https:\\\/\\\/biancamachado.com.br\\\/blog\\\/#\\\/schema\\\/logo\\\/image\\\/\",\"url\":\"https:\\\/\\\/i0.wp.com\\\/biancamachado.com.br\\\/blog\\\/wp-content\\\/uploads\\\/2021\\\/02\\\/cropped-logo-ml.jpg?fit=278%2C100&ssl=1\",\"contentUrl\":\"https:\\\/\\\/i0.wp.com\\\/biancamachado.com.br\\\/blog\\\/wp-content\\\/uploads\\\/2021\\\/02\\\/cropped-logo-ml.jpg?fit=278%2C100&ssl=1\",\"width\":278,\"height\":100,\"caption\":\"STUDIO BIANCA MACHADO\"},\"image\":{\"@id\":\"https:\\\/\\\/biancamachado.com.br\\\/blog\\\/#\\\/schema\\\/logo\\\/image\\\/\"},\"sameAs\":[\"https:\\\/\\\/www.facebook.com\\\/Studiobiancamachado\\\/\",\"https:\\\/\\\/www.instagram.com\\\/Studiobiancamachado\\\/\"]},{\"@type\":\"Person\",\"@id\":\"https:\\\/\\\/biancamachado.com.br\\\/blog\\\/#\\\/schema\\\/person\\\/990263800ec5e9bdbbf092a2353550a1\",\"name\":\"biancamachado\",\"image\":{\"@type\":\"ImageObject\",\"inLanguage\":\"pt-BR\",\"@id\":\"https:\\\/\\\/secure.gravatar.com\\\/avatar\\\/62b1a50f2632dbc2e279c3eb55aa46cc324c969cff16a69c59756d155316542c?s=96&d=mm&r=g\",\"url\":\"https:\\\/\\\/secure.gravatar.com\\\/avatar\\\/62b1a50f2632dbc2e279c3eb55aa46cc324c969cff16a69c59756d155316542c?s=96&d=mm&r=g\",\"contentUrl\":\"https:\\\/\\\/secure.gravatar.com\\\/avatar\\\/62b1a50f2632dbc2e279c3eb55aa46cc324c969cff16a69c59756d155316542c?s=96&d=mm&r=g\",\"caption\":\"biancamachado\"},\"sameAs\":[\"https:\\\/\\\/biancamachado.com.br\\\/blog\"],\"url\":\"https:\\\/\\\/biancamachado.com.br\\\/blog\\\/author\\\/biancamachado\\\/\"}]}<\/script>\n<!-- \/ Yoast SEO plugin. -->","yoast_head_json":{"title":"Book Gestante com 38 semanas - STUDIO BIANCA MACHADO","robots":{"index":"index","follow":"follow","max-snippet":"max-snippet:-1","max-image-preview":"max-image-preview:large","max-video-preview":"max-video-preview:-1"},"canonical":"https:\/\/biancamachado.com.br\/blog\/book-gestante-com-38-semanas\/","og_locale":"pt_BR","og_type":"article","og_title":"Book Gestante com 38 semanas - STUDIO BIANCA MACHADO","og_description":"E eu que me achava","og_url":"https:\/\/biancamachado.com.br\/blog\/book-gestante-com-38-semanas\/","og_site_name":"STUDIO BIANCA MACHADO","article_publisher":"https:\/\/www.facebook.com\/Studiobiancamachado\/","article_published_time":"2016-03-23T23:19:00+00:00","article_modified_time":"2021-02-18T02:32:23+00:00","og_image":[{"width":419,"height":603,"url":"https:\/\/i0.wp.com\/biancamachado.com.br\/blog\/wp-content\/uploads\/2016\/03\/Screenshot_157.png?fit=419%2C603&ssl=1","type":"image\/png"}],"author":"biancamachado","twitter_card":"summary_large_image","twitter_misc":{"Escrito por":"biancamachado","Est. tempo de leitura":"1 minuto"},"schema":{"@context":"https:\/\/schema.org","@graph":[{"@type":"Article","@id":"https:\/\/biancamachado.com.br\/blog\/book-gestante-com-38-semanas\/#article","isPartOf":{"@id":"https:\/\/biancamachado.com.br\/blog\/book-gestante-com-38-semanas\/"},"author":{"name":"biancamachado","@id":"https:\/\/biancamachado.com.br\/blog\/#\/schema\/person\/990263800ec5e9bdbbf092a2353550a1"},"headline":"Book Gestante com 38 semanas","datePublished":"2016-03-23T23:19:00+00:00","dateModified":"2021-02-18T02:32:23+00:00","mainEntityOfPage":{"@id":"https:\/\/biancamachado.com.br\/blog\/book-gestante-com-38-semanas\/"},"wordCount":125,"commentCount":0,"publisher":{"@id":"https:\/\/biancamachado.com.br\/blog\/#organization"},"image":{"@id":"https:\/\/biancamachado.com.br\/blog\/book-gestante-com-38-semanas\/#primaryimage"},"thumbnailUrl":"https:\/\/i0.wp.com\/biancamachado.com.br\/blog\/wp-content\/uploads\/2016\/03\/Screenshot_157.png?fit=419%2C603&ssl=1","keywords":["book fotografico para gravidas","ensaio de fotos","fotografas de gestantes","fotos de book gestante em estudio"],"articleSection":["Book Gestante em Estudio","Studio Bianca Machado"],"inLanguage":"pt-BR","potentialAction":[{"@type":"CommentAction","name":"Comment","target":["https:\/\/biancamachado.com.br\/blog\/book-gestante-com-38-semanas\/#respond"]}]},{"@type":"WebPage","@id":"https:\/\/biancamachado.com.br\/blog\/book-gestante-com-38-semanas\/","url":"https:\/\/biancamachado.com.br\/blog\/book-gestante-com-38-semanas\/","name":"Book Gestante com 38 semanas - STUDIO BIANCA MACHADO","isPartOf":{"@id":"https:\/\/biancamachado.com.br\/blog\/#website"},"primaryImageOfPage":{"@id":"https:\/\/biancamachado.com.br\/blog\/book-gestante-com-38-semanas\/#primaryimage"},"image":{"@id":"https:\/\/biancamachado.com.br\/blog\/book-gestante-com-38-semanas\/#primaryimage"},"thumbnailUrl":"https:\/\/i0.wp.com\/biancamachado.com.br\/blog\/wp-content\/uploads\/2016\/03\/Screenshot_157.png?fit=419%2C603&ssl=1","datePublished":"2016-03-23T23:19:00+00:00","dateModified":"2021-02-18T02:32:23+00:00","breadcrumb":{"@id":"https:\/\/biancamachado.com.br\/blog\/book-gestante-com-38-semanas\/#breadcrumb"},"inLanguage":"pt-BR","potentialAction":[{"@type":"ReadAction","target":["https:\/\/biancamachado.com.br\/blog\/book-gestante-com-38-semanas\/"]}]},{"@type":"ImageObject","inLanguage":"pt-BR","@id":"https:\/\/biancamachado.com.br\/blog\/book-gestante-com-38-semanas\/#primaryimage","url":"https:\/\/i0.wp.com\/biancamachado.com.br\/blog\/wp-content\/uploads\/2016\/03\/Screenshot_157.png?fit=419%2C603&ssl=1","contentUrl":"https:\/\/i0.wp.com\/biancamachado.com.br\/blog\/wp-content\/uploads\/2016\/03\/Screenshot_157.png?fit=419%2C603&ssl=1","width":419,"height":603,"caption":"Book Gestante com 38 semanas"},{"@type":"BreadcrumbList","@id":"https:\/\/biancamachado.com.br\/blog\/book-gestante-com-38-semanas\/#breadcrumb","itemListElement":[{"@type":"ListItem","position":1,"name":"In\u00edcio","item":"https:\/\/biancamachado.com.br\/blog\/"},{"@type":"ListItem","position":2,"name":"Book Gestante com 38 semanas"}]},{"@type":"WebSite","@id":"https:\/\/biancamachado.com.br\/blog\/#website","url":"https:\/\/biancamachado.com.br\/blog\/","name":"STUDIO BIANCA MACHADO","description":"Estudio Fotografico, Ensaios e Books de foto profissional","publisher":{"@id":"https:\/\/biancamachado.com.br\/blog\/#organization"},"potentialAction":[{"@type":"SearchAction","target":{"@type":"EntryPoint","urlTemplate":"https:\/\/biancamachado.com.br\/blog\/?s={search_term_string}"},"query-input":{"@type":"PropertyValueSpecification","valueRequired":true,"valueName":"search_term_string"}}],"inLanguage":"pt-BR"},{"@type":"Organization","@id":"https:\/\/biancamachado.com.br\/blog\/#organization","name":"STUDIO BIANCA MACHADO","url":"https:\/\/biancamachado.com.br\/blog\/","logo":{"@type":"ImageObject","inLanguage":"pt-BR","@id":"https:\/\/biancamachado.com.br\/blog\/#\/schema\/logo\/image\/","url":"https:\/\/i0.wp.com\/biancamachado.com.br\/blog\/wp-content\/uploads\/2021\/02\/cropped-logo-ml.jpg?fit=278%2C100&ssl=1","contentUrl":"https:\/\/i0.wp.com\/biancamachado.com.br\/blog\/wp-content\/uploads\/2021\/02\/cropped-logo-ml.jpg?fit=278%2C100&ssl=1","width":278,"height":100,"caption":"STUDIO BIANCA MACHADO"},"image":{"@id":"https:\/\/biancamachado.com.br\/blog\/#\/schema\/logo\/image\/"},"sameAs":["https:\/\/www.facebook.com\/Studiobiancamachado\/","https:\/\/www.instagram.com\/Studiobiancamachado\/"]},{"@type":"Person","@id":"https:\/\/biancamachado.com.br\/blog\/#\/schema\/person\/990263800ec5e9bdbbf092a2353550a1","name":"biancamachado","image":{"@type":"ImageObject","inLanguage":"pt-BR","@id":"https:\/\/secure.gravatar.com\/avatar\/62b1a50f2632dbc2e279c3eb55aa46cc324c969cff16a69c59756d155316542c?s=96&d=mm&r=g","url":"https:\/\/secure.gravatar.com\/avatar\/62b1a50f2632dbc2e279c3eb55aa46cc324c969cff16a69c59756d155316542c?s=96&d=mm&r=g","contentUrl":"https:\/\/secure.gravatar.com\/avatar\/62b1a50f2632dbc2e279c3eb55aa46cc324c969cff16a69c59756d155316542c?s=96&d=mm&r=g","caption":"biancamachado"},"sameAs":["https:\/\/biancamachado.com.br\/blog"],"url":"https:\/\/biancamachado.com.br\/blog\/author\/biancamachado\/"}]}},"jetpack_featured_media_url":"https:\/\/i0.wp.com\/biancamachado.com.br\/blog\/wp-content\/uploads\/2016\/03\/Screenshot_157.png?fit=419%2C603&ssl=1","jetpack-related-posts":[],"jetpack_sharing_enabled":true,"_links":{"self":[{"href":"https:\/\/biancamachado.com.br\/blog\/wp-json\/wp\/v2\/posts\/196","targetHints":{"allow":["GET"]}}],"collection":[{"href":"https:\/\/biancamachado.com.br\/blog\/wp-json\/wp\/v2\/posts"}],"about":[{"href":"https:\/\/biancamachado.com.br\/blog\/wp-json\/wp\/v2\/types\/post"}],"author":[{"embeddable":true,"href":"https:\/\/biancamachado.com.br\/blog\/wp-json\/wp\/v2\/users\/1"}],"replies":[{"embeddable":true,"href":"https:\/\/biancamachado.com.br\/blog\/wp-json\/wp\/v2\/comments?post=196"}],"version-history":[{"count":1,"href":"https:\/\/biancamachado.com.br\/blog\/wp-json\/wp\/v2\/posts\/196\/revisions"}],"predecessor-version":[{"id":1023,"href":"https:\/\/biancamachado.com.br\/blog\/wp-json\/wp\/v2\/posts\/196\/revisions\/1023"}],"wp:featuredmedia":[{"embeddable":true,"href":"https:\/\/biancamachado.com.br\/blog\/wp-json\/wp\/v2\/media\/963"}],"wp:attachment":[{"href":"https:\/\/biancamachado.com.br\/blog\/wp-json\/wp\/v2\/media?parent=196"}],"wp:term":[{"taxonomy":"category","embeddable":true,"href":"https:\/\/biancamachado.com.br\/blog\/wp-json\/wp\/v2\/categories?post=196"},{"taxonomy":"post_tag","embeddable":true,"href":"https:\/\/biancamachado.com.br\/blog\/wp-json\/wp\/v2\/tags?post=196"}],"curies":[{"name":"wp","href":"https:\/\/api.w.org\/{rel}","templated":true}]}}