{"id":184,"date":"2016-04-11T20:22:00","date_gmt":"2016-04-11T23:22:00","guid":{"rendered":"https:\/\/biancamachado.com.br\/blog\/?p=184"},"modified":"2023-02-22T16:57:09","modified_gmt":"2023-02-22T19:57:09","slug":"fotos-fofas-da-gravidez","status":"publish","type":"post","link":"https:\/\/biancamachado.com.br\/blog\/fotos-fofas-da-gravidez\/","title":{"rendered":"Fotos fofas da gravidez"},"content":{"rendered":"<div style=\"text-align: justify;\">Quem me conhece sabe que eu tenho uma mem\u00f3ria p\u00e9ssima para nomes.<\/div>\n<div style=\"text-align: justify;\">Chega s\u00e1bado e quando eu vejo, chega esse casal fofo, que eu fotografei o Book Gestante h\u00e1 um pouco mais de 1 ano&#8230; e o mais legal, est\u00e3o gr\u00e1vidos de novo ! kkk<\/div>\n<div style=\"text-align: justify;\">Que alegria, que fofura, que orgulho dessa fam\u00edlia linda, que est\u00e1 tirando tudo de boa, na maior alegria e divers\u00e3o. Pra mim, esse \u00e9 o segredo da felicidade, deixar ela chegar, e fluir sem esquentar a cabe\u00e7a !<\/div>\n<div style=\"text-align: justify;\">O engra\u00e7ado \u00e9 que h\u00e1 2 anos atr\u00e1s eles nem filhos tinham e de repente&#8230; j\u00e1 tem dois ! kkkk<\/div>\n<div style=\"text-align: justify;\">A vida \u00e9 linda, e quando o amor \u00e9 verdadeiro, ele multiplica, e o melhor&#8230; bem r\u00e1pido ! kkk<\/div>\n<div style=\"text-align: justify;\">Obrigada por toda essa inspira\u00e7\u00e3o de amor e vida.<\/div>\n<div style=\"text-align: justify;\">Segue um pouquinho dessa segunda sess\u00e3o !<\/div>\n<table style=\"margin-left: auto; margin-right: auto; text-align: center;\" cellspacing=\"0\" cellpadding=\"0\" align=\"center\">\n<tbody>\n<tr>\n<td style=\"text-align: center;\"><a style=\"margin-left: auto; margin-right: auto;\" href=\"https:\/\/i0.wp.com\/2.bp.blogspot.com\/-XVA5aZMbhHI\/Vwwwiv_0yZI\/AAAAAAAAQRI\/KXr5jiyyC1EQn4Pf-JeokVPXM_Xt7kaJg\/s1600\/ensaio%2Bde%2Bfotos%2Bda%2Bgravidez.jpg?ssl=1\"><img data-recalc-dims=\"1\" loading=\"lazy\" decoding=\"async\" title=\"ensaio de fotos da gravidez\" src=\"https:\/\/i0.wp.com\/2.bp.blogspot.com\/-XVA5aZMbhHI\/Vwwwiv_0yZI\/AAAAAAAAQRI\/KXr5jiyyC1EQn4Pf-JeokVPXM_Xt7kaJg\/s640\/ensaio%2Bde%2Bfotos%2Bda%2Bgravidez.jpg?resize=640%2C426&#038;ssl=1\" alt=\"ensaio de fotos da gravidez\" width=\"640\" height=\"426\" border=\"0\" \/><\/a><\/td>\n<\/tr>\n<tr>\n<td style=\"text-align: center;\">ensaio de fotos da gravidez<\/td>\n<\/tr>\n<\/tbody>\n<\/table>\n<p>Eu amo a emo\u00e7\u00e3o de uma nova gesta\u00e7\u00e3o, e a sensa\u00e7\u00e3o de fazer parte dessa hist\u00f3ria \u00e9 indescrit\u00edvel. Esses momentos s\u00e3o t\u00e3o raros e especiais, e eu tenho a sorte de poder registr\u00e1-los para sempre. Esse casal \u00e9 um exemplo disso, de como o amor pode multiplicar e transformar a vida de uma pessoa. Eles est\u00e3o aproveitando cada momento da gravidez, e isso \u00e9 t\u00e3o bonito de ver. Eu n\u00e3o consigo esperar para fotografar a chegada desse novo beb\u00ea, e para continuar registrando esse amor incondicional que eles t\u00eam uns pelos outros. A vida \u00e9 bela e eu sou grata por poder fazer parte disso.<\/p>\n<table style=\"margin-left: auto; margin-right: auto; text-align: center;\" cellspacing=\"0\" cellpadding=\"0\" align=\"center\">\n<tbody>\n<tr>\n<td style=\"text-align: center;\"><a style=\"margin-left: auto; margin-right: auto;\" href=\"https:\/\/i0.wp.com\/1.bp.blogspot.com\/-urTxNlNwcCA\/VwwwioJxdmI\/AAAAAAAAQRE\/UsVIC6PWYhMpf6ulA9cW1d2T3VVlqQQJQ\/s1600\/familia%2Be%2Ba%2Bgravidez.jpg?ssl=1\"><img data-recalc-dims=\"1\" loading=\"lazy\" decoding=\"async\" title=\"familia e a gravidez\" src=\"https:\/\/i0.wp.com\/1.bp.blogspot.com\/-urTxNlNwcCA\/VwwwioJxdmI\/AAAAAAAAQRE\/UsVIC6PWYhMpf6ulA9cW1d2T3VVlqQQJQ\/s640\/familia%2Be%2Ba%2Bgravidez.jpg?resize=426%2C640&#038;ssl=1\" alt=\"familia e a gravidez\" width=\"426\" height=\"640\" border=\"0\" \/><\/a><\/td>\n<\/tr>\n<tr>\n<td style=\"text-align: center;\">familia e a gravidez<\/td>\n<\/tr>\n<\/tbody>\n<\/table>\n<table style=\"margin-left: auto; margin-right: auto; text-align: center;\" cellspacing=\"0\" cellpadding=\"0\" align=\"center\">\n<tbody>\n<tr>\n<td style=\"text-align: center;\"><a style=\"margin-left: auto; margin-right: auto;\" href=\"https:\/\/i0.wp.com\/1.bp.blogspot.com\/-hOl6RnV4hOc\/VwwwidM6uiI\/AAAAAAAAQRA\/VZ3wUMShWIsFz0GriIWPUn5olIVpSFE-Q\/s1600\/fotografias%2Bda%2Bgravidez%2Bcom%2Birm%25C3%25A3os.jpg?ssl=1\"><img data-recalc-dims=\"1\" loading=\"lazy\" decoding=\"async\" title=\"fotografias da gravidez com irm\u00e3os\" src=\"https:\/\/i0.wp.com\/1.bp.blogspot.com\/-hOl6RnV4hOc\/VwwwidM6uiI\/AAAAAAAAQRA\/VZ3wUMShWIsFz0GriIWPUn5olIVpSFE-Q\/s640\/fotografias%2Bda%2Bgravidez%2Bcom%2Birm%25C3%25A3os.jpg?resize=426%2C640&#038;ssl=1\" alt=\"fotografias da gravidez com irm\u00e3os\" width=\"426\" height=\"640\" border=\"0\" \/><\/a><\/td>\n<\/tr>\n<tr>\n<td style=\"text-align: center;\">fotografias da gravidez com irm\u00e3os<\/td>\n<\/tr>\n<\/tbody>\n<\/table>\n<table style=\"margin-left: auto; margin-right: auto; text-align: center;\" cellspacing=\"0\" cellpadding=\"0\" align=\"center\">\n<tbody>\n<tr>\n<td style=\"text-align: center;\"><a style=\"margin-left: auto; margin-right: auto;\" href=\"https:\/\/i0.wp.com\/2.bp.blogspot.com\/-MjxnG60MXZU\/VwwwkgjDBUI\/AAAAAAAAQRM\/laAwV3y_HwMfNKD_-_HIu0qf-8vWjJTyA\/s1600\/fotografias%2Bfofas%2Bde%2Bfamilia.jpg?ssl=1\"><img data-recalc-dims=\"1\" loading=\"lazy\" decoding=\"async\" title=\"fotografias fofas de familia\" src=\"https:\/\/i0.wp.com\/2.bp.blogspot.com\/-MjxnG60MXZU\/VwwwkgjDBUI\/AAAAAAAAQRM\/laAwV3y_HwMfNKD_-_HIu0qf-8vWjJTyA\/s640\/fotografias%2Bfofas%2Bde%2Bfamilia.jpg?resize=426%2C640&#038;ssl=1\" alt=\"fotografias fofas de familia\" width=\"426\" height=\"640\" border=\"0\" \/><\/a><\/td>\n<\/tr>\n<tr>\n<td style=\"text-align: center;\">fotografias fofas de familia<\/td>\n<\/tr>\n<\/tbody>\n<\/table>\n<table style=\"margin-left: auto; margin-right: auto; text-align: center;\" cellspacing=\"0\" cellpadding=\"0\" align=\"center\">\n<tbody>\n<tr>\n<td style=\"text-align: center;\"><a style=\"margin-left: auto; margin-right: auto;\" href=\"https:\/\/i0.wp.com\/1.bp.blogspot.com\/-23f_6N26tsk\/VwwwlPo0xJI\/AAAAAAAAQRQ\/-Gy1qoJHOu4pYeYp8tOS3nSd5HzwwzowA\/s1600\/fotos%2Bda%2Bgravidez.jpg?ssl=1\"><img data-recalc-dims=\"1\" loading=\"lazy\" decoding=\"async\" title=\"fotos da gravidez\" src=\"https:\/\/i0.wp.com\/1.bp.blogspot.com\/-23f_6N26tsk\/VwwwlPo0xJI\/AAAAAAAAQRQ\/-Gy1qoJHOu4pYeYp8tOS3nSd5HzwwzowA\/s640\/fotos%2Bda%2Bgravidez.jpg?resize=426%2C640&#038;ssl=1\" alt=\"fotos da gravidez\" width=\"426\" height=\"640\" border=\"0\" \/><\/a><\/td>\n<\/tr>\n<tr>\n<td style=\"text-align: center;\">fotos da gravidez<\/td>\n<\/tr>\n<\/tbody>\n<\/table>\n<table style=\"margin-left: auto; margin-right: auto; text-align: center;\" cellspacing=\"0\" cellpadding=\"0\" align=\"center\">\n<tbody>\n<tr>\n<td style=\"text-align: center;\"><a style=\"margin-left: auto; margin-right: auto;\" href=\"https:\/\/i0.wp.com\/4.bp.blogspot.com\/-L3rOMV_rp58\/Vwwwm8XIfWI\/AAAAAAAAQRY\/wHTRoofPo3gvY9ZyhdnVEaYQgR6gcHUvA\/s1600\/fotos%2Bda%2Bsegunda%2Bgesta%25C3%25A7%25C3%25A3o.jpg?ssl=1\"><img data-recalc-dims=\"1\" loading=\"lazy\" decoding=\"async\" title=\"fotos da segunda gesta\u00e7\u00e3o\" src=\"https:\/\/i0.wp.com\/4.bp.blogspot.com\/-L3rOMV_rp58\/Vwwwm8XIfWI\/AAAAAAAAQRY\/wHTRoofPo3gvY9ZyhdnVEaYQgR6gcHUvA\/s640\/fotos%2Bda%2Bsegunda%2Bgesta%25C3%25A7%25C3%25A3o.jpg?resize=426%2C640&#038;ssl=1\" alt=\"fotos da segunda gesta\u00e7\u00e3o\" width=\"426\" height=\"640\" border=\"0\" \/><\/a><\/td>\n<\/tr>\n<tr>\n<td style=\"text-align: center;\">fotos da segunda gesta\u00e7\u00e3o<\/td>\n<\/tr>\n<\/tbody>\n<\/table>\n<table style=\"margin-left: auto; margin-right: auto; text-align: center;\" cellspacing=\"0\" cellpadding=\"0\" align=\"center\">\n<tbody>\n<tr>\n<td style=\"text-align: center;\"><a style=\"margin-left: auto; margin-right: auto;\" href=\"https:\/\/i0.wp.com\/3.bp.blogspot.com\/-NVC8DtbHXx0\/Vwwwm-M-3pI\/AAAAAAAAQRc\/hi_2TjKGd9gYnaIvbG4pRivmATuiHBPRw\/s1600\/fotos%2Bda%2Bsegunda%2Bgravidez.jpg?ssl=1\"><img data-recalc-dims=\"1\" loading=\"lazy\" decoding=\"async\" title=\"fotos da segunda gravidez\" src=\"https:\/\/i0.wp.com\/3.bp.blogspot.com\/-NVC8DtbHXx0\/Vwwwm-M-3pI\/AAAAAAAAQRc\/hi_2TjKGd9gYnaIvbG4pRivmATuiHBPRw\/s640\/fotos%2Bda%2Bsegunda%2Bgravidez.jpg?resize=640%2C426&#038;ssl=1\" alt=\"fotos da segunda gravidez\" width=\"640\" height=\"426\" border=\"0\" \/><\/a><\/td>\n<\/tr>\n<tr>\n<td style=\"text-align: center;\">fotos da segunda gravidez<\/td>\n<\/tr>\n<\/tbody>\n<\/table>\n<table style=\"margin-left: auto; margin-right: auto; text-align: center;\" cellspacing=\"0\" cellpadding=\"0\" align=\"center\">\n<tbody>\n<tr>\n<td style=\"text-align: center;\"><a style=\"margin-left: auto; margin-right: auto;\" href=\"https:\/\/i0.wp.com\/4.bp.blogspot.com\/-Gh_ISBrocGk\/Vwwwmxu7WTI\/AAAAAAAAQRU\/zvdRV_0EAQEloameUap0xIq3ciUwItQTg\/s1600\/fotos%2Bde%2Bbaby.jpg?ssl=1\"><img data-recalc-dims=\"1\" loading=\"lazy\" decoding=\"async\" title=\"fotos de baby\" src=\"https:\/\/i0.wp.com\/4.bp.blogspot.com\/-Gh_ISBrocGk\/Vwwwmxu7WTI\/AAAAAAAAQRU\/zvdRV_0EAQEloameUap0xIq3ciUwItQTg\/s640\/fotos%2Bde%2Bbaby.jpg?resize=426%2C640&#038;ssl=1\" alt=\"fotos de baby\" width=\"426\" height=\"640\" border=\"0\" \/><\/a><\/td>\n<\/tr>\n<tr>\n<td style=\"text-align: center;\">fotos de baby<\/td>\n<\/tr>\n<\/tbody>\n<\/table>\n<table style=\"margin-left: auto; margin-right: auto; text-align: center;\" cellspacing=\"0\" cellpadding=\"0\" align=\"center\">\n<tbody>\n<tr>\n<td style=\"text-align: center;\"><a style=\"margin-left: auto; margin-right: auto;\" href=\"https:\/\/i0.wp.com\/4.bp.blogspot.com\/-afii1x9Vf2Q\/VwwwojHAvGI\/AAAAAAAAQRg\/OTmz-Zcl4G8s9_yfauYlnZ7i5Wf9fwQyA\/s1600\/fotos%2Bde%2Bbebes.jpg?ssl=1\"><img data-recalc-dims=\"1\" loading=\"lazy\" decoding=\"async\" title=\"fotos de bebes\" src=\"https:\/\/i0.wp.com\/4.bp.blogspot.com\/-afii1x9Vf2Q\/VwwwojHAvGI\/AAAAAAAAQRg\/OTmz-Zcl4G8s9_yfauYlnZ7i5Wf9fwQyA\/s640\/fotos%2Bde%2Bbebes.jpg?resize=426%2C640&#038;ssl=1\" alt=\"fotos de bebes\" width=\"426\" height=\"640\" border=\"0\" \/><\/a><\/td>\n<\/tr>\n<tr>\n<td style=\"text-align: center;\">fotos de bebes<\/td>\n<\/tr>\n<\/tbody>\n<\/table>\n<table style=\"margin-left: auto; margin-right: auto; text-align: center;\" cellspacing=\"0\" cellpadding=\"0\" align=\"center\">\n<tbody>\n<tr>\n<td style=\"text-align: center;\"><a style=\"margin-left: auto; margin-right: auto;\" href=\"https:\/\/i0.wp.com\/1.bp.blogspot.com\/-VKYU80yVmjg\/VwwwpJwubuI\/AAAAAAAAQRk\/yJZajKjxFuI6jpn20KAJiBEx7H2fb1RqQ\/s1600\/fotos%2Bem%2Bfamilia.jpg?ssl=1\"><img data-recalc-dims=\"1\" loading=\"lazy\" decoding=\"async\" title=\"fotos em familia\" src=\"https:\/\/i0.wp.com\/1.bp.blogspot.com\/-VKYU80yVmjg\/VwwwpJwubuI\/AAAAAAAAQRk\/yJZajKjxFuI6jpn20KAJiBEx7H2fb1RqQ\/s640\/fotos%2Bem%2Bfamilia.jpg?resize=426%2C640&#038;ssl=1\" alt=\"fotos em familia\" width=\"426\" height=\"640\" border=\"0\" \/><\/a><\/td>\n<\/tr>\n<tr>\n<td style=\"text-align: center;\">fotos em familia<\/td>\n<\/tr>\n<\/tbody>\n<\/table>\n<table style=\"margin-left: auto; margin-right: auto; text-align: center;\" cellspacing=\"0\" cellpadding=\"0\" align=\"center\">\n<tbody>\n<tr>\n<td style=\"text-align: center;\"><a style=\"margin-left: auto; margin-right: auto;\" href=\"https:\/\/i0.wp.com\/3.bp.blogspot.com\/-QLAip8LZK8k\/VwwwpbCwA-I\/AAAAAAAAQRo\/17DzU-_t5_wTJRFEM4wDvdW3evyBkazyA\/s1600\/fotos%2Bfofas%2Bda%2Bgravidez.jpg?ssl=1\"><img data-recalc-dims=\"1\" loading=\"lazy\" decoding=\"async\" title=\"fotos fofas da gravidez\" src=\"https:\/\/i0.wp.com\/3.bp.blogspot.com\/-QLAip8LZK8k\/VwwwpbCwA-I\/AAAAAAAAQRo\/17DzU-_t5_wTJRFEM4wDvdW3evyBkazyA\/s640\/fotos%2Bfofas%2Bda%2Bgravidez.jpg?resize=426%2C640&#038;ssl=1\" alt=\"fotos fofas da gravidez\" width=\"426\" height=\"640\" border=\"0\" \/><\/a><\/td>\n<\/tr>\n<tr>\n<td style=\"text-align: center;\">fotos fofas da gravidez<\/td>\n<\/tr>\n<\/tbody>\n<\/table>\n<table style=\"margin-left: auto; margin-right: auto; text-align: center;\" cellspacing=\"0\" cellpadding=\"0\" align=\"center\">\n<tbody>\n<tr>\n<td style=\"text-align: center;\"><a style=\"margin-left: auto; margin-right: auto;\" href=\"https:\/\/i0.wp.com\/4.bp.blogspot.com\/-Oe9dx43rRUo\/VwwwqQL-enI\/AAAAAAAAQRs\/NvHBYa8QgPsDNsQuA--cXhWH9-zmn1-8g\/s1600\/melhores%2Bfotografias%2Bda%2Bgravidez.jpg?ssl=1\"><img data-recalc-dims=\"1\" loading=\"lazy\" decoding=\"async\" title=\"melhores fotografias da gravidez\" src=\"https:\/\/i0.wp.com\/4.bp.blogspot.com\/-Oe9dx43rRUo\/VwwwqQL-enI\/AAAAAAAAQRs\/NvHBYa8QgPsDNsQuA--cXhWH9-zmn1-8g\/s640\/melhores%2Bfotografias%2Bda%2Bgravidez.jpg?resize=640%2C426&#038;ssl=1\" alt=\"melhores fotografias da gravidez\" width=\"640\" height=\"426\" border=\"0\" \/><\/a><\/td>\n<\/tr>\n<tr>\n<td style=\"text-align: center;\">melhores fotografias da gravidez<\/td>\n<\/tr>\n<\/tbody>\n<\/table>\nVisite tamb\u00e9m nosso site: www.biancamachado.com.br\r\n(11) 97107-1018\r\n\r\nAtendemos as regi\u00f5es de S\u00e3o Paulo, Sorocaba, Ibi\u00fana, Piedade, Votorantim, Cotia, Itupeva, Jundia\u00ed, It\u00fa e Campinas","protected":false},"excerpt":{"rendered":"<p>Eu amo a emo\u00e7\u00e3o de uma nova gesta\u00e7\u00e3o, e a sensa\u00e7\u00e3o de fazer parte dessa hist\u00f3ria \u00e9 indescrit\u00edvel. Esses momentos s\u00e3o t\u00e3o raros e especiais, e eu tenho a sorte de poder registr\u00e1-los para sempre.<\/p>\n","protected":false},"author":1,"featured_media":951,"comment_status":"open","ping_status":"open","sticky":false,"template":"","format":"standard","meta":{"_monsterinsights_skip_tracking":false,"_monsterinsights_sitenote_active":false,"_monsterinsights_sitenote_note":"","_monsterinsights_sitenote_category":0,"jetpack_post_was_ever_published":false,"_jetpack_newsletter_access":"","_jetpack_dont_email_post_to_subs":false,"_jetpack_newsletter_tier_id":0,"_jetpack_memberships_contains_paywalled_content":false,"_jetpack_memberships_contains_paid_content":false,"_joinchat":[],"footnotes":""},"categories":[292,283,1],"tags":[332,300,299,333,301,334,298],"class_list":["post-184","post","type-post","status-publish","format-standard","has-post-thumbnail","hentry","category-book-familia-estudio","category-book-gestante-em-estudio","category-studio-bianca-machado","tag-book-familia-em-estudio","tag-book-fotografico-para-gravidas","tag-ensaio-de-fotos","tag-ensaio-de-fotos-com-criancas","tag-fotografas-de-gestantes","tag-fotografia-profissional-para-familias","tag-fotos-de-book-gestante-em-estudio"],"yoast_head":"<!-- This site is optimized with the Yoast SEO plugin v27.4 - https:\/\/yoast.com\/product\/yoast-seo-wordpress\/ -->\n<title>Fotos fofas da gravidez - STUDIO BIANCA MACHADO<\/title>\n<meta name=\"description\" content=\"Eu amo a emo\u00e7\u00e3o de uma nova gesta\u00e7\u00e3o, e a sensa\u00e7\u00e3o de fazer parte dessa hist\u00f3ria \u00e9 indescrit\u00edvel. Esses momentos s\u00e3o t\u00e3o raros e especiais, e eu tenho a sorte de poder registr\u00e1-los para sempre.\" \/>\n<meta name=\"robots\" content=\"index, follow, max-snippet:-1, max-image-preview:large, max-video-preview:-1\" \/>\n<link rel=\"canonical\" href=\"https:\/\/biancamachado.com.br\/blog\/fotos-fofas-da-gravidez\/\" \/>\n<meta property=\"og:locale\" content=\"pt_BR\" \/>\n<meta property=\"og:type\" content=\"article\" \/>\n<meta property=\"og:title\" content=\"Fotos fofas da gravidez - STUDIO BIANCA MACHADO\" \/>\n<meta property=\"og:description\" content=\"Eu amo a emo\u00e7\u00e3o de uma nova gesta\u00e7\u00e3o, e a sensa\u00e7\u00e3o de fazer parte dessa hist\u00f3ria \u00e9 indescrit\u00edvel. Esses momentos s\u00e3o t\u00e3o raros e especiais, e eu tenho a sorte de poder registr\u00e1-los para sempre.\" \/>\n<meta property=\"og:url\" content=\"https:\/\/biancamachado.com.br\/blog\/fotos-fofas-da-gravidez\/\" \/>\n<meta property=\"og:site_name\" content=\"STUDIO BIANCA MACHADO\" \/>\n<meta property=\"article:publisher\" content=\"https:\/\/www.facebook.com\/Studiobiancamachado\/\" \/>\n<meta property=\"article:published_time\" content=\"2016-04-11T23:22:00+00:00\" \/>\n<meta property=\"article:modified_time\" content=\"2023-02-22T19:57:09+00:00\" \/>\n<meta property=\"og:image\" content=\"https:\/\/biancamachado.com.br\/blog\/wp-content\/uploads\/2016\/04\/Screenshot_145.png\" \/>\n\t<meta property=\"og:image:width\" content=\"632\" \/>\n\t<meta property=\"og:image:height\" content=\"407\" \/>\n\t<meta property=\"og:image:type\" content=\"image\/png\" \/>\n<meta name=\"author\" content=\"biancamachado\" \/>\n<meta name=\"twitter:card\" content=\"summary_large_image\" \/>\n<meta name=\"twitter:label1\" content=\"Escrito por\" \/>\n\t<meta name=\"twitter:data1\" content=\"biancamachado\" \/>\n\t<meta name=\"twitter:label2\" content=\"Est. tempo de leitura\" \/>\n\t<meta name=\"twitter:data2\" content=\"4 minutos\" \/>\n<script type=\"application\/ld+json\" class=\"yoast-schema-graph\">{\"@context\":\"https:\\\/\\\/schema.org\",\"@graph\":[{\"@type\":\"Article\",\"@id\":\"https:\\\/\\\/biancamachado.com.br\\\/blog\\\/fotos-fofas-da-gravidez\\\/#article\",\"isPartOf\":{\"@id\":\"https:\\\/\\\/biancamachado.com.br\\\/blog\\\/fotos-fofas-da-gravidez\\\/\"},\"author\":{\"name\":\"biancamachado\",\"@id\":\"https:\\\/\\\/biancamachado.com.br\\\/blog\\\/#\\\/schema\\\/person\\\/990263800ec5e9bdbbf092a2353550a1\"},\"headline\":\"Fotos fofas da gravidez\",\"datePublished\":\"2016-04-11T23:22:00+00:00\",\"dateModified\":\"2023-02-22T19:57:09+00:00\",\"mainEntityOfPage\":{\"@id\":\"https:\\\/\\\/biancamachado.com.br\\\/blog\\\/fotos-fofas-da-gravidez\\\/\"},\"wordCount\":305,\"commentCount\":0,\"publisher\":{\"@id\":\"https:\\\/\\\/biancamachado.com.br\\\/blog\\\/#organization\"},\"image\":{\"@id\":\"https:\\\/\\\/biancamachado.com.br\\\/blog\\\/fotos-fofas-da-gravidez\\\/#primaryimage\"},\"thumbnailUrl\":\"https:\\\/\\\/i0.wp.com\\\/biancamachado.com.br\\\/blog\\\/wp-content\\\/uploads\\\/2016\\\/04\\\/Screenshot_145.png?fit=632%2C407&ssl=1\",\"keywords\":[\"Book familia em estudio\",\"book fotografico para gravidas\",\"ensaio de fotos\",\"ensaio de fotos com crian\u00e7as\",\"fotografas de gestantes\",\"fotografia profissional para familias\",\"fotos de book gestante em estudio\"],\"articleSection\":[\"Book Familia Estudio\",\"Book Gestante em Estudio\",\"Studio Bianca Machado\"],\"inLanguage\":\"pt-BR\",\"potentialAction\":[{\"@type\":\"CommentAction\",\"name\":\"Comment\",\"target\":[\"https:\\\/\\\/biancamachado.com.br\\\/blog\\\/fotos-fofas-da-gravidez\\\/#respond\"]}]},{\"@type\":\"WebPage\",\"@id\":\"https:\\\/\\\/biancamachado.com.br\\\/blog\\\/fotos-fofas-da-gravidez\\\/\",\"url\":\"https:\\\/\\\/biancamachado.com.br\\\/blog\\\/fotos-fofas-da-gravidez\\\/\",\"name\":\"Fotos fofas da gravidez - STUDIO BIANCA MACHADO\",\"isPartOf\":{\"@id\":\"https:\\\/\\\/biancamachado.com.br\\\/blog\\\/#website\"},\"primaryImageOfPage\":{\"@id\":\"https:\\\/\\\/biancamachado.com.br\\\/blog\\\/fotos-fofas-da-gravidez\\\/#primaryimage\"},\"image\":{\"@id\":\"https:\\\/\\\/biancamachado.com.br\\\/blog\\\/fotos-fofas-da-gravidez\\\/#primaryimage\"},\"thumbnailUrl\":\"https:\\\/\\\/i0.wp.com\\\/biancamachado.com.br\\\/blog\\\/wp-content\\\/uploads\\\/2016\\\/04\\\/Screenshot_145.png?fit=632%2C407&ssl=1\",\"datePublished\":\"2016-04-11T23:22:00+00:00\",\"dateModified\":\"2023-02-22T19:57:09+00:00\",\"description\":\"Eu amo a emo\u00e7\u00e3o de uma nova gesta\u00e7\u00e3o, e a sensa\u00e7\u00e3o de fazer parte dessa hist\u00f3ria \u00e9 indescrit\u00edvel. Esses momentos s\u00e3o t\u00e3o raros e especiais, e eu tenho a sorte de poder registr\u00e1-los para sempre.\",\"breadcrumb\":{\"@id\":\"https:\\\/\\\/biancamachado.com.br\\\/blog\\\/fotos-fofas-da-gravidez\\\/#breadcrumb\"},\"inLanguage\":\"pt-BR\",\"potentialAction\":[{\"@type\":\"ReadAction\",\"target\":[\"https:\\\/\\\/biancamachado.com.br\\\/blog\\\/fotos-fofas-da-gravidez\\\/\"]}]},{\"@type\":\"ImageObject\",\"inLanguage\":\"pt-BR\",\"@id\":\"https:\\\/\\\/biancamachado.com.br\\\/blog\\\/fotos-fofas-da-gravidez\\\/#primaryimage\",\"url\":\"https:\\\/\\\/i0.wp.com\\\/biancamachado.com.br\\\/blog\\\/wp-content\\\/uploads\\\/2016\\\/04\\\/Screenshot_145.png?fit=632%2C407&ssl=1\",\"contentUrl\":\"https:\\\/\\\/i0.wp.com\\\/biancamachado.com.br\\\/blog\\\/wp-content\\\/uploads\\\/2016\\\/04\\\/Screenshot_145.png?fit=632%2C407&ssl=1\",\"width\":632,\"height\":407,\"caption\":\"Fotos fofas da gravidez\"},{\"@type\":\"BreadcrumbList\",\"@id\":\"https:\\\/\\\/biancamachado.com.br\\\/blog\\\/fotos-fofas-da-gravidez\\\/#breadcrumb\",\"itemListElement\":[{\"@type\":\"ListItem\",\"position\":1,\"name\":\"In\u00edcio\",\"item\":\"https:\\\/\\\/biancamachado.com.br\\\/blog\\\/\"},{\"@type\":\"ListItem\",\"position\":2,\"name\":\"Fotos fofas da gravidez\"}]},{\"@type\":\"WebSite\",\"@id\":\"https:\\\/\\\/biancamachado.com.br\\\/blog\\\/#website\",\"url\":\"https:\\\/\\\/biancamachado.com.br\\\/blog\\\/\",\"name\":\"STUDIO BIANCA MACHADO\",\"description\":\"Estudio Fotografico, Ensaios e Books de foto profissional\",\"publisher\":{\"@id\":\"https:\\\/\\\/biancamachado.com.br\\\/blog\\\/#organization\"},\"potentialAction\":[{\"@type\":\"SearchAction\",\"target\":{\"@type\":\"EntryPoint\",\"urlTemplate\":\"https:\\\/\\\/biancamachado.com.br\\\/blog\\\/?s={search_term_string}\"},\"query-input\":{\"@type\":\"PropertyValueSpecification\",\"valueRequired\":true,\"valueName\":\"search_term_string\"}}],\"inLanguage\":\"pt-BR\"},{\"@type\":\"Organization\",\"@id\":\"https:\\\/\\\/biancamachado.com.br\\\/blog\\\/#organization\",\"name\":\"STUDIO BIANCA MACHADO\",\"url\":\"https:\\\/\\\/biancamachado.com.br\\\/blog\\\/\",\"logo\":{\"@type\":\"ImageObject\",\"inLanguage\":\"pt-BR\",\"@id\":\"https:\\\/\\\/biancamachado.com.br\\\/blog\\\/#\\\/schema\\\/logo\\\/image\\\/\",\"url\":\"https:\\\/\\\/i0.wp.com\\\/biancamachado.com.br\\\/blog\\\/wp-content\\\/uploads\\\/2021\\\/02\\\/cropped-logo-ml.jpg?fit=278%2C100&ssl=1\",\"contentUrl\":\"https:\\\/\\\/i0.wp.com\\\/biancamachado.com.br\\\/blog\\\/wp-content\\\/uploads\\\/2021\\\/02\\\/cropped-logo-ml.jpg?fit=278%2C100&ssl=1\",\"width\":278,\"height\":100,\"caption\":\"STUDIO BIANCA MACHADO\"},\"image\":{\"@id\":\"https:\\\/\\\/biancamachado.com.br\\\/blog\\\/#\\\/schema\\\/logo\\\/image\\\/\"},\"sameAs\":[\"https:\\\/\\\/www.facebook.com\\\/Studiobiancamachado\\\/\",\"https:\\\/\\\/www.instagram.com\\\/Studiobiancamachado\\\/\"]},{\"@type\":\"Person\",\"@id\":\"https:\\\/\\\/biancamachado.com.br\\\/blog\\\/#\\\/schema\\\/person\\\/990263800ec5e9bdbbf092a2353550a1\",\"name\":\"biancamachado\",\"image\":{\"@type\":\"ImageObject\",\"inLanguage\":\"pt-BR\",\"@id\":\"https:\\\/\\\/secure.gravatar.com\\\/avatar\\\/62b1a50f2632dbc2e279c3eb55aa46cc324c969cff16a69c59756d155316542c?s=96&d=mm&r=g\",\"url\":\"https:\\\/\\\/secure.gravatar.com\\\/avatar\\\/62b1a50f2632dbc2e279c3eb55aa46cc324c969cff16a69c59756d155316542c?s=96&d=mm&r=g\",\"contentUrl\":\"https:\\\/\\\/secure.gravatar.com\\\/avatar\\\/62b1a50f2632dbc2e279c3eb55aa46cc324c969cff16a69c59756d155316542c?s=96&d=mm&r=g\",\"caption\":\"biancamachado\"},\"sameAs\":[\"https:\\\/\\\/biancamachado.com.br\\\/blog\"],\"url\":\"https:\\\/\\\/biancamachado.com.br\\\/blog\\\/author\\\/biancamachado\\\/\"}]}<\/script>\n<!-- \/ Yoast SEO plugin. -->","yoast_head_json":{"title":"Fotos fofas da gravidez - STUDIO BIANCA MACHADO","description":"Eu amo a emo\u00e7\u00e3o de uma nova gesta\u00e7\u00e3o, e a sensa\u00e7\u00e3o de fazer parte dessa hist\u00f3ria \u00e9 indescrit\u00edvel. Esses momentos s\u00e3o t\u00e3o raros e especiais, e eu tenho a sorte de poder registr\u00e1-los para sempre.","robots":{"index":"index","follow":"follow","max-snippet":"max-snippet:-1","max-image-preview":"max-image-preview:large","max-video-preview":"max-video-preview:-1"},"canonical":"https:\/\/biancamachado.com.br\/blog\/fotos-fofas-da-gravidez\/","og_locale":"pt_BR","og_type":"article","og_title":"Fotos fofas da gravidez - STUDIO BIANCA MACHADO","og_description":"Eu amo a emo\u00e7\u00e3o de uma nova gesta\u00e7\u00e3o, e a sensa\u00e7\u00e3o de fazer parte dessa hist\u00f3ria \u00e9 indescrit\u00edvel. Esses momentos s\u00e3o t\u00e3o raros e especiais, e eu tenho a sorte de poder registr\u00e1-los para sempre.","og_url":"https:\/\/biancamachado.com.br\/blog\/fotos-fofas-da-gravidez\/","og_site_name":"STUDIO BIANCA MACHADO","article_publisher":"https:\/\/www.facebook.com\/Studiobiancamachado\/","article_published_time":"2016-04-11T23:22:00+00:00","article_modified_time":"2023-02-22T19:57:09+00:00","og_image":[{"width":632,"height":407,"url":"https:\/\/biancamachado.com.br\/blog\/wp-content\/uploads\/2016\/04\/Screenshot_145.png","type":"image\/png"}],"author":"biancamachado","twitter_card":"summary_large_image","twitter_misc":{"Escrito por":"biancamachado","Est. tempo de leitura":"4 minutos"},"schema":{"@context":"https:\/\/schema.org","@graph":[{"@type":"Article","@id":"https:\/\/biancamachado.com.br\/blog\/fotos-fofas-da-gravidez\/#article","isPartOf":{"@id":"https:\/\/biancamachado.com.br\/blog\/fotos-fofas-da-gravidez\/"},"author":{"name":"biancamachado","@id":"https:\/\/biancamachado.com.br\/blog\/#\/schema\/person\/990263800ec5e9bdbbf092a2353550a1"},"headline":"Fotos fofas da gravidez","datePublished":"2016-04-11T23:22:00+00:00","dateModified":"2023-02-22T19:57:09+00:00","mainEntityOfPage":{"@id":"https:\/\/biancamachado.com.br\/blog\/fotos-fofas-da-gravidez\/"},"wordCount":305,"commentCount":0,"publisher":{"@id":"https:\/\/biancamachado.com.br\/blog\/#organization"},"image":{"@id":"https:\/\/biancamachado.com.br\/blog\/fotos-fofas-da-gravidez\/#primaryimage"},"thumbnailUrl":"https:\/\/i0.wp.com\/biancamachado.com.br\/blog\/wp-content\/uploads\/2016\/04\/Screenshot_145.png?fit=632%2C407&ssl=1","keywords":["Book familia em estudio","book fotografico para gravidas","ensaio de fotos","ensaio de fotos com crian\u00e7as","fotografas de gestantes","fotografia profissional para familias","fotos de book gestante em estudio"],"articleSection":["Book Familia Estudio","Book Gestante em Estudio","Studio Bianca Machado"],"inLanguage":"pt-BR","potentialAction":[{"@type":"CommentAction","name":"Comment","target":["https:\/\/biancamachado.com.br\/blog\/fotos-fofas-da-gravidez\/#respond"]}]},{"@type":"WebPage","@id":"https:\/\/biancamachado.com.br\/blog\/fotos-fofas-da-gravidez\/","url":"https:\/\/biancamachado.com.br\/blog\/fotos-fofas-da-gravidez\/","name":"Fotos fofas da gravidez - STUDIO BIANCA MACHADO","isPartOf":{"@id":"https:\/\/biancamachado.com.br\/blog\/#website"},"primaryImageOfPage":{"@id":"https:\/\/biancamachado.com.br\/blog\/fotos-fofas-da-gravidez\/#primaryimage"},"image":{"@id":"https:\/\/biancamachado.com.br\/blog\/fotos-fofas-da-gravidez\/#primaryimage"},"thumbnailUrl":"https:\/\/i0.wp.com\/biancamachado.com.br\/blog\/wp-content\/uploads\/2016\/04\/Screenshot_145.png?fit=632%2C407&ssl=1","datePublished":"2016-04-11T23:22:00+00:00","dateModified":"2023-02-22T19:57:09+00:00","description":"Eu amo a emo\u00e7\u00e3o de uma nova gesta\u00e7\u00e3o, e a sensa\u00e7\u00e3o de fazer parte dessa hist\u00f3ria \u00e9 indescrit\u00edvel. Esses momentos s\u00e3o t\u00e3o raros e especiais, e eu tenho a sorte de poder registr\u00e1-los para sempre.","breadcrumb":{"@id":"https:\/\/biancamachado.com.br\/blog\/fotos-fofas-da-gravidez\/#breadcrumb"},"inLanguage":"pt-BR","potentialAction":[{"@type":"ReadAction","target":["https:\/\/biancamachado.com.br\/blog\/fotos-fofas-da-gravidez\/"]}]},{"@type":"ImageObject","inLanguage":"pt-BR","@id":"https:\/\/biancamachado.com.br\/blog\/fotos-fofas-da-gravidez\/#primaryimage","url":"https:\/\/i0.wp.com\/biancamachado.com.br\/blog\/wp-content\/uploads\/2016\/04\/Screenshot_145.png?fit=632%2C407&ssl=1","contentUrl":"https:\/\/i0.wp.com\/biancamachado.com.br\/blog\/wp-content\/uploads\/2016\/04\/Screenshot_145.png?fit=632%2C407&ssl=1","width":632,"height":407,"caption":"Fotos fofas da gravidez"},{"@type":"BreadcrumbList","@id":"https:\/\/biancamachado.com.br\/blog\/fotos-fofas-da-gravidez\/#breadcrumb","itemListElement":[{"@type":"ListItem","position":1,"name":"In\u00edcio","item":"https:\/\/biancamachado.com.br\/blog\/"},{"@type":"ListItem","position":2,"name":"Fotos fofas da gravidez"}]},{"@type":"WebSite","@id":"https:\/\/biancamachado.com.br\/blog\/#website","url":"https:\/\/biancamachado.com.br\/blog\/","name":"STUDIO BIANCA MACHADO","description":"Estudio Fotografico, Ensaios e Books de foto profissional","publisher":{"@id":"https:\/\/biancamachado.com.br\/blog\/#organization"},"potentialAction":[{"@type":"SearchAction","target":{"@type":"EntryPoint","urlTemplate":"https:\/\/biancamachado.com.br\/blog\/?s={search_term_string}"},"query-input":{"@type":"PropertyValueSpecification","valueRequired":true,"valueName":"search_term_string"}}],"inLanguage":"pt-BR"},{"@type":"Organization","@id":"https:\/\/biancamachado.com.br\/blog\/#organization","name":"STUDIO BIANCA MACHADO","url":"https:\/\/biancamachado.com.br\/blog\/","logo":{"@type":"ImageObject","inLanguage":"pt-BR","@id":"https:\/\/biancamachado.com.br\/blog\/#\/schema\/logo\/image\/","url":"https:\/\/i0.wp.com\/biancamachado.com.br\/blog\/wp-content\/uploads\/2021\/02\/cropped-logo-ml.jpg?fit=278%2C100&ssl=1","contentUrl":"https:\/\/i0.wp.com\/biancamachado.com.br\/blog\/wp-content\/uploads\/2021\/02\/cropped-logo-ml.jpg?fit=278%2C100&ssl=1","width":278,"height":100,"caption":"STUDIO BIANCA MACHADO"},"image":{"@id":"https:\/\/biancamachado.com.br\/blog\/#\/schema\/logo\/image\/"},"sameAs":["https:\/\/www.facebook.com\/Studiobiancamachado\/","https:\/\/www.instagram.com\/Studiobiancamachado\/"]},{"@type":"Person","@id":"https:\/\/biancamachado.com.br\/blog\/#\/schema\/person\/990263800ec5e9bdbbf092a2353550a1","name":"biancamachado","image":{"@type":"ImageObject","inLanguage":"pt-BR","@id":"https:\/\/secure.gravatar.com\/avatar\/62b1a50f2632dbc2e279c3eb55aa46cc324c969cff16a69c59756d155316542c?s=96&d=mm&r=g","url":"https:\/\/secure.gravatar.com\/avatar\/62b1a50f2632dbc2e279c3eb55aa46cc324c969cff16a69c59756d155316542c?s=96&d=mm&r=g","contentUrl":"https:\/\/secure.gravatar.com\/avatar\/62b1a50f2632dbc2e279c3eb55aa46cc324c969cff16a69c59756d155316542c?s=96&d=mm&r=g","caption":"biancamachado"},"sameAs":["https:\/\/biancamachado.com.br\/blog"],"url":"https:\/\/biancamachado.com.br\/blog\/author\/biancamachado\/"}]}},"jetpack_featured_media_url":"https:\/\/i0.wp.com\/biancamachado.com.br\/blog\/wp-content\/uploads\/2016\/04\/Screenshot_145.png?fit=632%2C407&ssl=1","jetpack-related-posts":[],"jetpack_sharing_enabled":true,"_links":{"self":[{"href":"https:\/\/biancamachado.com.br\/blog\/wp-json\/wp\/v2\/posts\/184","targetHints":{"allow":["GET"]}}],"collection":[{"href":"https:\/\/biancamachado.com.br\/blog\/wp-json\/wp\/v2\/posts"}],"about":[{"href":"https:\/\/biancamachado.com.br\/blog\/wp-json\/wp\/v2\/types\/post"}],"author":[{"embeddable":true,"href":"https:\/\/biancamachado.com.br\/blog\/wp-json\/wp\/v2\/users\/1"}],"replies":[{"embeddable":true,"href":"https:\/\/biancamachado.com.br\/blog\/wp-json\/wp\/v2\/comments?post=184"}],"version-history":[{"count":2,"href":"https:\/\/biancamachado.com.br\/blog\/wp-json\/wp\/v2\/posts\/184\/revisions"}],"predecessor-version":[{"id":3796,"href":"https:\/\/biancamachado.com.br\/blog\/wp-json\/wp\/v2\/posts\/184\/revisions\/3796"}],"wp:featuredmedia":[{"embeddable":true,"href":"https:\/\/biancamachado.com.br\/blog\/wp-json\/wp\/v2\/media\/951"}],"wp:attachment":[{"href":"https:\/\/biancamachado.com.br\/blog\/wp-json\/wp\/v2\/media?parent=184"}],"wp:term":[{"taxonomy":"category","embeddable":true,"href":"https:\/\/biancamachado.com.br\/blog\/wp-json\/wp\/v2\/categories?post=184"},{"taxonomy":"post_tag","embeddable":true,"href":"https:\/\/biancamachado.com.br\/blog\/wp-json\/wp\/v2\/tags?post=184"}],"curies":[{"name":"wp","href":"https:\/\/api.w.org\/{rel}","templated":true}]}}