{"id":182,"date":"2016-04-11T20:55:00","date_gmt":"2016-04-11T23:55:00","guid":{"rendered":"https:\/\/biancamachado.com.br\/blog\/?p=182"},"modified":"2023-02-22T16:53:26","modified_gmt":"2023-02-22T19:53:26","slug":"fotos-profissionais-para-o-linkedin","status":"publish","type":"post","link":"https:\/\/biancamachado.com.br\/blog\/fotos-profissionais-para-o-linkedin\/","title":{"rendered":"Fotos Profissionais para o Linkedin"},"content":{"rendered":"<div style=\"text-align: justify;\">Toda semana, tem gente me procurando para tirar aquela fotografia profissional linda e emp\u00e1tica para o Linkedin para dar um toque \u00fanico no perfil profissional.<\/div>\n<div style=\"text-align: justify;\">Uma boa imagem, uma fotografia verdadeira e segura, com certeza abre muitas portas profissionais para o mercado de trabalho.<\/div>\n<div style=\"text-align: justify;\">Agora, dessa vez, foi mais que bacana ! Imagina a id\u00e9ia de al\u00e9m de fazer as fotos profissionais, vc juntar a fam\u00edlia toda numa sess\u00e3o maxi-divertida com as crian\u00e7as?<\/div>\n<div style=\"text-align: justify;\">Que del\u00edcia esse ensaio com as irm\u00e3s mais fofas do mundo, e sua fam\u00edlia super divertida.<\/div>\n<div style=\"text-align: justify;\">T\u00e1 vendo? Todo dia eu vivo uma novidade ! kkk<\/div>\n<div style=\"text-align: justify;\">Segue um pouquinho do ensaio:<\/div>\n<table style=\"margin-left: auto; margin-right: auto; text-align: center;\" cellspacing=\"0\" cellpadding=\"0\" align=\"center\">\n<tbody>\n<tr>\n<td><a style=\"margin-left: auto; margin-right: auto;\" href=\"https:\/\/i0.wp.com\/2.bp.blogspot.com\/-MsF-cAXSuRQ\/Vww4YbFyerI\/AAAAAAAAQUA\/iNExZWr6buUpPzId4ju9jCjjyXUV48DqACLcB\/s1600\/fotos%2Bpara%2Bperfil%2Bprofissional.jpg?ssl=1\"><img data-recalc-dims=\"1\" loading=\"lazy\" decoding=\"async\" title=\"fotos para perfil profissional\" src=\"https:\/\/i0.wp.com\/2.bp.blogspot.com\/-MsF-cAXSuRQ\/Vww4YbFyerI\/AAAAAAAAQUA\/iNExZWr6buUpPzId4ju9jCjjyXUV48DqACLcB\/s640\/fotos%2Bpara%2Bperfil%2Bprofissional.jpg?resize=426%2C640&#038;ssl=1\" alt=\"fotos para perfil profissional\" width=\"426\" height=\"640\" border=\"0\" \/><\/a><\/td>\n<\/tr>\n<tr>\n<td style=\"font-size: 12.8px;\">fotos para perfil profissional<\/td>\n<\/tr>\n<\/tbody>\n<\/table>\n<table style=\"margin-left: auto; margin-right: auto; text-align: center;\" cellspacing=\"0\" cellpadding=\"0\" align=\"center\">\n<tbody>\n<tr>\n<td style=\"text-align: center;\"><a style=\"margin-left: auto; margin-right: auto;\" href=\"https:\/\/i0.wp.com\/1.bp.blogspot.com\/-spDlxH-ny30\/Vww4OhuaggI\/AAAAAAAAQTY\/QqqZ5njjtaAJh0b-Z0g4Meb9FJiUf0mMgCLcB\/s1600\/ensaio%2Bde%2Bfotos%2Bem%2Bfamilia.jpg?ssl=1\"><img data-recalc-dims=\"1\" loading=\"lazy\" decoding=\"async\" title=\"ensaio de fotos em familia\" src=\"https:\/\/i0.wp.com\/1.bp.blogspot.com\/-spDlxH-ny30\/Vww4OhuaggI\/AAAAAAAAQTY\/QqqZ5njjtaAJh0b-Z0g4Meb9FJiUf0mMgCLcB\/s640\/ensaio%2Bde%2Bfotos%2Bem%2Bfamilia.jpg?resize=426%2C640&#038;ssl=1\" alt=\"ensaio de fotos em familia\" width=\"426\" height=\"640\" border=\"0\" \/><\/a><\/td>\n<\/tr>\n<tr>\n<td style=\"text-align: center;\">ensaio de fotos em familia<\/td>\n<\/tr>\n<\/tbody>\n<\/table>\n<p>Toda semana temos pessoas procurando o Studio Bianca Machado para criar uma fotografia profissional \u00fanica e coerente para seu marketing digital. Uma boa imagem fala muito e pode ser a chave para destacar o seu perfil profissional e alcan\u00e7ar mais oportunidades de trabalho.<\/p>\n<p>E essa semana, tivemos a oportunidade de fotografar uma fam\u00edlia incr\u00edvel, composta por tr\u00eas profissionais talentosos. Foi uma sess\u00e3o de fotos divertida e cheia de energia, onde conseguimos capturar a personalidade de cada um deles de forma \u00fanica e coerente.<\/p>\n<p>\u00c9 sempre uma del\u00edcia poder participar da cria\u00e7\u00e3o de fotos para marketing digital, e essa sess\u00e3o com a fam\u00edlia foi ainda mais especial. Al\u00e9m de destacar o perfil profissional de cada um, conseguimos criar uma imagem coerente e harmoniosa para a fam\u00edlia como um todo.<\/p>\n<p>N\u00f3s, aqui no Studio Bianca Machado, acreditamos na import\u00e2ncia de uma boa fotografia para seu marketing digital e estamos sempre prontos para criar momentos inesquec\u00edveis e fotos profissionais para voc\u00ea. Se voc\u00ea est\u00e1 procurando uma fotografia coerente e impactante para seu marketing digital, venha nos visitar!<\/p>\n<table style=\"margin-left: auto; margin-right: auto; text-align: center;\" cellspacing=\"0\" cellpadding=\"0\" align=\"center\">\n<tbody>\n<tr>\n<td style=\"text-align: center;\"><a style=\"margin-left: auto; margin-right: auto;\" href=\"https:\/\/i0.wp.com\/1.bp.blogspot.com\/-SsnbezOhD3c\/Vww4Om6XbsI\/AAAAAAAAQTc\/m_QV8JzB0hISmhIVgqOeH4UeedzyLA4wgCLcB\/s1600\/fotografia%2Bde%2Bequipe.jpg?ssl=1\"><img data-recalc-dims=\"1\" loading=\"lazy\" decoding=\"async\" title=\"fotografia de equipe\" src=\"https:\/\/i0.wp.com\/1.bp.blogspot.com\/-SsnbezOhD3c\/Vww4Om6XbsI\/AAAAAAAAQTc\/m_QV8JzB0hISmhIVgqOeH4UeedzyLA4wgCLcB\/s640\/fotografia%2Bde%2Bequipe.jpg?resize=640%2C426&#038;ssl=1\" alt=\"fotografia de equipe\" width=\"640\" height=\"426\" border=\"0\" \/><\/a><\/td>\n<\/tr>\n<tr>\n<td style=\"text-align: center;\">fotografia de equipe<\/td>\n<\/tr>\n<\/tbody>\n<\/table>\n<table style=\"margin-left: auto; margin-right: auto; text-align: center;\" cellspacing=\"0\" cellpadding=\"0\" align=\"center\">\n<tbody>\n<tr>\n<td style=\"text-align: center;\"><a style=\"margin-left: auto; margin-right: auto;\" href=\"https:\/\/i0.wp.com\/1.bp.blogspot.com\/-m8p2cp6SGt0\/Vww4OfRgFPI\/AAAAAAAAQTU\/4ftYP8fGKgwQpKgrzsvHX3wxcoa9_7PjgCLcB\/s1600\/fotografia%2Bem%2Bfam%25C3%25ADlia.jpg?ssl=1\"><img data-recalc-dims=\"1\" loading=\"lazy\" decoding=\"async\" title=\"fotografia em fam\u00edlia\" src=\"https:\/\/i0.wp.com\/1.bp.blogspot.com\/-m8p2cp6SGt0\/Vww4OfRgFPI\/AAAAAAAAQTU\/4ftYP8fGKgwQpKgrzsvHX3wxcoa9_7PjgCLcB\/s640\/fotografia%2Bem%2Bfam%25C3%25ADlia.jpg?resize=426%2C640&#038;ssl=1\" alt=\"fotografia em fam\u00edlia\" width=\"426\" height=\"640\" border=\"0\" \/><\/a><\/td>\n<\/tr>\n<tr>\n<td style=\"text-align: center;\">fotografia em fam\u00edlia<\/td>\n<\/tr>\n<\/tbody>\n<\/table>\n<table style=\"margin-left: auto; margin-right: auto; text-align: center;\" cellspacing=\"0\" cellpadding=\"0\" align=\"center\">\n<tbody>\n<tr>\n<td style=\"text-align: center;\"><a style=\"margin-left: auto; margin-right: auto;\" href=\"https:\/\/i0.wp.com\/2.bp.blogspot.com\/-20h3w3aMqxw\/Vww4SNUKxqI\/AAAAAAAAQTg\/kmt3bvP16E09ihuRbT9NpwcesZdopxXIgCLcB\/s1600\/fotografias%2Bpara%2Bo%2Blinkedin.jpg?ssl=1\"><img data-recalc-dims=\"1\" loading=\"lazy\" decoding=\"async\" title=\"fotografias para o linkedin\" src=\"https:\/\/i0.wp.com\/2.bp.blogspot.com\/-20h3w3aMqxw\/Vww4SNUKxqI\/AAAAAAAAQTg\/kmt3bvP16E09ihuRbT9NpwcesZdopxXIgCLcB\/s640\/fotografias%2Bpara%2Bo%2Blinkedin.jpg?resize=426%2C640&#038;ssl=1\" alt=\"fotografias para o linkedin\" width=\"426\" height=\"640\" border=\"0\" \/><\/a><\/td>\n<\/tr>\n<tr>\n<td style=\"text-align: center;\">fotografias para o linkedin<\/td>\n<\/tr>\n<\/tbody>\n<\/table>\n<table style=\"margin-left: auto; margin-right: auto; text-align: center;\" cellspacing=\"0\" cellpadding=\"0\" align=\"center\">\n<tbody>\n<tr>\n<td style=\"text-align: center;\"><a style=\"margin-left: auto; margin-right: auto;\" href=\"https:\/\/i0.wp.com\/1.bp.blogspot.com\/-w7WGKP9iUjI\/Vww4Sr8Z1YI\/AAAAAAAAQTo\/sHMvTVU-fUkfrbvbtBxYFFw8kVCwkkvFQCLcB\/s1600\/fotografias%2Bpara%2Bprofissionais%2Baut%25C3%25B4nomos.jpg?ssl=1\"><img data-recalc-dims=\"1\" loading=\"lazy\" decoding=\"async\" title=\"fotografias para profissionais aut\u00f4nomos\" src=\"https:\/\/i0.wp.com\/1.bp.blogspot.com\/-w7WGKP9iUjI\/Vww4Sr8Z1YI\/AAAAAAAAQTo\/sHMvTVU-fUkfrbvbtBxYFFw8kVCwkkvFQCLcB\/s640\/fotografias%2Bpara%2Bprofissionais%2Baut%25C3%25B4nomos.jpg?resize=426%2C640&#038;ssl=1\" alt=\"fotografias para profissionais aut\u00f4nomos\" width=\"426\" height=\"640\" border=\"0\" \/><\/a><\/td>\n<\/tr>\n<tr>\n<td style=\"text-align: center;\">fotografias para profissionais aut\u00f4nomos<\/td>\n<\/tr>\n<\/tbody>\n<\/table>\n<table style=\"margin-left: auto; margin-right: auto; text-align: center;\" cellspacing=\"0\" cellpadding=\"0\" align=\"center\">\n<tbody>\n<tr>\n<td style=\"text-align: center;\"><a style=\"margin-left: auto; margin-right: auto;\" href=\"https:\/\/i0.wp.com\/2.bp.blogspot.com\/-7uoJOL4VJDc\/Vww4SJmPSFI\/AAAAAAAAQTk\/brB6LDMlMK4RZfhNHEBo9j450ZFsGBsBACLcB\/s1600\/fotos%2Bda%2Bequipe%2Bprofissional.jpg?ssl=1\"><img data-recalc-dims=\"1\" loading=\"lazy\" decoding=\"async\" title=\"fotos da equipe profissional\" src=\"https:\/\/i0.wp.com\/2.bp.blogspot.com\/-7uoJOL4VJDc\/Vww4SJmPSFI\/AAAAAAAAQTk\/brB6LDMlMK4RZfhNHEBo9j450ZFsGBsBACLcB\/s640\/fotos%2Bda%2Bequipe%2Bprofissional.jpg?resize=640%2C426&#038;ssl=1\" alt=\"fotos da equipe profissional\" width=\"640\" height=\"426\" border=\"0\" \/><\/a><\/td>\n<\/tr>\n<tr>\n<td style=\"text-align: center;\">fotos da equipe profissional<\/td>\n<\/tr>\n<\/tbody>\n<\/table>\n<table style=\"margin-left: auto; margin-right: auto; text-align: center;\" cellspacing=\"0\" cellpadding=\"0\" align=\"center\">\n<tbody>\n<tr>\n<td style=\"text-align: center;\"><a style=\"margin-left: auto; margin-right: auto;\" href=\"https:\/\/i0.wp.com\/3.bp.blogspot.com\/-2MHYvviCDy0\/Vww4VASSsmI\/AAAAAAAAQTs\/xXkOOU4iqoEqwwndxEI5a9D_9BQA44M2QCLcB\/s1600\/fotos%2Bda%2Bequipe.jpg?ssl=1\"><img data-recalc-dims=\"1\" loading=\"lazy\" decoding=\"async\" title=\"fotos da equipe\" src=\"https:\/\/i0.wp.com\/3.bp.blogspot.com\/-2MHYvviCDy0\/Vww4VASSsmI\/AAAAAAAAQTs\/xXkOOU4iqoEqwwndxEI5a9D_9BQA44M2QCLcB\/s640\/fotos%2Bda%2Bequipe.jpg?resize=640%2C426&#038;ssl=1\" alt=\"fotos da equipe\" width=\"640\" height=\"426\" border=\"0\" \/><\/a><\/td>\n<\/tr>\n<tr>\n<td style=\"text-align: center;\">fotos da equipe<\/td>\n<\/tr>\n<\/tbody>\n<\/table>\n<table style=\"margin-left: auto; margin-right: auto; text-align: center;\" cellspacing=\"0\" cellpadding=\"0\" align=\"center\">\n<tbody>\n<tr>\n<td style=\"text-align: center;\"><a style=\"margin-left: auto; margin-right: auto;\" href=\"https:\/\/i0.wp.com\/3.bp.blogspot.com\/-vj2CpkzmKZw\/Vww4VPxlQ_I\/AAAAAAAAQTw\/V4PssQ3FNaIeyd9ThsmVJNL-mU5UowN3gCLcB\/s1600\/fotos%2Bda%2Bfamilia%2Bem%2Bestudio.jpg?ssl=1\"><img data-recalc-dims=\"1\" loading=\"lazy\" decoding=\"async\" title=\"fotos da familia em estudio\" src=\"https:\/\/i0.wp.com\/3.bp.blogspot.com\/-vj2CpkzmKZw\/Vww4VPxlQ_I\/AAAAAAAAQTw\/V4PssQ3FNaIeyd9ThsmVJNL-mU5UowN3gCLcB\/s640\/fotos%2Bda%2Bfamilia%2Bem%2Bestudio.jpg?resize=426%2C640&#038;ssl=1\" alt=\"fotos da familia em estudio\" width=\"426\" height=\"640\" border=\"0\" \/><\/a><\/td>\n<\/tr>\n<tr>\n<td style=\"text-align: center;\">fotos da familia em estudio<\/td>\n<\/tr>\n<\/tbody>\n<\/table>\n<table style=\"margin-left: auto; margin-right: auto; text-align: center;\" cellspacing=\"0\" cellpadding=\"0\" align=\"center\">\n<tbody>\n<tr>\n<td style=\"text-align: center;\"><a style=\"margin-left: auto; margin-right: auto;\" href=\"https:\/\/i0.wp.com\/1.bp.blogspot.com\/-r7btyV60rEw\/Vww4VCTdLUI\/AAAAAAAAQT0\/zEb2r2Q7s9UPQCS6pIXfdMrPdJJ4I1ZxQCLcB\/s1600\/fotos%2Bdivertidas%2Bda%2Bfgamilia.jpg?ssl=1\"><img data-recalc-dims=\"1\" loading=\"lazy\" decoding=\"async\" title=\"fotos divertidas da fgamilia\" src=\"https:\/\/i0.wp.com\/1.bp.blogspot.com\/-r7btyV60rEw\/Vww4VCTdLUI\/AAAAAAAAQT0\/zEb2r2Q7s9UPQCS6pIXfdMrPdJJ4I1ZxQCLcB\/s640\/fotos%2Bdivertidas%2Bda%2Bfgamilia.jpg?resize=426%2C640&#038;ssl=1\" alt=\"fotos divertidas da fgamilia\" width=\"426\" height=\"640\" border=\"0\" \/><\/a><\/td>\n<\/tr>\n<tr>\n<td style=\"text-align: center;\">fotos divertidas da fgamilia<\/td>\n<\/tr>\n<\/tbody>\n<\/table>\n<table style=\"margin-left: auto; margin-right: auto; text-align: center;\" cellspacing=\"0\" cellpadding=\"0\" align=\"center\">\n<tbody>\n<tr>\n<td style=\"text-align: center;\"><a style=\"margin-left: auto; margin-right: auto;\" href=\"https:\/\/i0.wp.com\/4.bp.blogspot.com\/-nmhj1IjFEJE\/Vww4X2yZfOI\/AAAAAAAAQT4\/3nfgNhljb-wZEm52C7GGvpFlevss6G-8gCLcB\/s1600\/fotos%2Bprofissionais%2Bda%2Bequipe.jpg?ssl=1\"><img data-recalc-dims=\"1\" loading=\"lazy\" decoding=\"async\" title=\"fotos profissionais da equipe\" src=\"https:\/\/i0.wp.com\/4.bp.blogspot.com\/-nmhj1IjFEJE\/Vww4X2yZfOI\/AAAAAAAAQT4\/3nfgNhljb-wZEm52C7GGvpFlevss6G-8gCLcB\/s640\/fotos%2Bprofissionais%2Bda%2Bequipe.jpg?resize=640%2C426&#038;ssl=1\" alt=\"fotos profissionais da equipe\" width=\"640\" height=\"426\" border=\"0\" \/><\/a><\/td>\n<\/tr>\n<tr>\n<td style=\"text-align: center;\">fotos profissionais da equipe<\/td>\n<\/tr>\n<\/tbody>\n<\/table>\n<table style=\"margin-left: auto; margin-right: auto; text-align: center;\" cellspacing=\"0\" cellpadding=\"0\" align=\"center\">\n<tbody>\n<tr>\n<td style=\"text-align: center;\"><a style=\"margin-left: auto; margin-right: auto;\" href=\"https:\/\/i0.wp.com\/3.bp.blogspot.com\/-qoxloHstbH0\/Vww4YHYwVeI\/AAAAAAAAQT8\/bH8r7TsKjS0noS6u3Xmin-dxqR1rZVEywCLcB\/s1600\/fotos%2Bprofissionais%2Bpara%2Bdivulga%25C3%25A7%25C3%25A3o%2Bde%2Btrabalho.jpg?ssl=1\"><img data-recalc-dims=\"1\" loading=\"lazy\" decoding=\"async\" title=\"fotos profissionais para divulga\u00e7\u00e3o de trabalho\" src=\"https:\/\/i0.wp.com\/3.bp.blogspot.com\/-qoxloHstbH0\/Vww4YHYwVeI\/AAAAAAAAQT8\/bH8r7TsKjS0noS6u3Xmin-dxqR1rZVEywCLcB\/s640\/fotos%2Bprofissionais%2Bpara%2Bdivulga%25C3%25A7%25C3%25A3o%2Bde%2Btrabalho.jpg?resize=426%2C640&#038;ssl=1\" alt=\"fotos profissionais para divulga\u00e7\u00e3o de trabalho\" width=\"426\" height=\"640\" border=\"0\" \/><\/a><\/td>\n<\/tr>\n<tr>\n<td style=\"text-align: center;\">fotos profissionais para divulga\u00e7\u00e3o de trabalho<\/td>\n<\/tr>\n<\/tbody>\n<\/table>\n<table style=\"margin-left: auto; margin-right: auto; text-align: center;\" cellspacing=\"0\" cellpadding=\"0\" align=\"center\">\n<tbody>\n<tr>\n<td style=\"text-align: center;\"><a style=\"margin-left: auto; margin-right: auto;\" href=\"https:\/\/i0.wp.com\/4.bp.blogspot.com\/-dTBuMqBR9E0\/Vww4aisuAtI\/AAAAAAAAQUE\/l7F2F_TzzMMS9J5z8xb--Nul27NuVwiAgCLcB\/s1600\/fotos%2Bprofissionais%2Bpara%2Bo%2Blinkedin.jpg?ssl=1\"><img data-recalc-dims=\"1\" loading=\"lazy\" decoding=\"async\" title=\"fotos profissionais para o linkedin\" src=\"https:\/\/i0.wp.com\/4.bp.blogspot.com\/-dTBuMqBR9E0\/Vww4aisuAtI\/AAAAAAAAQUE\/l7F2F_TzzMMS9J5z8xb--Nul27NuVwiAgCLcB\/s640\/fotos%2Bprofissionais%2Bpara%2Bo%2Blinkedin.jpg?resize=426%2C640&#038;ssl=1\" alt=\"fotos profissionais para o linkedin\" width=\"426\" height=\"640\" border=\"0\" \/><\/a><\/td>\n<\/tr>\n<tr>\n<td style=\"text-align: center;\">fotos profissionais para o linkedin<\/td>\n<\/tr>\n<\/tbody>\n<\/table>\nVisite tamb\u00e9m nosso site: www.biancamachado.com.br\r\n(11) 97107-1018\r\n\r\nAtendemos as regi\u00f5es de S\u00e3o Paulo, Sorocaba, Ibi\u00fana, Piedade, Votorantim, Cotia, Itupeva, Jundia\u00ed, It\u00fa e Campinas","protected":false},"excerpt":{"rendered":"<p>Toda semana temos pessoas procurando o Studio Bianca Machado para criar uma fotografia profissional \u00fanica e coerente para seu marketing digital. Uma boa imagem fala muito e pode ser a chave para destacar o seu perfil profissional e alcan\u00e7ar mais oportunidades de trabalho.<\/p>\n","protected":false},"author":1,"featured_media":949,"comment_status":"open","ping_status":"open","sticky":false,"template":"","format":"standard","meta":{"_monsterinsights_skip_tracking":false,"_monsterinsights_sitenote_active":false,"_monsterinsights_sitenote_note":"","_monsterinsights_sitenote_category":0,"jetpack_post_was_ever_published":false,"_jetpack_newsletter_access":"","_jetpack_dont_email_post_to_subs":false,"_jetpack_newsletter_tier_id":0,"_jetpack_memberships_contains_paywalled_content":false,"_jetpack_memberships_contains_paid_content":false,"_joinchat":[],"footnotes":""},"categories":[297,1],"tags":[336,337,335],"class_list":["post-182","post","type-post","status-publish","format-standard","has-post-thumbnail","hentry","category-linkedin-retrato-profisional","category-studio-bianca-machado","tag-fotografia-para-linkedin","tag-fotos-para-profissionais-e-empresas","tag-retrato-para-profissionais"],"yoast_head":"<!-- This site is optimized with the Yoast SEO plugin v27.4 - https:\/\/yoast.com\/product\/yoast-seo-wordpress\/ -->\n<title>Fotos Profissionais para o Linkedin - STUDIO BIANCA MACHADO<\/title>\n<meta name=\"description\" content=\"Toda semana temos pessoas procurando o Studio Bianca Machado para criar uma fotografia profissional \u00fanica e coerente para seu marketing digital. Uma boa imagem fala muito e pode ser a chave para destacar o seu perfil profissional e alcan\u00e7ar mais oportunidades de trabalho.\" \/>\n<meta name=\"robots\" content=\"index, follow, max-snippet:-1, max-image-preview:large, max-video-preview:-1\" \/>\n<link rel=\"canonical\" href=\"https:\/\/biancamachado.com.br\/blog\/fotos-profissionais-para-o-linkedin\/\" \/>\n<meta property=\"og:locale\" content=\"pt_BR\" \/>\n<meta property=\"og:type\" content=\"article\" \/>\n<meta property=\"og:title\" content=\"Fotos Profissionais para o Linkedin - STUDIO BIANCA MACHADO\" \/>\n<meta property=\"og:description\" content=\"Toda semana temos pessoas procurando o Studio Bianca Machado para criar uma fotografia profissional \u00fanica e coerente para seu marketing digital. Uma boa imagem fala muito e pode ser a chave para destacar o seu perfil profissional e alcan\u00e7ar mais oportunidades de trabalho.\" \/>\n<meta property=\"og:url\" content=\"https:\/\/biancamachado.com.br\/blog\/fotos-profissionais-para-o-linkedin\/\" \/>\n<meta property=\"og:site_name\" content=\"STUDIO BIANCA MACHADO\" \/>\n<meta property=\"article:publisher\" content=\"https:\/\/www.facebook.com\/Studiobiancamachado\/\" \/>\n<meta property=\"article:published_time\" content=\"2016-04-11T23:55:00+00:00\" \/>\n<meta property=\"article:modified_time\" content=\"2023-02-22T19:53:26+00:00\" \/>\n<meta property=\"og:image\" content=\"https:\/\/biancamachado.com.br\/blog\/wp-content\/uploads\/2016\/04\/Screenshot_143.png\" \/>\n\t<meta property=\"og:image:width\" content=\"662\" \/>\n\t<meta property=\"og:image:height\" content=\"421\" \/>\n\t<meta property=\"og:image:type\" content=\"image\/png\" \/>\n<meta name=\"author\" content=\"biancamachado\" \/>\n<meta name=\"twitter:card\" content=\"summary_large_image\" \/>\n<meta name=\"twitter:label1\" content=\"Escrito por\" \/>\n\t<meta name=\"twitter:data1\" content=\"biancamachado\" \/>\n\t<meta name=\"twitter:label2\" content=\"Est. tempo de leitura\" \/>\n\t<meta name=\"twitter:data2\" content=\"4 minutos\" \/>\n<script type=\"application\/ld+json\" class=\"yoast-schema-graph\">{\"@context\":\"https:\\\/\\\/schema.org\",\"@graph\":[{\"@type\":\"Article\",\"@id\":\"https:\\\/\\\/biancamachado.com.br\\\/blog\\\/fotos-profissionais-para-o-linkedin\\\/#article\",\"isPartOf\":{\"@id\":\"https:\\\/\\\/biancamachado.com.br\\\/blog\\\/fotos-profissionais-para-o-linkedin\\\/\"},\"author\":{\"name\":\"biancamachado\",\"@id\":\"https:\\\/\\\/biancamachado.com.br\\\/blog\\\/#\\\/schema\\\/person\\\/990263800ec5e9bdbbf092a2353550a1\"},\"headline\":\"Fotos Profissionais para o Linkedin\",\"datePublished\":\"2016-04-11T23:55:00+00:00\",\"dateModified\":\"2023-02-22T19:53:26+00:00\",\"mainEntityOfPage\":{\"@id\":\"https:\\\/\\\/biancamachado.com.br\\\/blog\\\/fotos-profissionais-para-o-linkedin\\\/\"},\"wordCount\":360,\"commentCount\":0,\"publisher\":{\"@id\":\"https:\\\/\\\/biancamachado.com.br\\\/blog\\\/#organization\"},\"image\":{\"@id\":\"https:\\\/\\\/biancamachado.com.br\\\/blog\\\/fotos-profissionais-para-o-linkedin\\\/#primaryimage\"},\"thumbnailUrl\":\"https:\\\/\\\/i0.wp.com\\\/biancamachado.com.br\\\/blog\\\/wp-content\\\/uploads\\\/2016\\\/04\\\/Screenshot_143.png?fit=662%2C421&ssl=1\",\"keywords\":[\"fotografia para linkedin\",\"fotos para profissionais e empresas\",\"retrato para profissionais\"],\"articleSection\":[\"Linkedin Retrato Profisional\",\"Studio Bianca Machado\"],\"inLanguage\":\"pt-BR\",\"potentialAction\":[{\"@type\":\"CommentAction\",\"name\":\"Comment\",\"target\":[\"https:\\\/\\\/biancamachado.com.br\\\/blog\\\/fotos-profissionais-para-o-linkedin\\\/#respond\"]}]},{\"@type\":\"WebPage\",\"@id\":\"https:\\\/\\\/biancamachado.com.br\\\/blog\\\/fotos-profissionais-para-o-linkedin\\\/\",\"url\":\"https:\\\/\\\/biancamachado.com.br\\\/blog\\\/fotos-profissionais-para-o-linkedin\\\/\",\"name\":\"Fotos Profissionais para o Linkedin - STUDIO BIANCA MACHADO\",\"isPartOf\":{\"@id\":\"https:\\\/\\\/biancamachado.com.br\\\/blog\\\/#website\"},\"primaryImageOfPage\":{\"@id\":\"https:\\\/\\\/biancamachado.com.br\\\/blog\\\/fotos-profissionais-para-o-linkedin\\\/#primaryimage\"},\"image\":{\"@id\":\"https:\\\/\\\/biancamachado.com.br\\\/blog\\\/fotos-profissionais-para-o-linkedin\\\/#primaryimage\"},\"thumbnailUrl\":\"https:\\\/\\\/i0.wp.com\\\/biancamachado.com.br\\\/blog\\\/wp-content\\\/uploads\\\/2016\\\/04\\\/Screenshot_143.png?fit=662%2C421&ssl=1\",\"datePublished\":\"2016-04-11T23:55:00+00:00\",\"dateModified\":\"2023-02-22T19:53:26+00:00\",\"description\":\"Toda semana temos pessoas procurando o Studio Bianca Machado para criar uma fotografia profissional \u00fanica e coerente para seu marketing digital. Uma boa imagem fala muito e pode ser a chave para destacar o seu perfil profissional e alcan\u00e7ar mais oportunidades de trabalho.\",\"breadcrumb\":{\"@id\":\"https:\\\/\\\/biancamachado.com.br\\\/blog\\\/fotos-profissionais-para-o-linkedin\\\/#breadcrumb\"},\"inLanguage\":\"pt-BR\",\"potentialAction\":[{\"@type\":\"ReadAction\",\"target\":[\"https:\\\/\\\/biancamachado.com.br\\\/blog\\\/fotos-profissionais-para-o-linkedin\\\/\"]}]},{\"@type\":\"ImageObject\",\"inLanguage\":\"pt-BR\",\"@id\":\"https:\\\/\\\/biancamachado.com.br\\\/blog\\\/fotos-profissionais-para-o-linkedin\\\/#primaryimage\",\"url\":\"https:\\\/\\\/i0.wp.com\\\/biancamachado.com.br\\\/blog\\\/wp-content\\\/uploads\\\/2016\\\/04\\\/Screenshot_143.png?fit=662%2C421&ssl=1\",\"contentUrl\":\"https:\\\/\\\/i0.wp.com\\\/biancamachado.com.br\\\/blog\\\/wp-content\\\/uploads\\\/2016\\\/04\\\/Screenshot_143.png?fit=662%2C421&ssl=1\",\"width\":662,\"height\":421,\"caption\":\"Fotos Profissionais para o Linkedin\"},{\"@type\":\"BreadcrumbList\",\"@id\":\"https:\\\/\\\/biancamachado.com.br\\\/blog\\\/fotos-profissionais-para-o-linkedin\\\/#breadcrumb\",\"itemListElement\":[{\"@type\":\"ListItem\",\"position\":1,\"name\":\"In\u00edcio\",\"item\":\"https:\\\/\\\/biancamachado.com.br\\\/blog\\\/\"},{\"@type\":\"ListItem\",\"position\":2,\"name\":\"Fotos Profissionais para o Linkedin\"}]},{\"@type\":\"WebSite\",\"@id\":\"https:\\\/\\\/biancamachado.com.br\\\/blog\\\/#website\",\"url\":\"https:\\\/\\\/biancamachado.com.br\\\/blog\\\/\",\"name\":\"STUDIO BIANCA MACHADO\",\"description\":\"Estudio Fotografico, Ensaios e Books de foto profissional\",\"publisher\":{\"@id\":\"https:\\\/\\\/biancamachado.com.br\\\/blog\\\/#organization\"},\"potentialAction\":[{\"@type\":\"SearchAction\",\"target\":{\"@type\":\"EntryPoint\",\"urlTemplate\":\"https:\\\/\\\/biancamachado.com.br\\\/blog\\\/?s={search_term_string}\"},\"query-input\":{\"@type\":\"PropertyValueSpecification\",\"valueRequired\":true,\"valueName\":\"search_term_string\"}}],\"inLanguage\":\"pt-BR\"},{\"@type\":\"Organization\",\"@id\":\"https:\\\/\\\/biancamachado.com.br\\\/blog\\\/#organization\",\"name\":\"STUDIO BIANCA MACHADO\",\"url\":\"https:\\\/\\\/biancamachado.com.br\\\/blog\\\/\",\"logo\":{\"@type\":\"ImageObject\",\"inLanguage\":\"pt-BR\",\"@id\":\"https:\\\/\\\/biancamachado.com.br\\\/blog\\\/#\\\/schema\\\/logo\\\/image\\\/\",\"url\":\"https:\\\/\\\/i0.wp.com\\\/biancamachado.com.br\\\/blog\\\/wp-content\\\/uploads\\\/2021\\\/02\\\/cropped-logo-ml.jpg?fit=278%2C100&ssl=1\",\"contentUrl\":\"https:\\\/\\\/i0.wp.com\\\/biancamachado.com.br\\\/blog\\\/wp-content\\\/uploads\\\/2021\\\/02\\\/cropped-logo-ml.jpg?fit=278%2C100&ssl=1\",\"width\":278,\"height\":100,\"caption\":\"STUDIO BIANCA MACHADO\"},\"image\":{\"@id\":\"https:\\\/\\\/biancamachado.com.br\\\/blog\\\/#\\\/schema\\\/logo\\\/image\\\/\"},\"sameAs\":[\"https:\\\/\\\/www.facebook.com\\\/Studiobiancamachado\\\/\",\"https:\\\/\\\/www.instagram.com\\\/Studiobiancamachado\\\/\"]},{\"@type\":\"Person\",\"@id\":\"https:\\\/\\\/biancamachado.com.br\\\/blog\\\/#\\\/schema\\\/person\\\/990263800ec5e9bdbbf092a2353550a1\",\"name\":\"biancamachado\",\"image\":{\"@type\":\"ImageObject\",\"inLanguage\":\"pt-BR\",\"@id\":\"https:\\\/\\\/secure.gravatar.com\\\/avatar\\\/62b1a50f2632dbc2e279c3eb55aa46cc324c969cff16a69c59756d155316542c?s=96&d=mm&r=g\",\"url\":\"https:\\\/\\\/secure.gravatar.com\\\/avatar\\\/62b1a50f2632dbc2e279c3eb55aa46cc324c969cff16a69c59756d155316542c?s=96&d=mm&r=g\",\"contentUrl\":\"https:\\\/\\\/secure.gravatar.com\\\/avatar\\\/62b1a50f2632dbc2e279c3eb55aa46cc324c969cff16a69c59756d155316542c?s=96&d=mm&r=g\",\"caption\":\"biancamachado\"},\"sameAs\":[\"https:\\\/\\\/biancamachado.com.br\\\/blog\"],\"url\":\"https:\\\/\\\/biancamachado.com.br\\\/blog\\\/author\\\/biancamachado\\\/\"}]}<\/script>\n<!-- \/ Yoast SEO plugin. -->","yoast_head_json":{"title":"Fotos Profissionais para o Linkedin - STUDIO BIANCA MACHADO","description":"Toda semana temos pessoas procurando o Studio Bianca Machado para criar uma fotografia profissional \u00fanica e coerente para seu marketing digital. Uma boa imagem fala muito e pode ser a chave para destacar o seu perfil profissional e alcan\u00e7ar mais oportunidades de trabalho.","robots":{"index":"index","follow":"follow","max-snippet":"max-snippet:-1","max-image-preview":"max-image-preview:large","max-video-preview":"max-video-preview:-1"},"canonical":"https:\/\/biancamachado.com.br\/blog\/fotos-profissionais-para-o-linkedin\/","og_locale":"pt_BR","og_type":"article","og_title":"Fotos Profissionais para o Linkedin - STUDIO BIANCA MACHADO","og_description":"Toda semana temos pessoas procurando o Studio Bianca Machado para criar uma fotografia profissional \u00fanica e coerente para seu marketing digital. Uma boa imagem fala muito e pode ser a chave para destacar o seu perfil profissional e alcan\u00e7ar mais oportunidades de trabalho.","og_url":"https:\/\/biancamachado.com.br\/blog\/fotos-profissionais-para-o-linkedin\/","og_site_name":"STUDIO BIANCA MACHADO","article_publisher":"https:\/\/www.facebook.com\/Studiobiancamachado\/","article_published_time":"2016-04-11T23:55:00+00:00","article_modified_time":"2023-02-22T19:53:26+00:00","og_image":[{"width":662,"height":421,"url":"https:\/\/biancamachado.com.br\/blog\/wp-content\/uploads\/2016\/04\/Screenshot_143.png","type":"image\/png"}],"author":"biancamachado","twitter_card":"summary_large_image","twitter_misc":{"Escrito por":"biancamachado","Est. tempo de leitura":"4 minutos"},"schema":{"@context":"https:\/\/schema.org","@graph":[{"@type":"Article","@id":"https:\/\/biancamachado.com.br\/blog\/fotos-profissionais-para-o-linkedin\/#article","isPartOf":{"@id":"https:\/\/biancamachado.com.br\/blog\/fotos-profissionais-para-o-linkedin\/"},"author":{"name":"biancamachado","@id":"https:\/\/biancamachado.com.br\/blog\/#\/schema\/person\/990263800ec5e9bdbbf092a2353550a1"},"headline":"Fotos Profissionais para o Linkedin","datePublished":"2016-04-11T23:55:00+00:00","dateModified":"2023-02-22T19:53:26+00:00","mainEntityOfPage":{"@id":"https:\/\/biancamachado.com.br\/blog\/fotos-profissionais-para-o-linkedin\/"},"wordCount":360,"commentCount":0,"publisher":{"@id":"https:\/\/biancamachado.com.br\/blog\/#organization"},"image":{"@id":"https:\/\/biancamachado.com.br\/blog\/fotos-profissionais-para-o-linkedin\/#primaryimage"},"thumbnailUrl":"https:\/\/i0.wp.com\/biancamachado.com.br\/blog\/wp-content\/uploads\/2016\/04\/Screenshot_143.png?fit=662%2C421&ssl=1","keywords":["fotografia para linkedin","fotos para profissionais e empresas","retrato para profissionais"],"articleSection":["Linkedin Retrato Profisional","Studio Bianca Machado"],"inLanguage":"pt-BR","potentialAction":[{"@type":"CommentAction","name":"Comment","target":["https:\/\/biancamachado.com.br\/blog\/fotos-profissionais-para-o-linkedin\/#respond"]}]},{"@type":"WebPage","@id":"https:\/\/biancamachado.com.br\/blog\/fotos-profissionais-para-o-linkedin\/","url":"https:\/\/biancamachado.com.br\/blog\/fotos-profissionais-para-o-linkedin\/","name":"Fotos Profissionais para o Linkedin - STUDIO BIANCA MACHADO","isPartOf":{"@id":"https:\/\/biancamachado.com.br\/blog\/#website"},"primaryImageOfPage":{"@id":"https:\/\/biancamachado.com.br\/blog\/fotos-profissionais-para-o-linkedin\/#primaryimage"},"image":{"@id":"https:\/\/biancamachado.com.br\/blog\/fotos-profissionais-para-o-linkedin\/#primaryimage"},"thumbnailUrl":"https:\/\/i0.wp.com\/biancamachado.com.br\/blog\/wp-content\/uploads\/2016\/04\/Screenshot_143.png?fit=662%2C421&ssl=1","datePublished":"2016-04-11T23:55:00+00:00","dateModified":"2023-02-22T19:53:26+00:00","description":"Toda semana temos pessoas procurando o Studio Bianca Machado para criar uma fotografia profissional \u00fanica e coerente para seu marketing digital. Uma boa imagem fala muito e pode ser a chave para destacar o seu perfil profissional e alcan\u00e7ar mais oportunidades de trabalho.","breadcrumb":{"@id":"https:\/\/biancamachado.com.br\/blog\/fotos-profissionais-para-o-linkedin\/#breadcrumb"},"inLanguage":"pt-BR","potentialAction":[{"@type":"ReadAction","target":["https:\/\/biancamachado.com.br\/blog\/fotos-profissionais-para-o-linkedin\/"]}]},{"@type":"ImageObject","inLanguage":"pt-BR","@id":"https:\/\/biancamachado.com.br\/blog\/fotos-profissionais-para-o-linkedin\/#primaryimage","url":"https:\/\/i0.wp.com\/biancamachado.com.br\/blog\/wp-content\/uploads\/2016\/04\/Screenshot_143.png?fit=662%2C421&ssl=1","contentUrl":"https:\/\/i0.wp.com\/biancamachado.com.br\/blog\/wp-content\/uploads\/2016\/04\/Screenshot_143.png?fit=662%2C421&ssl=1","width":662,"height":421,"caption":"Fotos Profissionais para o Linkedin"},{"@type":"BreadcrumbList","@id":"https:\/\/biancamachado.com.br\/blog\/fotos-profissionais-para-o-linkedin\/#breadcrumb","itemListElement":[{"@type":"ListItem","position":1,"name":"In\u00edcio","item":"https:\/\/biancamachado.com.br\/blog\/"},{"@type":"ListItem","position":2,"name":"Fotos Profissionais para o Linkedin"}]},{"@type":"WebSite","@id":"https:\/\/biancamachado.com.br\/blog\/#website","url":"https:\/\/biancamachado.com.br\/blog\/","name":"STUDIO BIANCA MACHADO","description":"Estudio Fotografico, Ensaios e Books de foto profissional","publisher":{"@id":"https:\/\/biancamachado.com.br\/blog\/#organization"},"potentialAction":[{"@type":"SearchAction","target":{"@type":"EntryPoint","urlTemplate":"https:\/\/biancamachado.com.br\/blog\/?s={search_term_string}"},"query-input":{"@type":"PropertyValueSpecification","valueRequired":true,"valueName":"search_term_string"}}],"inLanguage":"pt-BR"},{"@type":"Organization","@id":"https:\/\/biancamachado.com.br\/blog\/#organization","name":"STUDIO BIANCA MACHADO","url":"https:\/\/biancamachado.com.br\/blog\/","logo":{"@type":"ImageObject","inLanguage":"pt-BR","@id":"https:\/\/biancamachado.com.br\/blog\/#\/schema\/logo\/image\/","url":"https:\/\/i0.wp.com\/biancamachado.com.br\/blog\/wp-content\/uploads\/2021\/02\/cropped-logo-ml.jpg?fit=278%2C100&ssl=1","contentUrl":"https:\/\/i0.wp.com\/biancamachado.com.br\/blog\/wp-content\/uploads\/2021\/02\/cropped-logo-ml.jpg?fit=278%2C100&ssl=1","width":278,"height":100,"caption":"STUDIO BIANCA MACHADO"},"image":{"@id":"https:\/\/biancamachado.com.br\/blog\/#\/schema\/logo\/image\/"},"sameAs":["https:\/\/www.facebook.com\/Studiobiancamachado\/","https:\/\/www.instagram.com\/Studiobiancamachado\/"]},{"@type":"Person","@id":"https:\/\/biancamachado.com.br\/blog\/#\/schema\/person\/990263800ec5e9bdbbf092a2353550a1","name":"biancamachado","image":{"@type":"ImageObject","inLanguage":"pt-BR","@id":"https:\/\/secure.gravatar.com\/avatar\/62b1a50f2632dbc2e279c3eb55aa46cc324c969cff16a69c59756d155316542c?s=96&d=mm&r=g","url":"https:\/\/secure.gravatar.com\/avatar\/62b1a50f2632dbc2e279c3eb55aa46cc324c969cff16a69c59756d155316542c?s=96&d=mm&r=g","contentUrl":"https:\/\/secure.gravatar.com\/avatar\/62b1a50f2632dbc2e279c3eb55aa46cc324c969cff16a69c59756d155316542c?s=96&d=mm&r=g","caption":"biancamachado"},"sameAs":["https:\/\/biancamachado.com.br\/blog"],"url":"https:\/\/biancamachado.com.br\/blog\/author\/biancamachado\/"}]}},"jetpack_featured_media_url":"https:\/\/i0.wp.com\/biancamachado.com.br\/blog\/wp-content\/uploads\/2016\/04\/Screenshot_143.png?fit=662%2C421&ssl=1","jetpack-related-posts":[],"jetpack_sharing_enabled":true,"_links":{"self":[{"href":"https:\/\/biancamachado.com.br\/blog\/wp-json\/wp\/v2\/posts\/182","targetHints":{"allow":["GET"]}}],"collection":[{"href":"https:\/\/biancamachado.com.br\/blog\/wp-json\/wp\/v2\/posts"}],"about":[{"href":"https:\/\/biancamachado.com.br\/blog\/wp-json\/wp\/v2\/types\/post"}],"author":[{"embeddable":true,"href":"https:\/\/biancamachado.com.br\/blog\/wp-json\/wp\/v2\/users\/1"}],"replies":[{"embeddable":true,"href":"https:\/\/biancamachado.com.br\/blog\/wp-json\/wp\/v2\/comments?post=182"}],"version-history":[{"count":2,"href":"https:\/\/biancamachado.com.br\/blog\/wp-json\/wp\/v2\/posts\/182\/revisions"}],"predecessor-version":[{"id":3793,"href":"https:\/\/biancamachado.com.br\/blog\/wp-json\/wp\/v2\/posts\/182\/revisions\/3793"}],"wp:featuredmedia":[{"embeddable":true,"href":"https:\/\/biancamachado.com.br\/blog\/wp-json\/wp\/v2\/media\/949"}],"wp:attachment":[{"href":"https:\/\/biancamachado.com.br\/blog\/wp-json\/wp\/v2\/media?parent=182"}],"wp:term":[{"taxonomy":"category","embeddable":true,"href":"https:\/\/biancamachado.com.br\/blog\/wp-json\/wp\/v2\/categories?post=182"},{"taxonomy":"post_tag","embeddable":true,"href":"https:\/\/biancamachado.com.br\/blog\/wp-json\/wp\/v2\/tags?post=182"}],"curies":[{"name":"wp","href":"https:\/\/api.w.org\/{rel}","templated":true}]}}