{"id":179,"date":"2016-04-11T21:37:00","date_gmt":"2016-04-12T00:37:00","guid":{"rendered":"https:\/\/biancamachado.com.br\/blog\/?p=179"},"modified":"2023-02-22T16:47:51","modified_gmt":"2023-02-22T19:47:51","slug":"sessao-de-fotos-externa-para-gravidas","status":"publish","type":"post","link":"https:\/\/biancamachado.com.br\/blog\/sessao-de-fotos-externa-para-gravidas\/","title":{"rendered":"Sess\u00e3o de fotos externa para gravidas"},"content":{"rendered":"<div style=\"text-align: justify;\">E tem como n\u00e3o &#8220;babar&#8221; no ensaio de fotos feito no Jardim Bot\u00e2nico?<\/div>\n<div style=\"text-align: justify;\">Um parque delicioso, calmo e com um cen\u00e1rios \u00fanico, que combina com o tema &#8220;fam\u00edlia&#8221;.<\/div>\n<div style=\"text-align: justify;\">Esse casal \u00e9 lindo, fofo, tenho certeza de que ser\u00e3o \u00f3timos pais !<\/div>\n<div style=\"text-align: justify;\">A Duda tem uma sorte, vai chegar numa fam\u00edlia super do bem !<\/div>\n<div style=\"text-align: justify;\">\u00c9 uma del\u00edcia poder participar desse momento, registrar essa recorda\u00e7\u00e3o fofa.<\/div>\n<div style=\"text-align: justify;\">Eu adoro fotografia de gestantes, e admito, as fotos externas s\u00e3o de arrasar kkk<\/div>\n<div style=\"text-align: justify;\">Segue um pouquinho do ensaio de fotos:<\/div>\n<table style=\"margin-left: auto; margin-right: auto; text-align: center;\" cellspacing=\"0\" cellpadding=\"0\" align=\"center\">\n<tbody>\n<tr>\n<td style=\"text-align: center;\"><a style=\"margin-left: auto; margin-right: auto;\" href=\"https:\/\/i0.wp.com\/3.bp.blogspot.com\/-peLtm0Ad2oo\/VwxBacslqqI\/AAAAAAAAQWs\/IXgBHZjAE2E4u0QIA_jQxTaHeDUzk0zWgCLcB\/s1600\/book%2Bexterno%2Bde%2Bgravida.jpg?ssl=1\"><img data-recalc-dims=\"1\" loading=\"lazy\" decoding=\"async\" title=\"book externo de gravida\" src=\"https:\/\/i0.wp.com\/3.bp.blogspot.com\/-peLtm0Ad2oo\/VwxBacslqqI\/AAAAAAAAQWs\/IXgBHZjAE2E4u0QIA_jQxTaHeDUzk0zWgCLcB\/s640\/book%2Bexterno%2Bde%2Bgravida.jpg?resize=640%2C426&#038;ssl=1\" alt=\"book externo de gravida\" width=\"640\" height=\"426\" border=\"0\" \/><\/a><\/td>\n<\/tr>\n<tr>\n<td style=\"text-align: center;\">book externo de gravida<\/td>\n<\/tr>\n<\/tbody>\n<\/table>\n<p>E como n\u00e3o se apaixonar por um ensaio fotogr\u00e1fico feito no Jardim Bot\u00e2nico? \u00c9 um local encantador, tranquilo e com cen\u00e1rios \u00fanicos que combinam perfeitamente com o tema &#8220;fam\u00edlia&#8221;.<\/p>\n<p>Esse casal \u00e9 simplesmente lindo e fofo, tenho certeza de que ser\u00e3o pais maravilhosos. A Duda tem muita sorte de chegar em uma fam\u00edlia t\u00e3o amorosa. \u00c9 uma del\u00edcia poder participar desse momento especial e registrar essa recorda\u00e7\u00e3o fofa.<\/p>\n<p>Eu adoro fotografia de gestantes e confesso, as fotos externas s\u00e3o simplesmente incr\u00edveis. \u00c9 uma oportunidade \u00fanica de capturar a beleza da gravidez e a expectativa da chegada do beb\u00ea. Eu amo fotografar gestantes e n\u00e3o posso esperar para ver o resultado final desse ensaio no Jardim Bot\u00e2nico.<\/p>\n<table style=\"margin-left: auto; margin-right: auto; text-align: center;\" cellspacing=\"0\" cellpadding=\"0\" align=\"center\">\n<tbody>\n<tr>\n<td style=\"text-align: center;\"><a style=\"margin-left: auto; margin-right: auto;\" href=\"https:\/\/i0.wp.com\/1.bp.blogspot.com\/-anvuMUd9Rx4\/VwxBai1YjOI\/AAAAAAAAQW0\/sdb8B0opZ1ALNjh5PlawdFsSb19NBBZwwCLcB\/s1600\/book%2Bgestante%2Bexterno.jpg?ssl=1\"><img data-recalc-dims=\"1\" loading=\"lazy\" decoding=\"async\" title=\"book gestante externo\" src=\"https:\/\/i0.wp.com\/1.bp.blogspot.com\/-anvuMUd9Rx4\/VwxBai1YjOI\/AAAAAAAAQW0\/sdb8B0opZ1ALNjh5PlawdFsSb19NBBZwwCLcB\/s640\/book%2Bgestante%2Bexterno.jpg?resize=640%2C426&#038;ssl=1\" alt=\"book gestante externo\" width=\"640\" height=\"426\" border=\"0\" \/><\/a><\/td>\n<\/tr>\n<tr>\n<td style=\"text-align: center;\">book gestante externo<\/td>\n<\/tr>\n<\/tbody>\n<\/table>\n<table style=\"margin-left: auto; margin-right: auto; text-align: center;\" cellspacing=\"0\" cellpadding=\"0\" align=\"center\">\n<tbody>\n<tr>\n<td style=\"text-align: center;\"><a style=\"margin-left: auto; margin-right: auto;\" href=\"https:\/\/i0.wp.com\/2.bp.blogspot.com\/-REGSECf4J08\/VwxBai9QPUI\/AAAAAAAAQWw\/OwxropyDr2wMWy0cJSiui-o7KTT5dLNfQCLcB\/s1600\/ensaio%2Bde%2Bfotos%2Bexterno%2Bpara%2Bgestantes.jpg?ssl=1\"><img data-recalc-dims=\"1\" loading=\"lazy\" decoding=\"async\" title=\"ensaio de fotos externo para gestantes\" src=\"https:\/\/i0.wp.com\/2.bp.blogspot.com\/-REGSECf4J08\/VwxBai9QPUI\/AAAAAAAAQWw\/OwxropyDr2wMWy0cJSiui-o7KTT5dLNfQCLcB\/s640\/ensaio%2Bde%2Bfotos%2Bexterno%2Bpara%2Bgestantes.jpg?resize=640%2C426&#038;ssl=1\" alt=\"ensaio de fotos externo para gestantes\" width=\"640\" height=\"426\" border=\"0\" \/><\/a><\/td>\n<\/tr>\n<tr>\n<td style=\"text-align: center;\">ensaio de fotos externo para gestantes<\/td>\n<\/tr>\n<\/tbody>\n<\/table>\n<table style=\"margin-left: auto; margin-right: auto; text-align: center;\" cellspacing=\"0\" cellpadding=\"0\" align=\"center\">\n<tbody>\n<tr>\n<td style=\"text-align: center;\"><a style=\"margin-left: auto; margin-right: auto;\" href=\"https:\/\/i0.wp.com\/2.bp.blogspot.com\/-Uf2Qy6yxhGQ\/VwxBdJHXB4I\/AAAAAAAAQW8\/BsdG1p0mLRA1Y4k23nWlk9KnbSLPyi-kACLcB\/s1600\/ensaio%2Bde%2Bfotos%2Bgravidez.jpg?ssl=1\"><img data-recalc-dims=\"1\" loading=\"lazy\" decoding=\"async\" title=\"ensaio de fotos gravidez\" src=\"https:\/\/i0.wp.com\/2.bp.blogspot.com\/-Uf2Qy6yxhGQ\/VwxBdJHXB4I\/AAAAAAAAQW8\/BsdG1p0mLRA1Y4k23nWlk9KnbSLPyi-kACLcB\/s640\/ensaio%2Bde%2Bfotos%2Bgravidez.jpg?resize=640%2C426&#038;ssl=1\" alt=\"ensaio de fotos gravidez\" width=\"640\" height=\"426\" border=\"0\" \/><\/a><\/td>\n<\/tr>\n<tr>\n<td style=\"text-align: center;\">ensaio de fotos gravidez<\/td>\n<\/tr>\n<\/tbody>\n<\/table>\n<table style=\"margin-left: auto; margin-right: auto; text-align: center;\" cellspacing=\"0\" cellpadding=\"0\" align=\"center\">\n<tbody>\n<tr>\n<td style=\"text-align: center;\"><a style=\"margin-left: auto; margin-right: auto;\" href=\"https:\/\/i0.wp.com\/1.bp.blogspot.com\/-VsWJizmbjpI\/VwxBdOaGR4I\/AAAAAAAAQW4\/6m3JVCrsIRcPclp6b3yjg0uGgRhMaLyXQCLcB\/s1600\/ensaio%2Bfotografico%2Bno%2Bjardim%2Bbotanico.jpg?ssl=1\"><img data-recalc-dims=\"1\" loading=\"lazy\" decoding=\"async\" title=\"ensaio fotografico no jardim botanico\" src=\"https:\/\/i0.wp.com\/1.bp.blogspot.com\/-VsWJizmbjpI\/VwxBdOaGR4I\/AAAAAAAAQW4\/6m3JVCrsIRcPclp6b3yjg0uGgRhMaLyXQCLcB\/s640\/ensaio%2Bfotografico%2Bno%2Bjardim%2Bbotanico.jpg?resize=424%2C640&#038;ssl=1\" alt=\"ensaio fotografico no jardim botanico\" width=\"424\" height=\"640\" border=\"0\" \/><\/a><\/td>\n<\/tr>\n<tr>\n<td style=\"text-align: center;\">ensaio fotografico no jardim botanico<\/td>\n<\/tr>\n<\/tbody>\n<\/table>\n<table style=\"margin-left: auto; margin-right: auto; text-align: center;\" cellspacing=\"0\" cellpadding=\"0\" align=\"center\">\n<tbody>\n<tr>\n<td style=\"text-align: center;\"><a style=\"margin-left: auto; margin-right: auto;\" href=\"https:\/\/i0.wp.com\/1.bp.blogspot.com\/-tP264OPgIiQ\/VwxBdz57EaI\/AAAAAAAAQXA\/HfuETrMECNwb_ktGUkUkANFYaiY9fvKGwCLcB\/s1600\/fotografias%2Bde%2Bgestante%2Bexterna.jpg?ssl=1\"><img data-recalc-dims=\"1\" loading=\"lazy\" decoding=\"async\" title=\"fotografias de gestante externa\" src=\"https:\/\/i0.wp.com\/1.bp.blogspot.com\/-tP264OPgIiQ\/VwxBdz57EaI\/AAAAAAAAQXA\/HfuETrMECNwb_ktGUkUkANFYaiY9fvKGwCLcB\/s640\/fotografias%2Bde%2Bgestante%2Bexterna.jpg?resize=426%2C640&#038;ssl=1\" alt=\"fotografias de gestante externa\" width=\"426\" height=\"640\" border=\"0\" \/><\/a><\/td>\n<\/tr>\n<tr>\n<td style=\"text-align: center;\">fotografias de gestante externa<\/td>\n<\/tr>\n<\/tbody>\n<\/table>\n<table style=\"margin-left: auto; margin-right: auto; text-align: center;\" cellspacing=\"0\" cellpadding=\"0\" align=\"center\">\n<tbody>\n<tr>\n<td style=\"text-align: center;\"><a style=\"margin-left: auto; margin-right: auto;\" href=\"https:\/\/i0.wp.com\/1.bp.blogspot.com\/-OwRO5DvhJ50\/VwxBfg7NGYI\/AAAAAAAAQXE\/CXelj9O_H38iEgbszaiLZJFnbO1iVhHRQCLcB\/s1600\/fotografias%2Bde%2Bgestantes%2Bem%2Bparques.jpg?ssl=1\"><img data-recalc-dims=\"1\" loading=\"lazy\" decoding=\"async\" title=\"fotografias de gestantes em parques\" src=\"https:\/\/i0.wp.com\/1.bp.blogspot.com\/-OwRO5DvhJ50\/VwxBfg7NGYI\/AAAAAAAAQXE\/CXelj9O_H38iEgbszaiLZJFnbO1iVhHRQCLcB\/s640\/fotografias%2Bde%2Bgestantes%2Bem%2Bparques.jpg?resize=426%2C640&#038;ssl=1\" alt=\"fotografias de gestantes em parques\" width=\"426\" height=\"640\" border=\"0\" \/><\/a><\/td>\n<\/tr>\n<tr>\n<td style=\"text-align: center;\">fotografias de gestantes em parques<\/td>\n<\/tr>\n<\/tbody>\n<\/table>\n<table style=\"margin-left: auto; margin-right: auto; text-align: center;\" cellspacing=\"0\" cellpadding=\"0\" align=\"center\">\n<tbody>\n<tr>\n<td style=\"text-align: center;\"><a style=\"margin-left: auto; margin-right: auto;\" href=\"https:\/\/i0.wp.com\/1.bp.blogspot.com\/-rW3mRtfAFuU\/VwxBf65UbvI\/AAAAAAAAQXI\/Rx4tfbWTv_cfPwOneSKY1f55vTTw4YjfQCLcB\/s1600\/fotografias%2Bde%2Bgravidas%2Bem%2Bparqus.jpg?ssl=1\"><img data-recalc-dims=\"1\" loading=\"lazy\" decoding=\"async\" title=\"fotografias de gravidas em parqus\" src=\"https:\/\/i0.wp.com\/1.bp.blogspot.com\/-rW3mRtfAFuU\/VwxBf65UbvI\/AAAAAAAAQXI\/Rx4tfbWTv_cfPwOneSKY1f55vTTw4YjfQCLcB\/s640\/fotografias%2Bde%2Bgravidas%2Bem%2Bparqus.jpg?resize=640%2C426&#038;ssl=1\" alt=\"fotografias de gravidas em parqus\" width=\"640\" height=\"426\" border=\"0\" \/><\/a><\/td>\n<\/tr>\n<tr>\n<td style=\"text-align: center;\">fotografias de gravidas em parqus<\/td>\n<\/tr>\n<\/tbody>\n<\/table>\n<table style=\"margin-left: auto; margin-right: auto; text-align: center;\" cellspacing=\"0\" cellpadding=\"0\" align=\"center\">\n<tbody>\n<tr>\n<td style=\"text-align: center;\"><a style=\"margin-left: auto; margin-right: auto;\" href=\"https:\/\/i0.wp.com\/2.bp.blogspot.com\/-YDahht11zEs\/VwxBgOfhLJI\/AAAAAAAAQXM\/q5Ks3mFoscArO3nMLPrdLU-5WsIGhdRwQCLcB\/s1600\/fotografias%2Bexternas%2Bde%2Bgestantes.jpg?ssl=1\"><img data-recalc-dims=\"1\" loading=\"lazy\" decoding=\"async\" title=\"fotografias externas de gestantes\" src=\"https:\/\/i0.wp.com\/2.bp.blogspot.com\/-YDahht11zEs\/VwxBgOfhLJI\/AAAAAAAAQXM\/q5Ks3mFoscArO3nMLPrdLU-5WsIGhdRwQCLcB\/s640\/fotografias%2Bexternas%2Bde%2Bgestantes.jpg?resize=640%2C426&#038;ssl=1\" alt=\"fotografias externas de gestantes\" width=\"640\" height=\"426\" border=\"0\" \/><\/a><\/td>\n<\/tr>\n<tr>\n<td style=\"text-align: center;\">fotografias externas de gestantes<\/td>\n<\/tr>\n<\/tbody>\n<\/table>\n<table style=\"margin-left: auto; margin-right: auto; text-align: center;\" cellspacing=\"0\" cellpadding=\"0\" align=\"center\">\n<tbody>\n<tr>\n<td style=\"text-align: center;\"><a style=\"margin-left: auto; margin-right: auto;\" href=\"https:\/\/i0.wp.com\/3.bp.blogspot.com\/-woEd_KN0Irc\/VwxBi8VMHPI\/AAAAAAAAQXY\/cBoF4W1nSfUNu3G5rLGcF5YqLNUFtiBMwCLcB\/s1600\/fotografias%2Bexternas%2Bde%2Bgravidas.jpg?ssl=1\"><img data-recalc-dims=\"1\" loading=\"lazy\" decoding=\"async\" title=\"fotografias externas de gravidas\" src=\"https:\/\/i0.wp.com\/3.bp.blogspot.com\/-woEd_KN0Irc\/VwxBi8VMHPI\/AAAAAAAAQXY\/cBoF4W1nSfUNu3G5rLGcF5YqLNUFtiBMwCLcB\/s640\/fotografias%2Bexternas%2Bde%2Bgravidas.jpg?resize=640%2C426&#038;ssl=1\" alt=\"fotografias externas de gravidas\" width=\"640\" height=\"426\" border=\"0\" \/><\/a><\/td>\n<\/tr>\n<tr>\n<td style=\"text-align: center;\">fotografias externas de gravidas<\/td>\n<\/tr>\n<\/tbody>\n<\/table>\n<table style=\"margin-left: auto; margin-right: auto; text-align: center;\" cellspacing=\"0\" cellpadding=\"0\" align=\"center\">\n<tbody>\n<tr>\n<td style=\"text-align: center;\"><a style=\"margin-left: auto; margin-right: auto;\" href=\"https:\/\/i0.wp.com\/3.bp.blogspot.com\/-IDVXi_fqp4w\/VwxBiNkISdI\/AAAAAAAAQXQ\/s1FxVt1CUskRhNkTEhJ98mbu34ty8X3egCLcB\/s1600\/fotografias%2Bgravidez%2Bno%2Bjardim%2Bbotanico.jpg?ssl=1\"><img data-recalc-dims=\"1\" loading=\"lazy\" decoding=\"async\" title=\"fotografias gravidez no jardim botanico\" src=\"https:\/\/i0.wp.com\/3.bp.blogspot.com\/-IDVXi_fqp4w\/VwxBiNkISdI\/AAAAAAAAQXQ\/s1FxVt1CUskRhNkTEhJ98mbu34ty8X3egCLcB\/s640\/fotografias%2Bgravidez%2Bno%2Bjardim%2Bbotanico.jpg?resize=640%2C426&#038;ssl=1\" alt=\"fotografias gravidez no jardim botanico\" width=\"640\" height=\"426\" border=\"0\" \/><\/a><\/td>\n<\/tr>\n<tr>\n<td style=\"text-align: center;\">fotografias gravidez no jardim botanico<\/td>\n<\/tr>\n<\/tbody>\n<\/table>\n<table style=\"margin-left: auto; margin-right: auto; text-align: center;\" cellspacing=\"0\" cellpadding=\"0\" align=\"center\">\n<tbody>\n<tr>\n<td style=\"text-align: center;\"><a style=\"margin-left: auto; margin-right: auto;\" href=\"https:\/\/i0.wp.com\/3.bp.blogspot.com\/-dcdFT76HWEM\/VwxBi5lKCLI\/AAAAAAAAQXU\/zKnGJv86ERMFfURCrGmxo0uetFPbc-M-wCLcB\/s1600\/fotos%2Bde%2Bbook%2Bgestante.jpg?ssl=1\"><img data-recalc-dims=\"1\" loading=\"lazy\" decoding=\"async\" title=\"fotos de book gestante\" src=\"https:\/\/i0.wp.com\/3.bp.blogspot.com\/-dcdFT76HWEM\/VwxBi5lKCLI\/AAAAAAAAQXU\/zKnGJv86ERMFfURCrGmxo0uetFPbc-M-wCLcB\/s640\/fotos%2Bde%2Bbook%2Bgestante.jpg?resize=640%2C424&#038;ssl=1\" alt=\"fotos de book gestante\" width=\"640\" height=\"424\" border=\"0\" \/><\/a><\/td>\n<\/tr>\n<tr>\n<td style=\"text-align: center;\">fotos de book gestante<\/td>\n<\/tr>\n<\/tbody>\n<\/table>\n<table style=\"margin-left: auto; margin-right: auto; text-align: center;\" cellspacing=\"0\" cellpadding=\"0\" align=\"center\">\n<tbody>\n<tr>\n<td style=\"text-align: center;\"><a style=\"margin-left: auto; margin-right: auto;\" href=\"https:\/\/i0.wp.com\/4.bp.blogspot.com\/-98z4yazDSEk\/VwxBkKmspfI\/AAAAAAAAQXc\/1cvZRoO15Ks_t4mairTilGgw-pi05_CxQCLcB\/s1600\/fotos%2Bde%2Bensaio%2Bgestante%2Bexterno.jpg?ssl=1\"><img data-recalc-dims=\"1\" loading=\"lazy\" decoding=\"async\" title=\"fotos de ensaio gestante externo\" src=\"https:\/\/i0.wp.com\/4.bp.blogspot.com\/-98z4yazDSEk\/VwxBkKmspfI\/AAAAAAAAQXc\/1cvZRoO15Ks_t4mairTilGgw-pi05_CxQCLcB\/s640\/fotos%2Bde%2Bensaio%2Bgestante%2Bexterno.jpg?resize=426%2C640&#038;ssl=1\" alt=\"fotos de ensaio gestante externo\" width=\"426\" height=\"640\" border=\"0\" \/><\/a><\/td>\n<\/tr>\n<tr>\n<td style=\"text-align: center;\">fotos de ensaio gestante externo<\/td>\n<\/tr>\n<\/tbody>\n<\/table>\n<table style=\"margin-left: auto; margin-right: auto; text-align: center;\" cellspacing=\"0\" cellpadding=\"0\" align=\"center\">\n<tbody>\n<tr>\n<td style=\"text-align: center;\"><a style=\"margin-left: auto; margin-right: auto;\" href=\"https:\/\/i0.wp.com\/3.bp.blogspot.com\/-q-QFMXgGZYI\/VwxBlR6AL3I\/AAAAAAAAQXg\/mONETWXDiD43EnKgGi_6joSdfYTSHirrgCLcB\/s1600\/fotos%2Bde%2Bgestantes%2Bao%2Bar%2Blivre.jpg?ssl=1\"><img data-recalc-dims=\"1\" loading=\"lazy\" decoding=\"async\" title=\"fotos de gestantes ao ar livre\" src=\"https:\/\/i0.wp.com\/3.bp.blogspot.com\/-q-QFMXgGZYI\/VwxBlR6AL3I\/AAAAAAAAQXg\/mONETWXDiD43EnKgGi_6joSdfYTSHirrgCLcB\/s640\/fotos%2Bde%2Bgestantes%2Bao%2Bar%2Blivre.jpg?resize=426%2C640&#038;ssl=1\" alt=\"fotos de gestantes ao ar livre\" width=\"426\" height=\"640\" border=\"0\" \/><\/a><\/td>\n<\/tr>\n<tr>\n<td style=\"text-align: center;\">fotos de gestantes ao ar livre<\/td>\n<\/tr>\n<\/tbody>\n<\/table>\n<table style=\"margin-left: auto; margin-right: auto; text-align: center;\" cellspacing=\"0\" cellpadding=\"0\" align=\"center\">\n<tbody>\n<tr>\n<td style=\"text-align: center;\"><a style=\"margin-left: auto; margin-right: auto;\" href=\"https:\/\/i0.wp.com\/1.bp.blogspot.com\/-dzfAtlzLie8\/VwxBl4xjIaI\/AAAAAAAAQXk\/yoeYfwM_H7AQ8yhs2gRUAa8LfCbGZJoZACLcB\/s1600\/fotos%2Bde%2Bgestantes%2Bem%2Bparques.jpg?ssl=1\"><img data-recalc-dims=\"1\" loading=\"lazy\" decoding=\"async\" title=\"fotos de gestantes em parques\" src=\"https:\/\/i0.wp.com\/1.bp.blogspot.com\/-dzfAtlzLie8\/VwxBl4xjIaI\/AAAAAAAAQXk\/yoeYfwM_H7AQ8yhs2gRUAa8LfCbGZJoZACLcB\/s640\/fotos%2Bde%2Bgestantes%2Bem%2Bparques.jpg?resize=426%2C640&#038;ssl=1\" alt=\"fotos de gestantes em parques\" width=\"426\" height=\"640\" border=\"0\" \/><\/a><\/td>\n<\/tr>\n<tr>\n<td style=\"text-align: center;\">fotos de gestantes em parques<\/td>\n<\/tr>\n<\/tbody>\n<\/table>\n<table style=\"margin-left: auto; margin-right: auto; text-align: center;\" cellspacing=\"0\" cellpadding=\"0\" align=\"center\">\n<tbody>\n<tr>\n<td style=\"text-align: center;\"><a style=\"margin-left: auto; margin-right: auto;\" href=\"https:\/\/i0.wp.com\/4.bp.blogspot.com\/-_fMtTN_nDdc\/VwxBmHl_RgI\/AAAAAAAAQXo\/SHVYv1Xu-gc-Wlb0wWz9MTvElZBqovHsgCLcB\/s1600\/fotos%2Bde%2Bgravida%2Bjardim%2Bbotanico.jpg?ssl=1\"><img data-recalc-dims=\"1\" loading=\"lazy\" decoding=\"async\" title=\"fotos de gravida jardim botanico\" src=\"https:\/\/i0.wp.com\/4.bp.blogspot.com\/-_fMtTN_nDdc\/VwxBmHl_RgI\/AAAAAAAAQXo\/SHVYv1Xu-gc-Wlb0wWz9MTvElZBqovHsgCLcB\/s640\/fotos%2Bde%2Bgravida%2Bjardim%2Bbotanico.jpg?resize=640%2C426&#038;ssl=1\" alt=\"fotos de gravida jardim botanico\" width=\"640\" height=\"426\" border=\"0\" \/><\/a><\/td>\n<\/tr>\n<tr>\n<td style=\"text-align: center;\">fotos de gravida jardim botanico<\/td>\n<\/tr>\n<\/tbody>\n<\/table>\n<table style=\"margin-left: auto; margin-right: auto; text-align: center;\" cellspacing=\"0\" cellpadding=\"0\" align=\"center\">\n<tbody>\n<tr>\n<td style=\"text-align: center;\"><a style=\"margin-left: auto; margin-right: auto;\" href=\"https:\/\/i0.wp.com\/3.bp.blogspot.com\/-yaDoKEI0CAI\/VwxBpJxXIkI\/AAAAAAAAQX0\/a8g4SXevhlUZcEdTNv7IGYLM0VYL2nnSQCLcB\/s1600\/fotos%2Bde%2Bgravidas%2Bno%2Bjardim%2Bbotanico.jpg?ssl=1\"><img data-recalc-dims=\"1\" loading=\"lazy\" decoding=\"async\" title=\"fotos de gravidas no jardim botanico\" src=\"https:\/\/i0.wp.com\/3.bp.blogspot.com\/-yaDoKEI0CAI\/VwxBpJxXIkI\/AAAAAAAAQX0\/a8g4SXevhlUZcEdTNv7IGYLM0VYL2nnSQCLcB\/s640\/fotos%2Bde%2Bgravidas%2Bno%2Bjardim%2Bbotanico.jpg?resize=426%2C640&#038;ssl=1\" alt=\"fotos de gravidas no jardim botanico\" width=\"426\" height=\"640\" border=\"0\" \/><\/a><\/td>\n<\/tr>\n<tr>\n<td style=\"text-align: center;\">fotos de gravidas no jardim botanico<\/td>\n<\/tr>\n<\/tbody>\n<\/table>\n<table style=\"margin-left: auto; margin-right: auto; text-align: center;\" cellspacing=\"0\" cellpadding=\"0\" align=\"center\">\n<tbody>\n<tr>\n<td style=\"text-align: center;\"><a style=\"margin-left: auto; margin-right: auto;\" href=\"https:\/\/i0.wp.com\/2.bp.blogspot.com\/-CvVBCsnPJjs\/VwxBpT6yv5I\/AAAAAAAAQXw\/YV7AAAa80M0VRuQZT8FPCbUEhVaLq6mcwCLcB\/s1600\/melhores%2Bfotos%2Bda%2Bgravidez.jpg?ssl=1\"><img data-recalc-dims=\"1\" loading=\"lazy\" decoding=\"async\" title=\"melhores fotos da gravidez\" src=\"https:\/\/i0.wp.com\/2.bp.blogspot.com\/-CvVBCsnPJjs\/VwxBpT6yv5I\/AAAAAAAAQXw\/YV7AAAa80M0VRuQZT8FPCbUEhVaLq6mcwCLcB\/s640\/melhores%2Bfotos%2Bda%2Bgravidez.jpg?resize=426%2C640&#038;ssl=1\" alt=\"melhores fotos da gravidez\" width=\"426\" height=\"640\" border=\"0\" \/><\/a><\/td>\n<\/tr>\n<tr>\n<td style=\"text-align: center;\">melhores fotos da gravidez<\/td>\n<\/tr>\n<\/tbody>\n<\/table>\n<table style=\"margin-left: auto; margin-right: auto; text-align: center;\" cellspacing=\"0\" cellpadding=\"0\" align=\"center\">\n<tbody>\n<tr>\n<td style=\"text-align: center;\"><a style=\"margin-left: auto; margin-right: auto;\" href=\"https:\/\/i0.wp.com\/3.bp.blogspot.com\/-P5tEnvDnmQQ\/VwxBpbVuOjI\/AAAAAAAAQXs\/IabQotk0av0udc0BZ1VZU9CP9Fx1ZJsAgCLcB\/s1600\/melhores%2Bfotos%2Bexternas%2Bde%2Bgestante.jpg?ssl=1\"><img data-recalc-dims=\"1\" loading=\"lazy\" decoding=\"async\" title=\"melhores fotos externas de gestante\" src=\"https:\/\/i0.wp.com\/3.bp.blogspot.com\/-P5tEnvDnmQQ\/VwxBpbVuOjI\/AAAAAAAAQXs\/IabQotk0av0udc0BZ1VZU9CP9Fx1ZJsAgCLcB\/s640\/melhores%2Bfotos%2Bexternas%2Bde%2Bgestante.jpg?resize=640%2C426&#038;ssl=1\" alt=\"melhores fotos externas de gestante\" width=\"640\" height=\"426\" border=\"0\" \/><\/a><\/td>\n<\/tr>\n<tr>\n<td style=\"text-align: center;\">melhores fotos externas de gestante<\/td>\n<\/tr>\n<\/tbody>\n<\/table>\n<table style=\"margin-left: auto; margin-right: auto; text-align: center;\" cellspacing=\"0\" cellpadding=\"0\" align=\"center\">\n<tbody>\n<tr>\n<td style=\"text-align: center;\"><a style=\"margin-left: auto; margin-right: auto;\" href=\"https:\/\/i0.wp.com\/2.bp.blogspot.com\/-CWNmcn9_K2o\/VwxBrIggHHI\/AAAAAAAAQX4\/G-6oiPtPxJUKyKgQcGwIZxZgw3Dawd9EgCLcB\/s1600\/melhores%2Bfotos%2Bgestante.jpg?ssl=1\"><img data-recalc-dims=\"1\" loading=\"lazy\" decoding=\"async\" title=\"melhores fotos gestante\" src=\"https:\/\/i0.wp.com\/2.bp.blogspot.com\/-CWNmcn9_K2o\/VwxBrIggHHI\/AAAAAAAAQX4\/G-6oiPtPxJUKyKgQcGwIZxZgw3Dawd9EgCLcB\/s640\/melhores%2Bfotos%2Bgestante.jpg?resize=640%2C424&#038;ssl=1\" alt=\"melhores fotos gestante\" width=\"640\" height=\"424\" border=\"0\" \/><\/a><\/td>\n<\/tr>\n<tr>\n<td style=\"text-align: center;\">melhores fotos gestante<\/td>\n<\/tr>\n<\/tbody>\n<\/table>\n<table style=\"margin-left: auto; margin-right: auto; text-align: center;\" cellspacing=\"0\" cellpadding=\"0\" align=\"center\">\n<tbody>\n<tr>\n<td style=\"text-align: center;\"><a style=\"margin-left: auto; margin-right: auto;\" href=\"https:\/\/i0.wp.com\/2.bp.blogspot.com\/-uX8x9Y3gxMk\/VwxBr4vxkSI\/AAAAAAAAQX8\/EmdYfd115owqy9yywVMvg5ryEvE449dewCLcB\/s1600\/sess%25C3%25A3o%2Bde%2Bfotos%2Bexterna%2Bpara%2Bgravidas.jpg?ssl=1\"><img data-recalc-dims=\"1\" loading=\"lazy\" decoding=\"async\" title=\"sess\u00e3o de fotos externa para gravidas\" src=\"https:\/\/i0.wp.com\/2.bp.blogspot.com\/-uX8x9Y3gxMk\/VwxBr4vxkSI\/AAAAAAAAQX8\/EmdYfd115owqy9yywVMvg5ryEvE449dewCLcB\/s640\/sess%25C3%25A3o%2Bde%2Bfotos%2Bexterna%2Bpara%2Bgravidas.jpg?resize=426%2C640&#038;ssl=1\" alt=\"sess\u00e3o de fotos externa para gravidas\" width=\"426\" height=\"640\" border=\"0\" \/><\/a><\/td>\n<\/tr>\n<tr>\n<td style=\"text-align: center;\">sess\u00e3o de fotos externa para gravidas<\/td>\n<\/tr>\n<\/tbody>\n<\/table>\nVisite tamb\u00e9m nosso site: www.biancamachado.com.br\r\n(11) 97107-1018\r\n\r\nAtendemos as regi\u00f5es de S\u00e3o Paulo, Sorocaba, Ibi\u00fana, Piedade, Votorantim, Cotia, Itupeva, Jundia\u00ed, It\u00fa e Campinas","protected":false},"excerpt":{"rendered":"<p>E como n\u00e3o se apaixonar por um ensaio fotogr\u00e1fico feito no Jardim Bot\u00e2nico? \u00c9 um local encantador, tranquilo e com cen\u00e1rios \u00fanicos que combinam perfeitamente com o tema &#8220;fam\u00edlia&#8221;.<\/p>\n","protected":false},"author":1,"featured_media":946,"comment_status":"open","ping_status":"open","sticky":false,"template":"","format":"standard","meta":{"_monsterinsights_skip_tracking":false,"_monsterinsights_sitenote_active":false,"_monsterinsights_sitenote_note":"","_monsterinsights_sitenote_category":0,"jetpack_post_was_ever_published":false,"_jetpack_newsletter_access":"","_jetpack_dont_email_post_to_subs":false,"_jetpack_newsletter_tier_id":0,"_jetpack_memberships_contains_paywalled_content":false,"_jetpack_memberships_contains_paid_content":false,"_joinchat":[],"footnotes":""},"categories":[285,1],"tags":[303,302,304,305],"class_list":["post-179","post","type-post","status-publish","format-standard","has-post-thumbnail","hentry","category-book-gestante-externo","category-studio-bianca-machado","tag-book-fotografico-em-parques","tag-ensaio-gestante-externo","tag-fotografias-de-gravida","tag-fotografos-de-gestante"],"yoast_head":"<!-- This site is optimized with the Yoast SEO plugin v27.5 - https:\/\/yoast.com\/product\/yoast-seo-wordpress\/ -->\n<title>Sess\u00e3o de fotos externa para gravidas - STUDIO BIANCA MACHADO<\/title>\n<meta name=\"description\" content=\"E como n\u00e3o se apaixonar por um ensaio fotogr\u00e1fico feito no Jardim Bot\u00e2nico? \u00c9 um local encantador, tranquilo e com cen\u00e1rios \u00fanicos que combinam perfeitamente com o tema &quot;fam\u00edlia&quot;.\" \/>\n<meta name=\"robots\" content=\"index, follow, max-snippet:-1, max-image-preview:large, max-video-preview:-1\" \/>\n<link rel=\"canonical\" href=\"https:\/\/biancamachado.com.br\/blog\/sessao-de-fotos-externa-para-gravidas\/\" \/>\n<meta property=\"og:locale\" content=\"pt_BR\" \/>\n<meta property=\"og:type\" content=\"article\" \/>\n<meta property=\"og:title\" content=\"Sess\u00e3o de fotos externa para gravidas - STUDIO BIANCA MACHADO\" \/>\n<meta property=\"og:description\" content=\"E como n\u00e3o se apaixonar por um ensaio fotogr\u00e1fico feito no Jardim Bot\u00e2nico? \u00c9 um local encantador, tranquilo e com cen\u00e1rios \u00fanicos que combinam perfeitamente com o tema &quot;fam\u00edlia&quot;.\" \/>\n<meta property=\"og:url\" content=\"https:\/\/biancamachado.com.br\/blog\/sessao-de-fotos-externa-para-gravidas\/\" \/>\n<meta property=\"og:site_name\" content=\"STUDIO BIANCA MACHADO\" \/>\n<meta property=\"article:publisher\" content=\"https:\/\/www.facebook.com\/Studiobiancamachado\/\" \/>\n<meta property=\"article:published_time\" content=\"2016-04-12T00:37:00+00:00\" \/>\n<meta property=\"article:modified_time\" content=\"2023-02-22T19:47:51+00:00\" \/>\n<meta property=\"og:image\" content=\"https:\/\/biancamachado.com.br\/blog\/wp-content\/uploads\/2016\/04\/Screenshot_140.png\" \/>\n\t<meta property=\"og:image:width\" content=\"606\" \/>\n\t<meta property=\"og:image:height\" content=\"414\" \/>\n\t<meta property=\"og:image:type\" content=\"image\/png\" \/>\n<meta name=\"author\" content=\"biancamachado\" \/>\n<meta name=\"twitter:card\" content=\"summary_large_image\" \/>\n<meta name=\"twitter:label1\" content=\"Escrito por\" \/>\n\t<meta name=\"twitter:data1\" content=\"biancamachado\" \/>\n\t<meta name=\"twitter:label2\" content=\"Est. tempo de leitura\" \/>\n\t<meta name=\"twitter:data2\" content=\"6 minutos\" \/>\n<script type=\"application\/ld+json\" class=\"yoast-schema-graph\">{\"@context\":\"https:\\\/\\\/schema.org\",\"@graph\":[{\"@type\":\"Article\",\"@id\":\"https:\\\/\\\/biancamachado.com.br\\\/blog\\\/sessao-de-fotos-externa-para-gravidas\\\/#article\",\"isPartOf\":{\"@id\":\"https:\\\/\\\/biancamachado.com.br\\\/blog\\\/sessao-de-fotos-externa-para-gravidas\\\/\"},\"author\":{\"name\":\"biancamachado\",\"@id\":\"https:\\\/\\\/biancamachado.com.br\\\/blog\\\/#\\\/schema\\\/person\\\/990263800ec5e9bdbbf092a2353550a1\"},\"headline\":\"Sess\u00e3o de fotos externa para gravidas\",\"datePublished\":\"2016-04-12T00:37:00+00:00\",\"dateModified\":\"2023-02-22T19:47:51+00:00\",\"mainEntityOfPage\":{\"@id\":\"https:\\\/\\\/biancamachado.com.br\\\/blog\\\/sessao-de-fotos-externa-para-gravidas\\\/\"},\"wordCount\":323,\"commentCount\":0,\"publisher\":{\"@id\":\"https:\\\/\\\/biancamachado.com.br\\\/blog\\\/#organization\"},\"image\":{\"@id\":\"https:\\\/\\\/biancamachado.com.br\\\/blog\\\/sessao-de-fotos-externa-para-gravidas\\\/#primaryimage\"},\"thumbnailUrl\":\"https:\\\/\\\/i0.wp.com\\\/biancamachado.com.br\\\/blog\\\/wp-content\\\/uploads\\\/2016\\\/04\\\/Screenshot_140.png?fit=606%2C414&ssl=1\",\"keywords\":[\"book fotografico em parques\",\"ensaio gestante externo\",\"fotografias de gravida\",\"fotografos de gestante\"],\"articleSection\":[\"Book Gestante Externo\",\"Studio Bianca Machado\"],\"inLanguage\":\"pt-BR\",\"potentialAction\":[{\"@type\":\"CommentAction\",\"name\":\"Comment\",\"target\":[\"https:\\\/\\\/biancamachado.com.br\\\/blog\\\/sessao-de-fotos-externa-para-gravidas\\\/#respond\"]}]},{\"@type\":\"WebPage\",\"@id\":\"https:\\\/\\\/biancamachado.com.br\\\/blog\\\/sessao-de-fotos-externa-para-gravidas\\\/\",\"url\":\"https:\\\/\\\/biancamachado.com.br\\\/blog\\\/sessao-de-fotos-externa-para-gravidas\\\/\",\"name\":\"Sess\u00e3o de fotos externa para gravidas - STUDIO BIANCA MACHADO\",\"isPartOf\":{\"@id\":\"https:\\\/\\\/biancamachado.com.br\\\/blog\\\/#website\"},\"primaryImageOfPage\":{\"@id\":\"https:\\\/\\\/biancamachado.com.br\\\/blog\\\/sessao-de-fotos-externa-para-gravidas\\\/#primaryimage\"},\"image\":{\"@id\":\"https:\\\/\\\/biancamachado.com.br\\\/blog\\\/sessao-de-fotos-externa-para-gravidas\\\/#primaryimage\"},\"thumbnailUrl\":\"https:\\\/\\\/i0.wp.com\\\/biancamachado.com.br\\\/blog\\\/wp-content\\\/uploads\\\/2016\\\/04\\\/Screenshot_140.png?fit=606%2C414&ssl=1\",\"datePublished\":\"2016-04-12T00:37:00+00:00\",\"dateModified\":\"2023-02-22T19:47:51+00:00\",\"description\":\"E como n\u00e3o se apaixonar por um ensaio fotogr\u00e1fico feito no Jardim Bot\u00e2nico? \u00c9 um local encantador, tranquilo e com cen\u00e1rios \u00fanicos que combinam perfeitamente com o tema \\\"fam\u00edlia\\\".\",\"breadcrumb\":{\"@id\":\"https:\\\/\\\/biancamachado.com.br\\\/blog\\\/sessao-de-fotos-externa-para-gravidas\\\/#breadcrumb\"},\"inLanguage\":\"pt-BR\",\"potentialAction\":[{\"@type\":\"ReadAction\",\"target\":[\"https:\\\/\\\/biancamachado.com.br\\\/blog\\\/sessao-de-fotos-externa-para-gravidas\\\/\"]}]},{\"@type\":\"ImageObject\",\"inLanguage\":\"pt-BR\",\"@id\":\"https:\\\/\\\/biancamachado.com.br\\\/blog\\\/sessao-de-fotos-externa-para-gravidas\\\/#primaryimage\",\"url\":\"https:\\\/\\\/i0.wp.com\\\/biancamachado.com.br\\\/blog\\\/wp-content\\\/uploads\\\/2016\\\/04\\\/Screenshot_140.png?fit=606%2C414&ssl=1\",\"contentUrl\":\"https:\\\/\\\/i0.wp.com\\\/biancamachado.com.br\\\/blog\\\/wp-content\\\/uploads\\\/2016\\\/04\\\/Screenshot_140.png?fit=606%2C414&ssl=1\",\"width\":606,\"height\":414,\"caption\":\"Sess\u00e3o de fotos externa para gravidas\"},{\"@type\":\"BreadcrumbList\",\"@id\":\"https:\\\/\\\/biancamachado.com.br\\\/blog\\\/sessao-de-fotos-externa-para-gravidas\\\/#breadcrumb\",\"itemListElement\":[{\"@type\":\"ListItem\",\"position\":1,\"name\":\"In\u00edcio\",\"item\":\"https:\\\/\\\/biancamachado.com.br\\\/blog\\\/\"},{\"@type\":\"ListItem\",\"position\":2,\"name\":\"Sess\u00e3o de fotos externa para gravidas\"}]},{\"@type\":\"WebSite\",\"@id\":\"https:\\\/\\\/biancamachado.com.br\\\/blog\\\/#website\",\"url\":\"https:\\\/\\\/biancamachado.com.br\\\/blog\\\/\",\"name\":\"STUDIO BIANCA MACHADO\",\"description\":\"Estudio Fotografico, Ensaios e Books de foto profissional\",\"publisher\":{\"@id\":\"https:\\\/\\\/biancamachado.com.br\\\/blog\\\/#organization\"},\"potentialAction\":[{\"@type\":\"SearchAction\",\"target\":{\"@type\":\"EntryPoint\",\"urlTemplate\":\"https:\\\/\\\/biancamachado.com.br\\\/blog\\\/?s={search_term_string}\"},\"query-input\":{\"@type\":\"PropertyValueSpecification\",\"valueRequired\":true,\"valueName\":\"search_term_string\"}}],\"inLanguage\":\"pt-BR\"},{\"@type\":\"Organization\",\"@id\":\"https:\\\/\\\/biancamachado.com.br\\\/blog\\\/#organization\",\"name\":\"STUDIO BIANCA MACHADO\",\"url\":\"https:\\\/\\\/biancamachado.com.br\\\/blog\\\/\",\"logo\":{\"@type\":\"ImageObject\",\"inLanguage\":\"pt-BR\",\"@id\":\"https:\\\/\\\/biancamachado.com.br\\\/blog\\\/#\\\/schema\\\/logo\\\/image\\\/\",\"url\":\"https:\\\/\\\/i0.wp.com\\\/biancamachado.com.br\\\/blog\\\/wp-content\\\/uploads\\\/2021\\\/02\\\/cropped-logo-ml.jpg?fit=278%2C100&ssl=1\",\"contentUrl\":\"https:\\\/\\\/i0.wp.com\\\/biancamachado.com.br\\\/blog\\\/wp-content\\\/uploads\\\/2021\\\/02\\\/cropped-logo-ml.jpg?fit=278%2C100&ssl=1\",\"width\":278,\"height\":100,\"caption\":\"STUDIO BIANCA MACHADO\"},\"image\":{\"@id\":\"https:\\\/\\\/biancamachado.com.br\\\/blog\\\/#\\\/schema\\\/logo\\\/image\\\/\"},\"sameAs\":[\"https:\\\/\\\/www.facebook.com\\\/Studiobiancamachado\\\/\",\"https:\\\/\\\/www.instagram.com\\\/Studiobiancamachado\\\/\"]},{\"@type\":\"Person\",\"@id\":\"https:\\\/\\\/biancamachado.com.br\\\/blog\\\/#\\\/schema\\\/person\\\/990263800ec5e9bdbbf092a2353550a1\",\"name\":\"biancamachado\",\"image\":{\"@type\":\"ImageObject\",\"inLanguage\":\"pt-BR\",\"@id\":\"https:\\\/\\\/secure.gravatar.com\\\/avatar\\\/62b1a50f2632dbc2e279c3eb55aa46cc324c969cff16a69c59756d155316542c?s=96&d=mm&r=g\",\"url\":\"https:\\\/\\\/secure.gravatar.com\\\/avatar\\\/62b1a50f2632dbc2e279c3eb55aa46cc324c969cff16a69c59756d155316542c?s=96&d=mm&r=g\",\"contentUrl\":\"https:\\\/\\\/secure.gravatar.com\\\/avatar\\\/62b1a50f2632dbc2e279c3eb55aa46cc324c969cff16a69c59756d155316542c?s=96&d=mm&r=g\",\"caption\":\"biancamachado\"},\"sameAs\":[\"https:\\\/\\\/biancamachado.com.br\\\/blog\"],\"url\":\"https:\\\/\\\/biancamachado.com.br\\\/blog\\\/author\\\/biancamachado\\\/\"}]}<\/script>\n<!-- \/ Yoast SEO plugin. -->","yoast_head_json":{"title":"Sess\u00e3o de fotos externa para gravidas - STUDIO BIANCA MACHADO","description":"E como n\u00e3o se apaixonar por um ensaio fotogr\u00e1fico feito no Jardim Bot\u00e2nico? \u00c9 um local encantador, tranquilo e com cen\u00e1rios \u00fanicos que combinam perfeitamente com o tema \"fam\u00edlia\".","robots":{"index":"index","follow":"follow","max-snippet":"max-snippet:-1","max-image-preview":"max-image-preview:large","max-video-preview":"max-video-preview:-1"},"canonical":"https:\/\/biancamachado.com.br\/blog\/sessao-de-fotos-externa-para-gravidas\/","og_locale":"pt_BR","og_type":"article","og_title":"Sess\u00e3o de fotos externa para gravidas - STUDIO BIANCA MACHADO","og_description":"E como n\u00e3o se apaixonar por um ensaio fotogr\u00e1fico feito no Jardim Bot\u00e2nico? \u00c9 um local encantador, tranquilo e com cen\u00e1rios \u00fanicos que combinam perfeitamente com o tema \"fam\u00edlia\".","og_url":"https:\/\/biancamachado.com.br\/blog\/sessao-de-fotos-externa-para-gravidas\/","og_site_name":"STUDIO BIANCA MACHADO","article_publisher":"https:\/\/www.facebook.com\/Studiobiancamachado\/","article_published_time":"2016-04-12T00:37:00+00:00","article_modified_time":"2023-02-22T19:47:51+00:00","og_image":[{"width":606,"height":414,"url":"https:\/\/biancamachado.com.br\/blog\/wp-content\/uploads\/2016\/04\/Screenshot_140.png","type":"image\/png"}],"author":"biancamachado","twitter_card":"summary_large_image","twitter_misc":{"Escrito por":"biancamachado","Est. tempo de leitura":"6 minutos"},"schema":{"@context":"https:\/\/schema.org","@graph":[{"@type":"Article","@id":"https:\/\/biancamachado.com.br\/blog\/sessao-de-fotos-externa-para-gravidas\/#article","isPartOf":{"@id":"https:\/\/biancamachado.com.br\/blog\/sessao-de-fotos-externa-para-gravidas\/"},"author":{"name":"biancamachado","@id":"https:\/\/biancamachado.com.br\/blog\/#\/schema\/person\/990263800ec5e9bdbbf092a2353550a1"},"headline":"Sess\u00e3o de fotos externa para gravidas","datePublished":"2016-04-12T00:37:00+00:00","dateModified":"2023-02-22T19:47:51+00:00","mainEntityOfPage":{"@id":"https:\/\/biancamachado.com.br\/blog\/sessao-de-fotos-externa-para-gravidas\/"},"wordCount":323,"commentCount":0,"publisher":{"@id":"https:\/\/biancamachado.com.br\/blog\/#organization"},"image":{"@id":"https:\/\/biancamachado.com.br\/blog\/sessao-de-fotos-externa-para-gravidas\/#primaryimage"},"thumbnailUrl":"https:\/\/i0.wp.com\/biancamachado.com.br\/blog\/wp-content\/uploads\/2016\/04\/Screenshot_140.png?fit=606%2C414&ssl=1","keywords":["book fotografico em parques","ensaio gestante externo","fotografias de gravida","fotografos de gestante"],"articleSection":["Book Gestante Externo","Studio Bianca Machado"],"inLanguage":"pt-BR","potentialAction":[{"@type":"CommentAction","name":"Comment","target":["https:\/\/biancamachado.com.br\/blog\/sessao-de-fotos-externa-para-gravidas\/#respond"]}]},{"@type":"WebPage","@id":"https:\/\/biancamachado.com.br\/blog\/sessao-de-fotos-externa-para-gravidas\/","url":"https:\/\/biancamachado.com.br\/blog\/sessao-de-fotos-externa-para-gravidas\/","name":"Sess\u00e3o de fotos externa para gravidas - STUDIO BIANCA MACHADO","isPartOf":{"@id":"https:\/\/biancamachado.com.br\/blog\/#website"},"primaryImageOfPage":{"@id":"https:\/\/biancamachado.com.br\/blog\/sessao-de-fotos-externa-para-gravidas\/#primaryimage"},"image":{"@id":"https:\/\/biancamachado.com.br\/blog\/sessao-de-fotos-externa-para-gravidas\/#primaryimage"},"thumbnailUrl":"https:\/\/i0.wp.com\/biancamachado.com.br\/blog\/wp-content\/uploads\/2016\/04\/Screenshot_140.png?fit=606%2C414&ssl=1","datePublished":"2016-04-12T00:37:00+00:00","dateModified":"2023-02-22T19:47:51+00:00","description":"E como n\u00e3o se apaixonar por um ensaio fotogr\u00e1fico feito no Jardim Bot\u00e2nico? \u00c9 um local encantador, tranquilo e com cen\u00e1rios \u00fanicos que combinam perfeitamente com o tema \"fam\u00edlia\".","breadcrumb":{"@id":"https:\/\/biancamachado.com.br\/blog\/sessao-de-fotos-externa-para-gravidas\/#breadcrumb"},"inLanguage":"pt-BR","potentialAction":[{"@type":"ReadAction","target":["https:\/\/biancamachado.com.br\/blog\/sessao-de-fotos-externa-para-gravidas\/"]}]},{"@type":"ImageObject","inLanguage":"pt-BR","@id":"https:\/\/biancamachado.com.br\/blog\/sessao-de-fotos-externa-para-gravidas\/#primaryimage","url":"https:\/\/i0.wp.com\/biancamachado.com.br\/blog\/wp-content\/uploads\/2016\/04\/Screenshot_140.png?fit=606%2C414&ssl=1","contentUrl":"https:\/\/i0.wp.com\/biancamachado.com.br\/blog\/wp-content\/uploads\/2016\/04\/Screenshot_140.png?fit=606%2C414&ssl=1","width":606,"height":414,"caption":"Sess\u00e3o de fotos externa para gravidas"},{"@type":"BreadcrumbList","@id":"https:\/\/biancamachado.com.br\/blog\/sessao-de-fotos-externa-para-gravidas\/#breadcrumb","itemListElement":[{"@type":"ListItem","position":1,"name":"In\u00edcio","item":"https:\/\/biancamachado.com.br\/blog\/"},{"@type":"ListItem","position":2,"name":"Sess\u00e3o de fotos externa para gravidas"}]},{"@type":"WebSite","@id":"https:\/\/biancamachado.com.br\/blog\/#website","url":"https:\/\/biancamachado.com.br\/blog\/","name":"STUDIO BIANCA MACHADO","description":"Estudio Fotografico, Ensaios e Books de foto profissional","publisher":{"@id":"https:\/\/biancamachado.com.br\/blog\/#organization"},"potentialAction":[{"@type":"SearchAction","target":{"@type":"EntryPoint","urlTemplate":"https:\/\/biancamachado.com.br\/blog\/?s={search_term_string}"},"query-input":{"@type":"PropertyValueSpecification","valueRequired":true,"valueName":"search_term_string"}}],"inLanguage":"pt-BR"},{"@type":"Organization","@id":"https:\/\/biancamachado.com.br\/blog\/#organization","name":"STUDIO BIANCA MACHADO","url":"https:\/\/biancamachado.com.br\/blog\/","logo":{"@type":"ImageObject","inLanguage":"pt-BR","@id":"https:\/\/biancamachado.com.br\/blog\/#\/schema\/logo\/image\/","url":"https:\/\/i0.wp.com\/biancamachado.com.br\/blog\/wp-content\/uploads\/2021\/02\/cropped-logo-ml.jpg?fit=278%2C100&ssl=1","contentUrl":"https:\/\/i0.wp.com\/biancamachado.com.br\/blog\/wp-content\/uploads\/2021\/02\/cropped-logo-ml.jpg?fit=278%2C100&ssl=1","width":278,"height":100,"caption":"STUDIO BIANCA MACHADO"},"image":{"@id":"https:\/\/biancamachado.com.br\/blog\/#\/schema\/logo\/image\/"},"sameAs":["https:\/\/www.facebook.com\/Studiobiancamachado\/","https:\/\/www.instagram.com\/Studiobiancamachado\/"]},{"@type":"Person","@id":"https:\/\/biancamachado.com.br\/blog\/#\/schema\/person\/990263800ec5e9bdbbf092a2353550a1","name":"biancamachado","image":{"@type":"ImageObject","inLanguage":"pt-BR","@id":"https:\/\/secure.gravatar.com\/avatar\/62b1a50f2632dbc2e279c3eb55aa46cc324c969cff16a69c59756d155316542c?s=96&d=mm&r=g","url":"https:\/\/secure.gravatar.com\/avatar\/62b1a50f2632dbc2e279c3eb55aa46cc324c969cff16a69c59756d155316542c?s=96&d=mm&r=g","contentUrl":"https:\/\/secure.gravatar.com\/avatar\/62b1a50f2632dbc2e279c3eb55aa46cc324c969cff16a69c59756d155316542c?s=96&d=mm&r=g","caption":"biancamachado"},"sameAs":["https:\/\/biancamachado.com.br\/blog"],"url":"https:\/\/biancamachado.com.br\/blog\/author\/biancamachado\/"}]}},"jetpack_featured_media_url":"https:\/\/i0.wp.com\/biancamachado.com.br\/blog\/wp-content\/uploads\/2016\/04\/Screenshot_140.png?fit=606%2C414&ssl=1","jetpack-related-posts":[],"jetpack_sharing_enabled":true,"_links":{"self":[{"href":"https:\/\/biancamachado.com.br\/blog\/wp-json\/wp\/v2\/posts\/179","targetHints":{"allow":["GET"]}}],"collection":[{"href":"https:\/\/biancamachado.com.br\/blog\/wp-json\/wp\/v2\/posts"}],"about":[{"href":"https:\/\/biancamachado.com.br\/blog\/wp-json\/wp\/v2\/types\/post"}],"author":[{"embeddable":true,"href":"https:\/\/biancamachado.com.br\/blog\/wp-json\/wp\/v2\/users\/1"}],"replies":[{"embeddable":true,"href":"https:\/\/biancamachado.com.br\/blog\/wp-json\/wp\/v2\/comments?post=179"}],"version-history":[{"count":2,"href":"https:\/\/biancamachado.com.br\/blog\/wp-json\/wp\/v2\/posts\/179\/revisions"}],"predecessor-version":[{"id":3789,"href":"https:\/\/biancamachado.com.br\/blog\/wp-json\/wp\/v2\/posts\/179\/revisions\/3789"}],"wp:featuredmedia":[{"embeddable":true,"href":"https:\/\/biancamachado.com.br\/blog\/wp-json\/wp\/v2\/media\/946"}],"wp:attachment":[{"href":"https:\/\/biancamachado.com.br\/blog\/wp-json\/wp\/v2\/media?parent=179"}],"wp:term":[{"taxonomy":"category","embeddable":true,"href":"https:\/\/biancamachado.com.br\/blog\/wp-json\/wp\/v2\/categories?post=179"},{"taxonomy":"post_tag","embeddable":true,"href":"https:\/\/biancamachado.com.br\/blog\/wp-json\/wp\/v2\/tags?post=179"}],"curies":[{"name":"wp","href":"https:\/\/api.w.org\/{rel}","templated":true}]}}