{"id":178,"date":"2016-04-18T19:50:00","date_gmt":"2016-04-18T22:50:00","guid":{"rendered":"https:\/\/biancamachado.com.br\/blog\/?p=178"},"modified":"2023-02-22T16:46:16","modified_gmt":"2023-02-22T19:46:16","slug":"fotos-em-estudio-para-o-linkedin","status":"publish","type":"post","link":"https:\/\/biancamachado.com.br\/blog\/fotos-em-estudio-para-o-linkedin\/","title":{"rendered":"Fotos em Estudio para o Linkedin"},"content":{"rendered":"<div style=\"text-align: justify;\">Nada como ter um perfil profissional, coerente, seguro e com o &#8220;plus&#8221; de uma fotografia profissional que represente o seu profissionalismo.<\/div>\n<div style=\"text-align: justify;\">Uma imagem fala muito e esse \u00e9 o motivo do nosso est\u00fadio ser um dos mais procurados em S\u00e3o Paulo para fotografia de perfil profissional, como exemplo o Linkedin.<\/div>\n<div style=\"text-align: justify;\">J\u00e1 tive a experi\u00eancia de verificar v\u00e1rios profissionais \u00f3timos, que na fotografia de perfil, passam uma imagem depreciativa sem nem ao menos ter consci\u00eancia disso.<\/div>\n<div style=\"text-align: justify;\">Uma das minhas prefer\u00eancias, \u00e9 a fotografia profissional feminina.<\/div>\n<div style=\"text-align: justify;\">Dar um toque elegante, confiante e emp\u00e1tico sem descaracterizar a feminilidade da mulher.<\/div>\n<div style=\"text-align: justify;\">E olha que bacana fica o resultado final.<\/div>\n<div style=\"text-align: justify;\">Essa \u00e9 a Luciana, que al\u00e9m de ser uma simpatia linda de pessoa, \u00e9 uma profissional maravilhosa na \u00e1rea da sa\u00fade.<\/div>\n<div style=\"text-align: justify;\">Eu amo essas mulheres super guerreiras, mam\u00e3es e inteligent\u00edssimas !<\/div>\n<div style=\"text-align: justify;\">Segue um pouquinho da sess\u00e3o:<\/div>\n<table style=\"margin-left: auto; margin-right: auto; text-align: center;\" cellspacing=\"0\" cellpadding=\"0\" align=\"center\">\n<tbody>\n<tr>\n<td style=\"text-align: center;\"><a style=\"margin-left: auto; margin-right: auto;\" href=\"https:\/\/i0.wp.com\/3.bp.blogspot.com\/-qvD1qEKYY7Q\/VxVjqPKZ2-I\/AAAAAAAAQYU\/hu152lo4ej0r2a0DpjS9fo1fKc4GLXZjQCLcB\/s1600\/estudio%2Bfotografico%2Blinkedin.jpg?ssl=1\"><img data-recalc-dims=\"1\" loading=\"lazy\" decoding=\"async\" title=\"estudio fotografico linkedin\" src=\"https:\/\/i0.wp.com\/3.bp.blogspot.com\/-qvD1qEKYY7Q\/VxVjqPKZ2-I\/AAAAAAAAQYU\/hu152lo4ej0r2a0DpjS9fo1fKc4GLXZjQCLcB\/s640\/estudio%2Bfotografico%2Blinkedin.jpg?resize=426%2C640&#038;ssl=1\" alt=\"estudio fotografico linkedin\" width=\"426\" height=\"640\" border=\"0\" \/><\/a><\/td>\n<\/tr>\n<tr>\n<td style=\"text-align: center;\">estudio fotografico linkedin<\/td>\n<\/tr>\n<\/tbody>\n<\/table>\n<p>Nada supera ter um perfil profissional coerente, seguro e com a vantagem adicional de uma fotografia profissional que reflita o seu profissionalismo. Uma imagem fala muito e \u00e9 por isso que o nosso est\u00fadio, Studio Bianca Machado, \u00e9 t\u00e3o procurado em S\u00e3o Paulo para fotografias de perfil profissional, como o LinkedIn.<\/p>\n<p>J\u00e1 tive a oportunidade de verificar muitos profissionais talentosos que, infelizmente, transmitem uma imagem pouco atraente em suas fotos de perfil, sem mesmo se dar conta disso. Uma de minhas prefer\u00eancias \u00e9 a fotografia profissional feminina, dando um toque elegante, confiante e emp\u00e1tico, sem perder a feminilidade da mulher. O resultado final \u00e9 sempre incr\u00edvel.<\/p>\n<table style=\"margin-left: auto; margin-right: auto; text-align: center;\" cellspacing=\"0\" cellpadding=\"0\" align=\"center\">\n<tbody>\n<tr>\n<td style=\"text-align: center;\"><a style=\"margin-left: auto; margin-right: auto;\" href=\"https:\/\/i0.wp.com\/4.bp.blogspot.com\/-H5ZkNwoXip8\/VxVjqJRRFmI\/AAAAAAAAQYY\/1GVNbqdLbTgMu7S2cZv-cdUjlp0tguuvACLcB\/s1600\/fotografia%2Bpara%2Bperfil%2Bprofissionais.jpg?ssl=1\"><img data-recalc-dims=\"1\" loading=\"lazy\" decoding=\"async\" title=\"fotografia para perfil profissionais\" src=\"https:\/\/i0.wp.com\/4.bp.blogspot.com\/-H5ZkNwoXip8\/VxVjqJRRFmI\/AAAAAAAAQYY\/1GVNbqdLbTgMu7S2cZv-cdUjlp0tguuvACLcB\/s640\/fotografia%2Bpara%2Bperfil%2Bprofissionais.jpg?resize=426%2C640&#038;ssl=1\" alt=\"fotografia para perfil profissionais\" width=\"426\" height=\"640\" border=\"0\" \/><\/a><\/td>\n<\/tr>\n<tr>\n<td style=\"text-align: center;\">fotografia para perfil profissionais<\/td>\n<\/tr>\n<\/tbody>\n<\/table>\n<table style=\"margin-left: auto; margin-right: auto; text-align: center;\" cellspacing=\"0\" cellpadding=\"0\" align=\"center\">\n<tbody>\n<tr>\n<td style=\"text-align: center;\"><a style=\"margin-left: auto; margin-right: auto;\" href=\"https:\/\/i0.wp.com\/3.bp.blogspot.com\/-hQDvI7PBWpE\/VxVjqhDUvPI\/AAAAAAAAQYc\/eI74X1FOwagsIO3qbEEWcywj5rMLRshHACLcB\/s1600\/fotografias%2Bprofissionais%2Bpara%2Bcurriculum.jpg?ssl=1\"><img data-recalc-dims=\"1\" loading=\"lazy\" decoding=\"async\" title=\"fotografias profissionais para curriculum\" src=\"https:\/\/i0.wp.com\/3.bp.blogspot.com\/-hQDvI7PBWpE\/VxVjqhDUvPI\/AAAAAAAAQYc\/eI74X1FOwagsIO3qbEEWcywj5rMLRshHACLcB\/s640\/fotografias%2Bprofissionais%2Bpara%2Bcurriculum.jpg?resize=426%2C640&#038;ssl=1\" alt=\"fotografias profissionais para curriculum\" width=\"426\" height=\"640\" border=\"0\" \/><\/a><\/td>\n<\/tr>\n<tr>\n<td style=\"text-align: center;\">fotografias profissionais para curriculum<\/td>\n<\/tr>\n<\/tbody>\n<\/table>\n<table style=\"margin-left: auto; margin-right: auto; text-align: center;\" cellspacing=\"0\" cellpadding=\"0\" align=\"center\">\n<tbody>\n<tr>\n<td style=\"text-align: center;\"><a style=\"margin-left: auto; margin-right: auto;\" href=\"https:\/\/i0.wp.com\/1.bp.blogspot.com\/-2YKj5fUB_NY\/VxVjsYaWBFI\/AAAAAAAAQYg\/4ejIYmeH--gIFxsUqWLu0fz8PnQcCBbVgCLcB\/s1600\/fotografos%2Bespecializados%2Blinkedin.jpg?ssl=1\"><img data-recalc-dims=\"1\" loading=\"lazy\" decoding=\"async\" title=\"fotografos especializados linkedin\" src=\"https:\/\/i0.wp.com\/1.bp.blogspot.com\/-2YKj5fUB_NY\/VxVjsYaWBFI\/AAAAAAAAQYg\/4ejIYmeH--gIFxsUqWLu0fz8PnQcCBbVgCLcB\/s640\/fotografos%2Bespecializados%2Blinkedin.jpg?resize=426%2C640&#038;ssl=1\" alt=\"fotografos especializados linkedin\" width=\"426\" height=\"640\" border=\"0\" \/><\/a><\/td>\n<\/tr>\n<tr>\n<td style=\"text-align: center;\">fotografos especializados linkedin<\/td>\n<\/tr>\n<\/tbody>\n<\/table>\n<table style=\"margin-left: auto; margin-right: auto; text-align: center;\" cellspacing=\"0\" cellpadding=\"0\" align=\"center\">\n<tbody>\n<tr>\n<td style=\"text-align: center;\"><a style=\"margin-left: auto; margin-right: auto;\" href=\"https:\/\/i0.wp.com\/3.bp.blogspot.com\/-Y3r2vER3JFI\/VxVjs6hohdI\/AAAAAAAAQYo\/fTkylOaMcZIOl5xyKdSS4yROPI6FAwB9QCLcB\/s1600\/fotos%2Bde%2Bestudio%2Bpara%2Bo%2Blinkedin.jpg?ssl=1\"><img data-recalc-dims=\"1\" loading=\"lazy\" decoding=\"async\" title=\"fotos de estudio para o linkedin\" src=\"https:\/\/i0.wp.com\/3.bp.blogspot.com\/-Y3r2vER3JFI\/VxVjs6hohdI\/AAAAAAAAQYo\/fTkylOaMcZIOl5xyKdSS4yROPI6FAwB9QCLcB\/s640\/fotos%2Bde%2Bestudio%2Bpara%2Bo%2Blinkedin.jpg?resize=426%2C640&#038;ssl=1\" alt=\"fotos de estudio para o linkedin\" width=\"426\" height=\"640\" border=\"0\" \/><\/a><\/td>\n<\/tr>\n<tr>\n<td style=\"text-align: center;\">fotos de estudio para o linkedin<\/td>\n<\/tr>\n<\/tbody>\n<\/table>\n<table style=\"margin-left: auto; margin-right: auto; text-align: center;\" cellspacing=\"0\" cellpadding=\"0\" align=\"center\">\n<tbody>\n<tr>\n<td style=\"text-align: center;\"><a style=\"margin-left: auto; margin-right: auto;\" href=\"https:\/\/i0.wp.com\/1.bp.blogspot.com\/-kMQY5KRcyhk\/VxVjsixrusI\/AAAAAAAAQYk\/FNhgGdaOJo8DliQlpXT-BwGMYR8PcwH1gCLcB\/s1600\/fotos%2Bpara%2Bo%2Blinkedin.jpg?ssl=1\"><img data-recalc-dims=\"1\" loading=\"lazy\" decoding=\"async\" title=\"fotos para o linkedin\" src=\"https:\/\/i0.wp.com\/1.bp.blogspot.com\/-kMQY5KRcyhk\/VxVjsixrusI\/AAAAAAAAQYk\/FNhgGdaOJo8DliQlpXT-BwGMYR8PcwH1gCLcB\/s640\/fotos%2Bpara%2Bo%2Blinkedin.jpg?resize=426%2C640&#038;ssl=1\" alt=\"fotos para o linkedin\" width=\"426\" height=\"640\" border=\"0\" \/><\/a><\/td>\n<\/tr>\n<tr>\n<td style=\"text-align: center;\">fotos para o linkedin<\/td>\n<\/tr>\n<\/tbody>\n<\/table>\n<table style=\"margin-left: auto; margin-right: auto; text-align: center;\" cellspacing=\"0\" cellpadding=\"0\" align=\"center\">\n<tbody>\n<tr>\n<td style=\"text-align: center;\"><a style=\"margin-left: auto; margin-right: auto;\" href=\"https:\/\/i0.wp.com\/2.bp.blogspot.com\/-r8JGdqICpRQ\/VxVjuBgQ3nI\/AAAAAAAAQYs\/62GDosY8QcwwtQ15mGDCb5D-BfynJh6RgCLcB\/s1600\/fotos%2Bperfil%2Bprofissional%2Bcom%2Bfotografo.jpg?ssl=1\"><img data-recalc-dims=\"1\" loading=\"lazy\" decoding=\"async\" title=\"fotos perfil profissional com fotografo\" src=\"https:\/\/i0.wp.com\/2.bp.blogspot.com\/-r8JGdqICpRQ\/VxVjuBgQ3nI\/AAAAAAAAQYs\/62GDosY8QcwwtQ15mGDCb5D-BfynJh6RgCLcB\/s640\/fotos%2Bperfil%2Bprofissional%2Bcom%2Bfotografo.jpg?resize=426%2C640&#038;ssl=1\" alt=\"fotos perfil profissional com fotografo\" width=\"426\" height=\"640\" border=\"0\" \/><\/a><\/td>\n<\/tr>\n<tr>\n<td style=\"text-align: center;\">fotos perfil profissional com fotografo<\/td>\n<\/tr>\n<\/tbody>\n<\/table>\n<table style=\"margin-left: auto; margin-right: auto; text-align: center;\" cellspacing=\"0\" cellpadding=\"0\" align=\"center\">\n<tbody>\n<tr>\n<td style=\"text-align: center;\"><a style=\"margin-left: auto; margin-right: auto;\" href=\"https:\/\/i0.wp.com\/2.bp.blogspot.com\/-lJqUYDRnKa4\/VxVjuh32-RI\/AAAAAAAAQYw\/NOTi-9hNcfEvRKlzCGB3j0GRo5-VBAZqwCLcB\/s1600\/fotos%2Bprofissionais%2Bpara%2Bcurriculum.jpg?ssl=1\"><img data-recalc-dims=\"1\" loading=\"lazy\" decoding=\"async\" title=\"fotos profissionais para curriculum\" src=\"https:\/\/i0.wp.com\/2.bp.blogspot.com\/-lJqUYDRnKa4\/VxVjuh32-RI\/AAAAAAAAQYw\/NOTi-9hNcfEvRKlzCGB3j0GRo5-VBAZqwCLcB\/s640\/fotos%2Bprofissionais%2Bpara%2Bcurriculum.jpg?resize=426%2C640&#038;ssl=1\" alt=\"fotos profissionais para curriculum\" width=\"426\" height=\"640\" border=\"0\" \/><\/a><\/td>\n<\/tr>\n<tr>\n<td style=\"text-align: center;\">fotos profissionais para curriculum<\/td>\n<\/tr>\n<\/tbody>\n<\/table>\n<table style=\"margin-left: auto; margin-right: auto; text-align: center;\" cellspacing=\"0\" cellpadding=\"0\" align=\"center\">\n<tbody>\n<tr>\n<td style=\"text-align: center;\"><a style=\"margin-left: auto; margin-right: auto;\" href=\"https:\/\/i0.wp.com\/1.bp.blogspot.com\/-R5FLWN4Ndwo\/VxVju43Wu_I\/AAAAAAAAQY0\/97WdmAdMGicPWSwZK-J3xizzb6dnOckkwCLcB\/s1600\/fotos%2Bprofissionais%2Bpara%2Bo%2Blinkedin.jpg?ssl=1\"><img data-recalc-dims=\"1\" loading=\"lazy\" decoding=\"async\" title=\"fotos profissionais para o linkedin\" src=\"https:\/\/i0.wp.com\/1.bp.blogspot.com\/-R5FLWN4Ndwo\/VxVju43Wu_I\/AAAAAAAAQY0\/97WdmAdMGicPWSwZK-J3xizzb6dnOckkwCLcB\/s640\/fotos%2Bprofissionais%2Bpara%2Bo%2Blinkedin.jpg?resize=426%2C640&#038;ssl=1\" alt=\"fotos profissionais para o linkedin\" width=\"426\" height=\"640\" border=\"0\" \/><\/a><\/td>\n<\/tr>\n<tr>\n<td style=\"text-align: center;\">fotos profissionais para o linkedin<\/td>\n<\/tr>\n<\/tbody>\n<\/table>\nVisite tamb\u00e9m nosso site: www.biancamachado.com.br\r\n(11) 97107-1018\r\n\r\nAtendemos as regi\u00f5es de S\u00e3o Paulo, Sorocaba, Ibi\u00fana, Piedade, Votorantim, Cotia, Itupeva, Jundia\u00ed, It\u00fa e Campinas","protected":false},"excerpt":{"rendered":"<p>Nada supera ter um perfil profissional coerente, seguro e com a vantagem adicional de uma fotografia profissional que reflita o seu profissionalismo. Uma imagem fala muito e \u00e9 por isso que o nosso est\u00fadio, Studio Bianca Machado, \u00e9 t\u00e3o procurado em S\u00e3o Paulo para fotografias de perfil profissional, como o LinkedIn.<\/p>\n","protected":false},"author":1,"featured_media":945,"comment_status":"open","ping_status":"open","sticky":false,"template":"","format":"standard","meta":{"_monsterinsights_skip_tracking":false,"_monsterinsights_sitenote_active":false,"_monsterinsights_sitenote_note":"","_monsterinsights_sitenote_category":0,"jetpack_post_was_ever_published":false,"_jetpack_newsletter_access":"","_jetpack_dont_email_post_to_subs":false,"_jetpack_newsletter_tier_id":0,"_jetpack_memberships_contains_paywalled_content":false,"_jetpack_memberships_contains_paid_content":false,"_joinchat":[],"footnotes":""},"categories":[297,1],"tags":[336,337,335],"class_list":["post-178","post","type-post","status-publish","format-standard","has-post-thumbnail","hentry","category-linkedin-retrato-profisional","category-studio-bianca-machado","tag-fotografia-para-linkedin","tag-fotos-para-profissionais-e-empresas","tag-retrato-para-profissionais"],"yoast_head":"<!-- This site is optimized with the Yoast SEO plugin v27.4 - https:\/\/yoast.com\/product\/yoast-seo-wordpress\/ -->\n<title>Fotos em Estudio para o Linkedin - STUDIO BIANCA MACHADO<\/title>\n<meta name=\"description\" content=\"Nada supera ter um perfil profissional coerente, seguro e com a vantagem adicional de uma fotografia profissional que reflita o seu profissionalismo. Uma imagem fala muito e \u00e9 por isso que o nosso est\u00fadio, Studio Bianca Machado, \u00e9 t\u00e3o procurado em S\u00e3o Paulo para fotografias de perfil profissional, como o LinkedIn.\" \/>\n<meta name=\"robots\" content=\"index, follow, max-snippet:-1, max-image-preview:large, max-video-preview:-1\" \/>\n<link rel=\"canonical\" href=\"https:\/\/biancamachado.com.br\/blog\/fotos-em-estudio-para-o-linkedin\/\" \/>\n<meta property=\"og:locale\" content=\"pt_BR\" \/>\n<meta property=\"og:type\" content=\"article\" \/>\n<meta property=\"og:title\" content=\"Fotos em Estudio para o Linkedin - STUDIO BIANCA MACHADO\" \/>\n<meta property=\"og:description\" content=\"Nada supera ter um perfil profissional coerente, seguro e com a vantagem adicional de uma fotografia profissional que reflita o seu profissionalismo. Uma imagem fala muito e \u00e9 por isso que o nosso est\u00fadio, Studio Bianca Machado, \u00e9 t\u00e3o procurado em S\u00e3o Paulo para fotografias de perfil profissional, como o LinkedIn.\" \/>\n<meta property=\"og:url\" content=\"https:\/\/biancamachado.com.br\/blog\/fotos-em-estudio-para-o-linkedin\/\" \/>\n<meta property=\"og:site_name\" content=\"STUDIO BIANCA MACHADO\" \/>\n<meta property=\"article:publisher\" content=\"https:\/\/www.facebook.com\/Studiobiancamachado\/\" \/>\n<meta property=\"article:published_time\" content=\"2016-04-18T22:50:00+00:00\" \/>\n<meta property=\"article:modified_time\" content=\"2023-02-22T19:46:16+00:00\" \/>\n<meta property=\"og:image\" content=\"https:\/\/biancamachado.com.br\/blog\/wp-content\/uploads\/2016\/04\/Screenshot_139.png\" \/>\n\t<meta property=\"og:image:width\" content=\"387\" \/>\n\t<meta property=\"og:image:height\" content=\"569\" \/>\n\t<meta property=\"og:image:type\" content=\"image\/png\" \/>\n<meta name=\"author\" content=\"biancamachado\" \/>\n<meta name=\"twitter:card\" content=\"summary_large_image\" \/>\n<meta name=\"twitter:label1\" content=\"Escrito por\" \/>\n\t<meta name=\"twitter:data1\" content=\"biancamachado\" \/>\n\t<meta name=\"twitter:label2\" content=\"Est. tempo de leitura\" \/>\n\t<meta name=\"twitter:data2\" content=\"4 minutos\" \/>\n<script type=\"application\/ld+json\" class=\"yoast-schema-graph\">{\"@context\":\"https:\\\/\\\/schema.org\",\"@graph\":[{\"@type\":\"Article\",\"@id\":\"https:\\\/\\\/biancamachado.com.br\\\/blog\\\/fotos-em-estudio-para-o-linkedin\\\/#article\",\"isPartOf\":{\"@id\":\"https:\\\/\\\/biancamachado.com.br\\\/blog\\\/fotos-em-estudio-para-o-linkedin\\\/\"},\"author\":{\"name\":\"biancamachado\",\"@id\":\"https:\\\/\\\/biancamachado.com.br\\\/blog\\\/#\\\/schema\\\/person\\\/990263800ec5e9bdbbf092a2353550a1\"},\"headline\":\"Fotos em Estudio para o Linkedin\",\"datePublished\":\"2016-04-18T22:50:00+00:00\",\"dateModified\":\"2023-02-22T19:46:16+00:00\",\"mainEntityOfPage\":{\"@id\":\"https:\\\/\\\/biancamachado.com.br\\\/blog\\\/fotos-em-estudio-para-o-linkedin\\\/\"},\"wordCount\":300,\"commentCount\":0,\"publisher\":{\"@id\":\"https:\\\/\\\/biancamachado.com.br\\\/blog\\\/#organization\"},\"image\":{\"@id\":\"https:\\\/\\\/biancamachado.com.br\\\/blog\\\/fotos-em-estudio-para-o-linkedin\\\/#primaryimage\"},\"thumbnailUrl\":\"https:\\\/\\\/i0.wp.com\\\/biancamachado.com.br\\\/blog\\\/wp-content\\\/uploads\\\/2016\\\/04\\\/Screenshot_139.png?fit=387%2C569&ssl=1\",\"keywords\":[\"fotografia para linkedin\",\"fotos para profissionais e empresas\",\"retrato para profissionais\"],\"articleSection\":[\"Linkedin Retrato Profisional\",\"Studio Bianca Machado\"],\"inLanguage\":\"pt-BR\",\"potentialAction\":[{\"@type\":\"CommentAction\",\"name\":\"Comment\",\"target\":[\"https:\\\/\\\/biancamachado.com.br\\\/blog\\\/fotos-em-estudio-para-o-linkedin\\\/#respond\"]}]},{\"@type\":\"WebPage\",\"@id\":\"https:\\\/\\\/biancamachado.com.br\\\/blog\\\/fotos-em-estudio-para-o-linkedin\\\/\",\"url\":\"https:\\\/\\\/biancamachado.com.br\\\/blog\\\/fotos-em-estudio-para-o-linkedin\\\/\",\"name\":\"Fotos em Estudio para o Linkedin - STUDIO BIANCA MACHADO\",\"isPartOf\":{\"@id\":\"https:\\\/\\\/biancamachado.com.br\\\/blog\\\/#website\"},\"primaryImageOfPage\":{\"@id\":\"https:\\\/\\\/biancamachado.com.br\\\/blog\\\/fotos-em-estudio-para-o-linkedin\\\/#primaryimage\"},\"image\":{\"@id\":\"https:\\\/\\\/biancamachado.com.br\\\/blog\\\/fotos-em-estudio-para-o-linkedin\\\/#primaryimage\"},\"thumbnailUrl\":\"https:\\\/\\\/i0.wp.com\\\/biancamachado.com.br\\\/blog\\\/wp-content\\\/uploads\\\/2016\\\/04\\\/Screenshot_139.png?fit=387%2C569&ssl=1\",\"datePublished\":\"2016-04-18T22:50:00+00:00\",\"dateModified\":\"2023-02-22T19:46:16+00:00\",\"description\":\"Nada supera ter um perfil profissional coerente, seguro e com a vantagem adicional de uma fotografia profissional que reflita o seu profissionalismo. Uma imagem fala muito e \u00e9 por isso que o nosso est\u00fadio, Studio Bianca Machado, \u00e9 t\u00e3o procurado em S\u00e3o Paulo para fotografias de perfil profissional, como o LinkedIn.\",\"breadcrumb\":{\"@id\":\"https:\\\/\\\/biancamachado.com.br\\\/blog\\\/fotos-em-estudio-para-o-linkedin\\\/#breadcrumb\"},\"inLanguage\":\"pt-BR\",\"potentialAction\":[{\"@type\":\"ReadAction\",\"target\":[\"https:\\\/\\\/biancamachado.com.br\\\/blog\\\/fotos-em-estudio-para-o-linkedin\\\/\"]}]},{\"@type\":\"ImageObject\",\"inLanguage\":\"pt-BR\",\"@id\":\"https:\\\/\\\/biancamachado.com.br\\\/blog\\\/fotos-em-estudio-para-o-linkedin\\\/#primaryimage\",\"url\":\"https:\\\/\\\/i0.wp.com\\\/biancamachado.com.br\\\/blog\\\/wp-content\\\/uploads\\\/2016\\\/04\\\/Screenshot_139.png?fit=387%2C569&ssl=1\",\"contentUrl\":\"https:\\\/\\\/i0.wp.com\\\/biancamachado.com.br\\\/blog\\\/wp-content\\\/uploads\\\/2016\\\/04\\\/Screenshot_139.png?fit=387%2C569&ssl=1\",\"width\":387,\"height\":569,\"caption\":\"Fotos em Estudio para o Linkedin\"},{\"@type\":\"BreadcrumbList\",\"@id\":\"https:\\\/\\\/biancamachado.com.br\\\/blog\\\/fotos-em-estudio-para-o-linkedin\\\/#breadcrumb\",\"itemListElement\":[{\"@type\":\"ListItem\",\"position\":1,\"name\":\"In\u00edcio\",\"item\":\"https:\\\/\\\/biancamachado.com.br\\\/blog\\\/\"},{\"@type\":\"ListItem\",\"position\":2,\"name\":\"Fotos em Estudio para o Linkedin\"}]},{\"@type\":\"WebSite\",\"@id\":\"https:\\\/\\\/biancamachado.com.br\\\/blog\\\/#website\",\"url\":\"https:\\\/\\\/biancamachado.com.br\\\/blog\\\/\",\"name\":\"STUDIO BIANCA MACHADO\",\"description\":\"Estudio Fotografico, Ensaios e Books de foto profissional\",\"publisher\":{\"@id\":\"https:\\\/\\\/biancamachado.com.br\\\/blog\\\/#organization\"},\"potentialAction\":[{\"@type\":\"SearchAction\",\"target\":{\"@type\":\"EntryPoint\",\"urlTemplate\":\"https:\\\/\\\/biancamachado.com.br\\\/blog\\\/?s={search_term_string}\"},\"query-input\":{\"@type\":\"PropertyValueSpecification\",\"valueRequired\":true,\"valueName\":\"search_term_string\"}}],\"inLanguage\":\"pt-BR\"},{\"@type\":\"Organization\",\"@id\":\"https:\\\/\\\/biancamachado.com.br\\\/blog\\\/#organization\",\"name\":\"STUDIO BIANCA MACHADO\",\"url\":\"https:\\\/\\\/biancamachado.com.br\\\/blog\\\/\",\"logo\":{\"@type\":\"ImageObject\",\"inLanguage\":\"pt-BR\",\"@id\":\"https:\\\/\\\/biancamachado.com.br\\\/blog\\\/#\\\/schema\\\/logo\\\/image\\\/\",\"url\":\"https:\\\/\\\/i0.wp.com\\\/biancamachado.com.br\\\/blog\\\/wp-content\\\/uploads\\\/2021\\\/02\\\/cropped-logo-ml.jpg?fit=278%2C100&ssl=1\",\"contentUrl\":\"https:\\\/\\\/i0.wp.com\\\/biancamachado.com.br\\\/blog\\\/wp-content\\\/uploads\\\/2021\\\/02\\\/cropped-logo-ml.jpg?fit=278%2C100&ssl=1\",\"width\":278,\"height\":100,\"caption\":\"STUDIO BIANCA MACHADO\"},\"image\":{\"@id\":\"https:\\\/\\\/biancamachado.com.br\\\/blog\\\/#\\\/schema\\\/logo\\\/image\\\/\"},\"sameAs\":[\"https:\\\/\\\/www.facebook.com\\\/Studiobiancamachado\\\/\",\"https:\\\/\\\/www.instagram.com\\\/Studiobiancamachado\\\/\"]},{\"@type\":\"Person\",\"@id\":\"https:\\\/\\\/biancamachado.com.br\\\/blog\\\/#\\\/schema\\\/person\\\/990263800ec5e9bdbbf092a2353550a1\",\"name\":\"biancamachado\",\"image\":{\"@type\":\"ImageObject\",\"inLanguage\":\"pt-BR\",\"@id\":\"https:\\\/\\\/secure.gravatar.com\\\/avatar\\\/62b1a50f2632dbc2e279c3eb55aa46cc324c969cff16a69c59756d155316542c?s=96&d=mm&r=g\",\"url\":\"https:\\\/\\\/secure.gravatar.com\\\/avatar\\\/62b1a50f2632dbc2e279c3eb55aa46cc324c969cff16a69c59756d155316542c?s=96&d=mm&r=g\",\"contentUrl\":\"https:\\\/\\\/secure.gravatar.com\\\/avatar\\\/62b1a50f2632dbc2e279c3eb55aa46cc324c969cff16a69c59756d155316542c?s=96&d=mm&r=g\",\"caption\":\"biancamachado\"},\"sameAs\":[\"https:\\\/\\\/biancamachado.com.br\\\/blog\"],\"url\":\"https:\\\/\\\/biancamachado.com.br\\\/blog\\\/author\\\/biancamachado\\\/\"}]}<\/script>\n<!-- \/ Yoast SEO plugin. -->","yoast_head_json":{"title":"Fotos em Estudio para o Linkedin - STUDIO BIANCA MACHADO","description":"Nada supera ter um perfil profissional coerente, seguro e com a vantagem adicional de uma fotografia profissional que reflita o seu profissionalismo. Uma imagem fala muito e \u00e9 por isso que o nosso est\u00fadio, Studio Bianca Machado, \u00e9 t\u00e3o procurado em S\u00e3o Paulo para fotografias de perfil profissional, como o LinkedIn.","robots":{"index":"index","follow":"follow","max-snippet":"max-snippet:-1","max-image-preview":"max-image-preview:large","max-video-preview":"max-video-preview:-1"},"canonical":"https:\/\/biancamachado.com.br\/blog\/fotos-em-estudio-para-o-linkedin\/","og_locale":"pt_BR","og_type":"article","og_title":"Fotos em Estudio para o Linkedin - STUDIO BIANCA MACHADO","og_description":"Nada supera ter um perfil profissional coerente, seguro e com a vantagem adicional de uma fotografia profissional que reflita o seu profissionalismo. Uma imagem fala muito e \u00e9 por isso que o nosso est\u00fadio, Studio Bianca Machado, \u00e9 t\u00e3o procurado em S\u00e3o Paulo para fotografias de perfil profissional, como o LinkedIn.","og_url":"https:\/\/biancamachado.com.br\/blog\/fotos-em-estudio-para-o-linkedin\/","og_site_name":"STUDIO BIANCA MACHADO","article_publisher":"https:\/\/www.facebook.com\/Studiobiancamachado\/","article_published_time":"2016-04-18T22:50:00+00:00","article_modified_time":"2023-02-22T19:46:16+00:00","og_image":[{"width":387,"height":569,"url":"https:\/\/biancamachado.com.br\/blog\/wp-content\/uploads\/2016\/04\/Screenshot_139.png","type":"image\/png"}],"author":"biancamachado","twitter_card":"summary_large_image","twitter_misc":{"Escrito por":"biancamachado","Est. tempo de leitura":"4 minutos"},"schema":{"@context":"https:\/\/schema.org","@graph":[{"@type":"Article","@id":"https:\/\/biancamachado.com.br\/blog\/fotos-em-estudio-para-o-linkedin\/#article","isPartOf":{"@id":"https:\/\/biancamachado.com.br\/blog\/fotos-em-estudio-para-o-linkedin\/"},"author":{"name":"biancamachado","@id":"https:\/\/biancamachado.com.br\/blog\/#\/schema\/person\/990263800ec5e9bdbbf092a2353550a1"},"headline":"Fotos em Estudio para o Linkedin","datePublished":"2016-04-18T22:50:00+00:00","dateModified":"2023-02-22T19:46:16+00:00","mainEntityOfPage":{"@id":"https:\/\/biancamachado.com.br\/blog\/fotos-em-estudio-para-o-linkedin\/"},"wordCount":300,"commentCount":0,"publisher":{"@id":"https:\/\/biancamachado.com.br\/blog\/#organization"},"image":{"@id":"https:\/\/biancamachado.com.br\/blog\/fotos-em-estudio-para-o-linkedin\/#primaryimage"},"thumbnailUrl":"https:\/\/i0.wp.com\/biancamachado.com.br\/blog\/wp-content\/uploads\/2016\/04\/Screenshot_139.png?fit=387%2C569&ssl=1","keywords":["fotografia para linkedin","fotos para profissionais e empresas","retrato para profissionais"],"articleSection":["Linkedin Retrato Profisional","Studio Bianca Machado"],"inLanguage":"pt-BR","potentialAction":[{"@type":"CommentAction","name":"Comment","target":["https:\/\/biancamachado.com.br\/blog\/fotos-em-estudio-para-o-linkedin\/#respond"]}]},{"@type":"WebPage","@id":"https:\/\/biancamachado.com.br\/blog\/fotos-em-estudio-para-o-linkedin\/","url":"https:\/\/biancamachado.com.br\/blog\/fotos-em-estudio-para-o-linkedin\/","name":"Fotos em Estudio para o Linkedin - STUDIO BIANCA MACHADO","isPartOf":{"@id":"https:\/\/biancamachado.com.br\/blog\/#website"},"primaryImageOfPage":{"@id":"https:\/\/biancamachado.com.br\/blog\/fotos-em-estudio-para-o-linkedin\/#primaryimage"},"image":{"@id":"https:\/\/biancamachado.com.br\/blog\/fotos-em-estudio-para-o-linkedin\/#primaryimage"},"thumbnailUrl":"https:\/\/i0.wp.com\/biancamachado.com.br\/blog\/wp-content\/uploads\/2016\/04\/Screenshot_139.png?fit=387%2C569&ssl=1","datePublished":"2016-04-18T22:50:00+00:00","dateModified":"2023-02-22T19:46:16+00:00","description":"Nada supera ter um perfil profissional coerente, seguro e com a vantagem adicional de uma fotografia profissional que reflita o seu profissionalismo. Uma imagem fala muito e \u00e9 por isso que o nosso est\u00fadio, Studio Bianca Machado, \u00e9 t\u00e3o procurado em S\u00e3o Paulo para fotografias de perfil profissional, como o LinkedIn.","breadcrumb":{"@id":"https:\/\/biancamachado.com.br\/blog\/fotos-em-estudio-para-o-linkedin\/#breadcrumb"},"inLanguage":"pt-BR","potentialAction":[{"@type":"ReadAction","target":["https:\/\/biancamachado.com.br\/blog\/fotos-em-estudio-para-o-linkedin\/"]}]},{"@type":"ImageObject","inLanguage":"pt-BR","@id":"https:\/\/biancamachado.com.br\/blog\/fotos-em-estudio-para-o-linkedin\/#primaryimage","url":"https:\/\/i0.wp.com\/biancamachado.com.br\/blog\/wp-content\/uploads\/2016\/04\/Screenshot_139.png?fit=387%2C569&ssl=1","contentUrl":"https:\/\/i0.wp.com\/biancamachado.com.br\/blog\/wp-content\/uploads\/2016\/04\/Screenshot_139.png?fit=387%2C569&ssl=1","width":387,"height":569,"caption":"Fotos em Estudio para o Linkedin"},{"@type":"BreadcrumbList","@id":"https:\/\/biancamachado.com.br\/blog\/fotos-em-estudio-para-o-linkedin\/#breadcrumb","itemListElement":[{"@type":"ListItem","position":1,"name":"In\u00edcio","item":"https:\/\/biancamachado.com.br\/blog\/"},{"@type":"ListItem","position":2,"name":"Fotos em Estudio para o Linkedin"}]},{"@type":"WebSite","@id":"https:\/\/biancamachado.com.br\/blog\/#website","url":"https:\/\/biancamachado.com.br\/blog\/","name":"STUDIO BIANCA MACHADO","description":"Estudio Fotografico, Ensaios e Books de foto profissional","publisher":{"@id":"https:\/\/biancamachado.com.br\/blog\/#organization"},"potentialAction":[{"@type":"SearchAction","target":{"@type":"EntryPoint","urlTemplate":"https:\/\/biancamachado.com.br\/blog\/?s={search_term_string}"},"query-input":{"@type":"PropertyValueSpecification","valueRequired":true,"valueName":"search_term_string"}}],"inLanguage":"pt-BR"},{"@type":"Organization","@id":"https:\/\/biancamachado.com.br\/blog\/#organization","name":"STUDIO BIANCA MACHADO","url":"https:\/\/biancamachado.com.br\/blog\/","logo":{"@type":"ImageObject","inLanguage":"pt-BR","@id":"https:\/\/biancamachado.com.br\/blog\/#\/schema\/logo\/image\/","url":"https:\/\/i0.wp.com\/biancamachado.com.br\/blog\/wp-content\/uploads\/2021\/02\/cropped-logo-ml.jpg?fit=278%2C100&ssl=1","contentUrl":"https:\/\/i0.wp.com\/biancamachado.com.br\/blog\/wp-content\/uploads\/2021\/02\/cropped-logo-ml.jpg?fit=278%2C100&ssl=1","width":278,"height":100,"caption":"STUDIO BIANCA MACHADO"},"image":{"@id":"https:\/\/biancamachado.com.br\/blog\/#\/schema\/logo\/image\/"},"sameAs":["https:\/\/www.facebook.com\/Studiobiancamachado\/","https:\/\/www.instagram.com\/Studiobiancamachado\/"]},{"@type":"Person","@id":"https:\/\/biancamachado.com.br\/blog\/#\/schema\/person\/990263800ec5e9bdbbf092a2353550a1","name":"biancamachado","image":{"@type":"ImageObject","inLanguage":"pt-BR","@id":"https:\/\/secure.gravatar.com\/avatar\/62b1a50f2632dbc2e279c3eb55aa46cc324c969cff16a69c59756d155316542c?s=96&d=mm&r=g","url":"https:\/\/secure.gravatar.com\/avatar\/62b1a50f2632dbc2e279c3eb55aa46cc324c969cff16a69c59756d155316542c?s=96&d=mm&r=g","contentUrl":"https:\/\/secure.gravatar.com\/avatar\/62b1a50f2632dbc2e279c3eb55aa46cc324c969cff16a69c59756d155316542c?s=96&d=mm&r=g","caption":"biancamachado"},"sameAs":["https:\/\/biancamachado.com.br\/blog"],"url":"https:\/\/biancamachado.com.br\/blog\/author\/biancamachado\/"}]}},"jetpack_featured_media_url":"https:\/\/i0.wp.com\/biancamachado.com.br\/blog\/wp-content\/uploads\/2016\/04\/Screenshot_139.png?fit=387%2C569&ssl=1","jetpack-related-posts":[],"jetpack_sharing_enabled":true,"_links":{"self":[{"href":"https:\/\/biancamachado.com.br\/blog\/wp-json\/wp\/v2\/posts\/178","targetHints":{"allow":["GET"]}}],"collection":[{"href":"https:\/\/biancamachado.com.br\/blog\/wp-json\/wp\/v2\/posts"}],"about":[{"href":"https:\/\/biancamachado.com.br\/blog\/wp-json\/wp\/v2\/types\/post"}],"author":[{"embeddable":true,"href":"https:\/\/biancamachado.com.br\/blog\/wp-json\/wp\/v2\/users\/1"}],"replies":[{"embeddable":true,"href":"https:\/\/biancamachado.com.br\/blog\/wp-json\/wp\/v2\/comments?post=178"}],"version-history":[{"count":2,"href":"https:\/\/biancamachado.com.br\/blog\/wp-json\/wp\/v2\/posts\/178\/revisions"}],"predecessor-version":[{"id":3788,"href":"https:\/\/biancamachado.com.br\/blog\/wp-json\/wp\/v2\/posts\/178\/revisions\/3788"}],"wp:featuredmedia":[{"embeddable":true,"href":"https:\/\/biancamachado.com.br\/blog\/wp-json\/wp\/v2\/media\/945"}],"wp:attachment":[{"href":"https:\/\/biancamachado.com.br\/blog\/wp-json\/wp\/v2\/media?parent=178"}],"wp:term":[{"taxonomy":"category","embeddable":true,"href":"https:\/\/biancamachado.com.br\/blog\/wp-json\/wp\/v2\/categories?post=178"},{"taxonomy":"post_tag","embeddable":true,"href":"https:\/\/biancamachado.com.br\/blog\/wp-json\/wp\/v2\/tags?post=178"}],"curies":[{"name":"wp","href":"https:\/\/api.w.org\/{rel}","templated":true}]}}