{"id":177,"date":"2016-04-18T20:10:00","date_gmt":"2016-04-18T23:10:00","guid":{"rendered":"https:\/\/biancamachado.com.br\/blog\/?p=177"},"modified":"2023-02-22T16:44:37","modified_gmt":"2023-02-22T19:44:37","slug":"fotos-de-book-gemeos","status":"publish","type":"post","link":"https:\/\/biancamachado.com.br\/blog\/fotos-de-book-gemeos\/","title":{"rendered":"Fotos de Book G\u00eameos"},"content":{"rendered":"<div style=\"text-align: justify;\">Essa \u00e9 a Ariane, mam\u00e3e de um casal de g\u00eameos !!!<\/div>\n<div style=\"text-align: justify;\">Eu pessoalmente tenho uma admira\u00e7\u00e3o danada pelas mam\u00e3es de g\u00eameos, porque imagino que n\u00e3o seja nada f\u00e1cil, por isso tenho uma teoria de que a natureza mande mais beb\u00eas para as mam\u00e3es mais fortes emocionalmente.<\/div>\n<div style=\"text-align: justify;\">De alguma forma, essas alminhas escolheram essa mam\u00e3e, e o meu trabalho, \u00e9 deixar um registro sincero, desse momento t\u00e3o m\u00e1gico na vida de uma pessoa.<\/div>\n<div style=\"text-align: justify;\">Essa \u00e9 a Ariane, estamos conversando desde a 20\u00aa semana da gesta\u00e7\u00e3o e agora, finalmente chegou a hora de fazer as fotos de recorda\u00e7\u00e3o ! kkkk<\/div>\n<div style=\"text-align: justify;\">O mais bacana, \u00e9 que semana que vem ela volta para fazer o segundo Book Gestante com o marido ( ela n\u00e3o aguentou a ansiedade kkk ).<\/div>\n<div style=\"text-align: justify;\">\u00c9 uma alegria esse meu trabalho. Imagina como vai ser fofo quando chegar esse casalzinho de beb\u00eas aqui para tirar fotos?<\/div>\n<div style=\"text-align: justify;\">Segue um pouquinho da sess\u00e3o:<\/div>\n<div style=\"text-align: justify;\"><\/div>\n<table style=\"margin-left: auto; margin-right: auto; text-align: center;\" cellspacing=\"0\" cellpadding=\"0\" align=\"center\">\n<tbody>\n<tr>\n<td style=\"text-align: center;\"><a style=\"margin-left: auto; margin-right: auto;\" href=\"https:\/\/i0.wp.com\/2.bp.blogspot.com\/-OJkVN1DwzzU\/VxVn4DUhGLI\/AAAAAAAAQZY\/6yrwDwFF4VUqpvb7-ry-6oRLwIM1RkjfACLcB\/s1600\/book%2Bgestante%2Bg%25C3%25AAmeos.jpg?ssl=1\"><img data-recalc-dims=\"1\" loading=\"lazy\" decoding=\"async\" title=\"book gestante g\u00eameos\" src=\"https:\/\/i0.wp.com\/2.bp.blogspot.com\/-OJkVN1DwzzU\/VxVn4DUhGLI\/AAAAAAAAQZY\/6yrwDwFF4VUqpvb7-ry-6oRLwIM1RkjfACLcB\/s640\/book%2Bgestante%2Bg%25C3%25AAmeos.jpg?resize=426%2C640&#038;ssl=1\" alt=\"book gestante g\u00eameos\" width=\"426\" height=\"640\" border=\"0\" \/><\/a><\/td>\n<\/tr>\n<tr>\n<td style=\"text-align: center;\">book gestante g\u00eameos<\/td>\n<\/tr>\n<\/tbody>\n<\/table>\n<p>Como fot\u00f3grafa, \u00e9 meu trabalho capturar esse momento m\u00e1gico na vida de uma pessoa de forma sincera e aut\u00eantica. Desde a 20\u00aa semana da gesta\u00e7\u00e3o, eu venho conversando com a Ariane e agora, finalmente, chegou a hora de fazer as fotos de recorda\u00e7\u00e3o.<\/p>\n<p>\u00c9 t\u00e3o emocionante ver a alegria da Ariane por esse momento e ver a ansiedade dela por fazer o segundo book gestante com o marido daqui a uma semana. \u00c9 uma alegria poder fazer parte desse momento t\u00e3o especial na vida dessa fam\u00edlia. E eu mal posso esperar para fotografar esse lindo casal de beb\u00eas quando eles nascerem.<\/p>\n<table style=\"margin-left: auto; margin-right: auto; text-align: center;\" cellspacing=\"0\" cellpadding=\"0\" align=\"center\">\n<tbody>\n<tr>\n<td style=\"text-align: center;\"><a style=\"margin-left: auto; margin-right: auto;\" href=\"https:\/\/i0.wp.com\/3.bp.blogspot.com\/-fO78etDNDqg\/VxVn3UjYyhI\/AAAAAAAAQZQ\/VmiYj9OiBi45GwI-WhPtGNtZMsMLcN8kgCLcB\/s1600\/ensaio%2Bfotografico%2Bgemeos.jpg?ssl=1\"><img data-recalc-dims=\"1\" loading=\"lazy\" decoding=\"async\" title=\"ensaio fotografico gemeos\" src=\"https:\/\/i0.wp.com\/3.bp.blogspot.com\/-fO78etDNDqg\/VxVn3UjYyhI\/AAAAAAAAQZQ\/VmiYj9OiBi45GwI-WhPtGNtZMsMLcN8kgCLcB\/s640\/ensaio%2Bfotografico%2Bgemeos.jpg?resize=426%2C640&#038;ssl=1\" alt=\"ensaio fotografico gemeos\" width=\"426\" height=\"640\" border=\"0\" \/><\/a><\/td>\n<\/tr>\n<tr>\n<td style=\"text-align: center;\">ensaio fotografico gemeos<\/td>\n<\/tr>\n<\/tbody>\n<\/table>\n<table style=\"margin-left: auto; margin-right: auto; text-align: center;\" cellspacing=\"0\" cellpadding=\"0\" align=\"center\">\n<tbody>\n<tr>\n<td style=\"text-align: center;\"><a style=\"margin-left: auto; margin-right: auto;\" href=\"https:\/\/i0.wp.com\/4.bp.blogspot.com\/-xv_kmHGTmO4\/VxVn3xErlyI\/AAAAAAAAQZU\/org0aqBBw2AGJ_5P0WgV2rqZt3kNncl-QCLcB\/s1600\/fotografia%2Bde%2Bgemeos%2Bpara%2Bgestante.jpg?ssl=1\"><img data-recalc-dims=\"1\" loading=\"lazy\" decoding=\"async\" title=\"fotografia de gemeos para gestante\" src=\"https:\/\/i0.wp.com\/4.bp.blogspot.com\/-xv_kmHGTmO4\/VxVn3xErlyI\/AAAAAAAAQZU\/org0aqBBw2AGJ_5P0WgV2rqZt3kNncl-QCLcB\/s640\/fotografia%2Bde%2Bgemeos%2Bpara%2Bgestante.jpg?resize=426%2C640&#038;ssl=1\" alt=\"fotografia de gemeos para gestante\" width=\"426\" height=\"640\" border=\"0\" \/><\/a><\/td>\n<\/tr>\n<tr>\n<td style=\"text-align: center;\">fotografia de gemeos para gestante<\/td>\n<\/tr>\n<\/tbody>\n<\/table>\n<table style=\"margin-left: auto; margin-right: auto; text-align: center;\" cellspacing=\"0\" cellpadding=\"0\" align=\"center\">\n<tbody>\n<tr>\n<td style=\"text-align: center;\"><a style=\"margin-left: auto; margin-right: auto;\" href=\"https:\/\/i0.wp.com\/2.bp.blogspot.com\/-sUHQVUrz1vY\/VxVn497hlCI\/AAAAAAAAQZc\/ndlD4O-ufkAnfFP8B3tTbAJPyuODX9WIgCLcB\/s1600\/fotografias%2Bem%2Bestudio%2Bpara%2Bmam%25C3%25A3es.jpg?ssl=1\"><img data-recalc-dims=\"1\" loading=\"lazy\" decoding=\"async\" title=\"fotografias em estudio para mam\u00e3es\" src=\"https:\/\/i0.wp.com\/2.bp.blogspot.com\/-sUHQVUrz1vY\/VxVn497hlCI\/AAAAAAAAQZc\/ndlD4O-ufkAnfFP8B3tTbAJPyuODX9WIgCLcB\/s640\/fotografias%2Bem%2Bestudio%2Bpara%2Bmam%25C3%25A3es.jpg?resize=426%2C640&#038;ssl=1\" alt=\"fotografias em estudio para mam\u00e3es\" width=\"426\" height=\"640\" border=\"0\" \/><\/a><\/td>\n<\/tr>\n<tr>\n<td style=\"text-align: center;\">fotografias em estudio para mam\u00e3es<\/td>\n<\/tr>\n<\/tbody>\n<\/table>\n<table style=\"margin-left: auto; margin-right: auto; text-align: center;\" cellspacing=\"0\" cellpadding=\"0\" align=\"center\">\n<tbody>\n<tr>\n<td style=\"text-align: center;\"><a style=\"margin-left: auto; margin-right: auto;\" href=\"https:\/\/i0.wp.com\/1.bp.blogspot.com\/-ED7J97fixLI\/VxVn5AizaVI\/AAAAAAAAQZg\/0auMl30OX3IoVdA_UyUxu78pxyv5BtA2wCLcB\/s1600\/fotos%2Bde%2Bgravidas%2Bde%2Bgemeos.jpg?ssl=1\"><img data-recalc-dims=\"1\" loading=\"lazy\" decoding=\"async\" title=\"fotos de gravidas de gemeos\" src=\"https:\/\/i0.wp.com\/1.bp.blogspot.com\/-ED7J97fixLI\/VxVn5AizaVI\/AAAAAAAAQZg\/0auMl30OX3IoVdA_UyUxu78pxyv5BtA2wCLcB\/s640\/fotos%2Bde%2Bgravidas%2Bde%2Bgemeos.jpg?resize=426%2C640&#038;ssl=1\" alt=\"fotos de gravidas de gemeos\" width=\"426\" height=\"640\" border=\"0\" \/><\/a><\/td>\n<\/tr>\n<tr>\n<td style=\"text-align: center;\">fotos de gravidas de gemeos<\/td>\n<\/tr>\n<\/tbody>\n<\/table>\n<table style=\"margin-left: auto; margin-right: auto; text-align: center;\" cellspacing=\"0\" cellpadding=\"0\" align=\"center\">\n<tbody>\n<tr>\n<td style=\"text-align: center;\"><a style=\"margin-left: auto; margin-right: auto;\" href=\"https:\/\/i0.wp.com\/4.bp.blogspot.com\/-70w7vqnyYwg\/VxVn5vYrmFI\/AAAAAAAAQZk\/VRpjnsouBTE9oL7vEcoh2aX6BqfQoDqYQCLcB\/s1600\/fotos%2Bde%2Bmam%25C3%25A3es%2Bem%2Bestudio.jpg?ssl=1\"><img data-recalc-dims=\"1\" loading=\"lazy\" decoding=\"async\" title=\"fotos de mam\u00e3es em estudio\" src=\"https:\/\/i0.wp.com\/4.bp.blogspot.com\/-70w7vqnyYwg\/VxVn5vYrmFI\/AAAAAAAAQZk\/VRpjnsouBTE9oL7vEcoh2aX6BqfQoDqYQCLcB\/s640\/fotos%2Bde%2Bmam%25C3%25A3es%2Bem%2Bestudio.jpg?resize=426%2C640&#038;ssl=1\" alt=\"fotos de mam\u00e3es em estudio\" width=\"426\" height=\"640\" border=\"0\" \/><\/a><\/td>\n<\/tr>\n<tr>\n<td style=\"text-align: center;\">fotos de mam\u00e3es em estudio<\/td>\n<\/tr>\n<\/tbody>\n<\/table>\n<table style=\"margin-left: auto; margin-right: auto; text-align: center;\" cellspacing=\"0\" cellpadding=\"0\" align=\"center\">\n<tbody>\n<tr>\n<td style=\"text-align: center;\"><a style=\"margin-left: auto; margin-right: auto;\" href=\"https:\/\/i0.wp.com\/3.bp.blogspot.com\/-2dBqfSoQWhw\/VxVn7LkW_PI\/AAAAAAAAQZo\/yRDF1LJ7lf8eWj7ouo4bENfj9O6FRUWzgCLcB\/s1600\/fotos%2Bmam%25C3%25A3es%2Bde%2Bgemeos.jpg?ssl=1\"><img data-recalc-dims=\"1\" loading=\"lazy\" decoding=\"async\" title=\"fotos mam\u00e3es de gemeos\" src=\"https:\/\/i0.wp.com\/3.bp.blogspot.com\/-2dBqfSoQWhw\/VxVn7LkW_PI\/AAAAAAAAQZo\/yRDF1LJ7lf8eWj7ouo4bENfj9O6FRUWzgCLcB\/s640\/fotos%2Bmam%25C3%25A3es%2Bde%2Bgemeos.jpg?resize=640%2C426&#038;ssl=1\" alt=\"fotos mam\u00e3es de gemeos\" width=\"640\" height=\"426\" border=\"0\" \/><\/a><\/td>\n<\/tr>\n<tr>\n<td style=\"text-align: center;\">fotos mam\u00e3es de gemeos<\/td>\n<\/tr>\n<\/tbody>\n<\/table>\n<table style=\"margin-left: auto; margin-right: auto; text-align: center;\" cellspacing=\"0\" cellpadding=\"0\" align=\"center\">\n<tbody>\n<tr>\n<td style=\"text-align: center;\"><a style=\"margin-left: auto; margin-right: auto;\" href=\"https:\/\/i0.wp.com\/3.bp.blogspot.com\/-rY9iwxSY0qo\/VxVn7IIPkcI\/AAAAAAAAQZs\/k5M-0CD5XO42AvLXT7sW31M8YyTkrUIQQCLcB\/s1600\/sess%25C3%25A3o%2Bde%2Bfotos%2Bpara%2Bgemeos.jpg?ssl=1\"><img data-recalc-dims=\"1\" loading=\"lazy\" decoding=\"async\" title=\"sess\u00e3o de fotos para gemeos\" src=\"https:\/\/i0.wp.com\/3.bp.blogspot.com\/-rY9iwxSY0qo\/VxVn7IIPkcI\/AAAAAAAAQZs\/k5M-0CD5XO42AvLXT7sW31M8YyTkrUIQQCLcB\/s640\/sess%25C3%25A3o%2Bde%2Bfotos%2Bpara%2Bgemeos.jpg?resize=426%2C640&#038;ssl=1\" alt=\"sess\u00e3o de fotos para gemeos\" width=\"426\" height=\"640\" border=\"0\" \/><\/a><\/td>\n<\/tr>\n<tr>\n<td style=\"text-align: center;\">sess\u00e3o de fotos para gemeos<\/td>\n<\/tr>\n<\/tbody>\n<\/table>\nVisite tamb\u00e9m nosso site: www.biancamachado.com.br\r\n(11) 97107-1018\r\n\r\nAtendemos as regi\u00f5es de S\u00e3o Paulo, Sorocaba, Ibi\u00fana, Piedade, Votorantim, Cotia, Itupeva, Jundia\u00ed, It\u00fa e Campinas","protected":false},"excerpt":{"rendered":"<p>Como fot\u00f3grafa, \u00e9 meu trabalho capturar esse momento m\u00e1gico na vida de uma pessoa de forma sincera e aut\u00eantica. Desde a 20\u00aa semana da gesta\u00e7\u00e3o, eu venho conversando com a Ariane e agora, finalmente, chegou a hora de fazer as fotos de recorda\u00e7\u00e3o.<\/p>\n","protected":false},"author":1,"featured_media":944,"comment_status":"open","ping_status":"open","sticky":false,"template":"","format":"standard","meta":{"_monsterinsights_skip_tracking":false,"_monsterinsights_sitenote_active":false,"_monsterinsights_sitenote_note":"","_monsterinsights_sitenote_category":0,"jetpack_post_was_ever_published":false,"_jetpack_newsletter_access":"","_jetpack_dont_email_post_to_subs":false,"_jetpack_newsletter_tier_id":0,"_jetpack_memberships_contains_paywalled_content":false,"_jetpack_memberships_contains_paid_content":false,"_joinchat":[],"footnotes":""},"categories":[283,1],"tags":[300,299,301,298],"class_list":["post-177","post","type-post","status-publish","format-standard","has-post-thumbnail","hentry","category-book-gestante-em-estudio","category-studio-bianca-machado","tag-book-fotografico-para-gravidas","tag-ensaio-de-fotos","tag-fotografas-de-gestantes","tag-fotos-de-book-gestante-em-estudio"],"yoast_head":"<!-- This site is optimized with the Yoast SEO plugin v27.5 - https:\/\/yoast.com\/product\/yoast-seo-wordpress\/ -->\n<title>Fotos de Book G\u00eameos - STUDIO BIANCA MACHADO<\/title>\n<meta name=\"description\" content=\"Como fot\u00f3grafa, \u00e9 meu trabalho capturar esse momento m\u00e1gico na vida de uma pessoa de forma sincera e aut\u00eantica. Desde a 20\u00aa semana da gesta\u00e7\u00e3o, eu venho conversando com a Ariane e agora, finalmente, chegou a hora de fazer as fotos de recorda\u00e7\u00e3o.\" \/>\n<meta name=\"robots\" content=\"index, follow, max-snippet:-1, max-image-preview:large, max-video-preview:-1\" \/>\n<link rel=\"canonical\" href=\"https:\/\/biancamachado.com.br\/blog\/fotos-de-book-gemeos\/\" \/>\n<meta property=\"og:locale\" content=\"pt_BR\" \/>\n<meta property=\"og:type\" content=\"article\" \/>\n<meta property=\"og:title\" content=\"Fotos de Book G\u00eameos - STUDIO BIANCA MACHADO\" \/>\n<meta property=\"og:description\" content=\"Como fot\u00f3grafa, \u00e9 meu trabalho capturar esse momento m\u00e1gico na vida de uma pessoa de forma sincera e aut\u00eantica. Desde a 20\u00aa semana da gesta\u00e7\u00e3o, eu venho conversando com a Ariane e agora, finalmente, chegou a hora de fazer as fotos de recorda\u00e7\u00e3o.\" \/>\n<meta property=\"og:url\" content=\"https:\/\/biancamachado.com.br\/blog\/fotos-de-book-gemeos\/\" \/>\n<meta property=\"og:site_name\" content=\"STUDIO BIANCA MACHADO\" \/>\n<meta property=\"article:publisher\" content=\"https:\/\/www.facebook.com\/Studiobiancamachado\/\" \/>\n<meta property=\"article:published_time\" content=\"2016-04-18T23:10:00+00:00\" \/>\n<meta property=\"article:modified_time\" content=\"2023-02-22T19:44:37+00:00\" \/>\n<meta property=\"og:image\" content=\"https:\/\/biancamachado.com.br\/blog\/wp-content\/uploads\/2016\/04\/Screenshot_138.png\" \/>\n\t<meta property=\"og:image:width\" content=\"398\" \/>\n\t<meta property=\"og:image:height\" content=\"580\" \/>\n\t<meta property=\"og:image:type\" content=\"image\/png\" \/>\n<meta name=\"author\" content=\"biancamachado\" \/>\n<meta name=\"twitter:card\" content=\"summary_large_image\" \/>\n<meta name=\"twitter:label1\" content=\"Escrito por\" \/>\n\t<meta name=\"twitter:data1\" content=\"biancamachado\" \/>\n\t<meta name=\"twitter:label2\" content=\"Est. tempo de leitura\" \/>\n\t<meta name=\"twitter:data2\" content=\"3 minutos\" \/>\n<script type=\"application\/ld+json\" class=\"yoast-schema-graph\">{\"@context\":\"https:\\\/\\\/schema.org\",\"@graph\":[{\"@type\":\"Article\",\"@id\":\"https:\\\/\\\/biancamachado.com.br\\\/blog\\\/fotos-de-book-gemeos\\\/#article\",\"isPartOf\":{\"@id\":\"https:\\\/\\\/biancamachado.com.br\\\/blog\\\/fotos-de-book-gemeos\\\/\"},\"author\":{\"name\":\"biancamachado\",\"@id\":\"https:\\\/\\\/biancamachado.com.br\\\/blog\\\/#\\\/schema\\\/person\\\/990263800ec5e9bdbbf092a2353550a1\"},\"headline\":\"Fotos de Book G\u00eameos\",\"datePublished\":\"2016-04-18T23:10:00+00:00\",\"dateModified\":\"2023-02-22T19:44:37+00:00\",\"mainEntityOfPage\":{\"@id\":\"https:\\\/\\\/biancamachado.com.br\\\/blog\\\/fotos-de-book-gemeos\\\/\"},\"wordCount\":309,\"commentCount\":0,\"publisher\":{\"@id\":\"https:\\\/\\\/biancamachado.com.br\\\/blog\\\/#organization\"},\"image\":{\"@id\":\"https:\\\/\\\/biancamachado.com.br\\\/blog\\\/fotos-de-book-gemeos\\\/#primaryimage\"},\"thumbnailUrl\":\"https:\\\/\\\/i0.wp.com\\\/biancamachado.com.br\\\/blog\\\/wp-content\\\/uploads\\\/2016\\\/04\\\/Screenshot_138.png?fit=398%2C580&ssl=1\",\"keywords\":[\"book fotografico para gravidas\",\"ensaio de fotos\",\"fotografas de gestantes\",\"fotos de book gestante em estudio\"],\"articleSection\":[\"Book Gestante em Estudio\",\"Studio Bianca Machado\"],\"inLanguage\":\"pt-BR\",\"potentialAction\":[{\"@type\":\"CommentAction\",\"name\":\"Comment\",\"target\":[\"https:\\\/\\\/biancamachado.com.br\\\/blog\\\/fotos-de-book-gemeos\\\/#respond\"]}]},{\"@type\":\"WebPage\",\"@id\":\"https:\\\/\\\/biancamachado.com.br\\\/blog\\\/fotos-de-book-gemeos\\\/\",\"url\":\"https:\\\/\\\/biancamachado.com.br\\\/blog\\\/fotos-de-book-gemeos\\\/\",\"name\":\"Fotos de Book G\u00eameos - STUDIO BIANCA MACHADO\",\"isPartOf\":{\"@id\":\"https:\\\/\\\/biancamachado.com.br\\\/blog\\\/#website\"},\"primaryImageOfPage\":{\"@id\":\"https:\\\/\\\/biancamachado.com.br\\\/blog\\\/fotos-de-book-gemeos\\\/#primaryimage\"},\"image\":{\"@id\":\"https:\\\/\\\/biancamachado.com.br\\\/blog\\\/fotos-de-book-gemeos\\\/#primaryimage\"},\"thumbnailUrl\":\"https:\\\/\\\/i0.wp.com\\\/biancamachado.com.br\\\/blog\\\/wp-content\\\/uploads\\\/2016\\\/04\\\/Screenshot_138.png?fit=398%2C580&ssl=1\",\"datePublished\":\"2016-04-18T23:10:00+00:00\",\"dateModified\":\"2023-02-22T19:44:37+00:00\",\"description\":\"Como fot\u00f3grafa, \u00e9 meu trabalho capturar esse momento m\u00e1gico na vida de uma pessoa de forma sincera e aut\u00eantica. Desde a 20\u00aa semana da gesta\u00e7\u00e3o, eu venho conversando com a Ariane e agora, finalmente, chegou a hora de fazer as fotos de recorda\u00e7\u00e3o.\",\"breadcrumb\":{\"@id\":\"https:\\\/\\\/biancamachado.com.br\\\/blog\\\/fotos-de-book-gemeos\\\/#breadcrumb\"},\"inLanguage\":\"pt-BR\",\"potentialAction\":[{\"@type\":\"ReadAction\",\"target\":[\"https:\\\/\\\/biancamachado.com.br\\\/blog\\\/fotos-de-book-gemeos\\\/\"]}]},{\"@type\":\"ImageObject\",\"inLanguage\":\"pt-BR\",\"@id\":\"https:\\\/\\\/biancamachado.com.br\\\/blog\\\/fotos-de-book-gemeos\\\/#primaryimage\",\"url\":\"https:\\\/\\\/i0.wp.com\\\/biancamachado.com.br\\\/blog\\\/wp-content\\\/uploads\\\/2016\\\/04\\\/Screenshot_138.png?fit=398%2C580&ssl=1\",\"contentUrl\":\"https:\\\/\\\/i0.wp.com\\\/biancamachado.com.br\\\/blog\\\/wp-content\\\/uploads\\\/2016\\\/04\\\/Screenshot_138.png?fit=398%2C580&ssl=1\",\"width\":398,\"height\":580,\"caption\":\"Fotos de Book G\u00eameos\"},{\"@type\":\"BreadcrumbList\",\"@id\":\"https:\\\/\\\/biancamachado.com.br\\\/blog\\\/fotos-de-book-gemeos\\\/#breadcrumb\",\"itemListElement\":[{\"@type\":\"ListItem\",\"position\":1,\"name\":\"In\u00edcio\",\"item\":\"https:\\\/\\\/biancamachado.com.br\\\/blog\\\/\"},{\"@type\":\"ListItem\",\"position\":2,\"name\":\"Fotos de Book G\u00eameos\"}]},{\"@type\":\"WebSite\",\"@id\":\"https:\\\/\\\/biancamachado.com.br\\\/blog\\\/#website\",\"url\":\"https:\\\/\\\/biancamachado.com.br\\\/blog\\\/\",\"name\":\"STUDIO BIANCA MACHADO\",\"description\":\"Estudio Fotografico, Ensaios e Books de foto profissional\",\"publisher\":{\"@id\":\"https:\\\/\\\/biancamachado.com.br\\\/blog\\\/#organization\"},\"potentialAction\":[{\"@type\":\"SearchAction\",\"target\":{\"@type\":\"EntryPoint\",\"urlTemplate\":\"https:\\\/\\\/biancamachado.com.br\\\/blog\\\/?s={search_term_string}\"},\"query-input\":{\"@type\":\"PropertyValueSpecification\",\"valueRequired\":true,\"valueName\":\"search_term_string\"}}],\"inLanguage\":\"pt-BR\"},{\"@type\":\"Organization\",\"@id\":\"https:\\\/\\\/biancamachado.com.br\\\/blog\\\/#organization\",\"name\":\"STUDIO BIANCA MACHADO\",\"url\":\"https:\\\/\\\/biancamachado.com.br\\\/blog\\\/\",\"logo\":{\"@type\":\"ImageObject\",\"inLanguage\":\"pt-BR\",\"@id\":\"https:\\\/\\\/biancamachado.com.br\\\/blog\\\/#\\\/schema\\\/logo\\\/image\\\/\",\"url\":\"https:\\\/\\\/i0.wp.com\\\/biancamachado.com.br\\\/blog\\\/wp-content\\\/uploads\\\/2021\\\/02\\\/cropped-logo-ml.jpg?fit=278%2C100&ssl=1\",\"contentUrl\":\"https:\\\/\\\/i0.wp.com\\\/biancamachado.com.br\\\/blog\\\/wp-content\\\/uploads\\\/2021\\\/02\\\/cropped-logo-ml.jpg?fit=278%2C100&ssl=1\",\"width\":278,\"height\":100,\"caption\":\"STUDIO BIANCA MACHADO\"},\"image\":{\"@id\":\"https:\\\/\\\/biancamachado.com.br\\\/blog\\\/#\\\/schema\\\/logo\\\/image\\\/\"},\"sameAs\":[\"https:\\\/\\\/www.facebook.com\\\/Studiobiancamachado\\\/\",\"https:\\\/\\\/www.instagram.com\\\/Studiobiancamachado\\\/\"]},{\"@type\":\"Person\",\"@id\":\"https:\\\/\\\/biancamachado.com.br\\\/blog\\\/#\\\/schema\\\/person\\\/990263800ec5e9bdbbf092a2353550a1\",\"name\":\"biancamachado\",\"image\":{\"@type\":\"ImageObject\",\"inLanguage\":\"pt-BR\",\"@id\":\"https:\\\/\\\/secure.gravatar.com\\\/avatar\\\/62b1a50f2632dbc2e279c3eb55aa46cc324c969cff16a69c59756d155316542c?s=96&d=mm&r=g\",\"url\":\"https:\\\/\\\/secure.gravatar.com\\\/avatar\\\/62b1a50f2632dbc2e279c3eb55aa46cc324c969cff16a69c59756d155316542c?s=96&d=mm&r=g\",\"contentUrl\":\"https:\\\/\\\/secure.gravatar.com\\\/avatar\\\/62b1a50f2632dbc2e279c3eb55aa46cc324c969cff16a69c59756d155316542c?s=96&d=mm&r=g\",\"caption\":\"biancamachado\"},\"sameAs\":[\"https:\\\/\\\/biancamachado.com.br\\\/blog\"],\"url\":\"https:\\\/\\\/biancamachado.com.br\\\/blog\\\/author\\\/biancamachado\\\/\"}]}<\/script>\n<!-- \/ Yoast SEO plugin. -->","yoast_head_json":{"title":"Fotos de Book G\u00eameos - STUDIO BIANCA MACHADO","description":"Como fot\u00f3grafa, \u00e9 meu trabalho capturar esse momento m\u00e1gico na vida de uma pessoa de forma sincera e aut\u00eantica. Desde a 20\u00aa semana da gesta\u00e7\u00e3o, eu venho conversando com a Ariane e agora, finalmente, chegou a hora de fazer as fotos de recorda\u00e7\u00e3o.","robots":{"index":"index","follow":"follow","max-snippet":"max-snippet:-1","max-image-preview":"max-image-preview:large","max-video-preview":"max-video-preview:-1"},"canonical":"https:\/\/biancamachado.com.br\/blog\/fotos-de-book-gemeos\/","og_locale":"pt_BR","og_type":"article","og_title":"Fotos de Book G\u00eameos - STUDIO BIANCA MACHADO","og_description":"Como fot\u00f3grafa, \u00e9 meu trabalho capturar esse momento m\u00e1gico na vida de uma pessoa de forma sincera e aut\u00eantica. Desde a 20\u00aa semana da gesta\u00e7\u00e3o, eu venho conversando com a Ariane e agora, finalmente, chegou a hora de fazer as fotos de recorda\u00e7\u00e3o.","og_url":"https:\/\/biancamachado.com.br\/blog\/fotos-de-book-gemeos\/","og_site_name":"STUDIO BIANCA MACHADO","article_publisher":"https:\/\/www.facebook.com\/Studiobiancamachado\/","article_published_time":"2016-04-18T23:10:00+00:00","article_modified_time":"2023-02-22T19:44:37+00:00","og_image":[{"width":398,"height":580,"url":"https:\/\/biancamachado.com.br\/blog\/wp-content\/uploads\/2016\/04\/Screenshot_138.png","type":"image\/png"}],"author":"biancamachado","twitter_card":"summary_large_image","twitter_misc":{"Escrito por":"biancamachado","Est. tempo de leitura":"3 minutos"},"schema":{"@context":"https:\/\/schema.org","@graph":[{"@type":"Article","@id":"https:\/\/biancamachado.com.br\/blog\/fotos-de-book-gemeos\/#article","isPartOf":{"@id":"https:\/\/biancamachado.com.br\/blog\/fotos-de-book-gemeos\/"},"author":{"name":"biancamachado","@id":"https:\/\/biancamachado.com.br\/blog\/#\/schema\/person\/990263800ec5e9bdbbf092a2353550a1"},"headline":"Fotos de Book G\u00eameos","datePublished":"2016-04-18T23:10:00+00:00","dateModified":"2023-02-22T19:44:37+00:00","mainEntityOfPage":{"@id":"https:\/\/biancamachado.com.br\/blog\/fotos-de-book-gemeos\/"},"wordCount":309,"commentCount":0,"publisher":{"@id":"https:\/\/biancamachado.com.br\/blog\/#organization"},"image":{"@id":"https:\/\/biancamachado.com.br\/blog\/fotos-de-book-gemeos\/#primaryimage"},"thumbnailUrl":"https:\/\/i0.wp.com\/biancamachado.com.br\/blog\/wp-content\/uploads\/2016\/04\/Screenshot_138.png?fit=398%2C580&ssl=1","keywords":["book fotografico para gravidas","ensaio de fotos","fotografas de gestantes","fotos de book gestante em estudio"],"articleSection":["Book Gestante em Estudio","Studio Bianca Machado"],"inLanguage":"pt-BR","potentialAction":[{"@type":"CommentAction","name":"Comment","target":["https:\/\/biancamachado.com.br\/blog\/fotos-de-book-gemeos\/#respond"]}]},{"@type":"WebPage","@id":"https:\/\/biancamachado.com.br\/blog\/fotos-de-book-gemeos\/","url":"https:\/\/biancamachado.com.br\/blog\/fotos-de-book-gemeos\/","name":"Fotos de Book G\u00eameos - STUDIO BIANCA MACHADO","isPartOf":{"@id":"https:\/\/biancamachado.com.br\/blog\/#website"},"primaryImageOfPage":{"@id":"https:\/\/biancamachado.com.br\/blog\/fotos-de-book-gemeos\/#primaryimage"},"image":{"@id":"https:\/\/biancamachado.com.br\/blog\/fotos-de-book-gemeos\/#primaryimage"},"thumbnailUrl":"https:\/\/i0.wp.com\/biancamachado.com.br\/blog\/wp-content\/uploads\/2016\/04\/Screenshot_138.png?fit=398%2C580&ssl=1","datePublished":"2016-04-18T23:10:00+00:00","dateModified":"2023-02-22T19:44:37+00:00","description":"Como fot\u00f3grafa, \u00e9 meu trabalho capturar esse momento m\u00e1gico na vida de uma pessoa de forma sincera e aut\u00eantica. Desde a 20\u00aa semana da gesta\u00e7\u00e3o, eu venho conversando com a Ariane e agora, finalmente, chegou a hora de fazer as fotos de recorda\u00e7\u00e3o.","breadcrumb":{"@id":"https:\/\/biancamachado.com.br\/blog\/fotos-de-book-gemeos\/#breadcrumb"},"inLanguage":"pt-BR","potentialAction":[{"@type":"ReadAction","target":["https:\/\/biancamachado.com.br\/blog\/fotos-de-book-gemeos\/"]}]},{"@type":"ImageObject","inLanguage":"pt-BR","@id":"https:\/\/biancamachado.com.br\/blog\/fotos-de-book-gemeos\/#primaryimage","url":"https:\/\/i0.wp.com\/biancamachado.com.br\/blog\/wp-content\/uploads\/2016\/04\/Screenshot_138.png?fit=398%2C580&ssl=1","contentUrl":"https:\/\/i0.wp.com\/biancamachado.com.br\/blog\/wp-content\/uploads\/2016\/04\/Screenshot_138.png?fit=398%2C580&ssl=1","width":398,"height":580,"caption":"Fotos de Book G\u00eameos"},{"@type":"BreadcrumbList","@id":"https:\/\/biancamachado.com.br\/blog\/fotos-de-book-gemeos\/#breadcrumb","itemListElement":[{"@type":"ListItem","position":1,"name":"In\u00edcio","item":"https:\/\/biancamachado.com.br\/blog\/"},{"@type":"ListItem","position":2,"name":"Fotos de Book G\u00eameos"}]},{"@type":"WebSite","@id":"https:\/\/biancamachado.com.br\/blog\/#website","url":"https:\/\/biancamachado.com.br\/blog\/","name":"STUDIO BIANCA MACHADO","description":"Estudio Fotografico, Ensaios e Books de foto profissional","publisher":{"@id":"https:\/\/biancamachado.com.br\/blog\/#organization"},"potentialAction":[{"@type":"SearchAction","target":{"@type":"EntryPoint","urlTemplate":"https:\/\/biancamachado.com.br\/blog\/?s={search_term_string}"},"query-input":{"@type":"PropertyValueSpecification","valueRequired":true,"valueName":"search_term_string"}}],"inLanguage":"pt-BR"},{"@type":"Organization","@id":"https:\/\/biancamachado.com.br\/blog\/#organization","name":"STUDIO BIANCA MACHADO","url":"https:\/\/biancamachado.com.br\/blog\/","logo":{"@type":"ImageObject","inLanguage":"pt-BR","@id":"https:\/\/biancamachado.com.br\/blog\/#\/schema\/logo\/image\/","url":"https:\/\/i0.wp.com\/biancamachado.com.br\/blog\/wp-content\/uploads\/2021\/02\/cropped-logo-ml.jpg?fit=278%2C100&ssl=1","contentUrl":"https:\/\/i0.wp.com\/biancamachado.com.br\/blog\/wp-content\/uploads\/2021\/02\/cropped-logo-ml.jpg?fit=278%2C100&ssl=1","width":278,"height":100,"caption":"STUDIO BIANCA MACHADO"},"image":{"@id":"https:\/\/biancamachado.com.br\/blog\/#\/schema\/logo\/image\/"},"sameAs":["https:\/\/www.facebook.com\/Studiobiancamachado\/","https:\/\/www.instagram.com\/Studiobiancamachado\/"]},{"@type":"Person","@id":"https:\/\/biancamachado.com.br\/blog\/#\/schema\/person\/990263800ec5e9bdbbf092a2353550a1","name":"biancamachado","image":{"@type":"ImageObject","inLanguage":"pt-BR","@id":"https:\/\/secure.gravatar.com\/avatar\/62b1a50f2632dbc2e279c3eb55aa46cc324c969cff16a69c59756d155316542c?s=96&d=mm&r=g","url":"https:\/\/secure.gravatar.com\/avatar\/62b1a50f2632dbc2e279c3eb55aa46cc324c969cff16a69c59756d155316542c?s=96&d=mm&r=g","contentUrl":"https:\/\/secure.gravatar.com\/avatar\/62b1a50f2632dbc2e279c3eb55aa46cc324c969cff16a69c59756d155316542c?s=96&d=mm&r=g","caption":"biancamachado"},"sameAs":["https:\/\/biancamachado.com.br\/blog"],"url":"https:\/\/biancamachado.com.br\/blog\/author\/biancamachado\/"}]}},"jetpack_featured_media_url":"https:\/\/i0.wp.com\/biancamachado.com.br\/blog\/wp-content\/uploads\/2016\/04\/Screenshot_138.png?fit=398%2C580&ssl=1","jetpack-related-posts":[],"jetpack_sharing_enabled":true,"_links":{"self":[{"href":"https:\/\/biancamachado.com.br\/blog\/wp-json\/wp\/v2\/posts\/177","targetHints":{"allow":["GET"]}}],"collection":[{"href":"https:\/\/biancamachado.com.br\/blog\/wp-json\/wp\/v2\/posts"}],"about":[{"href":"https:\/\/biancamachado.com.br\/blog\/wp-json\/wp\/v2\/types\/post"}],"author":[{"embeddable":true,"href":"https:\/\/biancamachado.com.br\/blog\/wp-json\/wp\/v2\/users\/1"}],"replies":[{"embeddable":true,"href":"https:\/\/biancamachado.com.br\/blog\/wp-json\/wp\/v2\/comments?post=177"}],"version-history":[{"count":2,"href":"https:\/\/biancamachado.com.br\/blog\/wp-json\/wp\/v2\/posts\/177\/revisions"}],"predecessor-version":[{"id":3787,"href":"https:\/\/biancamachado.com.br\/blog\/wp-json\/wp\/v2\/posts\/177\/revisions\/3787"}],"wp:featuredmedia":[{"embeddable":true,"href":"https:\/\/biancamachado.com.br\/blog\/wp-json\/wp\/v2\/media\/944"}],"wp:attachment":[{"href":"https:\/\/biancamachado.com.br\/blog\/wp-json\/wp\/v2\/media?parent=177"}],"wp:term":[{"taxonomy":"category","embeddable":true,"href":"https:\/\/biancamachado.com.br\/blog\/wp-json\/wp\/v2\/categories?post=177"},{"taxonomy":"post_tag","embeddable":true,"href":"https:\/\/biancamachado.com.br\/blog\/wp-json\/wp\/v2\/tags?post=177"}],"curies":[{"name":"wp","href":"https:\/\/api.w.org\/{rel}","templated":true}]}}