{"id":167,"date":"2016-04-27T18:52:00","date_gmt":"2016-04-27T21:52:00","guid":{"rendered":"https:\/\/biancamachado.com.br\/blog\/?p=167"},"modified":"2023-02-19T17:21:55","modified_gmt":"2023-02-19T20:21:55","slug":"fotos-para-o-curriculum","status":"publish","type":"post","link":"https:\/\/biancamachado.com.br\/blog\/fotos-para-o-curriculum\/","title":{"rendered":"Fotos para o Curriculum"},"content":{"rendered":"<div style=\"text-align: justify;\">Olha que id\u00e9ia bacana ! Para fazer fotos para o perfil profissional esse casal super fofo e cheio de potencial veio junto, assim um apoia e descontrai o outro.<\/div>\n<div style=\"text-align: justify;\">Uma forma super divertida e com um \u00f3timo custo x benef\u00edcio de dar uma renovada e uma energia positiva na imagem profissional.<\/div>\n<div style=\"text-align: justify;\">Segue um pouquinho do ensaio fotogr\u00e1fico:<\/div>\n<table style=\"margin-left: auto; margin-right: auto; text-align: center;\" cellspacing=\"0\" cellpadding=\"0\" align=\"center\">\n<tbody>\n<tr>\n<td style=\"text-align: center;\"><a style=\"margin-left: auto; margin-right: auto;\" href=\"https:\/\/i0.wp.com\/1.bp.blogspot.com\/-X1QHtC6RDG8\/VyEzQ48CZII\/AAAAAAAAQiA\/rNz-FLGdnUwJ3LKnvxjgwa1lWFXUM9LsACLcB\/s1600\/fotografias%2Bpara%2Bo%2Blinkedin.jpg?ssl=1\"><img data-recalc-dims=\"1\" loading=\"lazy\" decoding=\"async\" title=\"fotografias para o linkedin\" src=\"https:\/\/i0.wp.com\/1.bp.blogspot.com\/-X1QHtC6RDG8\/VyEzQ48CZII\/AAAAAAAAQiA\/rNz-FLGdnUwJ3LKnvxjgwa1lWFXUM9LsACLcB\/s640\/fotografias%2Bpara%2Bo%2Blinkedin.jpg?resize=426%2C640&#038;ssl=1\" alt=\"fotografias para o linkedin\" width=\"426\" height=\"640\" border=\"0\" \/><\/a><\/td>\n<\/tr>\n<tr>\n<td style=\"text-align: center;\">fotografias para o linkedin<\/td>\n<\/tr>\n<\/tbody>\n<\/table>\n<p>A fotografia profissional para curr\u00edculo \u00e9 um aspecto importante na \u00e1rea de marketing digital. Uma boa foto de perfil pode ajudar a transmitir confian\u00e7a e compet\u00eancia para potenciais empregadores ou clientes. Al\u00e9m disso, uma foto profissional \u00e9 muito mais impactante do que uma foto caseira ou amadora.<\/p>\n<p>A fotografia profissional para curr\u00edculo \u00e9 uma forma de destacar suas habilidades e qualifica\u00e7\u00f5es. A foto \u00e9 a primeira coisa que as pessoas veem em um curr\u00edculo ou perfil online, por isso \u00e9 importante escolher uma foto que represente voc\u00ea de maneira positiva e profissional.<\/p>\n<p>A Studio Bianca Machado oferece fotografia profissional para curr\u00edculo com atendimento a domic\u00edlio. Nossos fot\u00f3grafos profissionais usam um est\u00fadio port\u00e1til para garantir que a foto seja realizada em um ambiente adequado e com todos os recursos necess\u00e1rios para produzir uma foto de qualidade.<\/p>\n<p>Al\u00e9m disso, nossos fot\u00f3grafos possuem vasta experi\u00eancia e conhecimento t\u00e9cnico para garantir que a foto reflita a sua personalidade e as suas habilidades de maneira positiva. Eles trabalham com voc\u00ea para produzir uma foto que seja apropriada para o seu curr\u00edculo ou perfil online.<\/p>\n<p>N\u00e3o subestime o poder de uma boa foto profissional para curr\u00edculo. Ela pode ser a diferen\u00e7a entre ser selecionado ou n\u00e3o para uma entrevista ou para um trabalho. A Studio Bianca Machado est\u00e1 pronta para ajud\u00e1-lo a produzir uma foto profissional que vai destacar suas habilidades e qualifica\u00e7\u00f5es.<\/p>\n<table style=\"margin-left: auto; margin-right: auto; text-align: center;\" cellspacing=\"0\" cellpadding=\"0\" align=\"center\">\n<tbody>\n<tr>\n<td style=\"text-align: center;\"><a style=\"margin-left: auto; margin-right: auto;\" href=\"https:\/\/i0.wp.com\/4.bp.blogspot.com\/-cvvbAD95vdk\/VyEzQlyq9fI\/AAAAAAAAQh8\/w3q43533JLkxyQswjZ2ExGtonFa2l3mpgCLcB\/s1600\/fotografias%2Bpara%2Bperfil%2Bprofissional.jpg?ssl=1\"><img data-recalc-dims=\"1\" loading=\"lazy\" decoding=\"async\" title=\"fotografias para perfil profissional\" src=\"https:\/\/i0.wp.com\/4.bp.blogspot.com\/-cvvbAD95vdk\/VyEzQlyq9fI\/AAAAAAAAQh8\/w3q43533JLkxyQswjZ2ExGtonFa2l3mpgCLcB\/s640\/fotografias%2Bpara%2Bperfil%2Bprofissional.jpg?resize=426%2C640&#038;ssl=1\" alt=\"fotografias para perfil profissional\" width=\"426\" height=\"640\" border=\"0\" \/><\/a><\/td>\n<\/tr>\n<tr>\n<td style=\"text-align: center;\">fotografias para perfil profissional<\/td>\n<\/tr>\n<\/tbody>\n<\/table>\n<table style=\"margin-left: auto; margin-right: auto; text-align: center;\" cellspacing=\"0\" cellpadding=\"0\" align=\"center\">\n<tbody>\n<tr>\n<td style=\"text-align: center;\"><a style=\"margin-left: auto; margin-right: auto;\" href=\"https:\/\/i0.wp.com\/1.bp.blogspot.com\/-5neulW5xLrg\/VyEzSi-baMI\/AAAAAAAAQiE\/PoqMYGtAQt8v6CgJPFKZM91g0h_JQ50ngCLcB\/s1600\/fotografos%2Bespecializados%2Bem%2Bperfil%2Bprofissional.jpg?ssl=1\"><img data-recalc-dims=\"1\" loading=\"lazy\" decoding=\"async\" title=\"fotografos especializados em perfil profissional\" src=\"https:\/\/i0.wp.com\/1.bp.blogspot.com\/-5neulW5xLrg\/VyEzSi-baMI\/AAAAAAAAQiE\/PoqMYGtAQt8v6CgJPFKZM91g0h_JQ50ngCLcB\/s640\/fotografos%2Bespecializados%2Bem%2Bperfil%2Bprofissional.jpg?resize=426%2C640&#038;ssl=1\" alt=\"fotografos especializados em perfil profissional\" width=\"426\" height=\"640\" border=\"0\" \/><\/a><\/td>\n<\/tr>\n<tr>\n<td style=\"text-align: center;\">fotografos especializados em perfil profissional<\/td>\n<\/tr>\n<\/tbody>\n<\/table>\n<table style=\"margin-left: auto; margin-right: auto; text-align: center;\" cellspacing=\"0\" cellpadding=\"0\" align=\"center\">\n<tbody>\n<tr>\n<td style=\"text-align: center;\"><a style=\"margin-left: auto; margin-right: auto;\" href=\"https:\/\/i0.wp.com\/3.bp.blogspot.com\/-PUlCgJV5NgY\/VyEzX5BRJnI\/AAAAAAAAQiM\/jx283u9TptoCiLA_oaRF6RAItr7X-OZNwCLcB\/s1600\/fotografos%2Bpara%2Bfotos%2Bde%2Bcurriculum.jpg?ssl=1\"><img data-recalc-dims=\"1\" loading=\"lazy\" decoding=\"async\" title=\"fotografos para fotos de curriculum\" src=\"https:\/\/i0.wp.com\/3.bp.blogspot.com\/-PUlCgJV5NgY\/VyEzX5BRJnI\/AAAAAAAAQiM\/jx283u9TptoCiLA_oaRF6RAItr7X-OZNwCLcB\/s640\/fotografos%2Bpara%2Bfotos%2Bde%2Bcurriculum.jpg?resize=426%2C640&#038;ssl=1\" alt=\"fotografos para fotos de curriculum\" width=\"426\" height=\"640\" border=\"0\" \/><\/a><\/td>\n<\/tr>\n<tr>\n<td style=\"text-align: center;\">fotografos para fotos de curriculum<\/td>\n<\/tr>\n<\/tbody>\n<\/table>\n<table style=\"margin-left: auto; margin-right: auto; text-align: center;\" cellspacing=\"0\" cellpadding=\"0\" align=\"center\">\n<tbody>\n<tr>\n<td style=\"text-align: center;\"><a style=\"margin-left: auto; margin-right: auto;\" href=\"https:\/\/i0.wp.com\/1.bp.blogspot.com\/-q79Znmwm4uA\/VyEzX8qiPoI\/AAAAAAAAQiI\/mRYUryODF1kFHjLnUmCRzzkDtLkbytIuwCLcB\/s1600\/fotos%2Bem%2Bestudio%2Bpara%2Bcurriculum.jpg?ssl=1\"><img data-recalc-dims=\"1\" loading=\"lazy\" decoding=\"async\" title=\"fotos em estudio para curriculum\" src=\"https:\/\/i0.wp.com\/1.bp.blogspot.com\/-q79Znmwm4uA\/VyEzX8qiPoI\/AAAAAAAAQiI\/mRYUryODF1kFHjLnUmCRzzkDtLkbytIuwCLcB\/s640\/fotos%2Bem%2Bestudio%2Bpara%2Bcurriculum.jpg?resize=426%2C640&#038;ssl=1\" alt=\"fotos em estudio para curriculum\" width=\"426\" height=\"640\" border=\"0\" \/><\/a><\/td>\n<\/tr>\n<tr>\n<td style=\"text-align: center;\">fotos em estudio para curriculum<\/td>\n<\/tr>\n<\/tbody>\n<\/table>\n<table style=\"margin-left: auto; margin-right: auto; text-align: center;\" cellspacing=\"0\" cellpadding=\"0\" align=\"center\">\n<tbody>\n<tr>\n<td style=\"text-align: center;\"><a style=\"margin-left: auto; margin-right: auto;\" href=\"https:\/\/i0.wp.com\/2.bp.blogspot.com\/-X89j_Ndr1jw\/VyEzYvTqHoI\/AAAAAAAAQiQ\/_PsNDibLkfEdALtO0M_30hXyRglcpRyEgCLcB\/s1600\/fotos%2Bo%2Bperfil%2Bprofissional.jpg?ssl=1\"><img data-recalc-dims=\"1\" loading=\"lazy\" decoding=\"async\" title=\"fotos o perfil profissional\" src=\"https:\/\/i0.wp.com\/2.bp.blogspot.com\/-X89j_Ndr1jw\/VyEzYvTqHoI\/AAAAAAAAQiQ\/_PsNDibLkfEdALtO0M_30hXyRglcpRyEgCLcB\/s640\/fotos%2Bo%2Bperfil%2Bprofissional.jpg?resize=426%2C640&#038;ssl=1\" alt=\"fotos o perfil profissional\" width=\"426\" height=\"640\" border=\"0\" \/><\/a><\/td>\n<\/tr>\n<tr>\n<td style=\"text-align: center;\">fotos o perfil profissional<\/td>\n<\/tr>\n<\/tbody>\n<\/table>\n<table style=\"margin-left: auto; margin-right: auto; text-align: center;\" cellspacing=\"0\" cellpadding=\"0\" align=\"center\">\n<tbody>\n<tr>\n<td style=\"text-align: center;\"><a style=\"margin-left: auto; margin-right: auto;\" href=\"https:\/\/i0.wp.com\/4.bp.blogspot.com\/-nbeNdk7Ytxs\/VyEzf7Pj-MI\/AAAAAAAAQiU\/xC0ktRQSZaYmhK29_59__1fn9v-VcZb2QCLcB\/s1600\/fotos%2Bpara%2Bo%2Blinkedin%2Bem%2Bestudio.jpg?ssl=1\"><img data-recalc-dims=\"1\" loading=\"lazy\" decoding=\"async\" title=\"fotos para o linkedin em estudio\" src=\"https:\/\/i0.wp.com\/4.bp.blogspot.com\/-nbeNdk7Ytxs\/VyEzf7Pj-MI\/AAAAAAAAQiU\/xC0ktRQSZaYmhK29_59__1fn9v-VcZb2QCLcB\/s640\/fotos%2Bpara%2Bo%2Blinkedin%2Bem%2Bestudio.jpg?resize=426%2C640&#038;ssl=1\" alt=\"fotos para o linkedin em estudio\" width=\"426\" height=\"640\" border=\"0\" \/><\/a><\/td>\n<\/tr>\n<tr>\n<td style=\"text-align: center;\">fotos para o linkedin em estudio<\/td>\n<\/tr>\n<\/tbody>\n<\/table>\n<table style=\"margin-left: auto; margin-right: auto; text-align: center;\" cellspacing=\"0\" cellpadding=\"0\" align=\"center\">\n<tbody>\n<tr>\n<td style=\"text-align: center;\"><a style=\"margin-left: auto; margin-right: auto;\" href=\"https:\/\/i0.wp.com\/3.bp.blogspot.com\/-YuZKsybLzGc\/VyEzjJnd1OI\/AAAAAAAAQic\/CiJHpQBcGB8C6pdS0w2Ty3rrP7SE-G3gACLcB\/s1600\/fotos%2Bpara%2Bo%2Blinkedin.jpg?ssl=1\"><img data-recalc-dims=\"1\" loading=\"lazy\" decoding=\"async\" title=\"fotos para o linkedin\" src=\"https:\/\/i0.wp.com\/3.bp.blogspot.com\/-YuZKsybLzGc\/VyEzjJnd1OI\/AAAAAAAAQic\/CiJHpQBcGB8C6pdS0w2Ty3rrP7SE-G3gACLcB\/s640\/fotos%2Bpara%2Bo%2Blinkedin.jpg?resize=426%2C640&#038;ssl=1\" alt=\"fotos para o linkedin\" width=\"426\" height=\"640\" border=\"0\" \/><\/a><\/td>\n<\/tr>\n<tr>\n<td style=\"text-align: center;\">fotos para o linkedin<\/td>\n<\/tr>\n<\/tbody>\n<\/table>\n<table style=\"margin-left: auto; margin-right: auto; text-align: center;\" cellspacing=\"0\" cellpadding=\"0\" align=\"center\">\n<tbody>\n<tr>\n<td style=\"text-align: center;\"><a style=\"margin-left: auto; margin-right: auto;\" href=\"https:\/\/i0.wp.com\/3.bp.blogspot.com\/-yZqNUK3I5Vs\/VyEzgxFEDKI\/AAAAAAAAQiY\/1ZYpqd3OYCwHn8hDSXkvc5fJbjH2HQgWwCLcB\/s1600\/fotos%2Bperfil%2Bprofissional%2Bem%2Bestudio.jpg?ssl=1\"><img data-recalc-dims=\"1\" loading=\"lazy\" decoding=\"async\" title=\"fotos perfil profissional em estudio\" src=\"https:\/\/i0.wp.com\/3.bp.blogspot.com\/-yZqNUK3I5Vs\/VyEzgxFEDKI\/AAAAAAAAQiY\/1ZYpqd3OYCwHn8hDSXkvc5fJbjH2HQgWwCLcB\/s640\/fotos%2Bperfil%2Bprofissional%2Bem%2Bestudio.jpg?resize=426%2C640&#038;ssl=1\" alt=\"fotos perfil profissional em estudio\" width=\"426\" height=\"640\" border=\"0\" \/><\/a><\/td>\n<\/tr>\n<tr>\n<td style=\"text-align: center;\">fotos perfil profissional em estudio<\/td>\n<\/tr>\n<\/tbody>\n<\/table>\n<table style=\"margin-left: auto; margin-right: auto; text-align: center;\" cellspacing=\"0\" cellpadding=\"0\" align=\"center\">\n<tbody>\n<tr>\n<td style=\"text-align: center;\"><a style=\"margin-left: auto; margin-right: auto;\" href=\"https:\/\/i0.wp.com\/1.bp.blogspot.com\/-yeK_5WLMQ6s\/VyEzq9HSHFI\/AAAAAAAAQio\/e4HXfG0emJEAWiK7U6cNfWXb026-xNCIQCLcB\/s1600\/fotos%2Bprofissionais%2Bem%2Bestudio%2Bpara%2Bcurriculum.jpg?ssl=1\"><img data-recalc-dims=\"1\" loading=\"lazy\" decoding=\"async\" title=\"fotos profissionais em estudio para curriculum\" src=\"https:\/\/i0.wp.com\/1.bp.blogspot.com\/-yeK_5WLMQ6s\/VyEzq9HSHFI\/AAAAAAAAQio\/e4HXfG0emJEAWiK7U6cNfWXb026-xNCIQCLcB\/s640\/fotos%2Bprofissionais%2Bem%2Bestudio%2Bpara%2Bcurriculum.jpg?resize=426%2C640&#038;ssl=1\" alt=\"fotos profissionais em estudio para curriculum\" width=\"426\" height=\"640\" border=\"0\" \/><\/a><\/td>\n<\/tr>\n<tr>\n<td style=\"text-align: center;\">fotos profissionais em estudio para curriculum<\/td>\n<\/tr>\n<\/tbody>\n<\/table>\n<table style=\"margin-left: auto; margin-right: auto; text-align: center;\" cellspacing=\"0\" cellpadding=\"0\" align=\"center\">\n<tbody>\n<tr>\n<td style=\"text-align: center;\"><a style=\"margin-left: auto; margin-right: auto;\" href=\"https:\/\/i0.wp.com\/2.bp.blogspot.com\/-ENUthdlYOTw\/VyEznrGVR1I\/AAAAAAAAQig\/o7XoLSC6bKkF2vkk6ujSaiKrFGCBUuMDgCLcB\/s1600\/fotos%2Bprofissionais%2Bpara%2Bo%2Bcurriculum.jpg?ssl=1\"><img data-recalc-dims=\"1\" loading=\"lazy\" decoding=\"async\" title=\"fotos profissionais para o curriculum\" src=\"https:\/\/i0.wp.com\/2.bp.blogspot.com\/-ENUthdlYOTw\/VyEznrGVR1I\/AAAAAAAAQig\/o7XoLSC6bKkF2vkk6ujSaiKrFGCBUuMDgCLcB\/s640\/fotos%2Bprofissionais%2Bpara%2Bo%2Bcurriculum.jpg?resize=426%2C640&#038;ssl=1\" alt=\"fotos profissionais para o curriculum\" width=\"426\" height=\"640\" border=\"0\" \/><\/a><\/td>\n<\/tr>\n<tr>\n<td style=\"text-align: center;\">fotos profissionais para o curriculum<\/td>\n<\/tr>\n<\/tbody>\n<\/table>\n<table style=\"margin-left: auto; margin-right: auto; text-align: center;\" cellspacing=\"0\" cellpadding=\"0\" align=\"center\">\n<tbody>\n<tr>\n<td style=\"text-align: center;\"><a style=\"margin-left: auto; margin-right: auto;\" href=\"https:\/\/i0.wp.com\/4.bp.blogspot.com\/-LS-gV-cwZ_U\/VyEzq_V_MYI\/AAAAAAAAQik\/LBqdYV-qPLwZUOeVUIz3nl7etX5VTULGgCLcB\/s1600\/fotos%2Bprofissionais%2Bpara%2Bo%2Blinkedin.jpg?ssl=1\"><img data-recalc-dims=\"1\" loading=\"lazy\" decoding=\"async\" title=\"fotos profissionais para o linkedin\" src=\"https:\/\/i0.wp.com\/4.bp.blogspot.com\/-LS-gV-cwZ_U\/VyEzq_V_MYI\/AAAAAAAAQik\/LBqdYV-qPLwZUOeVUIz3nl7etX5VTULGgCLcB\/s640\/fotos%2Bprofissionais%2Bpara%2Bo%2Blinkedin.jpg?resize=426%2C640&#038;ssl=1\" alt=\"fotos profissionais para o linkedin\" width=\"426\" height=\"640\" border=\"0\" \/><\/a><\/td>\n<\/tr>\n<tr>\n<td style=\"text-align: center;\">fotos profissionais para o linkedin<\/td>\n<\/tr>\n<\/tbody>\n<\/table>\n<table style=\"margin-left: auto; margin-right: auto; text-align: center;\" cellspacing=\"0\" cellpadding=\"0\" align=\"center\">\n<tbody>\n<tr>\n<td style=\"text-align: center;\"><a style=\"margin-left: auto; margin-right: auto;\" href=\"https:\/\/i0.wp.com\/1.bp.blogspot.com\/-4gqgEAbcPeQ\/VyEzsR4BagI\/AAAAAAAAQis\/TPytfOzpcnUIUSU7WbgVh1OHrMhOoiB-QCLcB\/s1600\/melhores%2Bfotos%2Bde%2Bequipe%2Bem%2Bestudio.jpg?ssl=1\"><img data-recalc-dims=\"1\" loading=\"lazy\" decoding=\"async\" title=\"melhores fotos de equipe em estudio\" src=\"https:\/\/i0.wp.com\/1.bp.blogspot.com\/-4gqgEAbcPeQ\/VyEzsR4BagI\/AAAAAAAAQis\/TPytfOzpcnUIUSU7WbgVh1OHrMhOoiB-QCLcB\/s640\/melhores%2Bfotos%2Bde%2Bequipe%2Bem%2Bestudio.jpg?resize=426%2C640&#038;ssl=1\" alt=\"melhores fotos de equipe em estudio\" width=\"426\" height=\"640\" border=\"0\" \/><\/a><\/td>\n<\/tr>\n<tr>\n<td style=\"text-align: center;\">melhores fotos de equipe em estudio<\/td>\n<\/tr>\n<\/tbody>\n<\/table>\nVisite tamb\u00e9m nosso site: www.biancamachado.com.br\r\n(11) 97107-1018\r\n\r\nAtendemos as regi\u00f5es de S\u00e3o Paulo, Sorocaba, Ibi\u00fana, Piedade, Votorantim, Cotia, Itupeva, Jundia\u00ed, It\u00fa e Campinas","protected":false},"excerpt":{"rendered":"<p>A fotografia profissional para curr\u00edculo \u00e9 um aspecto importante na \u00e1rea de marketing digital. Uma boa foto de perfil pode ajudar a transmitir confian\u00e7a e compet\u00eancia para potenciais empregadores ou clientes. Al\u00e9m disso, uma foto profissional \u00e9 muito mais impactante do que uma foto caseira ou amadora.<\/p>\n","protected":false},"author":1,"featured_media":934,"comment_status":"open","ping_status":"open","sticky":false,"template":"","format":"standard","meta":{"_monsterinsights_skip_tracking":false,"_monsterinsights_sitenote_active":false,"_monsterinsights_sitenote_note":"","_monsterinsights_sitenote_category":0,"jetpack_post_was_ever_published":false,"_jetpack_newsletter_access":"","_jetpack_dont_email_post_to_subs":false,"_jetpack_newsletter_tier_id":0,"_jetpack_memberships_contains_paywalled_content":false,"_jetpack_memberships_contains_paid_content":false,"_joinchat":[],"footnotes":""},"categories":[297,1],"tags":[336,337,335],"class_list":["post-167","post","type-post","status-publish","format-standard","has-post-thumbnail","hentry","category-linkedin-retrato-profisional","category-studio-bianca-machado","tag-fotografia-para-linkedin","tag-fotos-para-profissionais-e-empresas","tag-retrato-para-profissionais"],"yoast_head":"<!-- This site is optimized with the Yoast SEO plugin v27.4 - https:\/\/yoast.com\/product\/yoast-seo-wordpress\/ -->\n<title>Fotos para o Curriculum - STUDIO BIANCA MACHADO<\/title>\n<meta name=\"description\" content=\"A fotografia profissional para curr\u00edculo \u00e9 um aspecto importante na \u00e1rea de marketing digital. Uma boa foto de perfil pode ajudar a transmitir confian\u00e7a e compet\u00eancia para potenciais empregadores ou clientes. Al\u00e9m disso, uma foto profissional \u00e9 muito mais impactante do que uma foto caseira ou amadora.\" \/>\n<meta name=\"robots\" content=\"index, follow, max-snippet:-1, max-image-preview:large, max-video-preview:-1\" \/>\n<link rel=\"canonical\" href=\"https:\/\/biancamachado.com.br\/blog\/fotos-para-o-curriculum\/\" \/>\n<meta property=\"og:locale\" content=\"pt_BR\" \/>\n<meta property=\"og:type\" content=\"article\" \/>\n<meta property=\"og:title\" content=\"Fotos para o Curriculum - STUDIO BIANCA MACHADO\" \/>\n<meta property=\"og:description\" content=\"A fotografia profissional para curr\u00edculo \u00e9 um aspecto importante na \u00e1rea de marketing digital. Uma boa foto de perfil pode ajudar a transmitir confian\u00e7a e compet\u00eancia para potenciais empregadores ou clientes. Al\u00e9m disso, uma foto profissional \u00e9 muito mais impactante do que uma foto caseira ou amadora.\" \/>\n<meta property=\"og:url\" content=\"https:\/\/biancamachado.com.br\/blog\/fotos-para-o-curriculum\/\" \/>\n<meta property=\"og:site_name\" content=\"STUDIO BIANCA MACHADO\" \/>\n<meta property=\"article:publisher\" content=\"https:\/\/www.facebook.com\/Studiobiancamachado\/\" \/>\n<meta property=\"article:published_time\" content=\"2016-04-27T21:52:00+00:00\" \/>\n<meta property=\"article:modified_time\" content=\"2023-02-19T20:21:55+00:00\" \/>\n<meta property=\"og:image\" content=\"https:\/\/biancamachado.com.br\/blog\/wp-content\/uploads\/2016\/04\/Screenshot_128.png\" \/>\n\t<meta property=\"og:image:width\" content=\"637\" \/>\n\t<meta property=\"og:image:height\" content=\"613\" \/>\n\t<meta property=\"og:image:type\" content=\"image\/png\" \/>\n<meta name=\"author\" content=\"biancamachado\" \/>\n<meta name=\"twitter:card\" content=\"summary_large_image\" \/>\n<meta name=\"twitter:label1\" content=\"Escrito por\" \/>\n\t<meta name=\"twitter:data1\" content=\"biancamachado\" \/>\n\t<meta name=\"twitter:label2\" content=\"Est. tempo de leitura\" \/>\n\t<meta name=\"twitter:data2\" content=\"4 minutos\" \/>\n<script type=\"application\/ld+json\" class=\"yoast-schema-graph\">{\"@context\":\"https:\\\/\\\/schema.org\",\"@graph\":[{\"@type\":\"Article\",\"@id\":\"https:\\\/\\\/biancamachado.com.br\\\/blog\\\/fotos-para-o-curriculum\\\/#article\",\"isPartOf\":{\"@id\":\"https:\\\/\\\/biancamachado.com.br\\\/blog\\\/fotos-para-o-curriculum\\\/\"},\"author\":{\"name\":\"biancamachado\",\"@id\":\"https:\\\/\\\/biancamachado.com.br\\\/blog\\\/#\\\/schema\\\/person\\\/990263800ec5e9bdbbf092a2353550a1\"},\"headline\":\"Fotos para o Curriculum\",\"datePublished\":\"2016-04-27T21:52:00+00:00\",\"dateModified\":\"2023-02-19T20:21:55+00:00\",\"mainEntityOfPage\":{\"@id\":\"https:\\\/\\\/biancamachado.com.br\\\/blog\\\/fotos-para-o-curriculum\\\/\"},\"wordCount\":373,\"commentCount\":0,\"publisher\":{\"@id\":\"https:\\\/\\\/biancamachado.com.br\\\/blog\\\/#organization\"},\"image\":{\"@id\":\"https:\\\/\\\/biancamachado.com.br\\\/blog\\\/fotos-para-o-curriculum\\\/#primaryimage\"},\"thumbnailUrl\":\"https:\\\/\\\/i0.wp.com\\\/biancamachado.com.br\\\/blog\\\/wp-content\\\/uploads\\\/2016\\\/04\\\/Screenshot_128.png?fit=637%2C613&ssl=1\",\"keywords\":[\"fotografia para linkedin\",\"fotos para profissionais e empresas\",\"retrato para profissionais\"],\"articleSection\":[\"Linkedin Retrato Profisional\",\"Studio Bianca Machado\"],\"inLanguage\":\"pt-BR\",\"potentialAction\":[{\"@type\":\"CommentAction\",\"name\":\"Comment\",\"target\":[\"https:\\\/\\\/biancamachado.com.br\\\/blog\\\/fotos-para-o-curriculum\\\/#respond\"]}]},{\"@type\":\"WebPage\",\"@id\":\"https:\\\/\\\/biancamachado.com.br\\\/blog\\\/fotos-para-o-curriculum\\\/\",\"url\":\"https:\\\/\\\/biancamachado.com.br\\\/blog\\\/fotos-para-o-curriculum\\\/\",\"name\":\"Fotos para o Curriculum - STUDIO BIANCA MACHADO\",\"isPartOf\":{\"@id\":\"https:\\\/\\\/biancamachado.com.br\\\/blog\\\/#website\"},\"primaryImageOfPage\":{\"@id\":\"https:\\\/\\\/biancamachado.com.br\\\/blog\\\/fotos-para-o-curriculum\\\/#primaryimage\"},\"image\":{\"@id\":\"https:\\\/\\\/biancamachado.com.br\\\/blog\\\/fotos-para-o-curriculum\\\/#primaryimage\"},\"thumbnailUrl\":\"https:\\\/\\\/i0.wp.com\\\/biancamachado.com.br\\\/blog\\\/wp-content\\\/uploads\\\/2016\\\/04\\\/Screenshot_128.png?fit=637%2C613&ssl=1\",\"datePublished\":\"2016-04-27T21:52:00+00:00\",\"dateModified\":\"2023-02-19T20:21:55+00:00\",\"description\":\"A fotografia profissional para curr\u00edculo \u00e9 um aspecto importante na \u00e1rea de marketing digital. Uma boa foto de perfil pode ajudar a transmitir confian\u00e7a e compet\u00eancia para potenciais empregadores ou clientes. Al\u00e9m disso, uma foto profissional \u00e9 muito mais impactante do que uma foto caseira ou amadora.\",\"breadcrumb\":{\"@id\":\"https:\\\/\\\/biancamachado.com.br\\\/blog\\\/fotos-para-o-curriculum\\\/#breadcrumb\"},\"inLanguage\":\"pt-BR\",\"potentialAction\":[{\"@type\":\"ReadAction\",\"target\":[\"https:\\\/\\\/biancamachado.com.br\\\/blog\\\/fotos-para-o-curriculum\\\/\"]}]},{\"@type\":\"ImageObject\",\"inLanguage\":\"pt-BR\",\"@id\":\"https:\\\/\\\/biancamachado.com.br\\\/blog\\\/fotos-para-o-curriculum\\\/#primaryimage\",\"url\":\"https:\\\/\\\/i0.wp.com\\\/biancamachado.com.br\\\/blog\\\/wp-content\\\/uploads\\\/2016\\\/04\\\/Screenshot_128.png?fit=637%2C613&ssl=1\",\"contentUrl\":\"https:\\\/\\\/i0.wp.com\\\/biancamachado.com.br\\\/blog\\\/wp-content\\\/uploads\\\/2016\\\/04\\\/Screenshot_128.png?fit=637%2C613&ssl=1\",\"width\":637,\"height\":613,\"caption\":\"Fotos para o Curriculum\"},{\"@type\":\"BreadcrumbList\",\"@id\":\"https:\\\/\\\/biancamachado.com.br\\\/blog\\\/fotos-para-o-curriculum\\\/#breadcrumb\",\"itemListElement\":[{\"@type\":\"ListItem\",\"position\":1,\"name\":\"In\u00edcio\",\"item\":\"https:\\\/\\\/biancamachado.com.br\\\/blog\\\/\"},{\"@type\":\"ListItem\",\"position\":2,\"name\":\"Fotos para o Curriculum\"}]},{\"@type\":\"WebSite\",\"@id\":\"https:\\\/\\\/biancamachado.com.br\\\/blog\\\/#website\",\"url\":\"https:\\\/\\\/biancamachado.com.br\\\/blog\\\/\",\"name\":\"STUDIO BIANCA MACHADO\",\"description\":\"Estudio Fotografico, Ensaios e Books de foto profissional\",\"publisher\":{\"@id\":\"https:\\\/\\\/biancamachado.com.br\\\/blog\\\/#organization\"},\"potentialAction\":[{\"@type\":\"SearchAction\",\"target\":{\"@type\":\"EntryPoint\",\"urlTemplate\":\"https:\\\/\\\/biancamachado.com.br\\\/blog\\\/?s={search_term_string}\"},\"query-input\":{\"@type\":\"PropertyValueSpecification\",\"valueRequired\":true,\"valueName\":\"search_term_string\"}}],\"inLanguage\":\"pt-BR\"},{\"@type\":\"Organization\",\"@id\":\"https:\\\/\\\/biancamachado.com.br\\\/blog\\\/#organization\",\"name\":\"STUDIO BIANCA MACHADO\",\"url\":\"https:\\\/\\\/biancamachado.com.br\\\/blog\\\/\",\"logo\":{\"@type\":\"ImageObject\",\"inLanguage\":\"pt-BR\",\"@id\":\"https:\\\/\\\/biancamachado.com.br\\\/blog\\\/#\\\/schema\\\/logo\\\/image\\\/\",\"url\":\"https:\\\/\\\/i0.wp.com\\\/biancamachado.com.br\\\/blog\\\/wp-content\\\/uploads\\\/2021\\\/02\\\/cropped-logo-ml.jpg?fit=278%2C100&ssl=1\",\"contentUrl\":\"https:\\\/\\\/i0.wp.com\\\/biancamachado.com.br\\\/blog\\\/wp-content\\\/uploads\\\/2021\\\/02\\\/cropped-logo-ml.jpg?fit=278%2C100&ssl=1\",\"width\":278,\"height\":100,\"caption\":\"STUDIO BIANCA MACHADO\"},\"image\":{\"@id\":\"https:\\\/\\\/biancamachado.com.br\\\/blog\\\/#\\\/schema\\\/logo\\\/image\\\/\"},\"sameAs\":[\"https:\\\/\\\/www.facebook.com\\\/Studiobiancamachado\\\/\",\"https:\\\/\\\/www.instagram.com\\\/Studiobiancamachado\\\/\"]},{\"@type\":\"Person\",\"@id\":\"https:\\\/\\\/biancamachado.com.br\\\/blog\\\/#\\\/schema\\\/person\\\/990263800ec5e9bdbbf092a2353550a1\",\"name\":\"biancamachado\",\"image\":{\"@type\":\"ImageObject\",\"inLanguage\":\"pt-BR\",\"@id\":\"https:\\\/\\\/secure.gravatar.com\\\/avatar\\\/62b1a50f2632dbc2e279c3eb55aa46cc324c969cff16a69c59756d155316542c?s=96&d=mm&r=g\",\"url\":\"https:\\\/\\\/secure.gravatar.com\\\/avatar\\\/62b1a50f2632dbc2e279c3eb55aa46cc324c969cff16a69c59756d155316542c?s=96&d=mm&r=g\",\"contentUrl\":\"https:\\\/\\\/secure.gravatar.com\\\/avatar\\\/62b1a50f2632dbc2e279c3eb55aa46cc324c969cff16a69c59756d155316542c?s=96&d=mm&r=g\",\"caption\":\"biancamachado\"},\"sameAs\":[\"https:\\\/\\\/biancamachado.com.br\\\/blog\"],\"url\":\"https:\\\/\\\/biancamachado.com.br\\\/blog\\\/author\\\/biancamachado\\\/\"}]}<\/script>\n<!-- \/ Yoast SEO plugin. -->","yoast_head_json":{"title":"Fotos para o Curriculum - STUDIO BIANCA MACHADO","description":"A fotografia profissional para curr\u00edculo \u00e9 um aspecto importante na \u00e1rea de marketing digital. Uma boa foto de perfil pode ajudar a transmitir confian\u00e7a e compet\u00eancia para potenciais empregadores ou clientes. Al\u00e9m disso, uma foto profissional \u00e9 muito mais impactante do que uma foto caseira ou amadora.","robots":{"index":"index","follow":"follow","max-snippet":"max-snippet:-1","max-image-preview":"max-image-preview:large","max-video-preview":"max-video-preview:-1"},"canonical":"https:\/\/biancamachado.com.br\/blog\/fotos-para-o-curriculum\/","og_locale":"pt_BR","og_type":"article","og_title":"Fotos para o Curriculum - STUDIO BIANCA MACHADO","og_description":"A fotografia profissional para curr\u00edculo \u00e9 um aspecto importante na \u00e1rea de marketing digital. Uma boa foto de perfil pode ajudar a transmitir confian\u00e7a e compet\u00eancia para potenciais empregadores ou clientes. Al\u00e9m disso, uma foto profissional \u00e9 muito mais impactante do que uma foto caseira ou amadora.","og_url":"https:\/\/biancamachado.com.br\/blog\/fotos-para-o-curriculum\/","og_site_name":"STUDIO BIANCA MACHADO","article_publisher":"https:\/\/www.facebook.com\/Studiobiancamachado\/","article_published_time":"2016-04-27T21:52:00+00:00","article_modified_time":"2023-02-19T20:21:55+00:00","og_image":[{"width":637,"height":613,"url":"https:\/\/biancamachado.com.br\/blog\/wp-content\/uploads\/2016\/04\/Screenshot_128.png","type":"image\/png"}],"author":"biancamachado","twitter_card":"summary_large_image","twitter_misc":{"Escrito por":"biancamachado","Est. tempo de leitura":"4 minutos"},"schema":{"@context":"https:\/\/schema.org","@graph":[{"@type":"Article","@id":"https:\/\/biancamachado.com.br\/blog\/fotos-para-o-curriculum\/#article","isPartOf":{"@id":"https:\/\/biancamachado.com.br\/blog\/fotos-para-o-curriculum\/"},"author":{"name":"biancamachado","@id":"https:\/\/biancamachado.com.br\/blog\/#\/schema\/person\/990263800ec5e9bdbbf092a2353550a1"},"headline":"Fotos para o Curriculum","datePublished":"2016-04-27T21:52:00+00:00","dateModified":"2023-02-19T20:21:55+00:00","mainEntityOfPage":{"@id":"https:\/\/biancamachado.com.br\/blog\/fotos-para-o-curriculum\/"},"wordCount":373,"commentCount":0,"publisher":{"@id":"https:\/\/biancamachado.com.br\/blog\/#organization"},"image":{"@id":"https:\/\/biancamachado.com.br\/blog\/fotos-para-o-curriculum\/#primaryimage"},"thumbnailUrl":"https:\/\/i0.wp.com\/biancamachado.com.br\/blog\/wp-content\/uploads\/2016\/04\/Screenshot_128.png?fit=637%2C613&ssl=1","keywords":["fotografia para linkedin","fotos para profissionais e empresas","retrato para profissionais"],"articleSection":["Linkedin Retrato Profisional","Studio Bianca Machado"],"inLanguage":"pt-BR","potentialAction":[{"@type":"CommentAction","name":"Comment","target":["https:\/\/biancamachado.com.br\/blog\/fotos-para-o-curriculum\/#respond"]}]},{"@type":"WebPage","@id":"https:\/\/biancamachado.com.br\/blog\/fotos-para-o-curriculum\/","url":"https:\/\/biancamachado.com.br\/blog\/fotos-para-o-curriculum\/","name":"Fotos para o Curriculum - STUDIO BIANCA MACHADO","isPartOf":{"@id":"https:\/\/biancamachado.com.br\/blog\/#website"},"primaryImageOfPage":{"@id":"https:\/\/biancamachado.com.br\/blog\/fotos-para-o-curriculum\/#primaryimage"},"image":{"@id":"https:\/\/biancamachado.com.br\/blog\/fotos-para-o-curriculum\/#primaryimage"},"thumbnailUrl":"https:\/\/i0.wp.com\/biancamachado.com.br\/blog\/wp-content\/uploads\/2016\/04\/Screenshot_128.png?fit=637%2C613&ssl=1","datePublished":"2016-04-27T21:52:00+00:00","dateModified":"2023-02-19T20:21:55+00:00","description":"A fotografia profissional para curr\u00edculo \u00e9 um aspecto importante na \u00e1rea de marketing digital. Uma boa foto de perfil pode ajudar a transmitir confian\u00e7a e compet\u00eancia para potenciais empregadores ou clientes. Al\u00e9m disso, uma foto profissional \u00e9 muito mais impactante do que uma foto caseira ou amadora.","breadcrumb":{"@id":"https:\/\/biancamachado.com.br\/blog\/fotos-para-o-curriculum\/#breadcrumb"},"inLanguage":"pt-BR","potentialAction":[{"@type":"ReadAction","target":["https:\/\/biancamachado.com.br\/blog\/fotos-para-o-curriculum\/"]}]},{"@type":"ImageObject","inLanguage":"pt-BR","@id":"https:\/\/biancamachado.com.br\/blog\/fotos-para-o-curriculum\/#primaryimage","url":"https:\/\/i0.wp.com\/biancamachado.com.br\/blog\/wp-content\/uploads\/2016\/04\/Screenshot_128.png?fit=637%2C613&ssl=1","contentUrl":"https:\/\/i0.wp.com\/biancamachado.com.br\/blog\/wp-content\/uploads\/2016\/04\/Screenshot_128.png?fit=637%2C613&ssl=1","width":637,"height":613,"caption":"Fotos para o Curriculum"},{"@type":"BreadcrumbList","@id":"https:\/\/biancamachado.com.br\/blog\/fotos-para-o-curriculum\/#breadcrumb","itemListElement":[{"@type":"ListItem","position":1,"name":"In\u00edcio","item":"https:\/\/biancamachado.com.br\/blog\/"},{"@type":"ListItem","position":2,"name":"Fotos para o Curriculum"}]},{"@type":"WebSite","@id":"https:\/\/biancamachado.com.br\/blog\/#website","url":"https:\/\/biancamachado.com.br\/blog\/","name":"STUDIO BIANCA MACHADO","description":"Estudio Fotografico, Ensaios e Books de foto profissional","publisher":{"@id":"https:\/\/biancamachado.com.br\/blog\/#organization"},"potentialAction":[{"@type":"SearchAction","target":{"@type":"EntryPoint","urlTemplate":"https:\/\/biancamachado.com.br\/blog\/?s={search_term_string}"},"query-input":{"@type":"PropertyValueSpecification","valueRequired":true,"valueName":"search_term_string"}}],"inLanguage":"pt-BR"},{"@type":"Organization","@id":"https:\/\/biancamachado.com.br\/blog\/#organization","name":"STUDIO BIANCA MACHADO","url":"https:\/\/biancamachado.com.br\/blog\/","logo":{"@type":"ImageObject","inLanguage":"pt-BR","@id":"https:\/\/biancamachado.com.br\/blog\/#\/schema\/logo\/image\/","url":"https:\/\/i0.wp.com\/biancamachado.com.br\/blog\/wp-content\/uploads\/2021\/02\/cropped-logo-ml.jpg?fit=278%2C100&ssl=1","contentUrl":"https:\/\/i0.wp.com\/biancamachado.com.br\/blog\/wp-content\/uploads\/2021\/02\/cropped-logo-ml.jpg?fit=278%2C100&ssl=1","width":278,"height":100,"caption":"STUDIO BIANCA MACHADO"},"image":{"@id":"https:\/\/biancamachado.com.br\/blog\/#\/schema\/logo\/image\/"},"sameAs":["https:\/\/www.facebook.com\/Studiobiancamachado\/","https:\/\/www.instagram.com\/Studiobiancamachado\/"]},{"@type":"Person","@id":"https:\/\/biancamachado.com.br\/blog\/#\/schema\/person\/990263800ec5e9bdbbf092a2353550a1","name":"biancamachado","image":{"@type":"ImageObject","inLanguage":"pt-BR","@id":"https:\/\/secure.gravatar.com\/avatar\/62b1a50f2632dbc2e279c3eb55aa46cc324c969cff16a69c59756d155316542c?s=96&d=mm&r=g","url":"https:\/\/secure.gravatar.com\/avatar\/62b1a50f2632dbc2e279c3eb55aa46cc324c969cff16a69c59756d155316542c?s=96&d=mm&r=g","contentUrl":"https:\/\/secure.gravatar.com\/avatar\/62b1a50f2632dbc2e279c3eb55aa46cc324c969cff16a69c59756d155316542c?s=96&d=mm&r=g","caption":"biancamachado"},"sameAs":["https:\/\/biancamachado.com.br\/blog"],"url":"https:\/\/biancamachado.com.br\/blog\/author\/biancamachado\/"}]}},"jetpack_featured_media_url":"https:\/\/i0.wp.com\/biancamachado.com.br\/blog\/wp-content\/uploads\/2016\/04\/Screenshot_128.png?fit=637%2C613&ssl=1","jetpack-related-posts":[],"jetpack_sharing_enabled":true,"_links":{"self":[{"href":"https:\/\/biancamachado.com.br\/blog\/wp-json\/wp\/v2\/posts\/167","targetHints":{"allow":["GET"]}}],"collection":[{"href":"https:\/\/biancamachado.com.br\/blog\/wp-json\/wp\/v2\/posts"}],"about":[{"href":"https:\/\/biancamachado.com.br\/blog\/wp-json\/wp\/v2\/types\/post"}],"author":[{"embeddable":true,"href":"https:\/\/biancamachado.com.br\/blog\/wp-json\/wp\/v2\/users\/1"}],"replies":[{"embeddable":true,"href":"https:\/\/biancamachado.com.br\/blog\/wp-json\/wp\/v2\/comments?post=167"}],"version-history":[{"count":2,"href":"https:\/\/biancamachado.com.br\/blog\/wp-json\/wp\/v2\/posts\/167\/revisions"}],"predecessor-version":[{"id":3736,"href":"https:\/\/biancamachado.com.br\/blog\/wp-json\/wp\/v2\/posts\/167\/revisions\/3736"}],"wp:featuredmedia":[{"embeddable":true,"href":"https:\/\/biancamachado.com.br\/blog\/wp-json\/wp\/v2\/media\/934"}],"wp:attachment":[{"href":"https:\/\/biancamachado.com.br\/blog\/wp-json\/wp\/v2\/media?parent=167"}],"wp:term":[{"taxonomy":"category","embeddable":true,"href":"https:\/\/biancamachado.com.br\/blog\/wp-json\/wp\/v2\/categories?post=167"},{"taxonomy":"post_tag","embeddable":true,"href":"https:\/\/biancamachado.com.br\/blog\/wp-json\/wp\/v2\/tags?post=167"}],"curies":[{"name":"wp","href":"https:\/\/api.w.org\/{rel}","templated":true}]}}