{"id":159,"date":"2016-05-05T19:30:00","date_gmt":"2016-05-05T22:30:00","guid":{"rendered":"https:\/\/biancamachado.com.br\/blog\/?p=159"},"modified":"2023-02-15T18:03:38","modified_gmt":"2023-02-15T21:03:38","slug":"fotos-de-gravida-em-parques","status":"publish","type":"post","link":"https:\/\/biancamachado.com.br\/blog\/fotos-de-gravida-em-parques\/","title":{"rendered":"Fotos de Gr\u00e1vida em Parques"},"content":{"rendered":"<p>E est\u00e1 chegando mais uma japonezinha no mundo ! kkk<br \/>\nEu amo essas coisinhas fofas de olhinhos puxados !!!<br \/>\n( tanto que eu tenho 3 aqui em casa ) kkk<br \/>\nCasal super bacana, papai com super potencial para fotografia, foi um passeio super tranquilo, divertido e cheio de conversas de mam\u00e3es !<br \/>\nSegue um pouquinho do ensaio:<\/p>\n<table style=\"margin-left: auto; margin-right: auto; text-align: center;\" cellspacing=\"0\" cellpadding=\"0\" align=\"center\">\n<tbody>\n<tr>\n<td style=\"text-align: center;\"><a style=\"margin-left: auto; margin-right: auto;\" href=\"https:\/\/i0.wp.com\/3.bp.blogspot.com\/--R1y8DlJAv8\/VyvE6VPTNtI\/AAAAAAAAQrM\/c3mhFrFOg6YGseiSk0e8uDfe64xbrBgKQCLcB\/s1600\/ensaio%2Bde%2Bfotos%2Bda%2Bgesta%25C3%25A7%25C3%25A3o.jpg?ssl=1\"><img data-recalc-dims=\"1\" loading=\"lazy\" decoding=\"async\" title=\"ensaio de fotos da gesta\u00e7\u00e3o\" src=\"https:\/\/i0.wp.com\/3.bp.blogspot.com\/--R1y8DlJAv8\/VyvE6VPTNtI\/AAAAAAAAQrM\/c3mhFrFOg6YGseiSk0e8uDfe64xbrBgKQCLcB\/s640\/ensaio%2Bde%2Bfotos%2Bda%2Bgesta%25C3%25A7%25C3%25A3o.jpg?resize=426%2C640&#038;ssl=1\" alt=\"ensaio de fotos da gesta\u00e7\u00e3o\" width=\"426\" height=\"640\" border=\"0\" \/><\/a><\/td>\n<\/tr>\n<tr>\n<td style=\"text-align: center;\">ensaio de fotos da gesta\u00e7\u00e3o<\/td>\n<\/tr>\n<\/tbody>\n<\/table>\n<table style=\"margin-left: auto; margin-right: auto; text-align: center;\" cellspacing=\"0\" cellpadding=\"0\" align=\"center\">\n<tbody>\n<tr>\n<td style=\"text-align: center;\"><a style=\"margin-left: auto; margin-right: auto;\" href=\"https:\/\/i0.wp.com\/2.bp.blogspot.com\/-dlnj4-dpCK8\/VyvE8224mRI\/AAAAAAAAQrU\/q_Kf3mfRnCgowgL8Zh2czIkAxd4IOXPhgCLcB\/s1600\/ensaio%2Bde%2Bfotos%2Bgravidas%2Bsp.jpg?ssl=1\"><img data-recalc-dims=\"1\" loading=\"lazy\" decoding=\"async\" title=\"ensaio de fotos gravidas sp\" src=\"https:\/\/i0.wp.com\/2.bp.blogspot.com\/-dlnj4-dpCK8\/VyvE8224mRI\/AAAAAAAAQrU\/q_Kf3mfRnCgowgL8Zh2czIkAxd4IOXPhgCLcB\/s640\/ensaio%2Bde%2Bfotos%2Bgravidas%2Bsp.jpg?resize=426%2C640&#038;ssl=1\" alt=\"ensaio de fotos gravidas sp\" width=\"426\" height=\"640\" border=\"0\" \/><\/a><\/td>\n<\/tr>\n<tr>\n<td style=\"text-align: center;\">ensaio de fotos gravidas sp<\/td>\n<\/tr>\n<\/tbody>\n<\/table>\n<p>Um ensaio de fotos ao ar livre em um parque pode ser uma \u00f3tima maneira de capturar a beleza e o encanto da gravidez. Aqui est\u00e3o algumas dicas para garantir que sua sess\u00e3o de fotos seja um sucesso:<\/p>\n<ol>\n<li>Escolha o local: Escolha um parque que tenha uma boa paisagem e seja f\u00e1cil de chegar. Certifique-se de que o local \u00e9 seguro e acess\u00edvel para gr\u00e1vidas.<\/li>\n<li>Planejamento: Planeje com anteced\u00eancia para garantir que voc\u00ea tenha tudo o que precisa para a sess\u00e3o, incluindo roupas e acess\u00f3rios.<\/li>\n<li>Intera\u00e7\u00e3o: Capture a intera\u00e7\u00e3o entre a gr\u00e1vida e o ambiente ao seu redor. Focar nas m\u00e3os da gr\u00e1vida apoiando a barriga ou em um abra\u00e7o com o parceiro pode ser uma forma bonita de registrar esse momento.<\/li>\n<li>Poses: Escolha poses criativas e confort\u00e1veis para a gr\u00e1vida. Experimente diferentes posi\u00e7\u00f5es para encontrar a que melhor funcione para ela.<\/li>\n<li>Ilumina\u00e7\u00e3o: Aproveite a luz natural para capturar a beleza da gravidez. Se necess\u00e1rio, use fontes de luz artificial para criar efeitos espec\u00edficos.<\/li>\n<\/ol>\n<table style=\"margin-left: auto; margin-right: auto; text-align: center;\" cellspacing=\"0\" cellpadding=\"0\" align=\"center\">\n<tbody>\n<tr>\n<td style=\"text-align: center;\"><a style=\"margin-left: auto; margin-right: auto;\" href=\"https:\/\/i0.wp.com\/3.bp.blogspot.com\/-b-VaLxvTcVY\/VyvE8iVGS-I\/AAAAAAAAQrQ\/AxtW193qNH8T3zMUL3Nv_CGsAWTSvhclQCLcB\/s1600\/ensaio%2Bde%2Bfotos%2Bpara%2Bgravidas.jpg?ssl=1\"><img data-recalc-dims=\"1\" loading=\"lazy\" decoding=\"async\" title=\"ensaio de fotos para gravidas\" src=\"https:\/\/i0.wp.com\/3.bp.blogspot.com\/-b-VaLxvTcVY\/VyvE8iVGS-I\/AAAAAAAAQrQ\/AxtW193qNH8T3zMUL3Nv_CGsAWTSvhclQCLcB\/s640\/ensaio%2Bde%2Bfotos%2Bpara%2Bgravidas.jpg?resize=426%2C640&#038;ssl=1\" alt=\"ensaio de fotos para gravidas\" width=\"426\" height=\"640\" border=\"0\" \/><\/a><\/td>\n<\/tr>\n<tr>\n<td style=\"text-align: center;\">ensaio de fotos para gravidas<\/td>\n<\/tr>\n<\/tbody>\n<\/table>\n<table style=\"margin-left: auto; margin-right: auto; text-align: center;\" cellspacing=\"0\" cellpadding=\"0\" align=\"center\">\n<tbody>\n<tr>\n<td style=\"text-align: center;\"><a style=\"margin-left: auto; margin-right: auto;\" href=\"https:\/\/i0.wp.com\/1.bp.blogspot.com\/-qx_E6BNc1B0\/VyvFFkuBZ7I\/AAAAAAAAQrY\/TzHS9HHC-_AHKR4Y0aZkLvVK8JeXa6cSACLcB\/s1600\/foto%2Bde%2Bgravida%2Bem%2Bparques.jpg?ssl=1\"><img data-recalc-dims=\"1\" loading=\"lazy\" decoding=\"async\" title=\"foto de gravida em parques\" src=\"https:\/\/i0.wp.com\/1.bp.blogspot.com\/-qx_E6BNc1B0\/VyvFFkuBZ7I\/AAAAAAAAQrY\/TzHS9HHC-_AHKR4Y0aZkLvVK8JeXa6cSACLcB\/s640\/foto%2Bde%2Bgravida%2Bem%2Bparques.jpg?resize=640%2C426&#038;ssl=1\" alt=\"foto de gravida em parques\" width=\"640\" height=\"426\" border=\"0\" \/><\/a><\/td>\n<\/tr>\n<tr>\n<td style=\"text-align: center;\">foto de gravida em parques<\/td>\n<\/tr>\n<\/tbody>\n<\/table>\n<table style=\"margin-left: auto; margin-right: auto; text-align: center;\" cellspacing=\"0\" cellpadding=\"0\" align=\"center\">\n<tbody>\n<tr>\n<td style=\"text-align: center;\"><a style=\"margin-left: auto; margin-right: auto;\" href=\"https:\/\/i0.wp.com\/3.bp.blogspot.com\/-FjBBzDihv-0\/VyvFIRseVmI\/AAAAAAAAQrg\/T5QXOBW_LUww7M9jLm_I0qk0bge3NeQwACLcB\/s1600\/foto%2Bde%2Bgravida%2Bjardim%2Bbotanico.jpg?ssl=1\"><img data-recalc-dims=\"1\" loading=\"lazy\" decoding=\"async\" title=\"foto de gravida jardim botanico\" src=\"https:\/\/i0.wp.com\/3.bp.blogspot.com\/-FjBBzDihv-0\/VyvFIRseVmI\/AAAAAAAAQrg\/T5QXOBW_LUww7M9jLm_I0qk0bge3NeQwACLcB\/s640\/foto%2Bde%2Bgravida%2Bjardim%2Bbotanico.jpg?resize=426%2C640&#038;ssl=1\" alt=\"foto de gravida jardim botanico\" width=\"426\" height=\"640\" border=\"0\" \/><\/a><\/td>\n<\/tr>\n<tr>\n<td style=\"text-align: center;\"><span style=\"font-size: small;\">foto de gravida jardim botanico<\/span><\/td>\n<\/tr>\n<\/tbody>\n<\/table>\n<table style=\"margin-left: auto; margin-right: auto; text-align: center;\" cellspacing=\"0\" cellpadding=\"0\" align=\"center\">\n<tbody>\n<tr>\n<td style=\"text-align: center;\"><a style=\"margin-left: auto; margin-right: auto;\" href=\"https:\/\/i0.wp.com\/2.bp.blogspot.com\/-LkjpJiT6t3g\/VyvFINfRqXI\/AAAAAAAAQrc\/2a1HwDlxxGIyzwl79SZDOPrCoO6FV0Z8ACLcB\/s1600\/fotografia%2Bde%2Bfamilias%2Bem%2Bparques.jpg?ssl=1\"><img data-recalc-dims=\"1\" loading=\"lazy\" decoding=\"async\" title=\"fotografia de familias em parques\" src=\"https:\/\/i0.wp.com\/2.bp.blogspot.com\/-LkjpJiT6t3g\/VyvFINfRqXI\/AAAAAAAAQrc\/2a1HwDlxxGIyzwl79SZDOPrCoO6FV0Z8ACLcB\/s640\/fotografia%2Bde%2Bfamilias%2Bem%2Bparques.jpg?resize=640%2C426&#038;ssl=1\" alt=\"fotografia de familias em parques\" width=\"640\" height=\"426\" border=\"0\" \/><\/a><\/td>\n<\/tr>\n<tr>\n<td style=\"text-align: center;\">fotografia de familias em parques<\/td>\n<\/tr>\n<\/tbody>\n<\/table>\n<table style=\"margin-left: auto; margin-right: auto; text-align: center;\" cellspacing=\"0\" cellpadding=\"0\" align=\"center\">\n<tbody>\n<tr>\n<td style=\"text-align: center;\"><a style=\"margin-left: auto; margin-right: auto;\" href=\"https:\/\/i0.wp.com\/4.bp.blogspot.com\/-rEsz_KF330g\/VyvFPBdm5XI\/AAAAAAAAQrk\/n__eYeuigGkS9cVxXv-SOraJ0fkP3tPdQCLcB\/s1600\/fotografia%2Bde%2Bgestante.jpg?ssl=1\"><img data-recalc-dims=\"1\" loading=\"lazy\" decoding=\"async\" title=\"fotografia de gestante\" src=\"https:\/\/i0.wp.com\/4.bp.blogspot.com\/-rEsz_KF330g\/VyvFPBdm5XI\/AAAAAAAAQrk\/n__eYeuigGkS9cVxXv-SOraJ0fkP3tPdQCLcB\/s640\/fotografia%2Bde%2Bgestante.jpg?resize=640%2C426&#038;ssl=1\" alt=\"fotografia de gestante\" width=\"640\" height=\"426\" border=\"0\" \/><\/a><\/td>\n<\/tr>\n<tr>\n<td style=\"text-align: center;\">fotografia de gestante<\/td>\n<\/tr>\n<\/tbody>\n<\/table>\n<table style=\"margin-left: auto; margin-right: auto; text-align: center;\" cellspacing=\"0\" cellpadding=\"0\" align=\"center\">\n<tbody>\n<tr>\n<td style=\"text-align: center;\"><a style=\"margin-left: auto; margin-right: auto;\" href=\"https:\/\/i0.wp.com\/3.bp.blogspot.com\/-TR31NgaQDF4\/VyvFW4ZBjEI\/AAAAAAAAQro\/xtXUJBI5bPYkHxANYqrhOAobUXwE0I6tgCLcB\/s1600\/fotografias%2Bde%2Bgestante.jpg?ssl=1\"><img data-recalc-dims=\"1\" loading=\"lazy\" decoding=\"async\" title=\"fotografias de gestante\" src=\"https:\/\/i0.wp.com\/3.bp.blogspot.com\/-TR31NgaQDF4\/VyvFW4ZBjEI\/AAAAAAAAQro\/xtXUJBI5bPYkHxANYqrhOAobUXwE0I6tgCLcB\/s640\/fotografias%2Bde%2Bgestante.jpg?resize=640%2C426&#038;ssl=1\" alt=\"fotografias de gestante\" width=\"640\" height=\"426\" border=\"0\" \/><\/a><\/td>\n<\/tr>\n<tr>\n<td style=\"text-align: center;\">fotografias de gestante<\/td>\n<\/tr>\n<\/tbody>\n<\/table>\n<table style=\"margin-left: auto; margin-right: auto; text-align: center;\" cellspacing=\"0\" cellpadding=\"0\" align=\"center\">\n<tbody>\n<tr>\n<td style=\"text-align: center;\"><a style=\"margin-left: auto; margin-right: auto;\" href=\"https:\/\/i0.wp.com\/4.bp.blogspot.com\/-rKM3tjxbi_Y\/VyvFXuu15PI\/AAAAAAAAQrs\/opyWPTWQ7q0aXep9n4KSTrM_od0uYLfSgCLcB\/s1600\/fotografias%2Bexternas%2Bpara%2Bgravida.jpg?ssl=1\"><img data-recalc-dims=\"1\" loading=\"lazy\" decoding=\"async\" title=\"fotografias externas para gravida\" src=\"https:\/\/i0.wp.com\/4.bp.blogspot.com\/-rKM3tjxbi_Y\/VyvFXuu15PI\/AAAAAAAAQrs\/opyWPTWQ7q0aXep9n4KSTrM_od0uYLfSgCLcB\/s640\/fotografias%2Bexternas%2Bpara%2Bgravida.jpg?resize=640%2C426&#038;ssl=1\" alt=\"fotografias externas para gravida\" width=\"640\" height=\"426\" border=\"0\" \/><\/a><\/td>\n<\/tr>\n<tr>\n<td style=\"text-align: center;\">fotografias externas para gravida<\/td>\n<\/tr>\n<\/tbody>\n<\/table>\n<table style=\"margin-left: auto; margin-right: auto; text-align: center;\" cellspacing=\"0\" cellpadding=\"0\" align=\"center\">\n<tbody>\n<tr>\n<td style=\"text-align: center;\"><a style=\"margin-left: auto; margin-right: auto;\" href=\"https:\/\/i0.wp.com\/1.bp.blogspot.com\/-jfr0qaIVwpc\/VyvFZyhACGI\/AAAAAAAAQrw\/PviYexpxALU7agsM4tIQdNDeMbUpGj0uwCLcB\/s1600\/fotografias%2Bjardim%2Bbotanico%2Bpara%2Bgestantes.jpg?ssl=1\"><img data-recalc-dims=\"1\" loading=\"lazy\" decoding=\"async\" title=\"fotografias jardim botanico para gestantes\" src=\"https:\/\/i0.wp.com\/1.bp.blogspot.com\/-jfr0qaIVwpc\/VyvFZyhACGI\/AAAAAAAAQrw\/PviYexpxALU7agsM4tIQdNDeMbUpGj0uwCLcB\/s640\/fotografias%2Bjardim%2Bbotanico%2Bpara%2Bgestantes.jpg?resize=640%2C426&#038;ssl=1\" alt=\"fotografias jardim botanico para gestantes\" width=\"640\" height=\"426\" border=\"0\" \/><\/a><\/td>\n<\/tr>\n<tr>\n<td style=\"text-align: center;\">fotografias jardim botanico para gestantes<\/td>\n<\/tr>\n<\/tbody>\n<\/table>\n<table style=\"margin-left: auto; margin-right: auto; text-align: center;\" cellspacing=\"0\" cellpadding=\"0\" align=\"center\">\n<tbody>\n<tr>\n<td style=\"text-align: center;\"><a style=\"margin-left: auto; margin-right: auto;\" href=\"https:\/\/i0.wp.com\/3.bp.blogspot.com\/-yAFY8SxtTSI\/VyvFflJLMZI\/AAAAAAAAQr0\/a7YzfLbFefAA6QVkEfGiODTOeheFioI4wCLcB\/s1600\/fotos%2Bda%2Bgravidez%2Bem%2Bparques.jpg?ssl=1\"><img data-recalc-dims=\"1\" loading=\"lazy\" decoding=\"async\" title=\"fotos da gravidez em parques\" src=\"https:\/\/i0.wp.com\/3.bp.blogspot.com\/-yAFY8SxtTSI\/VyvFflJLMZI\/AAAAAAAAQr0\/a7YzfLbFefAA6QVkEfGiODTOeheFioI4wCLcB\/s640\/fotos%2Bda%2Bgravidez%2Bem%2Bparques.jpg?resize=426%2C640&#038;ssl=1\" alt=\"fotos da gravidez em parques\" width=\"426\" height=\"640\" border=\"0\" \/><\/a><\/td>\n<\/tr>\n<tr>\n<td style=\"text-align: center;\">fotos da gravidez em parques<\/td>\n<\/tr>\n<\/tbody>\n<\/table>\n<table style=\"margin-left: auto; margin-right: auto; text-align: center;\" cellspacing=\"0\" cellpadding=\"0\" align=\"center\">\n<tbody>\n<tr>\n<td style=\"text-align: center;\"><a style=\"margin-left: auto; margin-right: auto;\" href=\"https:\/\/i0.wp.com\/3.bp.blogspot.com\/-QCGTa9BP6DU\/VyvFlBWaKSI\/AAAAAAAAQr8\/6mHkRk9P7eQ4-X5GiKioGQ0gHKlYmSdaACLcB\/s1600\/fotos%2Bde%2Bbook%2Bexterno%2Bpara%2Bgravidas.jpg?ssl=1\"><img data-recalc-dims=\"1\" loading=\"lazy\" decoding=\"async\" title=\"fotos de book externo para gravidas\" src=\"https:\/\/i0.wp.com\/3.bp.blogspot.com\/-QCGTa9BP6DU\/VyvFlBWaKSI\/AAAAAAAAQr8\/6mHkRk9P7eQ4-X5GiKioGQ0gHKlYmSdaACLcB\/s640\/fotos%2Bde%2Bbook%2Bexterno%2Bpara%2Bgravidas.jpg?resize=640%2C424&#038;ssl=1\" alt=\"fotos de book externo para gravidas\" width=\"640\" height=\"424\" border=\"0\" \/><\/a><\/td>\n<\/tr>\n<tr>\n<td style=\"text-align: center;\">fotos de book externo para gravidas<\/td>\n<\/tr>\n<\/tbody>\n<\/table>\n<table style=\"margin-left: auto; margin-right: auto; text-align: center;\" cellspacing=\"0\" cellpadding=\"0\" align=\"center\">\n<tbody>\n<tr>\n<td style=\"text-align: center;\"><a style=\"margin-left: auto; margin-right: auto;\" href=\"https:\/\/i0.wp.com\/1.bp.blogspot.com\/--bMAcT0fjfc\/VyvFiSLuRZI\/AAAAAAAAQr4\/-B2en39BDYQsarjhEZBVtQ0ul3y6boXNgCLcB\/s1600\/fotos%2Bde%2Bgravida%2Bem%2Bparque.jpg?ssl=1\"><img data-recalc-dims=\"1\" loading=\"lazy\" decoding=\"async\" title=\"fotos de gravida em parque\" src=\"https:\/\/i0.wp.com\/1.bp.blogspot.com\/--bMAcT0fjfc\/VyvFiSLuRZI\/AAAAAAAAQr4\/-B2en39BDYQsarjhEZBVtQ0ul3y6boXNgCLcB\/s640\/fotos%2Bde%2Bgravida%2Bem%2Bparque.jpg?resize=426%2C640&#038;ssl=1\" alt=\"fotos de gravida em parque\" width=\"426\" height=\"640\" border=\"0\" \/><\/a><\/td>\n<\/tr>\n<tr>\n<td style=\"text-align: center;\">fotos de gravida em parque<\/td>\n<\/tr>\n<\/tbody>\n<\/table>\n<table style=\"margin-left: auto; margin-right: auto; text-align: center;\" cellspacing=\"0\" cellpadding=\"0\" align=\"center\">\n<tbody>\n<tr>\n<td style=\"text-align: center;\"><a style=\"margin-left: auto; margin-right: auto;\" href=\"https:\/\/i0.wp.com\/4.bp.blogspot.com\/-OlhznOQxH4g\/VyvFya1_gSI\/AAAAAAAAQsI\/UAk54TacUsYPlqP2gPNxdEEkzZBvusAcwCLcB\/s1600\/fotos%2Bde%2Bgravida%2Bem%2Bparques.jpg?ssl=1\"><img data-recalc-dims=\"1\" loading=\"lazy\" decoding=\"async\" title=\"fotos de gravida em parques\" src=\"https:\/\/i0.wp.com\/4.bp.blogspot.com\/-OlhznOQxH4g\/VyvFya1_gSI\/AAAAAAAAQsI\/UAk54TacUsYPlqP2gPNxdEEkzZBvusAcwCLcB\/s640\/fotos%2Bde%2Bgravida%2Bem%2Bparques.jpg?resize=640%2C426&#038;ssl=1\" alt=\"fotos de gravida em parques\" width=\"640\" height=\"426\" border=\"0\" \/><\/a><\/td>\n<\/tr>\n<tr>\n<td style=\"text-align: center;\">fotos de gravida em parques<\/td>\n<\/tr>\n<\/tbody>\n<\/table>\n<table style=\"margin-left: auto; margin-right: auto; text-align: center;\" cellspacing=\"0\" cellpadding=\"0\" align=\"center\">\n<tbody>\n<tr>\n<td style=\"text-align: center;\"><a style=\"margin-left: auto; margin-right: auto;\" href=\"https:\/\/i0.wp.com\/1.bp.blogspot.com\/-LwIKDCYOYKo\/VyvF1By3C5I\/AAAAAAAAQsQ\/quNCDaCAT_YglYyyUSYiQSqLi8YrVvpwwCLcB\/s1600\/fotos%2Bde%2Bgravidas%2Bexternas.jpg?ssl=1\"><img data-recalc-dims=\"1\" loading=\"lazy\" decoding=\"async\" title=\"fotos de gravidas externas\" src=\"https:\/\/i0.wp.com\/1.bp.blogspot.com\/-LwIKDCYOYKo\/VyvF1By3C5I\/AAAAAAAAQsQ\/quNCDaCAT_YglYyyUSYiQSqLi8YrVvpwwCLcB\/s640\/fotos%2Bde%2Bgravidas%2Bexternas.jpg?resize=640%2C424&#038;ssl=1\" alt=\"fotos de gravidas externas\" width=\"640\" height=\"424\" border=\"0\" \/><\/a><\/td>\n<\/tr>\n<tr>\n<td style=\"text-align: center;\">fotos de gravidas externas<\/td>\n<\/tr>\n<\/tbody>\n<\/table>\n<table style=\"margin-left: auto; margin-right: auto; text-align: center;\" cellspacing=\"0\" cellpadding=\"0\" align=\"center\">\n<tbody>\n<tr>\n<td style=\"text-align: center;\"><a style=\"margin-left: auto; margin-right: auto;\" href=\"https:\/\/i0.wp.com\/3.bp.blogspot.com\/-3Pu7Eq2EIuQ\/VyvFym8FV4I\/AAAAAAAAQsM\/EHCjssBvrS0e60SE8VIpKKAyd8rY8imdwCLcB\/s1600\/fotos%2Bde%2Bgravidas.jpg?ssl=1\"><img data-recalc-dims=\"1\" loading=\"lazy\" decoding=\"async\" title=\"fotos de gravidas\" src=\"https:\/\/i0.wp.com\/3.bp.blogspot.com\/-3Pu7Eq2EIuQ\/VyvFym8FV4I\/AAAAAAAAQsM\/EHCjssBvrS0e60SE8VIpKKAyd8rY8imdwCLcB\/s640\/fotos%2Bde%2Bgravidas.jpg?resize=426%2C640&#038;ssl=1\" alt=\"fotos de gravidas\" width=\"426\" height=\"640\" border=\"0\" \/><\/a><\/td>\n<\/tr>\n<tr>\n<td style=\"text-align: center;\">fotos de gravidas<\/td>\n<\/tr>\n<\/tbody>\n<\/table>\n<table style=\"margin-left: auto; margin-right: auto; text-align: center;\" cellspacing=\"0\" cellpadding=\"0\" align=\"center\">\n<tbody>\n<tr>\n<td style=\"text-align: center;\"><a style=\"margin-left: auto; margin-right: auto;\" href=\"https:\/\/i0.wp.com\/4.bp.blogspot.com\/-TP4ZBUE3YK4\/VyvF_nl5vaI\/AAAAAAAAQsY\/Q7NfhO2SZWM96B7jER9XuGO1J40Mk3SbACLcB\/s1600\/fotos%2Bde%2Bmamaes%2Bem%2Bparques.jpg?ssl=1\"><img data-recalc-dims=\"1\" loading=\"lazy\" decoding=\"async\" title=\"fotos de mamaes em parques\" src=\"https:\/\/i0.wp.com\/4.bp.blogspot.com\/-TP4ZBUE3YK4\/VyvF_nl5vaI\/AAAAAAAAQsY\/Q7NfhO2SZWM96B7jER9XuGO1J40Mk3SbACLcB\/s640\/fotos%2Bde%2Bmamaes%2Bem%2Bparques.jpg?resize=426%2C640&#038;ssl=1\" alt=\"fotos de mamaes em parques\" width=\"426\" height=\"640\" border=\"0\" \/><\/a><\/td>\n<\/tr>\n<tr>\n<td style=\"text-align: center;\">fotos de mamaes em parques<\/td>\n<\/tr>\n<\/tbody>\n<\/table>\n<table style=\"margin-left: auto; margin-right: auto; text-align: center;\" cellspacing=\"0\" cellpadding=\"0\" align=\"center\">\n<tbody>\n<tr>\n<td style=\"text-align: center;\"><a style=\"margin-left: auto; margin-right: auto;\" href=\"https:\/\/i0.wp.com\/4.bp.blogspot.com\/-gkK_GGCwyos\/VyvGCHLOIZI\/AAAAAAAAQsg\/iERZ74W2JvgXsSijmSpznu0YYwNZrDlqgCLcB\/s1600\/fotos%2Bpara%2Bgravidas%2Bem%2Bparques.jpg?ssl=1\"><img data-recalc-dims=\"1\" loading=\"lazy\" decoding=\"async\" title=\"fotos para gravidas em parques\" src=\"https:\/\/i0.wp.com\/4.bp.blogspot.com\/-gkK_GGCwyos\/VyvGCHLOIZI\/AAAAAAAAQsg\/iERZ74W2JvgXsSijmSpznu0YYwNZrDlqgCLcB\/s640\/fotos%2Bpara%2Bgravidas%2Bem%2Bparques.jpg?resize=426%2C640&#038;ssl=1\" alt=\"fotos para gravidas em parques\" width=\"426\" height=\"640\" border=\"0\" \/><\/a><\/td>\n<\/tr>\n<tr>\n<td style=\"text-align: center;\">fotos para gravidas em parques<\/td>\n<\/tr>\n<\/tbody>\n<\/table>\n<table style=\"margin-left: auto; margin-right: auto; text-align: center;\" cellspacing=\"0\" cellpadding=\"0\" align=\"center\">\n<tbody>\n<tr>\n<td style=\"text-align: center;\"><a style=\"margin-left: auto; margin-right: auto;\" href=\"https:\/\/i0.wp.com\/1.bp.blogspot.com\/-jiaeA7JMZgE\/VyvGAS7gO-I\/AAAAAAAAQsc\/PKw8Lxlaox4udPkSFuoWMBUsVP0LBsv_wCLcB\/s1600\/fotos%2Bpara%2Bgravidas.jpg?ssl=1\"><img data-recalc-dims=\"1\" loading=\"lazy\" decoding=\"async\" title=\"fotos para gravidas\" src=\"https:\/\/i0.wp.com\/1.bp.blogspot.com\/-jiaeA7JMZgE\/VyvGAS7gO-I\/AAAAAAAAQsc\/PKw8Lxlaox4udPkSFuoWMBUsVP0LBsv_wCLcB\/s640\/fotos%2Bpara%2Bgravidas.jpg?resize=426%2C640&#038;ssl=1\" alt=\"fotos para gravidas\" width=\"426\" height=\"640\" border=\"0\" \/><\/a><\/td>\n<\/tr>\n<tr>\n<td style=\"text-align: center;\">fotos para gravidas<\/td>\n<\/tr>\n<\/tbody>\n<\/table>\n<table style=\"margin-left: auto; margin-right: auto; text-align: center;\" cellspacing=\"0\" cellpadding=\"0\" align=\"center\">\n<tbody>\n<tr>\n<td style=\"text-align: center;\"><a style=\"margin-left: auto; margin-right: auto;\" href=\"https:\/\/i0.wp.com\/4.bp.blogspot.com\/-MqinjXVh7w4\/VyvGKEUU8eI\/AAAAAAAAQso\/m-izpg6fn-k-jkZDPKZMWZCTSN4Xf1zLwCLcB\/s1600\/ideias%2Bde%2Bfotos%2Bcriativas%2Bgravidas.jpg?ssl=1\"><img data-recalc-dims=\"1\" loading=\"lazy\" decoding=\"async\" title=\"ideias de fotos criativas gravidas\" src=\"https:\/\/i0.wp.com\/4.bp.blogspot.com\/-MqinjXVh7w4\/VyvGKEUU8eI\/AAAAAAAAQso\/m-izpg6fn-k-jkZDPKZMWZCTSN4Xf1zLwCLcB\/s640\/ideias%2Bde%2Bfotos%2Bcriativas%2Bgravidas.jpg?resize=426%2C640&#038;ssl=1\" alt=\"ideias de fotos criativas gravidas\" width=\"426\" height=\"640\" border=\"0\" \/><\/a><\/td>\n<\/tr>\n<tr>\n<td style=\"text-align: center;\">ideias de fotos criativas gravidas<\/td>\n<\/tr>\n<\/tbody>\n<\/table>\n<table style=\"margin-left: auto; margin-right: auto; text-align: center;\" cellspacing=\"0\" cellpadding=\"0\" align=\"center\">\n<tbody>\n<tr>\n<td style=\"text-align: center;\"><a style=\"margin-left: auto; margin-right: auto;\" href=\"https:\/\/i0.wp.com\/1.bp.blogspot.com\/-5sMr-7THezY\/VyvGNRgPdKI\/AAAAAAAAQss\/qOYN9a1CLlw4Oi1V1uGKQtqm2TThOIHXgCLcB\/s1600\/ideias%2Bpara%2Bsess%25C3%25A3o%2Bde%2Bfotos%2Bgestante.jpg?ssl=1\"><img data-recalc-dims=\"1\" loading=\"lazy\" decoding=\"async\" title=\"ideias para sess\u00e3o de fotos gestante\" src=\"https:\/\/i0.wp.com\/1.bp.blogspot.com\/-5sMr-7THezY\/VyvGNRgPdKI\/AAAAAAAAQss\/qOYN9a1CLlw4Oi1V1uGKQtqm2TThOIHXgCLcB\/s640\/ideias%2Bpara%2Bsess%25C3%25A3o%2Bde%2Bfotos%2Bgestante.jpg?resize=426%2C640&#038;ssl=1\" alt=\"ideias para sess\u00e3o de fotos gestante\" width=\"426\" height=\"640\" border=\"0\" \/><\/a><\/td>\n<\/tr>\n<tr>\n<td style=\"text-align: center;\">ideias para sess\u00e3o de fotos gestante<\/td>\n<\/tr>\n<\/tbody>\n<\/table>\n<table style=\"margin-left: auto; margin-right: auto; text-align: center;\" cellspacing=\"0\" cellpadding=\"0\" align=\"center\">\n<tbody>\n<tr>\n<td style=\"text-align: center;\"><a style=\"margin-left: auto; margin-right: auto;\" href=\"https:\/\/i0.wp.com\/3.bp.blogspot.com\/-qL79nexjUYs\/VyvGQsJcjFI\/AAAAAAAAQsw\/eHEaplM7mI8IsQZSJKcJqVs-hE8e_GA9ACLcB\/s1600\/melhores%2Bfotografias%2Bde%2Bgravidas.jpg?ssl=1\"><img data-recalc-dims=\"1\" loading=\"lazy\" decoding=\"async\" title=\"melhores fotografias de gravidas\" src=\"https:\/\/i0.wp.com\/3.bp.blogspot.com\/-qL79nexjUYs\/VyvGQsJcjFI\/AAAAAAAAQsw\/eHEaplM7mI8IsQZSJKcJqVs-hE8e_GA9ACLcB\/s640\/melhores%2Bfotografias%2Bde%2Bgravidas.jpg?resize=426%2C640&#038;ssl=1\" alt=\"melhores fotografias de gravidas\" width=\"426\" height=\"640\" border=\"0\" \/><\/a><\/td>\n<\/tr>\n<tr>\n<td style=\"text-align: center;\">melhores fotografias de gravidas<\/td>\n<\/tr>\n<\/tbody>\n<\/table>\n<table style=\"margin-left: auto; margin-right: auto; text-align: center;\" cellspacing=\"0\" cellpadding=\"0\" align=\"center\">\n<tbody>\n<tr>\n<td style=\"text-align: center;\"><a style=\"margin-left: auto; margin-right: auto;\" href=\"https:\/\/i0.wp.com\/1.bp.blogspot.com\/-fyPZjIFerx4\/VyvGVy2SM1I\/AAAAAAAAQs0\/lCIzAEk7hZsLV_xrpbD0tSXvsf9afR9zwCLcB\/s1600\/melhores%2Bfotografos%2Bbook%2Bgestante.jpg?ssl=1\"><img data-recalc-dims=\"1\" loading=\"lazy\" decoding=\"async\" title=\"melhores fotografos book gestante\" src=\"https:\/\/i0.wp.com\/1.bp.blogspot.com\/-fyPZjIFerx4\/VyvGVy2SM1I\/AAAAAAAAQs0\/lCIzAEk7hZsLV_xrpbD0tSXvsf9afR9zwCLcB\/s640\/melhores%2Bfotografos%2Bbook%2Bgestante.jpg?resize=426%2C640&#038;ssl=1\" alt=\"melhores fotografos book gestante\" width=\"426\" height=\"640\" border=\"0\" \/><\/a><\/td>\n<\/tr>\n<tr>\n<td style=\"text-align: center;\">melhores fotografos book gestante<\/td>\n<\/tr>\n<\/tbody>\n<\/table>\n<table style=\"margin-left: auto; margin-right: auto; text-align: center;\" cellspacing=\"0\" cellpadding=\"0\" align=\"center\">\n<tbody>\n<tr>\n<td style=\"text-align: center;\"><a style=\"margin-left: auto; margin-right: auto;\" href=\"https:\/\/i0.wp.com\/4.bp.blogspot.com\/-7HpixFRMtCg\/VyvGWAjjTDI\/AAAAAAAAQs4\/IuSbcFKBCcYC_jwtGpAk1FA9h0vjztAbwCLcB\/s1600\/melhores%2Bfotografos%2Bensaio%2Bde%2Bfotos%2Bgestante.jpg?ssl=1\"><img data-recalc-dims=\"1\" loading=\"lazy\" decoding=\"async\" title=\"melhores fotografos ensaio de fotos gestante\" src=\"https:\/\/i0.wp.com\/4.bp.blogspot.com\/-7HpixFRMtCg\/VyvGWAjjTDI\/AAAAAAAAQs4\/IuSbcFKBCcYC_jwtGpAk1FA9h0vjztAbwCLcB\/s640\/melhores%2Bfotografos%2Bensaio%2Bde%2Bfotos%2Bgestante.jpg?resize=640%2C426&#038;ssl=1\" alt=\"melhores fotografos ensaio de fotos gestante\" width=\"640\" height=\"426\" border=\"0\" \/><\/a><\/td>\n<\/tr>\n<tr>\n<td style=\"text-align: center;\">melhores fotografos ensaio de fotos gestante<\/td>\n<\/tr>\n<\/tbody>\n<\/table>\n<table style=\"margin-left: auto; margin-right: auto; text-align: center;\" cellspacing=\"0\" cellpadding=\"0\" align=\"center\">\n<tbody>\n<tr>\n<td style=\"text-align: center;\"><a style=\"margin-left: auto; margin-right: auto;\" href=\"https:\/\/i0.wp.com\/4.bp.blogspot.com\/-5neyzfas2Vg\/VyvGcVI3n0I\/AAAAAAAAQtA\/aLRQbI9RzmUWSGEF7BWqblqZN96PDDeywCLcB\/s1600\/sessoes%2Bde%2Bfotos%2Bgravidas.jpg?ssl=1\"><img data-recalc-dims=\"1\" loading=\"lazy\" decoding=\"async\" title=\"sessoes de fotos gravidas\" src=\"https:\/\/i0.wp.com\/4.bp.blogspot.com\/-5neyzfas2Vg\/VyvGcVI3n0I\/AAAAAAAAQtA\/aLRQbI9RzmUWSGEF7BWqblqZN96PDDeywCLcB\/s640\/sessoes%2Bde%2Bfotos%2Bgravidas.jpg?resize=640%2C426&#038;ssl=1\" alt=\"sessoes de fotos gravidas\" width=\"640\" height=\"426\" border=\"0\" \/><\/a><\/td>\n<\/tr>\n<tr>\n<td style=\"text-align: center;\">sessoes de fotos gravidas<\/td>\n<\/tr>\n<\/tbody>\n<\/table>\n<table style=\"margin-left: auto; margin-right: auto; text-align: center;\" cellspacing=\"0\" cellpadding=\"0\" align=\"center\">\n<tbody>\n<tr>\n<td style=\"text-align: center;\"><a style=\"margin-left: auto; margin-right: auto;\" href=\"https:\/\/i0.wp.com\/2.bp.blogspot.com\/-m8SOFK1xwDw\/VyvGdB95u4I\/AAAAAAAAQtE\/xk7Qm6lAmLk3_mqDRxeFj1bpLRq8XeNXQCLcB\/s1600\/sess%25C3%25B5es%2Bde%2Bfotos%2Bgestante%2Bem%2Bparques.jpg?ssl=1\"><img data-recalc-dims=\"1\" loading=\"lazy\" decoding=\"async\" title=\"sess\u00f5es de fotos gestante em parques\" src=\"https:\/\/i0.wp.com\/2.bp.blogspot.com\/-m8SOFK1xwDw\/VyvGdB95u4I\/AAAAAAAAQtE\/xk7Qm6lAmLk3_mqDRxeFj1bpLRq8XeNXQCLcB\/s640\/sess%25C3%25B5es%2Bde%2Bfotos%2Bgestante%2Bem%2Bparques.jpg?resize=426%2C640&#038;ssl=1\" alt=\"sess\u00f5es de fotos gestante em parques\" width=\"426\" height=\"640\" border=\"0\" \/><\/a><\/td>\n<\/tr>\n<tr>\n<td style=\"text-align: center;\">sess\u00f5es de fotos gestante em parques<\/td>\n<\/tr>\n<\/tbody>\n<\/table>\nVisite tamb\u00e9m nosso site: www.biancamachado.com.br\r\n(11) 97107-1018\r\n\r\nAtendemos as regi\u00f5es de S\u00e3o Paulo, Sorocaba, Ibi\u00fana, Piedade, Votorantim, Cotia, Itupeva, Jundia\u00ed, It\u00fa e Campinas","protected":false},"excerpt":{"rendered":"<p>Um ensaio de fotos ao ar livre em um parque pode ser uma \u00f3tima maneira de capturar a beleza e o encanto da gravidez. Aqui est\u00e3o algumas dicas para garantir que sua sess\u00e3o de fotos seja um sucesso:<\/p>\n","protected":false},"author":1,"featured_media":926,"comment_status":"open","ping_status":"open","sticky":false,"template":"","format":"standard","meta":{"_monsterinsights_skip_tracking":false,"_monsterinsights_sitenote_active":false,"_monsterinsights_sitenote_note":"","_monsterinsights_sitenote_category":0,"jetpack_post_was_ever_published":false,"_jetpack_newsletter_access":"","_jetpack_dont_email_post_to_subs":false,"_jetpack_newsletter_tier_id":0,"_jetpack_memberships_contains_paywalled_content":false,"_jetpack_memberships_contains_paid_content":false,"_joinchat":[],"footnotes":""},"categories":[292,285,1],"tags":[332,303,333,302,334,304,305],"class_list":["post-159","post","type-post","status-publish","format-standard","has-post-thumbnail","hentry","category-book-familia-estudio","category-book-gestante-externo","category-studio-bianca-machado","tag-book-familia-em-estudio","tag-book-fotografico-em-parques","tag-ensaio-de-fotos-com-criancas","tag-ensaio-gestante-externo","tag-fotografia-profissional-para-familias","tag-fotografias-de-gravida","tag-fotografos-de-gestante"],"yoast_head":"<!-- This site is optimized with the Yoast SEO plugin v27.4 - https:\/\/yoast.com\/product\/yoast-seo-wordpress\/ -->\n<title>Fotos de Gr\u00e1vida em Parques - STUDIO BIANCA MACHADO<\/title>\n<meta name=\"description\" content=\"Um ensaio de fotos ao ar livre em um parque pode ser uma \u00f3tima maneira de capturar a beleza e o encanto da gravidez. Aqui est\u00e3o algumas dicas para garantir que sua sess\u00e3o de fotos seja um sucesso:\" \/>\n<meta name=\"robots\" content=\"index, follow, max-snippet:-1, max-image-preview:large, max-video-preview:-1\" \/>\n<link rel=\"canonical\" href=\"https:\/\/biancamachado.com.br\/blog\/fotos-de-gravida-em-parques\/\" \/>\n<meta property=\"og:locale\" content=\"pt_BR\" \/>\n<meta property=\"og:type\" content=\"article\" \/>\n<meta property=\"og:title\" content=\"Fotos de Gr\u00e1vida em Parques - STUDIO BIANCA MACHADO\" \/>\n<meta property=\"og:description\" content=\"Um ensaio de fotos ao ar livre em um parque pode ser uma \u00f3tima maneira de capturar a beleza e o encanto da gravidez. Aqui est\u00e3o algumas dicas para garantir que sua sess\u00e3o de fotos seja um sucesso:\" \/>\n<meta property=\"og:url\" content=\"https:\/\/biancamachado.com.br\/blog\/fotos-de-gravida-em-parques\/\" \/>\n<meta property=\"og:site_name\" content=\"STUDIO BIANCA MACHADO\" \/>\n<meta property=\"article:publisher\" content=\"https:\/\/www.facebook.com\/Studiobiancamachado\/\" \/>\n<meta property=\"article:published_time\" content=\"2016-05-05T22:30:00+00:00\" \/>\n<meta property=\"article:modified_time\" content=\"2023-02-15T21:03:38+00:00\" \/>\n<meta property=\"og:image\" content=\"https:\/\/biancamachado.com.br\/blog\/wp-content\/uploads\/2016\/05\/Screenshot_120.png\" \/>\n\t<meta property=\"og:image:width\" content=\"624\" \/>\n\t<meta property=\"og:image:height\" content=\"417\" \/>\n\t<meta property=\"og:image:type\" content=\"image\/png\" \/>\n<meta name=\"author\" content=\"biancamachado\" \/>\n<meta name=\"twitter:card\" content=\"summary_large_image\" \/>\n<meta name=\"twitter:label1\" content=\"Escrito por\" \/>\n\t<meta name=\"twitter:data1\" content=\"biancamachado\" \/>\n\t<meta name=\"twitter:label2\" content=\"Est. tempo de leitura\" \/>\n\t<meta name=\"twitter:data2\" content=\"8 minutos\" \/>\n<script type=\"application\/ld+json\" class=\"yoast-schema-graph\">{\"@context\":\"https:\\\/\\\/schema.org\",\"@graph\":[{\"@type\":\"Article\",\"@id\":\"https:\\\/\\\/biancamachado.com.br\\\/blog\\\/fotos-de-gravida-em-parques\\\/#article\",\"isPartOf\":{\"@id\":\"https:\\\/\\\/biancamachado.com.br\\\/blog\\\/fotos-de-gravida-em-parques\\\/\"},\"author\":{\"name\":\"biancamachado\",\"@id\":\"https:\\\/\\\/biancamachado.com.br\\\/blog\\\/#\\\/schema\\\/person\\\/990263800ec5e9bdbbf092a2353550a1\"},\"headline\":\"Fotos de Gr\u00e1vida em Parques\",\"datePublished\":\"2016-05-05T22:30:00+00:00\",\"dateModified\":\"2023-02-15T21:03:38+00:00\",\"mainEntityOfPage\":{\"@id\":\"https:\\\/\\\/biancamachado.com.br\\\/blog\\\/fotos-de-gravida-em-parques\\\/\"},\"wordCount\":365,\"commentCount\":0,\"publisher\":{\"@id\":\"https:\\\/\\\/biancamachado.com.br\\\/blog\\\/#organization\"},\"image\":{\"@id\":\"https:\\\/\\\/biancamachado.com.br\\\/blog\\\/fotos-de-gravida-em-parques\\\/#primaryimage\"},\"thumbnailUrl\":\"https:\\\/\\\/i0.wp.com\\\/biancamachado.com.br\\\/blog\\\/wp-content\\\/uploads\\\/2016\\\/05\\\/Screenshot_120.png?fit=624%2C417&ssl=1\",\"keywords\":[\"Book familia em estudio\",\"book fotografico em parques\",\"ensaio de fotos com crian\u00e7as\",\"ensaio gestante externo\",\"fotografia profissional para familias\",\"fotografias de gravida\",\"fotografos de gestante\"],\"articleSection\":[\"Book Familia Estudio\",\"Book Gestante Externo\",\"Studio Bianca Machado\"],\"inLanguage\":\"pt-BR\",\"potentialAction\":[{\"@type\":\"CommentAction\",\"name\":\"Comment\",\"target\":[\"https:\\\/\\\/biancamachado.com.br\\\/blog\\\/fotos-de-gravida-em-parques\\\/#respond\"]}]},{\"@type\":\"WebPage\",\"@id\":\"https:\\\/\\\/biancamachado.com.br\\\/blog\\\/fotos-de-gravida-em-parques\\\/\",\"url\":\"https:\\\/\\\/biancamachado.com.br\\\/blog\\\/fotos-de-gravida-em-parques\\\/\",\"name\":\"Fotos de Gr\u00e1vida em Parques - STUDIO BIANCA MACHADO\",\"isPartOf\":{\"@id\":\"https:\\\/\\\/biancamachado.com.br\\\/blog\\\/#website\"},\"primaryImageOfPage\":{\"@id\":\"https:\\\/\\\/biancamachado.com.br\\\/blog\\\/fotos-de-gravida-em-parques\\\/#primaryimage\"},\"image\":{\"@id\":\"https:\\\/\\\/biancamachado.com.br\\\/blog\\\/fotos-de-gravida-em-parques\\\/#primaryimage\"},\"thumbnailUrl\":\"https:\\\/\\\/i0.wp.com\\\/biancamachado.com.br\\\/blog\\\/wp-content\\\/uploads\\\/2016\\\/05\\\/Screenshot_120.png?fit=624%2C417&ssl=1\",\"datePublished\":\"2016-05-05T22:30:00+00:00\",\"dateModified\":\"2023-02-15T21:03:38+00:00\",\"description\":\"Um ensaio de fotos ao ar livre em um parque pode ser uma \u00f3tima maneira de capturar a beleza e o encanto da gravidez. Aqui est\u00e3o algumas dicas para garantir que sua sess\u00e3o de fotos seja um sucesso:\",\"breadcrumb\":{\"@id\":\"https:\\\/\\\/biancamachado.com.br\\\/blog\\\/fotos-de-gravida-em-parques\\\/#breadcrumb\"},\"inLanguage\":\"pt-BR\",\"potentialAction\":[{\"@type\":\"ReadAction\",\"target\":[\"https:\\\/\\\/biancamachado.com.br\\\/blog\\\/fotos-de-gravida-em-parques\\\/\"]}]},{\"@type\":\"ImageObject\",\"inLanguage\":\"pt-BR\",\"@id\":\"https:\\\/\\\/biancamachado.com.br\\\/blog\\\/fotos-de-gravida-em-parques\\\/#primaryimage\",\"url\":\"https:\\\/\\\/i0.wp.com\\\/biancamachado.com.br\\\/blog\\\/wp-content\\\/uploads\\\/2016\\\/05\\\/Screenshot_120.png?fit=624%2C417&ssl=1\",\"contentUrl\":\"https:\\\/\\\/i0.wp.com\\\/biancamachado.com.br\\\/blog\\\/wp-content\\\/uploads\\\/2016\\\/05\\\/Screenshot_120.png?fit=624%2C417&ssl=1\",\"width\":624,\"height\":417,\"caption\":\"Fotos de Gr\u00e1vida em Parques\"},{\"@type\":\"BreadcrumbList\",\"@id\":\"https:\\\/\\\/biancamachado.com.br\\\/blog\\\/fotos-de-gravida-em-parques\\\/#breadcrumb\",\"itemListElement\":[{\"@type\":\"ListItem\",\"position\":1,\"name\":\"In\u00edcio\",\"item\":\"https:\\\/\\\/biancamachado.com.br\\\/blog\\\/\"},{\"@type\":\"ListItem\",\"position\":2,\"name\":\"Fotos de Gr\u00e1vida em Parques\"}]},{\"@type\":\"WebSite\",\"@id\":\"https:\\\/\\\/biancamachado.com.br\\\/blog\\\/#website\",\"url\":\"https:\\\/\\\/biancamachado.com.br\\\/blog\\\/\",\"name\":\"STUDIO BIANCA MACHADO\",\"description\":\"Estudio Fotografico, Ensaios e Books de foto profissional\",\"publisher\":{\"@id\":\"https:\\\/\\\/biancamachado.com.br\\\/blog\\\/#organization\"},\"potentialAction\":[{\"@type\":\"SearchAction\",\"target\":{\"@type\":\"EntryPoint\",\"urlTemplate\":\"https:\\\/\\\/biancamachado.com.br\\\/blog\\\/?s={search_term_string}\"},\"query-input\":{\"@type\":\"PropertyValueSpecification\",\"valueRequired\":true,\"valueName\":\"search_term_string\"}}],\"inLanguage\":\"pt-BR\"},{\"@type\":\"Organization\",\"@id\":\"https:\\\/\\\/biancamachado.com.br\\\/blog\\\/#organization\",\"name\":\"STUDIO BIANCA MACHADO\",\"url\":\"https:\\\/\\\/biancamachado.com.br\\\/blog\\\/\",\"logo\":{\"@type\":\"ImageObject\",\"inLanguage\":\"pt-BR\",\"@id\":\"https:\\\/\\\/biancamachado.com.br\\\/blog\\\/#\\\/schema\\\/logo\\\/image\\\/\",\"url\":\"https:\\\/\\\/i0.wp.com\\\/biancamachado.com.br\\\/blog\\\/wp-content\\\/uploads\\\/2021\\\/02\\\/cropped-logo-ml.jpg?fit=278%2C100&ssl=1\",\"contentUrl\":\"https:\\\/\\\/i0.wp.com\\\/biancamachado.com.br\\\/blog\\\/wp-content\\\/uploads\\\/2021\\\/02\\\/cropped-logo-ml.jpg?fit=278%2C100&ssl=1\",\"width\":278,\"height\":100,\"caption\":\"STUDIO BIANCA MACHADO\"},\"image\":{\"@id\":\"https:\\\/\\\/biancamachado.com.br\\\/blog\\\/#\\\/schema\\\/logo\\\/image\\\/\"},\"sameAs\":[\"https:\\\/\\\/www.facebook.com\\\/Studiobiancamachado\\\/\",\"https:\\\/\\\/www.instagram.com\\\/Studiobiancamachado\\\/\"]},{\"@type\":\"Person\",\"@id\":\"https:\\\/\\\/biancamachado.com.br\\\/blog\\\/#\\\/schema\\\/person\\\/990263800ec5e9bdbbf092a2353550a1\",\"name\":\"biancamachado\",\"image\":{\"@type\":\"ImageObject\",\"inLanguage\":\"pt-BR\",\"@id\":\"https:\\\/\\\/secure.gravatar.com\\\/avatar\\\/62b1a50f2632dbc2e279c3eb55aa46cc324c969cff16a69c59756d155316542c?s=96&d=mm&r=g\",\"url\":\"https:\\\/\\\/secure.gravatar.com\\\/avatar\\\/62b1a50f2632dbc2e279c3eb55aa46cc324c969cff16a69c59756d155316542c?s=96&d=mm&r=g\",\"contentUrl\":\"https:\\\/\\\/secure.gravatar.com\\\/avatar\\\/62b1a50f2632dbc2e279c3eb55aa46cc324c969cff16a69c59756d155316542c?s=96&d=mm&r=g\",\"caption\":\"biancamachado\"},\"sameAs\":[\"https:\\\/\\\/biancamachado.com.br\\\/blog\"],\"url\":\"https:\\\/\\\/biancamachado.com.br\\\/blog\\\/author\\\/biancamachado\\\/\"}]}<\/script>\n<!-- \/ Yoast SEO plugin. -->","yoast_head_json":{"title":"Fotos de Gr\u00e1vida em Parques - STUDIO BIANCA MACHADO","description":"Um ensaio de fotos ao ar livre em um parque pode ser uma \u00f3tima maneira de capturar a beleza e o encanto da gravidez. Aqui est\u00e3o algumas dicas para garantir que sua sess\u00e3o de fotos seja um sucesso:","robots":{"index":"index","follow":"follow","max-snippet":"max-snippet:-1","max-image-preview":"max-image-preview:large","max-video-preview":"max-video-preview:-1"},"canonical":"https:\/\/biancamachado.com.br\/blog\/fotos-de-gravida-em-parques\/","og_locale":"pt_BR","og_type":"article","og_title":"Fotos de Gr\u00e1vida em Parques - STUDIO BIANCA MACHADO","og_description":"Um ensaio de fotos ao ar livre em um parque pode ser uma \u00f3tima maneira de capturar a beleza e o encanto da gravidez. Aqui est\u00e3o algumas dicas para garantir que sua sess\u00e3o de fotos seja um sucesso:","og_url":"https:\/\/biancamachado.com.br\/blog\/fotos-de-gravida-em-parques\/","og_site_name":"STUDIO BIANCA MACHADO","article_publisher":"https:\/\/www.facebook.com\/Studiobiancamachado\/","article_published_time":"2016-05-05T22:30:00+00:00","article_modified_time":"2023-02-15T21:03:38+00:00","og_image":[{"width":624,"height":417,"url":"https:\/\/biancamachado.com.br\/blog\/wp-content\/uploads\/2016\/05\/Screenshot_120.png","type":"image\/png"}],"author":"biancamachado","twitter_card":"summary_large_image","twitter_misc":{"Escrito por":"biancamachado","Est. tempo de leitura":"8 minutos"},"schema":{"@context":"https:\/\/schema.org","@graph":[{"@type":"Article","@id":"https:\/\/biancamachado.com.br\/blog\/fotos-de-gravida-em-parques\/#article","isPartOf":{"@id":"https:\/\/biancamachado.com.br\/blog\/fotos-de-gravida-em-parques\/"},"author":{"name":"biancamachado","@id":"https:\/\/biancamachado.com.br\/blog\/#\/schema\/person\/990263800ec5e9bdbbf092a2353550a1"},"headline":"Fotos de Gr\u00e1vida em Parques","datePublished":"2016-05-05T22:30:00+00:00","dateModified":"2023-02-15T21:03:38+00:00","mainEntityOfPage":{"@id":"https:\/\/biancamachado.com.br\/blog\/fotos-de-gravida-em-parques\/"},"wordCount":365,"commentCount":0,"publisher":{"@id":"https:\/\/biancamachado.com.br\/blog\/#organization"},"image":{"@id":"https:\/\/biancamachado.com.br\/blog\/fotos-de-gravida-em-parques\/#primaryimage"},"thumbnailUrl":"https:\/\/i0.wp.com\/biancamachado.com.br\/blog\/wp-content\/uploads\/2016\/05\/Screenshot_120.png?fit=624%2C417&ssl=1","keywords":["Book familia em estudio","book fotografico em parques","ensaio de fotos com crian\u00e7as","ensaio gestante externo","fotografia profissional para familias","fotografias de gravida","fotografos de gestante"],"articleSection":["Book Familia Estudio","Book Gestante Externo","Studio Bianca Machado"],"inLanguage":"pt-BR","potentialAction":[{"@type":"CommentAction","name":"Comment","target":["https:\/\/biancamachado.com.br\/blog\/fotos-de-gravida-em-parques\/#respond"]}]},{"@type":"WebPage","@id":"https:\/\/biancamachado.com.br\/blog\/fotos-de-gravida-em-parques\/","url":"https:\/\/biancamachado.com.br\/blog\/fotos-de-gravida-em-parques\/","name":"Fotos de Gr\u00e1vida em Parques - STUDIO BIANCA MACHADO","isPartOf":{"@id":"https:\/\/biancamachado.com.br\/blog\/#website"},"primaryImageOfPage":{"@id":"https:\/\/biancamachado.com.br\/blog\/fotos-de-gravida-em-parques\/#primaryimage"},"image":{"@id":"https:\/\/biancamachado.com.br\/blog\/fotos-de-gravida-em-parques\/#primaryimage"},"thumbnailUrl":"https:\/\/i0.wp.com\/biancamachado.com.br\/blog\/wp-content\/uploads\/2016\/05\/Screenshot_120.png?fit=624%2C417&ssl=1","datePublished":"2016-05-05T22:30:00+00:00","dateModified":"2023-02-15T21:03:38+00:00","description":"Um ensaio de fotos ao ar livre em um parque pode ser uma \u00f3tima maneira de capturar a beleza e o encanto da gravidez. Aqui est\u00e3o algumas dicas para garantir que sua sess\u00e3o de fotos seja um sucesso:","breadcrumb":{"@id":"https:\/\/biancamachado.com.br\/blog\/fotos-de-gravida-em-parques\/#breadcrumb"},"inLanguage":"pt-BR","potentialAction":[{"@type":"ReadAction","target":["https:\/\/biancamachado.com.br\/blog\/fotos-de-gravida-em-parques\/"]}]},{"@type":"ImageObject","inLanguage":"pt-BR","@id":"https:\/\/biancamachado.com.br\/blog\/fotos-de-gravida-em-parques\/#primaryimage","url":"https:\/\/i0.wp.com\/biancamachado.com.br\/blog\/wp-content\/uploads\/2016\/05\/Screenshot_120.png?fit=624%2C417&ssl=1","contentUrl":"https:\/\/i0.wp.com\/biancamachado.com.br\/blog\/wp-content\/uploads\/2016\/05\/Screenshot_120.png?fit=624%2C417&ssl=1","width":624,"height":417,"caption":"Fotos de Gr\u00e1vida em Parques"},{"@type":"BreadcrumbList","@id":"https:\/\/biancamachado.com.br\/blog\/fotos-de-gravida-em-parques\/#breadcrumb","itemListElement":[{"@type":"ListItem","position":1,"name":"In\u00edcio","item":"https:\/\/biancamachado.com.br\/blog\/"},{"@type":"ListItem","position":2,"name":"Fotos de Gr\u00e1vida em Parques"}]},{"@type":"WebSite","@id":"https:\/\/biancamachado.com.br\/blog\/#website","url":"https:\/\/biancamachado.com.br\/blog\/","name":"STUDIO BIANCA MACHADO","description":"Estudio Fotografico, Ensaios e Books de foto profissional","publisher":{"@id":"https:\/\/biancamachado.com.br\/blog\/#organization"},"potentialAction":[{"@type":"SearchAction","target":{"@type":"EntryPoint","urlTemplate":"https:\/\/biancamachado.com.br\/blog\/?s={search_term_string}"},"query-input":{"@type":"PropertyValueSpecification","valueRequired":true,"valueName":"search_term_string"}}],"inLanguage":"pt-BR"},{"@type":"Organization","@id":"https:\/\/biancamachado.com.br\/blog\/#organization","name":"STUDIO BIANCA MACHADO","url":"https:\/\/biancamachado.com.br\/blog\/","logo":{"@type":"ImageObject","inLanguage":"pt-BR","@id":"https:\/\/biancamachado.com.br\/blog\/#\/schema\/logo\/image\/","url":"https:\/\/i0.wp.com\/biancamachado.com.br\/blog\/wp-content\/uploads\/2021\/02\/cropped-logo-ml.jpg?fit=278%2C100&ssl=1","contentUrl":"https:\/\/i0.wp.com\/biancamachado.com.br\/blog\/wp-content\/uploads\/2021\/02\/cropped-logo-ml.jpg?fit=278%2C100&ssl=1","width":278,"height":100,"caption":"STUDIO BIANCA MACHADO"},"image":{"@id":"https:\/\/biancamachado.com.br\/blog\/#\/schema\/logo\/image\/"},"sameAs":["https:\/\/www.facebook.com\/Studiobiancamachado\/","https:\/\/www.instagram.com\/Studiobiancamachado\/"]},{"@type":"Person","@id":"https:\/\/biancamachado.com.br\/blog\/#\/schema\/person\/990263800ec5e9bdbbf092a2353550a1","name":"biancamachado","image":{"@type":"ImageObject","inLanguage":"pt-BR","@id":"https:\/\/secure.gravatar.com\/avatar\/62b1a50f2632dbc2e279c3eb55aa46cc324c969cff16a69c59756d155316542c?s=96&d=mm&r=g","url":"https:\/\/secure.gravatar.com\/avatar\/62b1a50f2632dbc2e279c3eb55aa46cc324c969cff16a69c59756d155316542c?s=96&d=mm&r=g","contentUrl":"https:\/\/secure.gravatar.com\/avatar\/62b1a50f2632dbc2e279c3eb55aa46cc324c969cff16a69c59756d155316542c?s=96&d=mm&r=g","caption":"biancamachado"},"sameAs":["https:\/\/biancamachado.com.br\/blog"],"url":"https:\/\/biancamachado.com.br\/blog\/author\/biancamachado\/"}]}},"jetpack_featured_media_url":"https:\/\/i0.wp.com\/biancamachado.com.br\/blog\/wp-content\/uploads\/2016\/05\/Screenshot_120.png?fit=624%2C417&ssl=1","jetpack-related-posts":[],"jetpack_sharing_enabled":true,"_links":{"self":[{"href":"https:\/\/biancamachado.com.br\/blog\/wp-json\/wp\/v2\/posts\/159","targetHints":{"allow":["GET"]}}],"collection":[{"href":"https:\/\/biancamachado.com.br\/blog\/wp-json\/wp\/v2\/posts"}],"about":[{"href":"https:\/\/biancamachado.com.br\/blog\/wp-json\/wp\/v2\/types\/post"}],"author":[{"embeddable":true,"href":"https:\/\/biancamachado.com.br\/blog\/wp-json\/wp\/v2\/users\/1"}],"replies":[{"embeddable":true,"href":"https:\/\/biancamachado.com.br\/blog\/wp-json\/wp\/v2\/comments?post=159"}],"version-history":[{"count":2,"href":"https:\/\/biancamachado.com.br\/blog\/wp-json\/wp\/v2\/posts\/159\/revisions"}],"predecessor-version":[{"id":3491,"href":"https:\/\/biancamachado.com.br\/blog\/wp-json\/wp\/v2\/posts\/159\/revisions\/3491"}],"wp:featuredmedia":[{"embeddable":true,"href":"https:\/\/biancamachado.com.br\/blog\/wp-json\/wp\/v2\/media\/926"}],"wp:attachment":[{"href":"https:\/\/biancamachado.com.br\/blog\/wp-json\/wp\/v2\/media?parent=159"}],"wp:term":[{"taxonomy":"category","embeddable":true,"href":"https:\/\/biancamachado.com.br\/blog\/wp-json\/wp\/v2\/categories?post=159"},{"taxonomy":"post_tag","embeddable":true,"href":"https:\/\/biancamachado.com.br\/blog\/wp-json\/wp\/v2\/tags?post=159"}],"curies":[{"name":"wp","href":"https:\/\/api.w.org\/{rel}","templated":true}]}}