{"id":146,"date":"2016-05-26T19:23:00","date_gmt":"2016-05-26T22:23:00","guid":{"rendered":"https:\/\/biancamachado.com.br\/blog\/?p=146"},"modified":"2023-02-15T17:41:54","modified_gmt":"2023-02-15T20:41:54","slug":"ensaio-de-fotografias-para-gravida-em-parques","status":"publish","type":"post","link":"https:\/\/biancamachado.com.br\/blog\/ensaio-de-fotografias-para-gravida-em-parques\/","title":{"rendered":"Ensaio de fotografias para gravida em parques"},"content":{"rendered":"<div style=\"text-align: justify;\">Eu sou apaixonada pelo sotaque carioca ! kkk<\/div>\n<div style=\"text-align: justify;\">Como \u00e9 gostoso conversar, descontrair e dar um passeio no Jardim Bot\u00e2nico fotografando um casal t\u00e3o calmo, t\u00e3o agradecido pelo bebezinho chegando.<\/div>\n<div style=\"text-align: justify;\">E n\u00e3o teve tempo feio n\u00e3o, at\u00e9 o sol abriu para a sess\u00e3o de fotos !<\/div>\n<div style=\"text-align: justify;\">Segue um pouquinho do resultado das fotos:<\/div>\n<table style=\"margin-left: auto; margin-right: auto; text-align: center;\" cellspacing=\"0\" cellpadding=\"0\" align=\"center\">\n<tbody>\n<tr>\n<td style=\"text-align: center;\"><a style=\"margin-left: auto; margin-right: auto;\" href=\"https:\/\/i0.wp.com\/1.bp.blogspot.com\/-SM2KIB_BR9g\/V0d2qJ0yWQI\/AAAAAAAAQ2M\/7EnRuFJ7VG4sCkZ0bXCb5CaIWujzVm3mwCLcB\/s1600\/ensaios%2Bde%2Bfotos%2Bpara%2Bgravidas.jpg?ssl=1\"><img data-recalc-dims=\"1\" loading=\"lazy\" decoding=\"async\" title=\"ensaios de fotos para gravidas\" src=\"https:\/\/i0.wp.com\/1.bp.blogspot.com\/-SM2KIB_BR9g\/V0d2qJ0yWQI\/AAAAAAAAQ2M\/7EnRuFJ7VG4sCkZ0bXCb5CaIWujzVm3mwCLcB\/s640\/ensaios%2Bde%2Bfotos%2Bpara%2Bgravidas.jpg?resize=426%2C640&#038;ssl=1\" alt=\"ensaios de fotos para gravidas\" width=\"426\" height=\"640\" border=\"0\" \/><\/a><\/td>\n<\/tr>\n<tr>\n<td style=\"text-align: center;\">ensaios de fotos para gravidas<\/td>\n<\/tr>\n<\/tbody>\n<\/table>\n<p>O Jardim Bot\u00e2nico de S\u00e3o Paulo \u00e9 um lugar incr\u00edvel para registrar o ensaio de fotos de uma gestante. Com sua beleza natural e paisagens deslumbrantes, o Jardim Bot\u00e2nico \u00e9 o cen\u00e1rio perfeito para criar fotos \u00fanicas e especiais. Eu, Bianca Machado, sou uma fot\u00f3grafa especializada em fotografia de gestantes e gostaria de compartilhar algumas dicas para o ensaio de fotos gestante no Jardim Bot\u00e2nico de S\u00e3o Paulo.<\/p>\n<ol>\n<li>Escolha o hor\u00e1rio certo: O hor\u00e1rio ideal para o ensaio de fotos no Jardim Bot\u00e2nico \u00e9 ao nascer ou ao p\u00f4r do sol, quando a luz \u00e9 mais suave e dourada.<\/li>\n<li>Escolha o local certo: O Jardim Bot\u00e2nico \u00e9 grande e possui v\u00e1rios jardins e paisagens diferentes, escolha o local que melhor se adapte ao seu estilo e ao seu gosto pessoal.<\/li>\n<li>Leve roupas confort\u00e1veis: O Jardim Bot\u00e2nico \u00e9 um lugar grande e voc\u00ea pode precisar caminhar muito, por isso \u00e9 importante levar roupas confort\u00e1veis e sapatos adequados.<\/li>\n<li>N\u00e3o se esque\u00e7a dos acess\u00f3rios: Adicione alguns acess\u00f3rios, como flores ou chap\u00e9us, ao cen\u00e1rio para dar um toque extra de beleza e personalidade \u00e0s suas fotos.<\/li>\n<\/ol>\n<p>Em resumo, o Jardim Bot\u00e2nico de S\u00e3o Paulo \u00e9 um lugar incr\u00edvel para registrar o ensaio de fotos de uma gestante e eu, Bianca Machado, estou aqui para oferecer meus servi\u00e7os de fotografia para ajudar minhas clientes a capturar esses momentos \u00fanicos.<\/p>\n<table style=\"margin-left: auto; margin-right: auto; text-align: center;\" cellspacing=\"0\" cellpadding=\"0\" align=\"center\">\n<tbody>\n<tr>\n<td style=\"text-align: center;\"><a style=\"margin-left: auto; margin-right: auto;\" href=\"https:\/\/i0.wp.com\/3.bp.blogspot.com\/-i93lJFOyx0M\/V0d2qr33bkI\/AAAAAAAAQ2Q\/cVGdWgnmvIYL6sid7qjT-acTX5oJGuJ2wCLcB\/s1600\/fotografias%2Bde%2Bgestante%2Bem%2Bparques.jpg?ssl=1\"><img data-recalc-dims=\"1\" loading=\"lazy\" decoding=\"async\" title=\"fotografias de gestante em parques\" src=\"https:\/\/i0.wp.com\/3.bp.blogspot.com\/-i93lJFOyx0M\/V0d2qr33bkI\/AAAAAAAAQ2Q\/cVGdWgnmvIYL6sid7qjT-acTX5oJGuJ2wCLcB\/s640\/fotografias%2Bde%2Bgestante%2Bem%2Bparques.jpg?resize=426%2C640&#038;ssl=1\" alt=\"fotografias de gestante em parques\" width=\"426\" height=\"640\" border=\"0\" \/><\/a><\/td>\n<\/tr>\n<tr>\n<td style=\"text-align: center;\">fotografias de gestante em parques<\/td>\n<\/tr>\n<\/tbody>\n<\/table>\n<table style=\"margin-left: auto; margin-right: auto; text-align: center;\" cellspacing=\"0\" cellpadding=\"0\" align=\"center\">\n<tbody>\n<tr>\n<td style=\"text-align: center;\"><a style=\"margin-left: auto; margin-right: auto;\" href=\"https:\/\/i0.wp.com\/3.bp.blogspot.com\/-Aj819Ak_lMw\/V0d2sLjvmLI\/AAAAAAAAQ2Y\/-lDi3U9_itAbYORL5GDe9tng-9QPoRj4wCLcB\/s1600\/fotografias%2Bem%2Bparques%2Bpara%2Bgestante.jpg?ssl=1\"><img data-recalc-dims=\"1\" loading=\"lazy\" decoding=\"async\" title=\"fotografias em parques para gestante\" src=\"https:\/\/i0.wp.com\/3.bp.blogspot.com\/-Aj819Ak_lMw\/V0d2sLjvmLI\/AAAAAAAAQ2Y\/-lDi3U9_itAbYORL5GDe9tng-9QPoRj4wCLcB\/s640\/fotografias%2Bem%2Bparques%2Bpara%2Bgestante.jpg?resize=640%2C426&#038;ssl=1\" alt=\"fotografias em parques para gestante\" width=\"640\" height=\"426\" border=\"0\" \/><\/a><\/td>\n<\/tr>\n<tr>\n<td style=\"text-align: center;\">fotografias em parques para gestante<\/td>\n<\/tr>\n<\/tbody>\n<\/table>\n<table style=\"margin-left: auto; margin-right: auto; text-align: center;\" cellspacing=\"0\" cellpadding=\"0\" align=\"center\">\n<tbody>\n<tr>\n<td style=\"text-align: center;\"><a style=\"margin-left: auto; margin-right: auto;\" href=\"https:\/\/i0.wp.com\/3.bp.blogspot.com\/--Eat1sMVEU4\/V0d2tdemb0I\/AAAAAAAAQ2g\/hvDTDrK6z_8Y-PMZIm-DOdnvGqjVRbEzQCLcB\/s1600\/fotos%2Bao%2Bar%2Blivre%2Bpara%2Bgravidas.jpg?ssl=1\"><img data-recalc-dims=\"1\" loading=\"lazy\" decoding=\"async\" title=\"fotos ao ar livre para gravidas\" src=\"https:\/\/i0.wp.com\/3.bp.blogspot.com\/--Eat1sMVEU4\/V0d2tdemb0I\/AAAAAAAAQ2g\/hvDTDrK6z_8Y-PMZIm-DOdnvGqjVRbEzQCLcB\/s640\/fotos%2Bao%2Bar%2Blivre%2Bpara%2Bgravidas.jpg?resize=426%2C640&#038;ssl=1\" alt=\"fotos ao ar livre para gravidas\" width=\"426\" height=\"640\" border=\"0\" \/><\/a><\/td>\n<\/tr>\n<tr>\n<td style=\"text-align: center;\">fotos ao ar livre para gravidas<\/td>\n<\/tr>\n<\/tbody>\n<\/table>\n<table style=\"margin-left: auto; margin-right: auto; text-align: center;\" cellspacing=\"0\" cellpadding=\"0\" align=\"center\">\n<tbody>\n<tr>\n<td style=\"text-align: center;\"><a style=\"margin-left: auto; margin-right: auto;\" href=\"https:\/\/i0.wp.com\/4.bp.blogspot.com\/-jSTeXYD3Kbw\/V0d2tFwQktI\/AAAAAAAAQ2c\/nvzMvPOVm1UqdQJUkSwOOvSdNrbwTvtrACLcB\/s1600\/fotos%2Blindas%2Bde%2Bgestante%2Bao%2Bar%2Blivre.jpg?ssl=1\"><img data-recalc-dims=\"1\" loading=\"lazy\" decoding=\"async\" title=\"fotos lindas de gestante ao ar livre\" src=\"https:\/\/i0.wp.com\/4.bp.blogspot.com\/-jSTeXYD3Kbw\/V0d2tFwQktI\/AAAAAAAAQ2c\/nvzMvPOVm1UqdQJUkSwOOvSdNrbwTvtrACLcB\/s640\/fotos%2Blindas%2Bde%2Bgestante%2Bao%2Bar%2Blivre.jpg?resize=640%2C426&#038;ssl=1\" alt=\"fotos lindas de gestante ao ar livre\" width=\"640\" height=\"426\" border=\"0\" \/><\/a><\/td>\n<\/tr>\n<tr>\n<td style=\"text-align: center;\">fotos lindas de gestante ao ar livre<\/td>\n<\/tr>\n<\/tbody>\n<\/table>\n<table style=\"margin-left: auto; margin-right: auto; text-align: center;\" cellspacing=\"0\" cellpadding=\"0\" align=\"center\">\n<tbody>\n<tr>\n<td style=\"text-align: center;\"><a style=\"margin-left: auto; margin-right: auto;\" href=\"https:\/\/i0.wp.com\/1.bp.blogspot.com\/-Ma6HjmLFXSc\/V0d2u8JHKCI\/AAAAAAAAQ2k\/WPTsUFIv7_cp3UzSnAJrH-xNcilHR8SLgCLcB\/s1600\/id%25C3%25A9ias%2Bde%2Bfotos%2Bem%2Bparques%2Bpara%2Bgestantes.jpg?ssl=1\"><img data-recalc-dims=\"1\" loading=\"lazy\" decoding=\"async\" title=\"id\u00e9ias de fotos em parques para gestantes\" src=\"https:\/\/i0.wp.com\/1.bp.blogspot.com\/-Ma6HjmLFXSc\/V0d2u8JHKCI\/AAAAAAAAQ2k\/WPTsUFIv7_cp3UzSnAJrH-xNcilHR8SLgCLcB\/s640\/id%25C3%25A9ias%2Bde%2Bfotos%2Bem%2Bparques%2Bpara%2Bgestantes.jpg?resize=640%2C426&#038;ssl=1\" alt=\"id\u00e9ias de fotos em parques para gestantes\" width=\"640\" height=\"426\" border=\"0\" \/><\/a><\/td>\n<\/tr>\n<tr>\n<td style=\"text-align: center;\">id\u00e9ias de fotos em parques para gestantes<\/td>\n<\/tr>\n<\/tbody>\n<\/table>\n<table style=\"margin-left: auto; margin-right: auto; text-align: center;\" cellspacing=\"0\" cellpadding=\"0\" align=\"center\">\n<tbody>\n<tr>\n<td style=\"text-align: center;\"><a style=\"margin-left: auto; margin-right: auto;\" href=\"https:\/\/i0.wp.com\/2.bp.blogspot.com\/-LnEHin6FnLo\/V0d2v7Zn1gI\/AAAAAAAAQ2o\/MhW8dIpaH9o6gK4qIUmxTOavr1Oh4CWEQCLcB\/s1600\/melhores%2Bfotos%2Bda%2Bgravidez%2Bao%2Bar%2Blivre.jpg?ssl=1\"><img data-recalc-dims=\"1\" loading=\"lazy\" decoding=\"async\" title=\"melhores fotos da gravidez ao ar livre\" src=\"https:\/\/i0.wp.com\/2.bp.blogspot.com\/-LnEHin6FnLo\/V0d2v7Zn1gI\/AAAAAAAAQ2o\/MhW8dIpaH9o6gK4qIUmxTOavr1Oh4CWEQCLcB\/s640\/melhores%2Bfotos%2Bda%2Bgravidez%2Bao%2Bar%2Blivre.jpg?resize=426%2C640&#038;ssl=1\" alt=\"melhores fotos da gravidez ao ar livre\" width=\"426\" height=\"640\" border=\"0\" \/><\/a><\/td>\n<\/tr>\n<tr>\n<td style=\"text-align: center;\">melhores fotos da gravidez ao ar livre<\/td>\n<\/tr>\n<\/tbody>\n<\/table>\n<table style=\"margin-left: auto; margin-right: auto; text-align: center;\" cellspacing=\"0\" cellpadding=\"0\" align=\"center\">\n<tbody>\n<tr>\n<td style=\"text-align: center;\"><a style=\"margin-left: auto; margin-right: auto;\" href=\"https:\/\/i0.wp.com\/2.bp.blogspot.com\/-ys9mfXpG1rg\/V0d2wATtLTI\/AAAAAAAAQ2s\/WPLAHGoLAF8Fe_dp54tr0erV8RpLacC5wCLcB\/s1600\/sess%25C3%25A3o%2Bde%2Bfotos%2Bexterna%2Bgestante.jpg?ssl=1\"><img data-recalc-dims=\"1\" loading=\"lazy\" decoding=\"async\" title=\"sess\u00e3o de fotos externa gestante\" src=\"https:\/\/i0.wp.com\/2.bp.blogspot.com\/-ys9mfXpG1rg\/V0d2wATtLTI\/AAAAAAAAQ2s\/WPLAHGoLAF8Fe_dp54tr0erV8RpLacC5wCLcB\/s640\/sess%25C3%25A3o%2Bde%2Bfotos%2Bexterna%2Bgestante.jpg?resize=426%2C640&#038;ssl=1\" alt=\"sess\u00e3o de fotos externa gestante\" width=\"426\" height=\"640\" border=\"0\" \/><\/a><\/td>\n<\/tr>\n<tr>\n<td style=\"text-align: center;\">sess\u00e3o de fotos externa gestante<\/td>\n<\/tr>\n<\/tbody>\n<\/table>\n<table style=\"margin-left: auto; margin-right: auto; text-align: center;\" cellspacing=\"0\" cellpadding=\"0\" align=\"center\">\n<tbody>\n<tr>\n<td style=\"text-align: center;\"><a style=\"margin-left: auto; margin-right: auto;\" href=\"https:\/\/i0.wp.com\/1.bp.blogspot.com\/-UQ-xVQgFU2g\/V0d2qlM11LI\/AAAAAAAAQ2U\/d29iEzh7oUwmOu9hmwqtyKcV_jthh6W1ACLcB\/s1600\/book%2Bgestante%2Bexterno.jpg?ssl=1\"><img data-recalc-dims=\"1\" loading=\"lazy\" decoding=\"async\" title=\"book gestante externo\" src=\"https:\/\/i0.wp.com\/1.bp.blogspot.com\/-UQ-xVQgFU2g\/V0d2qlM11LI\/AAAAAAAAQ2U\/d29iEzh7oUwmOu9hmwqtyKcV_jthh6W1ACLcB\/s640\/book%2Bgestante%2Bexterno.jpg?resize=426%2C640&#038;ssl=1\" alt=\"book gestante externo\" width=\"426\" height=\"640\" border=\"0\" \/><\/a><\/td>\n<\/tr>\n<tr>\n<td style=\"text-align: center;\">book gestante externo<\/td>\n<\/tr>\n<\/tbody>\n<\/table>\nVisite tamb\u00e9m nosso site: www.biancamachado.com.br\r\n(11) 97107-1018\r\n\r\nAtendemos as regi\u00f5es de S\u00e3o Paulo, Sorocaba, Ibi\u00fana, Piedade, Votorantim, Cotia, Itupeva, Jundia\u00ed, It\u00fa e Campinas","protected":false},"excerpt":{"rendered":"<p>O Jardim Bot\u00e2nico de S\u00e3o Paulo \u00e9 um lugar incr\u00edvel para registrar o ensaio de fotos de uma gestante e eu, Bianca Machado, estou aqui para oferecer meus servi\u00e7os de fotografia para ajudar minhas clientes a capturar esses momentos \u00fanicos.<\/p>\n","protected":false},"author":1,"featured_media":913,"comment_status":"open","ping_status":"open","sticky":false,"template":"","format":"standard","meta":{"_monsterinsights_skip_tracking":false,"_monsterinsights_sitenote_active":false,"_monsterinsights_sitenote_note":"","_monsterinsights_sitenote_category":0,"jetpack_post_was_ever_published":false,"_jetpack_newsletter_access":"","_jetpack_dont_email_post_to_subs":false,"_jetpack_newsletter_tier_id":0,"_jetpack_memberships_contains_paywalled_content":false,"_jetpack_memberships_contains_paid_content":false,"_joinchat":[],"footnotes":""},"categories":[285,1],"tags":[303,302,304,305],"class_list":["post-146","post","type-post","status-publish","format-standard","has-post-thumbnail","hentry","category-book-gestante-externo","category-studio-bianca-machado","tag-book-fotografico-em-parques","tag-ensaio-gestante-externo","tag-fotografias-de-gravida","tag-fotografos-de-gestante"],"yoast_head":"<!-- This site is optimized with the Yoast SEO plugin v27.4 - https:\/\/yoast.com\/product\/yoast-seo-wordpress\/ -->\n<title>Ensaio de fotografias para gravida em parques - STUDIO BIANCA MACHADO<\/title>\n<meta name=\"description\" content=\"O Jardim Bot\u00e2nico de S\u00e3o Paulo \u00e9 um lugar incr\u00edvel para registrar o ensaio de fotos de uma gestante e eu, Bianca Machado, estou aqui para oferecer meus servi\u00e7os de fotografia para ajudar minhas clientes a capturar esses momentos \u00fanicos.\" \/>\n<meta name=\"robots\" content=\"index, follow, max-snippet:-1, max-image-preview:large, max-video-preview:-1\" \/>\n<link rel=\"canonical\" href=\"https:\/\/biancamachado.com.br\/blog\/ensaio-de-fotografias-para-gravida-em-parques\/\" \/>\n<meta property=\"og:locale\" content=\"pt_BR\" \/>\n<meta property=\"og:type\" content=\"article\" \/>\n<meta property=\"og:title\" content=\"Ensaio de fotografias para gravida em parques - STUDIO BIANCA MACHADO\" \/>\n<meta property=\"og:description\" content=\"O Jardim Bot\u00e2nico de S\u00e3o Paulo \u00e9 um lugar incr\u00edvel para registrar o ensaio de fotos de uma gestante e eu, Bianca Machado, estou aqui para oferecer meus servi\u00e7os de fotografia para ajudar minhas clientes a capturar esses momentos \u00fanicos.\" \/>\n<meta property=\"og:url\" content=\"https:\/\/biancamachado.com.br\/blog\/ensaio-de-fotografias-para-gravida-em-parques\/\" \/>\n<meta property=\"og:site_name\" content=\"STUDIO BIANCA MACHADO\" \/>\n<meta property=\"article:publisher\" content=\"https:\/\/www.facebook.com\/Studiobiancamachado\/\" \/>\n<meta property=\"article:published_time\" content=\"2016-05-26T22:23:00+00:00\" \/>\n<meta property=\"article:modified_time\" content=\"2023-02-15T20:41:54+00:00\" \/>\n<meta property=\"og:image\" content=\"https:\/\/biancamachado.com.br\/blog\/wp-content\/uploads\/2016\/05\/Screenshot_107.png\" \/>\n\t<meta property=\"og:image:width\" content=\"632\" \/>\n\t<meta property=\"og:image:height\" content=\"419\" \/>\n\t<meta property=\"og:image:type\" content=\"image\/png\" \/>\n<meta name=\"author\" content=\"biancamachado\" \/>\n<meta name=\"twitter:card\" content=\"summary_large_image\" \/>\n<meta name=\"twitter:label1\" content=\"Escrito por\" \/>\n\t<meta name=\"twitter:data1\" content=\"biancamachado\" \/>\n\t<meta name=\"twitter:label2\" content=\"Est. tempo de leitura\" \/>\n\t<meta name=\"twitter:data2\" content=\"4 minutos\" \/>\n<script type=\"application\/ld+json\" class=\"yoast-schema-graph\">{\"@context\":\"https:\\\/\\\/schema.org\",\"@graph\":[{\"@type\":\"Article\",\"@id\":\"https:\\\/\\\/biancamachado.com.br\\\/blog\\\/ensaio-de-fotografias-para-gravida-em-parques\\\/#article\",\"isPartOf\":{\"@id\":\"https:\\\/\\\/biancamachado.com.br\\\/blog\\\/ensaio-de-fotografias-para-gravida-em-parques\\\/\"},\"author\":{\"name\":\"biancamachado\",\"@id\":\"https:\\\/\\\/biancamachado.com.br\\\/blog\\\/#\\\/schema\\\/person\\\/990263800ec5e9bdbbf092a2353550a1\"},\"headline\":\"Ensaio de fotografias para gravida em parques\",\"datePublished\":\"2016-05-26T22:23:00+00:00\",\"dateModified\":\"2023-02-15T20:41:54+00:00\",\"mainEntityOfPage\":{\"@id\":\"https:\\\/\\\/biancamachado.com.br\\\/blog\\\/ensaio-de-fotografias-para-gravida-em-parques\\\/\"},\"wordCount\":358,\"commentCount\":0,\"publisher\":{\"@id\":\"https:\\\/\\\/biancamachado.com.br\\\/blog\\\/#organization\"},\"image\":{\"@id\":\"https:\\\/\\\/biancamachado.com.br\\\/blog\\\/ensaio-de-fotografias-para-gravida-em-parques\\\/#primaryimage\"},\"thumbnailUrl\":\"https:\\\/\\\/i0.wp.com\\\/biancamachado.com.br\\\/blog\\\/wp-content\\\/uploads\\\/2016\\\/05\\\/Screenshot_107.png?fit=632%2C419&ssl=1\",\"keywords\":[\"book fotografico em parques\",\"ensaio gestante externo\",\"fotografias de gravida\",\"fotografos de gestante\"],\"articleSection\":[\"Book Gestante Externo\",\"Studio Bianca Machado\"],\"inLanguage\":\"pt-BR\",\"potentialAction\":[{\"@type\":\"CommentAction\",\"name\":\"Comment\",\"target\":[\"https:\\\/\\\/biancamachado.com.br\\\/blog\\\/ensaio-de-fotografias-para-gravida-em-parques\\\/#respond\"]}]},{\"@type\":\"WebPage\",\"@id\":\"https:\\\/\\\/biancamachado.com.br\\\/blog\\\/ensaio-de-fotografias-para-gravida-em-parques\\\/\",\"url\":\"https:\\\/\\\/biancamachado.com.br\\\/blog\\\/ensaio-de-fotografias-para-gravida-em-parques\\\/\",\"name\":\"Ensaio de fotografias para gravida em parques - STUDIO BIANCA MACHADO\",\"isPartOf\":{\"@id\":\"https:\\\/\\\/biancamachado.com.br\\\/blog\\\/#website\"},\"primaryImageOfPage\":{\"@id\":\"https:\\\/\\\/biancamachado.com.br\\\/blog\\\/ensaio-de-fotografias-para-gravida-em-parques\\\/#primaryimage\"},\"image\":{\"@id\":\"https:\\\/\\\/biancamachado.com.br\\\/blog\\\/ensaio-de-fotografias-para-gravida-em-parques\\\/#primaryimage\"},\"thumbnailUrl\":\"https:\\\/\\\/i0.wp.com\\\/biancamachado.com.br\\\/blog\\\/wp-content\\\/uploads\\\/2016\\\/05\\\/Screenshot_107.png?fit=632%2C419&ssl=1\",\"datePublished\":\"2016-05-26T22:23:00+00:00\",\"dateModified\":\"2023-02-15T20:41:54+00:00\",\"description\":\"O Jardim Bot\u00e2nico de S\u00e3o Paulo \u00e9 um lugar incr\u00edvel para registrar o ensaio de fotos de uma gestante e eu, Bianca Machado, estou aqui para oferecer meus servi\u00e7os de fotografia para ajudar minhas clientes a capturar esses momentos \u00fanicos.\",\"breadcrumb\":{\"@id\":\"https:\\\/\\\/biancamachado.com.br\\\/blog\\\/ensaio-de-fotografias-para-gravida-em-parques\\\/#breadcrumb\"},\"inLanguage\":\"pt-BR\",\"potentialAction\":[{\"@type\":\"ReadAction\",\"target\":[\"https:\\\/\\\/biancamachado.com.br\\\/blog\\\/ensaio-de-fotografias-para-gravida-em-parques\\\/\"]}]},{\"@type\":\"ImageObject\",\"inLanguage\":\"pt-BR\",\"@id\":\"https:\\\/\\\/biancamachado.com.br\\\/blog\\\/ensaio-de-fotografias-para-gravida-em-parques\\\/#primaryimage\",\"url\":\"https:\\\/\\\/i0.wp.com\\\/biancamachado.com.br\\\/blog\\\/wp-content\\\/uploads\\\/2016\\\/05\\\/Screenshot_107.png?fit=632%2C419&ssl=1\",\"contentUrl\":\"https:\\\/\\\/i0.wp.com\\\/biancamachado.com.br\\\/blog\\\/wp-content\\\/uploads\\\/2016\\\/05\\\/Screenshot_107.png?fit=632%2C419&ssl=1\",\"width\":632,\"height\":419,\"caption\":\"Ensaio de fotografias para gravida em parques\"},{\"@type\":\"BreadcrumbList\",\"@id\":\"https:\\\/\\\/biancamachado.com.br\\\/blog\\\/ensaio-de-fotografias-para-gravida-em-parques\\\/#breadcrumb\",\"itemListElement\":[{\"@type\":\"ListItem\",\"position\":1,\"name\":\"In\u00edcio\",\"item\":\"https:\\\/\\\/biancamachado.com.br\\\/blog\\\/\"},{\"@type\":\"ListItem\",\"position\":2,\"name\":\"Ensaio de fotografias para gravida em parques\"}]},{\"@type\":\"WebSite\",\"@id\":\"https:\\\/\\\/biancamachado.com.br\\\/blog\\\/#website\",\"url\":\"https:\\\/\\\/biancamachado.com.br\\\/blog\\\/\",\"name\":\"STUDIO BIANCA MACHADO\",\"description\":\"Estudio Fotografico, Ensaios e Books de foto profissional\",\"publisher\":{\"@id\":\"https:\\\/\\\/biancamachado.com.br\\\/blog\\\/#organization\"},\"potentialAction\":[{\"@type\":\"SearchAction\",\"target\":{\"@type\":\"EntryPoint\",\"urlTemplate\":\"https:\\\/\\\/biancamachado.com.br\\\/blog\\\/?s={search_term_string}\"},\"query-input\":{\"@type\":\"PropertyValueSpecification\",\"valueRequired\":true,\"valueName\":\"search_term_string\"}}],\"inLanguage\":\"pt-BR\"},{\"@type\":\"Organization\",\"@id\":\"https:\\\/\\\/biancamachado.com.br\\\/blog\\\/#organization\",\"name\":\"STUDIO BIANCA MACHADO\",\"url\":\"https:\\\/\\\/biancamachado.com.br\\\/blog\\\/\",\"logo\":{\"@type\":\"ImageObject\",\"inLanguage\":\"pt-BR\",\"@id\":\"https:\\\/\\\/biancamachado.com.br\\\/blog\\\/#\\\/schema\\\/logo\\\/image\\\/\",\"url\":\"https:\\\/\\\/i0.wp.com\\\/biancamachado.com.br\\\/blog\\\/wp-content\\\/uploads\\\/2021\\\/02\\\/cropped-logo-ml.jpg?fit=278%2C100&ssl=1\",\"contentUrl\":\"https:\\\/\\\/i0.wp.com\\\/biancamachado.com.br\\\/blog\\\/wp-content\\\/uploads\\\/2021\\\/02\\\/cropped-logo-ml.jpg?fit=278%2C100&ssl=1\",\"width\":278,\"height\":100,\"caption\":\"STUDIO BIANCA MACHADO\"},\"image\":{\"@id\":\"https:\\\/\\\/biancamachado.com.br\\\/blog\\\/#\\\/schema\\\/logo\\\/image\\\/\"},\"sameAs\":[\"https:\\\/\\\/www.facebook.com\\\/Studiobiancamachado\\\/\",\"https:\\\/\\\/www.instagram.com\\\/Studiobiancamachado\\\/\"]},{\"@type\":\"Person\",\"@id\":\"https:\\\/\\\/biancamachado.com.br\\\/blog\\\/#\\\/schema\\\/person\\\/990263800ec5e9bdbbf092a2353550a1\",\"name\":\"biancamachado\",\"image\":{\"@type\":\"ImageObject\",\"inLanguage\":\"pt-BR\",\"@id\":\"https:\\\/\\\/secure.gravatar.com\\\/avatar\\\/62b1a50f2632dbc2e279c3eb55aa46cc324c969cff16a69c59756d155316542c?s=96&d=mm&r=g\",\"url\":\"https:\\\/\\\/secure.gravatar.com\\\/avatar\\\/62b1a50f2632dbc2e279c3eb55aa46cc324c969cff16a69c59756d155316542c?s=96&d=mm&r=g\",\"contentUrl\":\"https:\\\/\\\/secure.gravatar.com\\\/avatar\\\/62b1a50f2632dbc2e279c3eb55aa46cc324c969cff16a69c59756d155316542c?s=96&d=mm&r=g\",\"caption\":\"biancamachado\"},\"sameAs\":[\"https:\\\/\\\/biancamachado.com.br\\\/blog\"],\"url\":\"https:\\\/\\\/biancamachado.com.br\\\/blog\\\/author\\\/biancamachado\\\/\"}]}<\/script>\n<!-- \/ Yoast SEO plugin. -->","yoast_head_json":{"title":"Ensaio de fotografias para gravida em parques - STUDIO BIANCA MACHADO","description":"O Jardim Bot\u00e2nico de S\u00e3o Paulo \u00e9 um lugar incr\u00edvel para registrar o ensaio de fotos de uma gestante e eu, Bianca Machado, estou aqui para oferecer meus servi\u00e7os de fotografia para ajudar minhas clientes a capturar esses momentos \u00fanicos.","robots":{"index":"index","follow":"follow","max-snippet":"max-snippet:-1","max-image-preview":"max-image-preview:large","max-video-preview":"max-video-preview:-1"},"canonical":"https:\/\/biancamachado.com.br\/blog\/ensaio-de-fotografias-para-gravida-em-parques\/","og_locale":"pt_BR","og_type":"article","og_title":"Ensaio de fotografias para gravida em parques - STUDIO BIANCA MACHADO","og_description":"O Jardim Bot\u00e2nico de S\u00e3o Paulo \u00e9 um lugar incr\u00edvel para registrar o ensaio de fotos de uma gestante e eu, Bianca Machado, estou aqui para oferecer meus servi\u00e7os de fotografia para ajudar minhas clientes a capturar esses momentos \u00fanicos.","og_url":"https:\/\/biancamachado.com.br\/blog\/ensaio-de-fotografias-para-gravida-em-parques\/","og_site_name":"STUDIO BIANCA MACHADO","article_publisher":"https:\/\/www.facebook.com\/Studiobiancamachado\/","article_published_time":"2016-05-26T22:23:00+00:00","article_modified_time":"2023-02-15T20:41:54+00:00","og_image":[{"width":632,"height":419,"url":"https:\/\/biancamachado.com.br\/blog\/wp-content\/uploads\/2016\/05\/Screenshot_107.png","type":"image\/png"}],"author":"biancamachado","twitter_card":"summary_large_image","twitter_misc":{"Escrito por":"biancamachado","Est. tempo de leitura":"4 minutos"},"schema":{"@context":"https:\/\/schema.org","@graph":[{"@type":"Article","@id":"https:\/\/biancamachado.com.br\/blog\/ensaio-de-fotografias-para-gravida-em-parques\/#article","isPartOf":{"@id":"https:\/\/biancamachado.com.br\/blog\/ensaio-de-fotografias-para-gravida-em-parques\/"},"author":{"name":"biancamachado","@id":"https:\/\/biancamachado.com.br\/blog\/#\/schema\/person\/990263800ec5e9bdbbf092a2353550a1"},"headline":"Ensaio de fotografias para gravida em parques","datePublished":"2016-05-26T22:23:00+00:00","dateModified":"2023-02-15T20:41:54+00:00","mainEntityOfPage":{"@id":"https:\/\/biancamachado.com.br\/blog\/ensaio-de-fotografias-para-gravida-em-parques\/"},"wordCount":358,"commentCount":0,"publisher":{"@id":"https:\/\/biancamachado.com.br\/blog\/#organization"},"image":{"@id":"https:\/\/biancamachado.com.br\/blog\/ensaio-de-fotografias-para-gravida-em-parques\/#primaryimage"},"thumbnailUrl":"https:\/\/i0.wp.com\/biancamachado.com.br\/blog\/wp-content\/uploads\/2016\/05\/Screenshot_107.png?fit=632%2C419&ssl=1","keywords":["book fotografico em parques","ensaio gestante externo","fotografias de gravida","fotografos de gestante"],"articleSection":["Book Gestante Externo","Studio Bianca Machado"],"inLanguage":"pt-BR","potentialAction":[{"@type":"CommentAction","name":"Comment","target":["https:\/\/biancamachado.com.br\/blog\/ensaio-de-fotografias-para-gravida-em-parques\/#respond"]}]},{"@type":"WebPage","@id":"https:\/\/biancamachado.com.br\/blog\/ensaio-de-fotografias-para-gravida-em-parques\/","url":"https:\/\/biancamachado.com.br\/blog\/ensaio-de-fotografias-para-gravida-em-parques\/","name":"Ensaio de fotografias para gravida em parques - STUDIO BIANCA MACHADO","isPartOf":{"@id":"https:\/\/biancamachado.com.br\/blog\/#website"},"primaryImageOfPage":{"@id":"https:\/\/biancamachado.com.br\/blog\/ensaio-de-fotografias-para-gravida-em-parques\/#primaryimage"},"image":{"@id":"https:\/\/biancamachado.com.br\/blog\/ensaio-de-fotografias-para-gravida-em-parques\/#primaryimage"},"thumbnailUrl":"https:\/\/i0.wp.com\/biancamachado.com.br\/blog\/wp-content\/uploads\/2016\/05\/Screenshot_107.png?fit=632%2C419&ssl=1","datePublished":"2016-05-26T22:23:00+00:00","dateModified":"2023-02-15T20:41:54+00:00","description":"O Jardim Bot\u00e2nico de S\u00e3o Paulo \u00e9 um lugar incr\u00edvel para registrar o ensaio de fotos de uma gestante e eu, Bianca Machado, estou aqui para oferecer meus servi\u00e7os de fotografia para ajudar minhas clientes a capturar esses momentos \u00fanicos.","breadcrumb":{"@id":"https:\/\/biancamachado.com.br\/blog\/ensaio-de-fotografias-para-gravida-em-parques\/#breadcrumb"},"inLanguage":"pt-BR","potentialAction":[{"@type":"ReadAction","target":["https:\/\/biancamachado.com.br\/blog\/ensaio-de-fotografias-para-gravida-em-parques\/"]}]},{"@type":"ImageObject","inLanguage":"pt-BR","@id":"https:\/\/biancamachado.com.br\/blog\/ensaio-de-fotografias-para-gravida-em-parques\/#primaryimage","url":"https:\/\/i0.wp.com\/biancamachado.com.br\/blog\/wp-content\/uploads\/2016\/05\/Screenshot_107.png?fit=632%2C419&ssl=1","contentUrl":"https:\/\/i0.wp.com\/biancamachado.com.br\/blog\/wp-content\/uploads\/2016\/05\/Screenshot_107.png?fit=632%2C419&ssl=1","width":632,"height":419,"caption":"Ensaio de fotografias para gravida em parques"},{"@type":"BreadcrumbList","@id":"https:\/\/biancamachado.com.br\/blog\/ensaio-de-fotografias-para-gravida-em-parques\/#breadcrumb","itemListElement":[{"@type":"ListItem","position":1,"name":"In\u00edcio","item":"https:\/\/biancamachado.com.br\/blog\/"},{"@type":"ListItem","position":2,"name":"Ensaio de fotografias para gravida em parques"}]},{"@type":"WebSite","@id":"https:\/\/biancamachado.com.br\/blog\/#website","url":"https:\/\/biancamachado.com.br\/blog\/","name":"STUDIO BIANCA MACHADO","description":"Estudio Fotografico, Ensaios e Books de foto profissional","publisher":{"@id":"https:\/\/biancamachado.com.br\/blog\/#organization"},"potentialAction":[{"@type":"SearchAction","target":{"@type":"EntryPoint","urlTemplate":"https:\/\/biancamachado.com.br\/blog\/?s={search_term_string}"},"query-input":{"@type":"PropertyValueSpecification","valueRequired":true,"valueName":"search_term_string"}}],"inLanguage":"pt-BR"},{"@type":"Organization","@id":"https:\/\/biancamachado.com.br\/blog\/#organization","name":"STUDIO BIANCA MACHADO","url":"https:\/\/biancamachado.com.br\/blog\/","logo":{"@type":"ImageObject","inLanguage":"pt-BR","@id":"https:\/\/biancamachado.com.br\/blog\/#\/schema\/logo\/image\/","url":"https:\/\/i0.wp.com\/biancamachado.com.br\/blog\/wp-content\/uploads\/2021\/02\/cropped-logo-ml.jpg?fit=278%2C100&ssl=1","contentUrl":"https:\/\/i0.wp.com\/biancamachado.com.br\/blog\/wp-content\/uploads\/2021\/02\/cropped-logo-ml.jpg?fit=278%2C100&ssl=1","width":278,"height":100,"caption":"STUDIO BIANCA MACHADO"},"image":{"@id":"https:\/\/biancamachado.com.br\/blog\/#\/schema\/logo\/image\/"},"sameAs":["https:\/\/www.facebook.com\/Studiobiancamachado\/","https:\/\/www.instagram.com\/Studiobiancamachado\/"]},{"@type":"Person","@id":"https:\/\/biancamachado.com.br\/blog\/#\/schema\/person\/990263800ec5e9bdbbf092a2353550a1","name":"biancamachado","image":{"@type":"ImageObject","inLanguage":"pt-BR","@id":"https:\/\/secure.gravatar.com\/avatar\/62b1a50f2632dbc2e279c3eb55aa46cc324c969cff16a69c59756d155316542c?s=96&d=mm&r=g","url":"https:\/\/secure.gravatar.com\/avatar\/62b1a50f2632dbc2e279c3eb55aa46cc324c969cff16a69c59756d155316542c?s=96&d=mm&r=g","contentUrl":"https:\/\/secure.gravatar.com\/avatar\/62b1a50f2632dbc2e279c3eb55aa46cc324c969cff16a69c59756d155316542c?s=96&d=mm&r=g","caption":"biancamachado"},"sameAs":["https:\/\/biancamachado.com.br\/blog"],"url":"https:\/\/biancamachado.com.br\/blog\/author\/biancamachado\/"}]}},"jetpack_featured_media_url":"https:\/\/i0.wp.com\/biancamachado.com.br\/blog\/wp-content\/uploads\/2016\/05\/Screenshot_107.png?fit=632%2C419&ssl=1","jetpack-related-posts":[],"jetpack_sharing_enabled":true,"_links":{"self":[{"href":"https:\/\/biancamachado.com.br\/blog\/wp-json\/wp\/v2\/posts\/146","targetHints":{"allow":["GET"]}}],"collection":[{"href":"https:\/\/biancamachado.com.br\/blog\/wp-json\/wp\/v2\/posts"}],"about":[{"href":"https:\/\/biancamachado.com.br\/blog\/wp-json\/wp\/v2\/types\/post"}],"author":[{"embeddable":true,"href":"https:\/\/biancamachado.com.br\/blog\/wp-json\/wp\/v2\/users\/1"}],"replies":[{"embeddable":true,"href":"https:\/\/biancamachado.com.br\/blog\/wp-json\/wp\/v2\/comments?post=146"}],"version-history":[{"count":2,"href":"https:\/\/biancamachado.com.br\/blog\/wp-json\/wp\/v2\/posts\/146\/revisions"}],"predecessor-version":[{"id":3473,"href":"https:\/\/biancamachado.com.br\/blog\/wp-json\/wp\/v2\/posts\/146\/revisions\/3473"}],"wp:featuredmedia":[{"embeddable":true,"href":"https:\/\/biancamachado.com.br\/blog\/wp-json\/wp\/v2\/media\/913"}],"wp:attachment":[{"href":"https:\/\/biancamachado.com.br\/blog\/wp-json\/wp\/v2\/media?parent=146"}],"wp:term":[{"taxonomy":"category","embeddable":true,"href":"https:\/\/biancamachado.com.br\/blog\/wp-json\/wp\/v2\/categories?post=146"},{"taxonomy":"post_tag","embeddable":true,"href":"https:\/\/biancamachado.com.br\/blog\/wp-json\/wp\/v2\/tags?post=146"}],"curies":[{"name":"wp","href":"https:\/\/api.w.org\/{rel}","templated":true}]}}