{"id":141,"date":"2016-05-26T20:04:00","date_gmt":"2016-05-26T23:04:00","guid":{"rendered":"https:\/\/biancamachado.com.br\/blog\/?p=141"},"modified":"2023-02-10T13:58:35","modified_gmt":"2023-02-10T16:58:35","slug":"ensaio-de-fotos-de-crianca","status":"publish","type":"post","link":"https:\/\/biancamachado.com.br\/blog\/ensaio-de-fotos-de-crianca\/","title":{"rendered":"Ensaio de fotos de crian\u00e7a"},"content":{"rendered":"<p>E o mais legal&#8230;. Ela chama Bianca ! kkkk<br \/>\nOlha que beb\u00ea mais maravilhosa ????<br \/>\nAdorei fotografar essa fam\u00edlia fofa em est\u00fadio e na festinha, tenho certeza de que a pequena Bianca vai se lembrar desse dia para o resto da vida !<br \/>\nSegue um pouquinho do ensaio de fotos:<\/p>\n<table style=\"margin-left: auto; margin-right: auto; text-align: center;\" cellspacing=\"0\" cellpadding=\"0\" align=\"center\">\n<tbody>\n<tr>\n<td style=\"text-align: center;\"><a style=\"margin-left: auto; margin-right: auto;\" href=\"https:\/\/i0.wp.com\/4.bp.blogspot.com\/-Gwfsl-rEOxo\/V0eAhGUa7uI\/AAAAAAAAQ5E\/Hu0AidnVlcU7TXJMc0O4EEX-hs_E6efmACLcB\/s1600\/book%2Binfantil%2Bfotos%2Bcrian%25C3%25A7as.jpg?ssl=1\"><img data-recalc-dims=\"1\" loading=\"lazy\" decoding=\"async\" title=\"book infantil fotos crian\u00e7as\" src=\"https:\/\/i0.wp.com\/4.bp.blogspot.com\/-Gwfsl-rEOxo\/V0eAhGUa7uI\/AAAAAAAAQ5E\/Hu0AidnVlcU7TXJMc0O4EEX-hs_E6efmACLcB\/s640\/book%2Binfantil%2Bfotos%2Bcrian%25C3%25A7as.jpg?resize=640%2C426&#038;ssl=1\" alt=\"book infantil fotos crian\u00e7as\" width=\"640\" height=\"426\" border=\"0\" \/><\/a><\/td>\n<\/tr>\n<tr>\n<td style=\"text-align: center;\">book infantil fotos crian\u00e7as<\/td>\n<\/tr>\n<\/tbody>\n<\/table>\n<table style=\"margin-left: auto; margin-right: auto; text-align: center;\" cellspacing=\"0\" cellpadding=\"0\" align=\"center\">\n<tbody>\n<tr>\n<td style=\"text-align: center;\"><a style=\"margin-left: auto; margin-right: auto;\" href=\"https:\/\/i0.wp.com\/3.bp.blogspot.com\/-cXKiUKv0Evg\/V0eAhEERVZI\/AAAAAAAAQ5A\/VxCfMzhavcgNj9aO_-uJJHsivBcS-drzACLcB\/s1600\/ensaio%2Bde%2Bfotos%2Bde%2Bcrian%25C3%25A7a.jpg?ssl=1\"><img data-recalc-dims=\"1\" loading=\"lazy\" decoding=\"async\" title=\"ensaio de fotos de crian\u00e7a\" src=\"https:\/\/i0.wp.com\/3.bp.blogspot.com\/-cXKiUKv0Evg\/V0eAhEERVZI\/AAAAAAAAQ5A\/VxCfMzhavcgNj9aO_-uJJHsivBcS-drzACLcB\/s640\/ensaio%2Bde%2Bfotos%2Bde%2Bcrian%25C3%25A7a.jpg?resize=426%2C640&#038;ssl=1\" alt=\"ensaio de fotos de crian\u00e7a\" width=\"426\" height=\"640\" border=\"0\" \/><\/a><\/td>\n<\/tr>\n<tr>\n<td style=\"text-align: center;\">ensaio de fotos de crian\u00e7a<\/td>\n<\/tr>\n<\/tbody>\n<\/table>\n<p>nsaios fotogr\u00e1ficos de crian\u00e7as s\u00e3o uma \u00f3tima forma de capturar e eternizar os momentos mais importantes da inf\u00e2ncia. E se esses ensaios s\u00e3o feitos por uma fot\u00f3grafa profissional em S\u00e3o Paulo, ent\u00e3o os resultados s\u00e3o ainda mais incr\u00edveis.<\/p>\n<p>Uma fot\u00f3grafa profissional possui a experi\u00eancia e habilidade necess\u00e1rias para capturar as express\u00f5es \u00fanicas e os gestos espont\u00e2neos das crian\u00e7as, criando imagens memor\u00e1veis e cheias de personalidade. Al\u00e9m disso, ela tem conhecimento dos melhores locais para realizar as fotos, sejam eles ao ar livre ou em est\u00fadios especializados, e sabe escolher as melhores luzes e \u00e2ngulos para garantir imagens n\u00edtidas e de alta qualidade.<\/p>\n<p>Os pais tamb\u00e9m podem esperar que a fot\u00f3grafa trabalhe de forma segura e respons\u00e1vel com as crian\u00e7as, garantindo a seguran\u00e7a e o bem-estar dos pequenos durante todo o processo.<\/p>\n<p>Al\u00e9m disso, a fot\u00f3grafa profissional pode oferecer sugest\u00f5es de roupas e acess\u00f3rios para as crian\u00e7as, ajudando a criar uma narrativa visual coesa e consistente para o ensaio.<\/p>\n<p>Os ensaios fotogr\u00e1ficos de crian\u00e7as s\u00e3o uma oportunidade \u00fanica para capturar e preservar os momentos mais preciosos da inf\u00e2ncia, e ter a chance de trabalhar com uma fot\u00f3grafa profissional em S\u00e3o Paulo pode levar essas mem\u00f3rias a um outro n\u00edvel. Portanto, se voc\u00ea est\u00e1 procurando por uma forma de eternizar esses momentos especiais, considere contratar uma fot\u00f3grafa profissional para realizar um ensaio de fotos de crian\u00e7a.<\/p>\n<table style=\"margin-left: auto; margin-right: auto; text-align: center;\" cellspacing=\"0\" cellpadding=\"0\" align=\"center\">\n<tbody>\n<tr>\n<td style=\"text-align: center;\"><a style=\"margin-left: auto; margin-right: auto;\" href=\"https:\/\/i0.wp.com\/4.bp.blogspot.com\/-qmuUF3C7LZY\/V0eAhRZz4LI\/AAAAAAAAQ5I\/DpCsTLxVu_suxp7yOxZE6ozAxZi691OOACLcB\/s1600\/ensaio%2Bde%2Bfotos%2Binfantil.jpg?ssl=1\"><img data-recalc-dims=\"1\" loading=\"lazy\" decoding=\"async\" title=\"ensaio de fotos infantil\" src=\"https:\/\/i0.wp.com\/4.bp.blogspot.com\/-qmuUF3C7LZY\/V0eAhRZz4LI\/AAAAAAAAQ5I\/DpCsTLxVu_suxp7yOxZE6ozAxZi691OOACLcB\/s640\/ensaio%2Bde%2Bfotos%2Binfantil.jpg?resize=640%2C426&#038;ssl=1\" alt=\"ensaio de fotos infantil\" width=\"640\" height=\"426\" border=\"0\" \/><\/a><\/td>\n<\/tr>\n<tr>\n<td style=\"text-align: center;\">ensaio de fotos infantil<\/td>\n<\/tr>\n<\/tbody>\n<\/table>\n<table style=\"margin-left: auto; margin-right: auto; text-align: center;\" cellspacing=\"0\" cellpadding=\"0\" align=\"center\">\n<tbody>\n<tr>\n<td style=\"text-align: center;\"><a style=\"margin-left: auto; margin-right: auto;\" href=\"https:\/\/i0.wp.com\/4.bp.blogspot.com\/-1kmkxOYIE1Y\/V0eAjM_UsWI\/AAAAAAAAQ5U\/ue2tIAKtqlUCPonAXlfl49qdop0Hyi54wCLcB\/s1600\/fotografia%2Bde%2B1%2Baninho%2Bem%2Bestudio.jpg?ssl=1\"><img data-recalc-dims=\"1\" loading=\"lazy\" decoding=\"async\" title=\"fotografia de 1 aninho em estudio\" src=\"https:\/\/i0.wp.com\/4.bp.blogspot.com\/-1kmkxOYIE1Y\/V0eAjM_UsWI\/AAAAAAAAQ5U\/ue2tIAKtqlUCPonAXlfl49qdop0Hyi54wCLcB\/s640\/fotografia%2Bde%2B1%2Baninho%2Bem%2Bestudio.jpg?resize=640%2C426&#038;ssl=1\" alt=\"fotografia de 1 aninho em estudio\" width=\"640\" height=\"426\" border=\"0\" \/><\/a><\/td>\n<\/tr>\n<tr>\n<td style=\"text-align: center;\">fotografia de 1 aninho em estudio<\/td>\n<\/tr>\n<\/tbody>\n<\/table>\n<table style=\"margin-left: auto; margin-right: auto; text-align: center;\" cellspacing=\"0\" cellpadding=\"0\" align=\"center\">\n<tbody>\n<tr>\n<td style=\"text-align: center;\"><a style=\"margin-left: auto; margin-right: auto;\" href=\"https:\/\/i0.wp.com\/3.bp.blogspot.com\/-Jr3JBIWyaFU\/V0eAi7V5DHI\/AAAAAAAAQ5M\/CmMjQqWeLzs0yQBLhI0rYqBfW1Rv-0TbQCLcB\/s1600\/fotografias%2Bde%2Bcrian%25C3%25A7as%2Bem%2Bestudio.jpg?ssl=1\"><img data-recalc-dims=\"1\" loading=\"lazy\" decoding=\"async\" title=\"fotografias de crian\u00e7as em estudio\" src=\"https:\/\/i0.wp.com\/3.bp.blogspot.com\/-Jr3JBIWyaFU\/V0eAi7V5DHI\/AAAAAAAAQ5M\/CmMjQqWeLzs0yQBLhI0rYqBfW1Rv-0TbQCLcB\/s640\/fotografias%2Bde%2Bcrian%25C3%25A7as%2Bem%2Bestudio.jpg?resize=640%2C426&#038;ssl=1\" alt=\"fotografias de crian\u00e7as em estudio\" width=\"640\" height=\"426\" border=\"0\" \/><\/a><\/td>\n<\/tr>\n<tr>\n<td style=\"text-align: center;\">fotografias de crian\u00e7as em estudio<\/td>\n<\/tr>\n<\/tbody>\n<\/table>\n<table style=\"margin-left: auto; margin-right: auto; text-align: center;\" cellspacing=\"0\" cellpadding=\"0\" align=\"center\">\n<tbody>\n<tr>\n<td style=\"text-align: center;\"><a style=\"margin-left: auto; margin-right: auto;\" href=\"https:\/\/i0.wp.com\/4.bp.blogspot.com\/-WfVEiNtJUh8\/V0eAjGFHmPI\/AAAAAAAAQ5Q\/nacr7UTGPCU_ASUCGlnqu8GISZvN7aHegCLcB\/s1600\/melhores%2Bfotos%2Bda%2Binf%25C3%25A2ncia.jpg?ssl=1\"><img data-recalc-dims=\"1\" loading=\"lazy\" decoding=\"async\" title=\"melhores fotos da inf\u00e2ncia\" src=\"https:\/\/i0.wp.com\/4.bp.blogspot.com\/-WfVEiNtJUh8\/V0eAjGFHmPI\/AAAAAAAAQ5Q\/nacr7UTGPCU_ASUCGlnqu8GISZvN7aHegCLcB\/s640\/melhores%2Bfotos%2Bda%2Binf%25C3%25A2ncia.jpg?resize=640%2C426&#038;ssl=1\" alt=\"melhores fotos da inf\u00e2ncia\" width=\"640\" height=\"426\" border=\"0\" \/><\/a><\/td>\n<\/tr>\n<tr>\n<td style=\"text-align: center;\">melhores fotos da inf\u00e2ncia<\/td>\n<\/tr>\n<\/tbody>\n<\/table>\nVisite tamb\u00e9m nosso site: www.biancamachado.com.br\r\n(11) 97107-1018\r\n\r\nAtendemos as regi\u00f5es de S\u00e3o Paulo, Sorocaba, Ibi\u00fana, Piedade, Votorantim, Cotia, Itupeva, Jundia\u00ed, It\u00fa e Campinas","protected":false},"excerpt":{"rendered":"<p>E o mais legal&#8230;. Ela<\/p>\n","protected":false},"author":1,"featured_media":900,"comment_status":"open","ping_status":"open","sticky":false,"template":"","format":"standard","meta":{"_monsterinsights_skip_tracking":false,"_monsterinsights_sitenote_active":false,"_monsterinsights_sitenote_note":"","_monsterinsights_sitenote_category":0,"jetpack_post_was_ever_published":false,"_jetpack_newsletter_access":"","_jetpack_dont_email_post_to_subs":false,"_jetpack_newsletter_tier_id":0,"_jetpack_memberships_contains_paywalled_content":false,"_jetpack_memberships_contains_paid_content":false,"_joinchat":[],"footnotes":""},"categories":[292,290,1],"tags":[332,328,327,299,333,334],"class_list":["post-141","post","type-post","status-publish","format-standard","has-post-thumbnail","hentry","category-book-familia-estudio","category-book-infantil-estudio","category-studio-bianca-machado","tag-book-familia-em-estudio","tag-book-fotografico","tag-book-infantil-em-estudio","tag-ensaio-de-fotos","tag-ensaio-de-fotos-com-criancas","tag-fotografia-profissional-para-familias"],"yoast_head":"<!-- This site is optimized with the Yoast SEO plugin v27.4 - https:\/\/yoast.com\/product\/yoast-seo-wordpress\/ -->\n<title>Ensaio de fotos de crian\u00e7a - STUDIO BIANCA MACHADO<\/title>\n<meta name=\"robots\" content=\"index, follow, max-snippet:-1, max-image-preview:large, max-video-preview:-1\" \/>\n<link rel=\"canonical\" href=\"https:\/\/biancamachado.com.br\/blog\/ensaio-de-fotos-de-crianca\/\" \/>\n<meta property=\"og:locale\" content=\"pt_BR\" \/>\n<meta property=\"og:type\" content=\"article\" \/>\n<meta property=\"og:title\" content=\"Ensaio de fotos de crian\u00e7a - STUDIO BIANCA MACHADO\" \/>\n<meta property=\"og:description\" content=\"E o mais legal&#8230;. Ela\" \/>\n<meta property=\"og:url\" content=\"https:\/\/biancamachado.com.br\/blog\/ensaio-de-fotos-de-crianca\/\" \/>\n<meta property=\"og:site_name\" content=\"STUDIO BIANCA MACHADO\" \/>\n<meta property=\"article:publisher\" content=\"https:\/\/www.facebook.com\/Studiobiancamachado\/\" \/>\n<meta property=\"article:published_time\" content=\"2016-05-26T23:04:00+00:00\" \/>\n<meta property=\"article:modified_time\" content=\"2023-02-10T16:58:35+00:00\" \/>\n<meta property=\"og:image\" content=\"https:\/\/biancamachado.com.br\/blog\/wp-content\/uploads\/2016\/05\/Screenshot_102.png\" \/>\n\t<meta property=\"og:image:width\" content=\"655\" \/>\n\t<meta property=\"og:image:height\" content=\"419\" \/>\n\t<meta property=\"og:image:type\" content=\"image\/png\" \/>\n<meta name=\"author\" content=\"biancamachado\" \/>\n<meta name=\"twitter:card\" content=\"summary_large_image\" \/>\n<meta name=\"twitter:label1\" content=\"Escrito por\" \/>\n\t<meta name=\"twitter:data1\" content=\"biancamachado\" \/>\n\t<meta name=\"twitter:label2\" content=\"Est. tempo de leitura\" \/>\n\t<meta name=\"twitter:data2\" content=\"3 minutos\" \/>\n<script type=\"application\/ld+json\" class=\"yoast-schema-graph\">{\"@context\":\"https:\\\/\\\/schema.org\",\"@graph\":[{\"@type\":\"Article\",\"@id\":\"https:\\\/\\\/biancamachado.com.br\\\/blog\\\/ensaio-de-fotos-de-crianca\\\/#article\",\"isPartOf\":{\"@id\":\"https:\\\/\\\/biancamachado.com.br\\\/blog\\\/ensaio-de-fotos-de-crianca\\\/\"},\"author\":{\"name\":\"biancamachado\",\"@id\":\"https:\\\/\\\/biancamachado.com.br\\\/blog\\\/#\\\/schema\\\/person\\\/990263800ec5e9bdbbf092a2353550a1\"},\"headline\":\"Ensaio de fotos de crian\u00e7a\",\"datePublished\":\"2016-05-26T23:04:00+00:00\",\"dateModified\":\"2023-02-10T16:58:35+00:00\",\"mainEntityOfPage\":{\"@id\":\"https:\\\/\\\/biancamachado.com.br\\\/blog\\\/ensaio-de-fotos-de-crianca\\\/\"},\"wordCount\":350,\"commentCount\":0,\"publisher\":{\"@id\":\"https:\\\/\\\/biancamachado.com.br\\\/blog\\\/#organization\"},\"image\":{\"@id\":\"https:\\\/\\\/biancamachado.com.br\\\/blog\\\/ensaio-de-fotos-de-crianca\\\/#primaryimage\"},\"thumbnailUrl\":\"https:\\\/\\\/i0.wp.com\\\/biancamachado.com.br\\\/blog\\\/wp-content\\\/uploads\\\/2016\\\/05\\\/Screenshot_102.png?fit=655%2C419&ssl=1\",\"keywords\":[\"Book familia em estudio\",\"book fotografico\",\"book infantil em estudio\",\"ensaio de fotos\",\"ensaio de fotos com crian\u00e7as\",\"fotografia profissional para familias\"],\"articleSection\":[\"Book Familia Estudio\",\"Book Infantil Estudio\",\"Studio Bianca Machado\"],\"inLanguage\":\"pt-BR\",\"potentialAction\":[{\"@type\":\"CommentAction\",\"name\":\"Comment\",\"target\":[\"https:\\\/\\\/biancamachado.com.br\\\/blog\\\/ensaio-de-fotos-de-crianca\\\/#respond\"]}]},{\"@type\":\"WebPage\",\"@id\":\"https:\\\/\\\/biancamachado.com.br\\\/blog\\\/ensaio-de-fotos-de-crianca\\\/\",\"url\":\"https:\\\/\\\/biancamachado.com.br\\\/blog\\\/ensaio-de-fotos-de-crianca\\\/\",\"name\":\"Ensaio de fotos de crian\u00e7a - STUDIO BIANCA MACHADO\",\"isPartOf\":{\"@id\":\"https:\\\/\\\/biancamachado.com.br\\\/blog\\\/#website\"},\"primaryImageOfPage\":{\"@id\":\"https:\\\/\\\/biancamachado.com.br\\\/blog\\\/ensaio-de-fotos-de-crianca\\\/#primaryimage\"},\"image\":{\"@id\":\"https:\\\/\\\/biancamachado.com.br\\\/blog\\\/ensaio-de-fotos-de-crianca\\\/#primaryimage\"},\"thumbnailUrl\":\"https:\\\/\\\/i0.wp.com\\\/biancamachado.com.br\\\/blog\\\/wp-content\\\/uploads\\\/2016\\\/05\\\/Screenshot_102.png?fit=655%2C419&ssl=1\",\"datePublished\":\"2016-05-26T23:04:00+00:00\",\"dateModified\":\"2023-02-10T16:58:35+00:00\",\"breadcrumb\":{\"@id\":\"https:\\\/\\\/biancamachado.com.br\\\/blog\\\/ensaio-de-fotos-de-crianca\\\/#breadcrumb\"},\"inLanguage\":\"pt-BR\",\"potentialAction\":[{\"@type\":\"ReadAction\",\"target\":[\"https:\\\/\\\/biancamachado.com.br\\\/blog\\\/ensaio-de-fotos-de-crianca\\\/\"]}]},{\"@type\":\"ImageObject\",\"inLanguage\":\"pt-BR\",\"@id\":\"https:\\\/\\\/biancamachado.com.br\\\/blog\\\/ensaio-de-fotos-de-crianca\\\/#primaryimage\",\"url\":\"https:\\\/\\\/i0.wp.com\\\/biancamachado.com.br\\\/blog\\\/wp-content\\\/uploads\\\/2016\\\/05\\\/Screenshot_102.png?fit=655%2C419&ssl=1\",\"contentUrl\":\"https:\\\/\\\/i0.wp.com\\\/biancamachado.com.br\\\/blog\\\/wp-content\\\/uploads\\\/2016\\\/05\\\/Screenshot_102.png?fit=655%2C419&ssl=1\",\"width\":655,\"height\":419,\"caption\":\"Ensaio de fotos de crian\u00e7a\"},{\"@type\":\"BreadcrumbList\",\"@id\":\"https:\\\/\\\/biancamachado.com.br\\\/blog\\\/ensaio-de-fotos-de-crianca\\\/#breadcrumb\",\"itemListElement\":[{\"@type\":\"ListItem\",\"position\":1,\"name\":\"In\u00edcio\",\"item\":\"https:\\\/\\\/biancamachado.com.br\\\/blog\\\/\"},{\"@type\":\"ListItem\",\"position\":2,\"name\":\"Ensaio de fotos de crian\u00e7a\"}]},{\"@type\":\"WebSite\",\"@id\":\"https:\\\/\\\/biancamachado.com.br\\\/blog\\\/#website\",\"url\":\"https:\\\/\\\/biancamachado.com.br\\\/blog\\\/\",\"name\":\"STUDIO BIANCA MACHADO\",\"description\":\"Estudio Fotografico, Ensaios e Books de foto profissional\",\"publisher\":{\"@id\":\"https:\\\/\\\/biancamachado.com.br\\\/blog\\\/#organization\"},\"potentialAction\":[{\"@type\":\"SearchAction\",\"target\":{\"@type\":\"EntryPoint\",\"urlTemplate\":\"https:\\\/\\\/biancamachado.com.br\\\/blog\\\/?s={search_term_string}\"},\"query-input\":{\"@type\":\"PropertyValueSpecification\",\"valueRequired\":true,\"valueName\":\"search_term_string\"}}],\"inLanguage\":\"pt-BR\"},{\"@type\":\"Organization\",\"@id\":\"https:\\\/\\\/biancamachado.com.br\\\/blog\\\/#organization\",\"name\":\"STUDIO BIANCA MACHADO\",\"url\":\"https:\\\/\\\/biancamachado.com.br\\\/blog\\\/\",\"logo\":{\"@type\":\"ImageObject\",\"inLanguage\":\"pt-BR\",\"@id\":\"https:\\\/\\\/biancamachado.com.br\\\/blog\\\/#\\\/schema\\\/logo\\\/image\\\/\",\"url\":\"https:\\\/\\\/i0.wp.com\\\/biancamachado.com.br\\\/blog\\\/wp-content\\\/uploads\\\/2021\\\/02\\\/cropped-logo-ml.jpg?fit=278%2C100&ssl=1\",\"contentUrl\":\"https:\\\/\\\/i0.wp.com\\\/biancamachado.com.br\\\/blog\\\/wp-content\\\/uploads\\\/2021\\\/02\\\/cropped-logo-ml.jpg?fit=278%2C100&ssl=1\",\"width\":278,\"height\":100,\"caption\":\"STUDIO BIANCA MACHADO\"},\"image\":{\"@id\":\"https:\\\/\\\/biancamachado.com.br\\\/blog\\\/#\\\/schema\\\/logo\\\/image\\\/\"},\"sameAs\":[\"https:\\\/\\\/www.facebook.com\\\/Studiobiancamachado\\\/\",\"https:\\\/\\\/www.instagram.com\\\/Studiobiancamachado\\\/\"]},{\"@type\":\"Person\",\"@id\":\"https:\\\/\\\/biancamachado.com.br\\\/blog\\\/#\\\/schema\\\/person\\\/990263800ec5e9bdbbf092a2353550a1\",\"name\":\"biancamachado\",\"image\":{\"@type\":\"ImageObject\",\"inLanguage\":\"pt-BR\",\"@id\":\"https:\\\/\\\/secure.gravatar.com\\\/avatar\\\/62b1a50f2632dbc2e279c3eb55aa46cc324c969cff16a69c59756d155316542c?s=96&d=mm&r=g\",\"url\":\"https:\\\/\\\/secure.gravatar.com\\\/avatar\\\/62b1a50f2632dbc2e279c3eb55aa46cc324c969cff16a69c59756d155316542c?s=96&d=mm&r=g\",\"contentUrl\":\"https:\\\/\\\/secure.gravatar.com\\\/avatar\\\/62b1a50f2632dbc2e279c3eb55aa46cc324c969cff16a69c59756d155316542c?s=96&d=mm&r=g\",\"caption\":\"biancamachado\"},\"sameAs\":[\"https:\\\/\\\/biancamachado.com.br\\\/blog\"],\"url\":\"https:\\\/\\\/biancamachado.com.br\\\/blog\\\/author\\\/biancamachado\\\/\"}]}<\/script>\n<!-- \/ Yoast SEO plugin. -->","yoast_head_json":{"title":"Ensaio de fotos de crian\u00e7a - STUDIO BIANCA MACHADO","robots":{"index":"index","follow":"follow","max-snippet":"max-snippet:-1","max-image-preview":"max-image-preview:large","max-video-preview":"max-video-preview:-1"},"canonical":"https:\/\/biancamachado.com.br\/blog\/ensaio-de-fotos-de-crianca\/","og_locale":"pt_BR","og_type":"article","og_title":"Ensaio de fotos de crian\u00e7a - STUDIO BIANCA MACHADO","og_description":"E o mais legal&#8230;. Ela","og_url":"https:\/\/biancamachado.com.br\/blog\/ensaio-de-fotos-de-crianca\/","og_site_name":"STUDIO BIANCA MACHADO","article_publisher":"https:\/\/www.facebook.com\/Studiobiancamachado\/","article_published_time":"2016-05-26T23:04:00+00:00","article_modified_time":"2023-02-10T16:58:35+00:00","og_image":[{"width":655,"height":419,"url":"https:\/\/biancamachado.com.br\/blog\/wp-content\/uploads\/2016\/05\/Screenshot_102.png","type":"image\/png"}],"author":"biancamachado","twitter_card":"summary_large_image","twitter_misc":{"Escrito por":"biancamachado","Est. tempo de leitura":"3 minutos"},"schema":{"@context":"https:\/\/schema.org","@graph":[{"@type":"Article","@id":"https:\/\/biancamachado.com.br\/blog\/ensaio-de-fotos-de-crianca\/#article","isPartOf":{"@id":"https:\/\/biancamachado.com.br\/blog\/ensaio-de-fotos-de-crianca\/"},"author":{"name":"biancamachado","@id":"https:\/\/biancamachado.com.br\/blog\/#\/schema\/person\/990263800ec5e9bdbbf092a2353550a1"},"headline":"Ensaio de fotos de crian\u00e7a","datePublished":"2016-05-26T23:04:00+00:00","dateModified":"2023-02-10T16:58:35+00:00","mainEntityOfPage":{"@id":"https:\/\/biancamachado.com.br\/blog\/ensaio-de-fotos-de-crianca\/"},"wordCount":350,"commentCount":0,"publisher":{"@id":"https:\/\/biancamachado.com.br\/blog\/#organization"},"image":{"@id":"https:\/\/biancamachado.com.br\/blog\/ensaio-de-fotos-de-crianca\/#primaryimage"},"thumbnailUrl":"https:\/\/i0.wp.com\/biancamachado.com.br\/blog\/wp-content\/uploads\/2016\/05\/Screenshot_102.png?fit=655%2C419&ssl=1","keywords":["Book familia em estudio","book fotografico","book infantil em estudio","ensaio de fotos","ensaio de fotos com crian\u00e7as","fotografia profissional para familias"],"articleSection":["Book Familia Estudio","Book Infantil Estudio","Studio Bianca Machado"],"inLanguage":"pt-BR","potentialAction":[{"@type":"CommentAction","name":"Comment","target":["https:\/\/biancamachado.com.br\/blog\/ensaio-de-fotos-de-crianca\/#respond"]}]},{"@type":"WebPage","@id":"https:\/\/biancamachado.com.br\/blog\/ensaio-de-fotos-de-crianca\/","url":"https:\/\/biancamachado.com.br\/blog\/ensaio-de-fotos-de-crianca\/","name":"Ensaio de fotos de crian\u00e7a - STUDIO BIANCA MACHADO","isPartOf":{"@id":"https:\/\/biancamachado.com.br\/blog\/#website"},"primaryImageOfPage":{"@id":"https:\/\/biancamachado.com.br\/blog\/ensaio-de-fotos-de-crianca\/#primaryimage"},"image":{"@id":"https:\/\/biancamachado.com.br\/blog\/ensaio-de-fotos-de-crianca\/#primaryimage"},"thumbnailUrl":"https:\/\/i0.wp.com\/biancamachado.com.br\/blog\/wp-content\/uploads\/2016\/05\/Screenshot_102.png?fit=655%2C419&ssl=1","datePublished":"2016-05-26T23:04:00+00:00","dateModified":"2023-02-10T16:58:35+00:00","breadcrumb":{"@id":"https:\/\/biancamachado.com.br\/blog\/ensaio-de-fotos-de-crianca\/#breadcrumb"},"inLanguage":"pt-BR","potentialAction":[{"@type":"ReadAction","target":["https:\/\/biancamachado.com.br\/blog\/ensaio-de-fotos-de-crianca\/"]}]},{"@type":"ImageObject","inLanguage":"pt-BR","@id":"https:\/\/biancamachado.com.br\/blog\/ensaio-de-fotos-de-crianca\/#primaryimage","url":"https:\/\/i0.wp.com\/biancamachado.com.br\/blog\/wp-content\/uploads\/2016\/05\/Screenshot_102.png?fit=655%2C419&ssl=1","contentUrl":"https:\/\/i0.wp.com\/biancamachado.com.br\/blog\/wp-content\/uploads\/2016\/05\/Screenshot_102.png?fit=655%2C419&ssl=1","width":655,"height":419,"caption":"Ensaio de fotos de crian\u00e7a"},{"@type":"BreadcrumbList","@id":"https:\/\/biancamachado.com.br\/blog\/ensaio-de-fotos-de-crianca\/#breadcrumb","itemListElement":[{"@type":"ListItem","position":1,"name":"In\u00edcio","item":"https:\/\/biancamachado.com.br\/blog\/"},{"@type":"ListItem","position":2,"name":"Ensaio de fotos de crian\u00e7a"}]},{"@type":"WebSite","@id":"https:\/\/biancamachado.com.br\/blog\/#website","url":"https:\/\/biancamachado.com.br\/blog\/","name":"STUDIO BIANCA MACHADO","description":"Estudio Fotografico, Ensaios e Books de foto profissional","publisher":{"@id":"https:\/\/biancamachado.com.br\/blog\/#organization"},"potentialAction":[{"@type":"SearchAction","target":{"@type":"EntryPoint","urlTemplate":"https:\/\/biancamachado.com.br\/blog\/?s={search_term_string}"},"query-input":{"@type":"PropertyValueSpecification","valueRequired":true,"valueName":"search_term_string"}}],"inLanguage":"pt-BR"},{"@type":"Organization","@id":"https:\/\/biancamachado.com.br\/blog\/#organization","name":"STUDIO BIANCA MACHADO","url":"https:\/\/biancamachado.com.br\/blog\/","logo":{"@type":"ImageObject","inLanguage":"pt-BR","@id":"https:\/\/biancamachado.com.br\/blog\/#\/schema\/logo\/image\/","url":"https:\/\/i0.wp.com\/biancamachado.com.br\/blog\/wp-content\/uploads\/2021\/02\/cropped-logo-ml.jpg?fit=278%2C100&ssl=1","contentUrl":"https:\/\/i0.wp.com\/biancamachado.com.br\/blog\/wp-content\/uploads\/2021\/02\/cropped-logo-ml.jpg?fit=278%2C100&ssl=1","width":278,"height":100,"caption":"STUDIO BIANCA MACHADO"},"image":{"@id":"https:\/\/biancamachado.com.br\/blog\/#\/schema\/logo\/image\/"},"sameAs":["https:\/\/www.facebook.com\/Studiobiancamachado\/","https:\/\/www.instagram.com\/Studiobiancamachado\/"]},{"@type":"Person","@id":"https:\/\/biancamachado.com.br\/blog\/#\/schema\/person\/990263800ec5e9bdbbf092a2353550a1","name":"biancamachado","image":{"@type":"ImageObject","inLanguage":"pt-BR","@id":"https:\/\/secure.gravatar.com\/avatar\/62b1a50f2632dbc2e279c3eb55aa46cc324c969cff16a69c59756d155316542c?s=96&d=mm&r=g","url":"https:\/\/secure.gravatar.com\/avatar\/62b1a50f2632dbc2e279c3eb55aa46cc324c969cff16a69c59756d155316542c?s=96&d=mm&r=g","contentUrl":"https:\/\/secure.gravatar.com\/avatar\/62b1a50f2632dbc2e279c3eb55aa46cc324c969cff16a69c59756d155316542c?s=96&d=mm&r=g","caption":"biancamachado"},"sameAs":["https:\/\/biancamachado.com.br\/blog"],"url":"https:\/\/biancamachado.com.br\/blog\/author\/biancamachado\/"}]}},"jetpack_featured_media_url":"https:\/\/i0.wp.com\/biancamachado.com.br\/blog\/wp-content\/uploads\/2016\/05\/Screenshot_102.png?fit=655%2C419&ssl=1","jetpack-related-posts":[],"jetpack_sharing_enabled":true,"_links":{"self":[{"href":"https:\/\/biancamachado.com.br\/blog\/wp-json\/wp\/v2\/posts\/141","targetHints":{"allow":["GET"]}}],"collection":[{"href":"https:\/\/biancamachado.com.br\/blog\/wp-json\/wp\/v2\/posts"}],"about":[{"href":"https:\/\/biancamachado.com.br\/blog\/wp-json\/wp\/v2\/types\/post"}],"author":[{"embeddable":true,"href":"https:\/\/biancamachado.com.br\/blog\/wp-json\/wp\/v2\/users\/1"}],"replies":[{"embeddable":true,"href":"https:\/\/biancamachado.com.br\/blog\/wp-json\/wp\/v2\/comments?post=141"}],"version-history":[{"count":2,"href":"https:\/\/biancamachado.com.br\/blog\/wp-json\/wp\/v2\/posts\/141\/revisions"}],"predecessor-version":[{"id":3211,"href":"https:\/\/biancamachado.com.br\/blog\/wp-json\/wp\/v2\/posts\/141\/revisions\/3211"}],"wp:featuredmedia":[{"embeddable":true,"href":"https:\/\/biancamachado.com.br\/blog\/wp-json\/wp\/v2\/media\/900"}],"wp:attachment":[{"href":"https:\/\/biancamachado.com.br\/blog\/wp-json\/wp\/v2\/media?parent=141"}],"wp:term":[{"taxonomy":"category","embeddable":true,"href":"https:\/\/biancamachado.com.br\/blog\/wp-json\/wp\/v2\/categories?post=141"},{"taxonomy":"post_tag","embeddable":true,"href":"https:\/\/biancamachado.com.br\/blog\/wp-json\/wp\/v2\/tags?post=141"}],"curies":[{"name":"wp","href":"https:\/\/api.w.org\/{rel}","templated":true}]}}