{"id":139,"date":"2016-05-26T20:20:00","date_gmt":"2016-05-26T23:20:00","guid":{"rendered":"https:\/\/biancamachado.com.br\/blog\/?p=139"},"modified":"2023-02-15T17:06:33","modified_gmt":"2023-02-15T20:06:33","slug":"fotografias-para-perfil-profissional","status":"publish","type":"post","link":"https:\/\/biancamachado.com.br\/blog\/fotografias-para-perfil-profissional\/","title":{"rendered":"Fotografias para perfil profissional"},"content":{"rendered":"<p>Uma del\u00edcia fotografar um profissional t\u00e3o brilhante e talentoso !<br \/>\nTenho certeza de que o projeto dele vai ajudar muita gente por a\u00ed que est\u00e1 buscando uma resposta, um caminho.<br \/>\nEu adoro conversar com pessoas inteligentes, me inspira !<br \/>\nSegue um pouquinho do ensaio de fotos:<\/p>\n<table style=\"margin-left: auto; margin-right: auto; text-align: center;\" cellspacing=\"0\" cellpadding=\"0\" align=\"center\">\n<tbody>\n<tr>\n<td style=\"text-align: center;\"><a style=\"margin-left: auto; margin-right: auto;\" href=\"https:\/\/i0.wp.com\/2.bp.blogspot.com\/-jA3VTLpFeN4\/V0eEYR86p4I\/AAAAAAAAQ6E\/wKXDOK3lQlsYIBTgChPfddo-aHbuFJzCACLcB\/s1600\/ensaio%2Bde%2Bfotos.jpg?ssl=1\"><img data-recalc-dims=\"1\" loading=\"lazy\" decoding=\"async\" title=\"ensaio de fotos\" src=\"https:\/\/i0.wp.com\/2.bp.blogspot.com\/-jA3VTLpFeN4\/V0eEYR86p4I\/AAAAAAAAQ6E\/wKXDOK3lQlsYIBTgChPfddo-aHbuFJzCACLcB\/s640\/ensaio%2Bde%2Bfotos.jpg?resize=426%2C640&#038;ssl=1\" alt=\"ensaio de fotos\" width=\"426\" height=\"640\" border=\"0\" \/><\/a><\/td>\n<\/tr>\n<tr>\n<td style=\"text-align: center;\">ensaio de fotos<\/td>\n<\/tr>\n<\/tbody>\n<\/table>\n<p>O marketing digital \u00e9 uma parte fundamental da promo\u00e7\u00e3o de qualquer carreira, incluindo a de hipnoterapeutas. Ter retratos profissionais de qualidade para utilizar em sites, perfis de redes sociais, cart\u00f5es de visita e outras m\u00eddias \u00e9 essencial para transmitir confian\u00e7a e profissionalismo aos seus clientes e potenciais pacientes. Eu, Bianca Machado, sou uma fot\u00f3grafa especializada em retratos profissionais e estou pronta para oferecer meus servi\u00e7os para hipnoterapeutas.<\/p>\n<p>Eu me esfor\u00e7o para criar retratos que retratem a personalidade, a ess\u00eancia e a confian\u00e7a dos meus clientes. Al\u00e9m disso, eu utilizo luzes, sombras e composi\u00e7\u00f5es para criar fotos atraentes e impactantes que chamem a aten\u00e7\u00e3o dos clientes e potenciais pacientes.<\/p>\n<p>Os retratos profissionais s\u00e3o feitos em est\u00fadio, para garantir que as condi\u00e7\u00f5es de ilumina\u00e7\u00e3o sejam as melhores poss\u00edveis. Al\u00e9m disso, eu ofere\u00e7o a op\u00e7\u00e3o de fotografias em ambientes terap\u00eauticos, para que as fotos tenham uma conex\u00e3o ainda mais forte com a profiss\u00e3o do cliente.<\/p>\n<p>Em resumo, os retratos profissionais para hipnoterapeutas no marketing digital s\u00e3o uma parte importante da promo\u00e7\u00e3o da carreira, e eu, Bianca Machado, estou aqui para oferecer meus servi\u00e7os de fotografia para ajudar meus clientes a transmitir confian\u00e7a e profissionalismo aos seus clientes e potenciais pacientes.<\/p>\n<table style=\"margin-left: auto; margin-right: auto; text-align: center;\" cellspacing=\"0\" cellpadding=\"0\" align=\"center\">\n<tbody>\n<tr>\n<td style=\"text-align: center;\"><a style=\"margin-left: auto; margin-right: auto;\" href=\"https:\/\/i0.wp.com\/1.bp.blogspot.com\/-_xdbzFrEyHk\/V0eEYVsL9eI\/AAAAAAAAQ6I\/83X2SchfawcVJfNq_JXVGerCgDMoKtEvwCLcB\/s1600\/estudios%2Bpara%2Bfotos%2Blinkedin.jpg?ssl=1\"><img data-recalc-dims=\"1\" loading=\"lazy\" decoding=\"async\" title=\"estudios para fotos linkedin\" src=\"https:\/\/i0.wp.com\/1.bp.blogspot.com\/-_xdbzFrEyHk\/V0eEYVsL9eI\/AAAAAAAAQ6I\/83X2SchfawcVJfNq_JXVGerCgDMoKtEvwCLcB\/s640\/estudios%2Bpara%2Bfotos%2Blinkedin.jpg?resize=426%2C640&#038;ssl=1\" alt=\"estudios para fotos linkedin\" width=\"426\" height=\"640\" border=\"0\" \/><\/a><\/td>\n<\/tr>\n<tr>\n<td style=\"text-align: center;\">estudios para fotos linkedin<\/td>\n<\/tr>\n<\/tbody>\n<\/table>\n<table style=\"margin-left: auto; margin-right: auto; text-align: center;\" cellspacing=\"0\" cellpadding=\"0\" align=\"center\">\n<tbody>\n<tr>\n<td style=\"text-align: center;\"><a style=\"margin-left: auto; margin-right: auto;\" href=\"https:\/\/i0.wp.com\/4.bp.blogspot.com\/-rCzD2eb5p1o\/V0eEYGRUQsI\/AAAAAAAAQ6A\/82LDPwNmxNUcUht_vHbo6YDDYGb_StuoACLcB\/s1600\/fotografias%2Bpara%2Bperfil%2Bprofissional.jpg?ssl=1\"><img data-recalc-dims=\"1\" loading=\"lazy\" decoding=\"async\" title=\"fotografias para perfil profissional\" src=\"https:\/\/i0.wp.com\/4.bp.blogspot.com\/-rCzD2eb5p1o\/V0eEYGRUQsI\/AAAAAAAAQ6A\/82LDPwNmxNUcUht_vHbo6YDDYGb_StuoACLcB\/s640\/fotografias%2Bpara%2Bperfil%2Bprofissional.jpg?resize=426%2C640&#038;ssl=1\" alt=\"fotografias para perfil profissional\" width=\"426\" height=\"640\" border=\"0\" \/><\/a><\/td>\n<\/tr>\n<tr>\n<td style=\"text-align: center;\">fotografias para perfil profissional<\/td>\n<\/tr>\n<\/tbody>\n<\/table>\n<table style=\"margin-left: auto; margin-right: auto; text-align: center;\" cellspacing=\"0\" cellpadding=\"0\" align=\"center\">\n<tbody>\n<tr>\n<td style=\"text-align: center;\"><a style=\"margin-left: auto; margin-right: auto;\" href=\"https:\/\/i0.wp.com\/4.bp.blogspot.com\/-ks71KoivoGg\/V0eEaMNxXKI\/AAAAAAAAQ6Q\/Q0KkwdtJ8cES6JBNnIMvtO214reFevjtACLcB\/s1600\/fotos%2Bpara%2Bo%2Blinkedin.jpg?ssl=1\"><img data-recalc-dims=\"1\" loading=\"lazy\" decoding=\"async\" title=\"fotos para o linkedin\" src=\"https:\/\/i0.wp.com\/4.bp.blogspot.com\/-ks71KoivoGg\/V0eEaMNxXKI\/AAAAAAAAQ6Q\/Q0KkwdtJ8cES6JBNnIMvtO214reFevjtACLcB\/s640\/fotos%2Bpara%2Bo%2Blinkedin.jpg?resize=426%2C640&#038;ssl=1\" alt=\"fotos para o linkedin\" width=\"426\" height=\"640\" border=\"0\" \/><\/a><\/td>\n<\/tr>\n<tr>\n<td style=\"text-align: center;\">fotos para o linkedin<\/td>\n<\/tr>\n<\/tbody>\n<\/table>\n<table style=\"margin-left: auto; margin-right: auto; text-align: center;\" cellspacing=\"0\" cellpadding=\"0\" align=\"center\">\n<tbody>\n<tr>\n<td style=\"text-align: center;\"><a style=\"margin-left: auto; margin-right: auto;\" href=\"https:\/\/i0.wp.com\/3.bp.blogspot.com\/-g1YtRXN5Xdc\/V0eEaWdmgFI\/AAAAAAAAQ6U\/aCkvfrIg7v0nBnwgR4LqCQsPgTZXH67vwCLcB\/s1600\/onde%2Btirar%2Bfotos%2Bpara%2Bo%2Blinkedin.jpg?ssl=1\"><img data-recalc-dims=\"1\" loading=\"lazy\" decoding=\"async\" title=\"onde tirar fotos para o linkedin\" src=\"https:\/\/i0.wp.com\/3.bp.blogspot.com\/-g1YtRXN5Xdc\/V0eEaWdmgFI\/AAAAAAAAQ6U\/aCkvfrIg7v0nBnwgR4LqCQsPgTZXH67vwCLcB\/s640\/onde%2Btirar%2Bfotos%2Bpara%2Bo%2Blinkedin.jpg?resize=426%2C640&#038;ssl=1\" alt=\"onde tirar fotos para o linkedin\" width=\"426\" height=\"640\" border=\"0\" \/><\/a><\/td>\n<\/tr>\n<tr>\n<td style=\"text-align: center;\">onde tirar fotos para o linkedin<\/td>\n<\/tr>\n<\/tbody>\n<\/table>\n<table style=\"margin-left: auto; margin-right: auto; text-align: center;\" cellspacing=\"0\" cellpadding=\"0\" align=\"center\">\n<tbody>\n<tr>\n<td style=\"text-align: center;\"><a style=\"margin-left: auto; margin-right: auto;\" href=\"https:\/\/i0.wp.com\/4.bp.blogspot.com\/-oqc53KrtVrc\/V0eEZ0jxCzI\/AAAAAAAAQ6M\/BrPc78ka3_M8mDc4_0IdOhTS2y1PFpu6gCLcB\/s1600\/onde%2Btirar%2Bfotos%2Bpara%2Bperfil%2Bprofissional.jpg?ssl=1\"><img data-recalc-dims=\"1\" loading=\"lazy\" decoding=\"async\" title=\"onde tirar fotos para perfil profissional\" src=\"https:\/\/i0.wp.com\/4.bp.blogspot.com\/-oqc53KrtVrc\/V0eEZ0jxCzI\/AAAAAAAAQ6M\/BrPc78ka3_M8mDc4_0IdOhTS2y1PFpu6gCLcB\/s640\/onde%2Btirar%2Bfotos%2Bpara%2Bperfil%2Bprofissional.jpg?resize=426%2C640&#038;ssl=1\" alt=\"onde tirar fotos para perfil profissional\" width=\"426\" height=\"640\" border=\"0\" \/><\/a><\/td>\n<\/tr>\n<tr>\n<td style=\"text-align: center;\">onde tirar fotos para perfil profissional<\/td>\n<\/tr>\n<\/tbody>\n<\/table>\nVisite tamb\u00e9m nosso site: www.biancamachado.com.br\r\n(11) 97107-1018\r\n\r\nAtendemos as regi\u00f5es de S\u00e3o Paulo, Sorocaba, Ibi\u00fana, Piedade, Votorantim, Cotia, Itupeva, Jundia\u00ed, It\u00fa e Campinas","protected":false},"excerpt":{"rendered":"<p>Os retratos profissionais para hipnoterapeutas no marketing digital s\u00e3o uma parte importante da promo\u00e7\u00e3o da carreira, e eu, Bianca Machado, estou aqui para oferecer meus servi\u00e7os de fotografia para ajudar meus clientes a transmitir confian\u00e7a e profissionalismo aos seus clientes e potenciais pacientes.<\/p>\n","protected":false},"author":1,"featured_media":898,"comment_status":"open","ping_status":"open","sticky":false,"template":"","format":"standard","meta":{"_monsterinsights_skip_tracking":false,"_monsterinsights_sitenote_active":false,"_monsterinsights_sitenote_note":"","_monsterinsights_sitenote_category":0,"jetpack_post_was_ever_published":false,"_jetpack_newsletter_access":"","_jetpack_dont_email_post_to_subs":false,"_jetpack_newsletter_tier_id":0,"_jetpack_memberships_contains_paywalled_content":false,"_jetpack_memberships_contains_paid_content":false,"_joinchat":[],"footnotes":""},"categories":[297,1],"tags":[336,337,335],"class_list":["post-139","post","type-post","status-publish","format-standard","has-post-thumbnail","hentry","category-linkedin-retrato-profisional","category-studio-bianca-machado","tag-fotografia-para-linkedin","tag-fotos-para-profissionais-e-empresas","tag-retrato-para-profissionais"],"yoast_head":"<!-- This site is optimized with the Yoast SEO plugin v27.4 - https:\/\/yoast.com\/product\/yoast-seo-wordpress\/ -->\n<title>Fotografias para perfil profissional - STUDIO BIANCA MACHADO<\/title>\n<meta name=\"description\" content=\"Os retratos profissionais para hipnoterapeutas no marketing digital s\u00e3o uma parte importante da promo\u00e7\u00e3o da carreira, e eu, Bianca Machado, estou aqui para oferecer meus servi\u00e7os de fotografia para ajudar meus clientes a transmitir confian\u00e7a e profissionalismo aos seus clientes e potenciais pacientes.\" \/>\n<meta name=\"robots\" content=\"index, follow, max-snippet:-1, max-image-preview:large, max-video-preview:-1\" \/>\n<link rel=\"canonical\" href=\"https:\/\/biancamachado.com.br\/blog\/fotografias-para-perfil-profissional\/\" \/>\n<meta property=\"og:locale\" content=\"pt_BR\" \/>\n<meta property=\"og:type\" content=\"article\" \/>\n<meta property=\"og:title\" content=\"Fotografias para perfil profissional - STUDIO BIANCA MACHADO\" \/>\n<meta property=\"og:description\" content=\"Os retratos profissionais para hipnoterapeutas no marketing digital s\u00e3o uma parte importante da promo\u00e7\u00e3o da carreira, e eu, Bianca Machado, estou aqui para oferecer meus servi\u00e7os de fotografia para ajudar meus clientes a transmitir confian\u00e7a e profissionalismo aos seus clientes e potenciais pacientes.\" \/>\n<meta property=\"og:url\" content=\"https:\/\/biancamachado.com.br\/blog\/fotografias-para-perfil-profissional\/\" \/>\n<meta property=\"og:site_name\" content=\"STUDIO BIANCA MACHADO\" \/>\n<meta property=\"article:publisher\" content=\"https:\/\/www.facebook.com\/Studiobiancamachado\/\" \/>\n<meta property=\"article:published_time\" content=\"2016-05-26T23:20:00+00:00\" \/>\n<meta property=\"article:modified_time\" content=\"2023-02-15T20:06:33+00:00\" \/>\n<meta property=\"og:image\" content=\"https:\/\/biancamachado.com.br\/blog\/wp-content\/uploads\/2016\/05\/Screenshot_100.png\" \/>\n\t<meta property=\"og:image:width\" content=\"407\" \/>\n\t<meta property=\"og:image:height\" content=\"538\" \/>\n\t<meta property=\"og:image:type\" content=\"image\/png\" \/>\n<meta name=\"author\" content=\"biancamachado\" \/>\n<meta name=\"twitter:card\" content=\"summary_large_image\" \/>\n<meta name=\"twitter:label1\" content=\"Escrito por\" \/>\n\t<meta name=\"twitter:data1\" content=\"biancamachado\" \/>\n\t<meta name=\"twitter:label2\" content=\"Est. tempo de leitura\" \/>\n\t<meta name=\"twitter:data2\" content=\"3 minutos\" \/>\n<script type=\"application\/ld+json\" class=\"yoast-schema-graph\">{\"@context\":\"https:\\\/\\\/schema.org\",\"@graph\":[{\"@type\":\"Article\",\"@id\":\"https:\\\/\\\/biancamachado.com.br\\\/blog\\\/fotografias-para-perfil-profissional\\\/#article\",\"isPartOf\":{\"@id\":\"https:\\\/\\\/biancamachado.com.br\\\/blog\\\/fotografias-para-perfil-profissional\\\/\"},\"author\":{\"name\":\"biancamachado\",\"@id\":\"https:\\\/\\\/biancamachado.com.br\\\/blog\\\/#\\\/schema\\\/person\\\/990263800ec5e9bdbbf092a2353550a1\"},\"headline\":\"Fotografias para perfil profissional\",\"datePublished\":\"2016-05-26T23:20:00+00:00\",\"dateModified\":\"2023-02-15T20:06:33+00:00\",\"mainEntityOfPage\":{\"@id\":\"https:\\\/\\\/biancamachado.com.br\\\/blog\\\/fotografias-para-perfil-profissional\\\/\"},\"wordCount\":299,\"commentCount\":0,\"publisher\":{\"@id\":\"https:\\\/\\\/biancamachado.com.br\\\/blog\\\/#organization\"},\"image\":{\"@id\":\"https:\\\/\\\/biancamachado.com.br\\\/blog\\\/fotografias-para-perfil-profissional\\\/#primaryimage\"},\"thumbnailUrl\":\"https:\\\/\\\/i0.wp.com\\\/biancamachado.com.br\\\/blog\\\/wp-content\\\/uploads\\\/2016\\\/05\\\/Screenshot_100.png?fit=407%2C538&ssl=1\",\"keywords\":[\"fotografia para linkedin\",\"fotos para profissionais e empresas\",\"retrato para profissionais\"],\"articleSection\":[\"Linkedin Retrato Profisional\",\"Studio Bianca Machado\"],\"inLanguage\":\"pt-BR\",\"potentialAction\":[{\"@type\":\"CommentAction\",\"name\":\"Comment\",\"target\":[\"https:\\\/\\\/biancamachado.com.br\\\/blog\\\/fotografias-para-perfil-profissional\\\/#respond\"]}]},{\"@type\":\"WebPage\",\"@id\":\"https:\\\/\\\/biancamachado.com.br\\\/blog\\\/fotografias-para-perfil-profissional\\\/\",\"url\":\"https:\\\/\\\/biancamachado.com.br\\\/blog\\\/fotografias-para-perfil-profissional\\\/\",\"name\":\"Fotografias para perfil profissional - STUDIO BIANCA MACHADO\",\"isPartOf\":{\"@id\":\"https:\\\/\\\/biancamachado.com.br\\\/blog\\\/#website\"},\"primaryImageOfPage\":{\"@id\":\"https:\\\/\\\/biancamachado.com.br\\\/blog\\\/fotografias-para-perfil-profissional\\\/#primaryimage\"},\"image\":{\"@id\":\"https:\\\/\\\/biancamachado.com.br\\\/blog\\\/fotografias-para-perfil-profissional\\\/#primaryimage\"},\"thumbnailUrl\":\"https:\\\/\\\/i0.wp.com\\\/biancamachado.com.br\\\/blog\\\/wp-content\\\/uploads\\\/2016\\\/05\\\/Screenshot_100.png?fit=407%2C538&ssl=1\",\"datePublished\":\"2016-05-26T23:20:00+00:00\",\"dateModified\":\"2023-02-15T20:06:33+00:00\",\"description\":\"Os retratos profissionais para hipnoterapeutas no marketing digital s\u00e3o uma parte importante da promo\u00e7\u00e3o da carreira, e eu, Bianca Machado, estou aqui para oferecer meus servi\u00e7os de fotografia para ajudar meus clientes a transmitir confian\u00e7a e profissionalismo aos seus clientes e potenciais pacientes.\",\"breadcrumb\":{\"@id\":\"https:\\\/\\\/biancamachado.com.br\\\/blog\\\/fotografias-para-perfil-profissional\\\/#breadcrumb\"},\"inLanguage\":\"pt-BR\",\"potentialAction\":[{\"@type\":\"ReadAction\",\"target\":[\"https:\\\/\\\/biancamachado.com.br\\\/blog\\\/fotografias-para-perfil-profissional\\\/\"]}]},{\"@type\":\"ImageObject\",\"inLanguage\":\"pt-BR\",\"@id\":\"https:\\\/\\\/biancamachado.com.br\\\/blog\\\/fotografias-para-perfil-profissional\\\/#primaryimage\",\"url\":\"https:\\\/\\\/i0.wp.com\\\/biancamachado.com.br\\\/blog\\\/wp-content\\\/uploads\\\/2016\\\/05\\\/Screenshot_100.png?fit=407%2C538&ssl=1\",\"contentUrl\":\"https:\\\/\\\/i0.wp.com\\\/biancamachado.com.br\\\/blog\\\/wp-content\\\/uploads\\\/2016\\\/05\\\/Screenshot_100.png?fit=407%2C538&ssl=1\",\"width\":407,\"height\":538,\"caption\":\"Fotografias para perfil profissional\"},{\"@type\":\"BreadcrumbList\",\"@id\":\"https:\\\/\\\/biancamachado.com.br\\\/blog\\\/fotografias-para-perfil-profissional\\\/#breadcrumb\",\"itemListElement\":[{\"@type\":\"ListItem\",\"position\":1,\"name\":\"In\u00edcio\",\"item\":\"https:\\\/\\\/biancamachado.com.br\\\/blog\\\/\"},{\"@type\":\"ListItem\",\"position\":2,\"name\":\"Fotografias para perfil profissional\"}]},{\"@type\":\"WebSite\",\"@id\":\"https:\\\/\\\/biancamachado.com.br\\\/blog\\\/#website\",\"url\":\"https:\\\/\\\/biancamachado.com.br\\\/blog\\\/\",\"name\":\"STUDIO BIANCA MACHADO\",\"description\":\"Estudio Fotografico, Ensaios e Books de foto profissional\",\"publisher\":{\"@id\":\"https:\\\/\\\/biancamachado.com.br\\\/blog\\\/#organization\"},\"potentialAction\":[{\"@type\":\"SearchAction\",\"target\":{\"@type\":\"EntryPoint\",\"urlTemplate\":\"https:\\\/\\\/biancamachado.com.br\\\/blog\\\/?s={search_term_string}\"},\"query-input\":{\"@type\":\"PropertyValueSpecification\",\"valueRequired\":true,\"valueName\":\"search_term_string\"}}],\"inLanguage\":\"pt-BR\"},{\"@type\":\"Organization\",\"@id\":\"https:\\\/\\\/biancamachado.com.br\\\/blog\\\/#organization\",\"name\":\"STUDIO BIANCA MACHADO\",\"url\":\"https:\\\/\\\/biancamachado.com.br\\\/blog\\\/\",\"logo\":{\"@type\":\"ImageObject\",\"inLanguage\":\"pt-BR\",\"@id\":\"https:\\\/\\\/biancamachado.com.br\\\/blog\\\/#\\\/schema\\\/logo\\\/image\\\/\",\"url\":\"https:\\\/\\\/i0.wp.com\\\/biancamachado.com.br\\\/blog\\\/wp-content\\\/uploads\\\/2021\\\/02\\\/cropped-logo-ml.jpg?fit=278%2C100&ssl=1\",\"contentUrl\":\"https:\\\/\\\/i0.wp.com\\\/biancamachado.com.br\\\/blog\\\/wp-content\\\/uploads\\\/2021\\\/02\\\/cropped-logo-ml.jpg?fit=278%2C100&ssl=1\",\"width\":278,\"height\":100,\"caption\":\"STUDIO BIANCA MACHADO\"},\"image\":{\"@id\":\"https:\\\/\\\/biancamachado.com.br\\\/blog\\\/#\\\/schema\\\/logo\\\/image\\\/\"},\"sameAs\":[\"https:\\\/\\\/www.facebook.com\\\/Studiobiancamachado\\\/\",\"https:\\\/\\\/www.instagram.com\\\/Studiobiancamachado\\\/\"]},{\"@type\":\"Person\",\"@id\":\"https:\\\/\\\/biancamachado.com.br\\\/blog\\\/#\\\/schema\\\/person\\\/990263800ec5e9bdbbf092a2353550a1\",\"name\":\"biancamachado\",\"image\":{\"@type\":\"ImageObject\",\"inLanguage\":\"pt-BR\",\"@id\":\"https:\\\/\\\/secure.gravatar.com\\\/avatar\\\/62b1a50f2632dbc2e279c3eb55aa46cc324c969cff16a69c59756d155316542c?s=96&d=mm&r=g\",\"url\":\"https:\\\/\\\/secure.gravatar.com\\\/avatar\\\/62b1a50f2632dbc2e279c3eb55aa46cc324c969cff16a69c59756d155316542c?s=96&d=mm&r=g\",\"contentUrl\":\"https:\\\/\\\/secure.gravatar.com\\\/avatar\\\/62b1a50f2632dbc2e279c3eb55aa46cc324c969cff16a69c59756d155316542c?s=96&d=mm&r=g\",\"caption\":\"biancamachado\"},\"sameAs\":[\"https:\\\/\\\/biancamachado.com.br\\\/blog\"],\"url\":\"https:\\\/\\\/biancamachado.com.br\\\/blog\\\/author\\\/biancamachado\\\/\"}]}<\/script>\n<!-- \/ Yoast SEO plugin. -->","yoast_head_json":{"title":"Fotografias para perfil profissional - STUDIO BIANCA MACHADO","description":"Os retratos profissionais para hipnoterapeutas no marketing digital s\u00e3o uma parte importante da promo\u00e7\u00e3o da carreira, e eu, Bianca Machado, estou aqui para oferecer meus servi\u00e7os de fotografia para ajudar meus clientes a transmitir confian\u00e7a e profissionalismo aos seus clientes e potenciais pacientes.","robots":{"index":"index","follow":"follow","max-snippet":"max-snippet:-1","max-image-preview":"max-image-preview:large","max-video-preview":"max-video-preview:-1"},"canonical":"https:\/\/biancamachado.com.br\/blog\/fotografias-para-perfil-profissional\/","og_locale":"pt_BR","og_type":"article","og_title":"Fotografias para perfil profissional - STUDIO BIANCA MACHADO","og_description":"Os retratos profissionais para hipnoterapeutas no marketing digital s\u00e3o uma parte importante da promo\u00e7\u00e3o da carreira, e eu, Bianca Machado, estou aqui para oferecer meus servi\u00e7os de fotografia para ajudar meus clientes a transmitir confian\u00e7a e profissionalismo aos seus clientes e potenciais pacientes.","og_url":"https:\/\/biancamachado.com.br\/blog\/fotografias-para-perfil-profissional\/","og_site_name":"STUDIO BIANCA MACHADO","article_publisher":"https:\/\/www.facebook.com\/Studiobiancamachado\/","article_published_time":"2016-05-26T23:20:00+00:00","article_modified_time":"2023-02-15T20:06:33+00:00","og_image":[{"width":407,"height":538,"url":"https:\/\/biancamachado.com.br\/blog\/wp-content\/uploads\/2016\/05\/Screenshot_100.png","type":"image\/png"}],"author":"biancamachado","twitter_card":"summary_large_image","twitter_misc":{"Escrito por":"biancamachado","Est. tempo de leitura":"3 minutos"},"schema":{"@context":"https:\/\/schema.org","@graph":[{"@type":"Article","@id":"https:\/\/biancamachado.com.br\/blog\/fotografias-para-perfil-profissional\/#article","isPartOf":{"@id":"https:\/\/biancamachado.com.br\/blog\/fotografias-para-perfil-profissional\/"},"author":{"name":"biancamachado","@id":"https:\/\/biancamachado.com.br\/blog\/#\/schema\/person\/990263800ec5e9bdbbf092a2353550a1"},"headline":"Fotografias para perfil profissional","datePublished":"2016-05-26T23:20:00+00:00","dateModified":"2023-02-15T20:06:33+00:00","mainEntityOfPage":{"@id":"https:\/\/biancamachado.com.br\/blog\/fotografias-para-perfil-profissional\/"},"wordCount":299,"commentCount":0,"publisher":{"@id":"https:\/\/biancamachado.com.br\/blog\/#organization"},"image":{"@id":"https:\/\/biancamachado.com.br\/blog\/fotografias-para-perfil-profissional\/#primaryimage"},"thumbnailUrl":"https:\/\/i0.wp.com\/biancamachado.com.br\/blog\/wp-content\/uploads\/2016\/05\/Screenshot_100.png?fit=407%2C538&ssl=1","keywords":["fotografia para linkedin","fotos para profissionais e empresas","retrato para profissionais"],"articleSection":["Linkedin Retrato Profisional","Studio Bianca Machado"],"inLanguage":"pt-BR","potentialAction":[{"@type":"CommentAction","name":"Comment","target":["https:\/\/biancamachado.com.br\/blog\/fotografias-para-perfil-profissional\/#respond"]}]},{"@type":"WebPage","@id":"https:\/\/biancamachado.com.br\/blog\/fotografias-para-perfil-profissional\/","url":"https:\/\/biancamachado.com.br\/blog\/fotografias-para-perfil-profissional\/","name":"Fotografias para perfil profissional - STUDIO BIANCA MACHADO","isPartOf":{"@id":"https:\/\/biancamachado.com.br\/blog\/#website"},"primaryImageOfPage":{"@id":"https:\/\/biancamachado.com.br\/blog\/fotografias-para-perfil-profissional\/#primaryimage"},"image":{"@id":"https:\/\/biancamachado.com.br\/blog\/fotografias-para-perfil-profissional\/#primaryimage"},"thumbnailUrl":"https:\/\/i0.wp.com\/biancamachado.com.br\/blog\/wp-content\/uploads\/2016\/05\/Screenshot_100.png?fit=407%2C538&ssl=1","datePublished":"2016-05-26T23:20:00+00:00","dateModified":"2023-02-15T20:06:33+00:00","description":"Os retratos profissionais para hipnoterapeutas no marketing digital s\u00e3o uma parte importante da promo\u00e7\u00e3o da carreira, e eu, Bianca Machado, estou aqui para oferecer meus servi\u00e7os de fotografia para ajudar meus clientes a transmitir confian\u00e7a e profissionalismo aos seus clientes e potenciais pacientes.","breadcrumb":{"@id":"https:\/\/biancamachado.com.br\/blog\/fotografias-para-perfil-profissional\/#breadcrumb"},"inLanguage":"pt-BR","potentialAction":[{"@type":"ReadAction","target":["https:\/\/biancamachado.com.br\/blog\/fotografias-para-perfil-profissional\/"]}]},{"@type":"ImageObject","inLanguage":"pt-BR","@id":"https:\/\/biancamachado.com.br\/blog\/fotografias-para-perfil-profissional\/#primaryimage","url":"https:\/\/i0.wp.com\/biancamachado.com.br\/blog\/wp-content\/uploads\/2016\/05\/Screenshot_100.png?fit=407%2C538&ssl=1","contentUrl":"https:\/\/i0.wp.com\/biancamachado.com.br\/blog\/wp-content\/uploads\/2016\/05\/Screenshot_100.png?fit=407%2C538&ssl=1","width":407,"height":538,"caption":"Fotografias para perfil profissional"},{"@type":"BreadcrumbList","@id":"https:\/\/biancamachado.com.br\/blog\/fotografias-para-perfil-profissional\/#breadcrumb","itemListElement":[{"@type":"ListItem","position":1,"name":"In\u00edcio","item":"https:\/\/biancamachado.com.br\/blog\/"},{"@type":"ListItem","position":2,"name":"Fotografias para perfil profissional"}]},{"@type":"WebSite","@id":"https:\/\/biancamachado.com.br\/blog\/#website","url":"https:\/\/biancamachado.com.br\/blog\/","name":"STUDIO BIANCA MACHADO","description":"Estudio Fotografico, Ensaios e Books de foto profissional","publisher":{"@id":"https:\/\/biancamachado.com.br\/blog\/#organization"},"potentialAction":[{"@type":"SearchAction","target":{"@type":"EntryPoint","urlTemplate":"https:\/\/biancamachado.com.br\/blog\/?s={search_term_string}"},"query-input":{"@type":"PropertyValueSpecification","valueRequired":true,"valueName":"search_term_string"}}],"inLanguage":"pt-BR"},{"@type":"Organization","@id":"https:\/\/biancamachado.com.br\/blog\/#organization","name":"STUDIO BIANCA MACHADO","url":"https:\/\/biancamachado.com.br\/blog\/","logo":{"@type":"ImageObject","inLanguage":"pt-BR","@id":"https:\/\/biancamachado.com.br\/blog\/#\/schema\/logo\/image\/","url":"https:\/\/i0.wp.com\/biancamachado.com.br\/blog\/wp-content\/uploads\/2021\/02\/cropped-logo-ml.jpg?fit=278%2C100&ssl=1","contentUrl":"https:\/\/i0.wp.com\/biancamachado.com.br\/blog\/wp-content\/uploads\/2021\/02\/cropped-logo-ml.jpg?fit=278%2C100&ssl=1","width":278,"height":100,"caption":"STUDIO BIANCA MACHADO"},"image":{"@id":"https:\/\/biancamachado.com.br\/blog\/#\/schema\/logo\/image\/"},"sameAs":["https:\/\/www.facebook.com\/Studiobiancamachado\/","https:\/\/www.instagram.com\/Studiobiancamachado\/"]},{"@type":"Person","@id":"https:\/\/biancamachado.com.br\/blog\/#\/schema\/person\/990263800ec5e9bdbbf092a2353550a1","name":"biancamachado","image":{"@type":"ImageObject","inLanguage":"pt-BR","@id":"https:\/\/secure.gravatar.com\/avatar\/62b1a50f2632dbc2e279c3eb55aa46cc324c969cff16a69c59756d155316542c?s=96&d=mm&r=g","url":"https:\/\/secure.gravatar.com\/avatar\/62b1a50f2632dbc2e279c3eb55aa46cc324c969cff16a69c59756d155316542c?s=96&d=mm&r=g","contentUrl":"https:\/\/secure.gravatar.com\/avatar\/62b1a50f2632dbc2e279c3eb55aa46cc324c969cff16a69c59756d155316542c?s=96&d=mm&r=g","caption":"biancamachado"},"sameAs":["https:\/\/biancamachado.com.br\/blog"],"url":"https:\/\/biancamachado.com.br\/blog\/author\/biancamachado\/"}]}},"jetpack_featured_media_url":"https:\/\/i0.wp.com\/biancamachado.com.br\/blog\/wp-content\/uploads\/2016\/05\/Screenshot_100.png?fit=407%2C538&ssl=1","jetpack-related-posts":[],"jetpack_sharing_enabled":true,"_links":{"self":[{"href":"https:\/\/biancamachado.com.br\/blog\/wp-json\/wp\/v2\/posts\/139","targetHints":{"allow":["GET"]}}],"collection":[{"href":"https:\/\/biancamachado.com.br\/blog\/wp-json\/wp\/v2\/posts"}],"about":[{"href":"https:\/\/biancamachado.com.br\/blog\/wp-json\/wp\/v2\/types\/post"}],"author":[{"embeddable":true,"href":"https:\/\/biancamachado.com.br\/blog\/wp-json\/wp\/v2\/users\/1"}],"replies":[{"embeddable":true,"href":"https:\/\/biancamachado.com.br\/blog\/wp-json\/wp\/v2\/comments?post=139"}],"version-history":[{"count":2,"href":"https:\/\/biancamachado.com.br\/blog\/wp-json\/wp\/v2\/posts\/139\/revisions"}],"predecessor-version":[{"id":3462,"href":"https:\/\/biancamachado.com.br\/blog\/wp-json\/wp\/v2\/posts\/139\/revisions\/3462"}],"wp:featuredmedia":[{"embeddable":true,"href":"https:\/\/biancamachado.com.br\/blog\/wp-json\/wp\/v2\/media\/898"}],"wp:attachment":[{"href":"https:\/\/biancamachado.com.br\/blog\/wp-json\/wp\/v2\/media?parent=139"}],"wp:term":[{"taxonomy":"category","embeddable":true,"href":"https:\/\/biancamachado.com.br\/blog\/wp-json\/wp\/v2\/categories?post=139"},{"taxonomy":"post_tag","embeddable":true,"href":"https:\/\/biancamachado.com.br\/blog\/wp-json\/wp\/v2\/tags?post=139"}],"curies":[{"name":"wp","href":"https:\/\/api.w.org\/{rel}","templated":true}]}}