{"id":135,"date":"2016-06-14T17:57:00","date_gmt":"2016-06-14T20:57:00","guid":{"rendered":"https:\/\/biancamachado.com.br\/blog\/?p=135"},"modified":"2023-02-14T18:00:01","modified_gmt":"2023-02-14T21:00:01","slug":"ensaio-fotografico-infantil","status":"publish","type":"post","link":"https:\/\/biancamachado.com.br\/blog\/ensaio-fotografico-infantil\/","title":{"rendered":"Ensaio Fotogr\u00e1fico Infantil"},"content":{"rendered":"<p>Esse \u00e9 o Eduardo ! ( ops&#8230; quero dizer o homem aranha ! ) kkk<br \/>\nFam\u00edlia super fofa, como \u00e9 gostoso fotografar a fam\u00edlia de um super her\u00f3i !<br \/>\nEu amo muito esse trabalho, cada ensaio \u00e9 uma aventura !<br \/>\nSegue um pouquinho do resultado final:<\/p>\n<table style=\"margin-left: auto; margin-right: auto; text-align: center;\" cellspacing=\"0\" cellpadding=\"0\" align=\"center\">\n<tbody>\n<tr>\n<td style=\"text-align: center;\"><a style=\"margin-left: auto; margin-right: auto;\" href=\"https:\/\/i0.wp.com\/1.bp.blogspot.com\/-s11TjPBPwPQ\/V2Bu5T8pCrI\/AAAAAAAAQ9o\/mbLVs0HI05crYajk-kllzcuWtBPNibpBQCLcB\/s1600\/book%2Bfotografico%2Bcrian%25C3%25A7as.jpg?ssl=1\"><img data-recalc-dims=\"1\" loading=\"lazy\" decoding=\"async\" title=\"book fotografico crian\u00e7as\" src=\"https:\/\/i0.wp.com\/1.bp.blogspot.com\/-s11TjPBPwPQ\/V2Bu5T8pCrI\/AAAAAAAAQ9o\/mbLVs0HI05crYajk-kllzcuWtBPNibpBQCLcB\/s640\/book%2Bfotografico%2Bcrian%25C3%25A7as.jpg?resize=426%2C640&#038;ssl=1\" alt=\"book fotografico crian\u00e7as\" width=\"426\" height=\"640\" border=\"0\" \/><\/a><\/td>\n<\/tr>\n<tr>\n<td style=\"text-align: center;\">book fotografico crian\u00e7as<\/td>\n<\/tr>\n<\/tbody>\n<\/table>\n<p>A inf\u00e2ncia \u00e9 uma fase da vida cheia de beleza e alegria, e \u00e9 importante registrar esses momentos com fotos lindas e divertidas. O Studio Bianca Machado, especializado em fotografias infantis, tem como miss\u00e3o capturar a fam\u00edlia e a inf\u00e2ncia do Eduardo em um ensaio fotogr\u00e1fico infantil.<\/p>\n<p>A sess\u00e3o fotogr\u00e1fica infantil do Eduardo no Studio Bianca Machado \u00e9 feita em um est\u00fadio aconchegante, com decora\u00e7\u00f5es que remetem \u00e0 criatividade e \u00e0 alegria. A fot\u00f3grafa Bianca Machado se preocupa em capturar a personalidade e a ess\u00eancia do Eduardo, retratando sua beleza e sua alegria.<\/p>\n<p>As fotos podem ser feitas com roupas espec\u00edficas para a idade do Eduardo, com adere\u00e7os e acess\u00f3rios, ou mesmo sem nenhum adere\u00e7o, valorizando a beleza natural da crian\u00e7a. Al\u00e9m disso, \u00e9 poss\u00edvel incluir os pais e outros familiares na sess\u00e3o, para que todos possam registrar esse momento juntos.<\/p>\n<p>Em resumo, o ensaio fotogr\u00e1fico infantil do Eduardo no Studio Bianca Machado \u00e9 uma \u00f3tima op\u00e7\u00e3o para os pais que desejam registrar a inf\u00e2ncia e a fam\u00edlia do Eduardo. A fot\u00f3grafa Bianca Machado se esfor\u00e7ou ao m\u00e1ximo para garantir que as fotos fossem lindas e divertidas, e que retratassem a personalidade e a ess\u00eancia do Eduardo.<\/p>\n<table style=\"margin-left: auto; margin-right: auto; text-align: center;\" cellspacing=\"0\" cellpadding=\"0\" align=\"center\">\n<tbody>\n<tr>\n<td style=\"text-align: center;\"><a style=\"margin-left: auto; margin-right: auto;\" href=\"https:\/\/i0.wp.com\/3.bp.blogspot.com\/-6pg-MrScOuA\/V2Bu5arPzBI\/AAAAAAAAQ9k\/RmSrIjAHxVI_j4P_PDUdwNR4ju5Gj05KACLcB\/s1600\/ensaio%2Bem%2Bestudio%2Bcrian%25C3%25A7as.jpg?ssl=1\"><img data-recalc-dims=\"1\" loading=\"lazy\" decoding=\"async\" title=\"ensaio em estudio crian\u00e7as\" src=\"https:\/\/i0.wp.com\/3.bp.blogspot.com\/-6pg-MrScOuA\/V2Bu5arPzBI\/AAAAAAAAQ9k\/RmSrIjAHxVI_j4P_PDUdwNR4ju5Gj05KACLcB\/s640\/ensaio%2Bem%2Bestudio%2Bcrian%25C3%25A7as.jpg?resize=640%2C426&#038;ssl=1\" alt=\"ensaio em estudio crian\u00e7as\" width=\"640\" height=\"426\" border=\"0\" \/><\/a><\/td>\n<\/tr>\n<tr>\n<td style=\"text-align: center;\">ensaio em estudio crian\u00e7as<\/td>\n<\/tr>\n<\/tbody>\n<\/table>\n<table style=\"margin-left: auto; margin-right: auto; text-align: center;\" cellspacing=\"0\" cellpadding=\"0\" align=\"center\">\n<tbody>\n<tr>\n<td style=\"text-align: center;\"><a style=\"margin-left: auto; margin-right: auto;\" href=\"https:\/\/i0.wp.com\/1.bp.blogspot.com\/-jiZMo0hqc3M\/V2Bu5hTXn_I\/AAAAAAAAQ9s\/_wUZnsGqtBw1o09_wi6Zi3WJMevVifl9wCLcB\/s1600\/ensaio%2Bfotografico%2Bcrian%25C3%25A7as.jpg?ssl=1\"><img data-recalc-dims=\"1\" loading=\"lazy\" decoding=\"async\" title=\"ensaio fotografico crian\u00e7as\" src=\"https:\/\/i0.wp.com\/1.bp.blogspot.com\/-jiZMo0hqc3M\/V2Bu5hTXn_I\/AAAAAAAAQ9s\/_wUZnsGqtBw1o09_wi6Zi3WJMevVifl9wCLcB\/s640\/ensaio%2Bfotografico%2Bcrian%25C3%25A7as.jpg?resize=640%2C426&#038;ssl=1\" alt=\"ensaio fotografico crian\u00e7as\" width=\"640\" height=\"426\" border=\"0\" \/><\/a><\/td>\n<\/tr>\n<tr>\n<td style=\"text-align: center;\">ensaio fotografico crian\u00e7as<\/td>\n<\/tr>\n<\/tbody>\n<\/table>\n<table style=\"margin-left: auto; margin-right: auto; text-align: center;\" cellspacing=\"0\" cellpadding=\"0\" align=\"center\">\n<tbody>\n<tr>\n<td style=\"text-align: center;\"><a style=\"margin-left: auto; margin-right: auto;\" href=\"https:\/\/i0.wp.com\/1.bp.blogspot.com\/-fcRxTzL0UDI\/V2Bu6U2VPFI\/AAAAAAAAQ9w\/1UsUtPw99PEe6ew8kO2fYXvnQIqzdZf6gCLcB\/s1600\/ensaio%2Bfotografico%2Binfantil.jpg?ssl=1\"><img data-recalc-dims=\"1\" loading=\"lazy\" decoding=\"async\" title=\"ensaio fotografico infantil\" src=\"https:\/\/i0.wp.com\/1.bp.blogspot.com\/-fcRxTzL0UDI\/V2Bu6U2VPFI\/AAAAAAAAQ9w\/1UsUtPw99PEe6ew8kO2fYXvnQIqzdZf6gCLcB\/s640\/ensaio%2Bfotografico%2Binfantil.jpg?resize=640%2C426&#038;ssl=1\" alt=\"ensaio fotografico infantil\" width=\"640\" height=\"426\" border=\"0\" \/><\/a><\/td>\n<\/tr>\n<tr>\n<td style=\"text-align: center;\">ensaio fotografico infantil<\/td>\n<\/tr>\n<\/tbody>\n<\/table>\n<table style=\"margin-left: auto; margin-right: auto; text-align: center;\" cellspacing=\"0\" cellpadding=\"0\" align=\"center\">\n<tbody>\n<tr>\n<td style=\"text-align: center;\"><a style=\"margin-left: auto; margin-right: auto;\" href=\"https:\/\/i0.wp.com\/2.bp.blogspot.com\/-atojm34VYhk\/V2Bu61WpP0I\/AAAAAAAAQ90\/MAyeK2LXBWQZz6dQUYbUQj5Hy5SzYy5XQCLcB\/s1600\/fotografias%2Bensaio%2Binfantil.jpg?ssl=1\"><img data-recalc-dims=\"1\" loading=\"lazy\" decoding=\"async\" title=\"fotografias ensaio infantil\" src=\"https:\/\/i0.wp.com\/2.bp.blogspot.com\/-atojm34VYhk\/V2Bu61WpP0I\/AAAAAAAAQ90\/MAyeK2LXBWQZz6dQUYbUQj5Hy5SzYy5XQCLcB\/s640\/fotografias%2Bensaio%2Binfantil.jpg?resize=640%2C426&#038;ssl=1\" alt=\"fotografias ensaio infantil\" width=\"640\" height=\"426\" border=\"0\" \/><\/a><\/td>\n<\/tr>\n<tr>\n<td style=\"text-align: center;\">fotografias ensaio infantil<\/td>\n<\/tr>\n<\/tbody>\n<\/table>\n<table style=\"margin-left: auto; margin-right: auto; text-align: center;\" cellspacing=\"0\" cellpadding=\"0\" align=\"center\">\n<tbody>\n<tr>\n<td style=\"text-align: center;\"><a style=\"margin-left: auto; margin-right: auto;\" href=\"https:\/\/i0.wp.com\/3.bp.blogspot.com\/-lS3m0HNtZMo\/V2Bu7oSrasI\/AAAAAAAAQ-A\/_Qbq7fptWOI1pZIV1di3rTa8PeQ6QT3VACLcB\/s1600\/fotografias%2Bfamilia.jpg?ssl=1\"><img data-recalc-dims=\"1\" loading=\"lazy\" decoding=\"async\" title=\"fotografias familia\" src=\"https:\/\/i0.wp.com\/3.bp.blogspot.com\/-lS3m0HNtZMo\/V2Bu7oSrasI\/AAAAAAAAQ-A\/_Qbq7fptWOI1pZIV1di3rTa8PeQ6QT3VACLcB\/s640\/fotografias%2Bfamilia.jpg?resize=426%2C640&#038;ssl=1\" alt=\"fotografias familia\" width=\"426\" height=\"640\" border=\"0\" \/><\/a><\/td>\n<\/tr>\n<tr>\n<td style=\"text-align: center;\">fotografias familia<\/td>\n<\/tr>\n<\/tbody>\n<\/table>\n<table style=\"margin-left: auto; margin-right: auto; text-align: center;\" cellspacing=\"0\" cellpadding=\"0\" align=\"center\">\n<tbody>\n<tr>\n<td style=\"text-align: center;\"><a style=\"margin-left: auto; margin-right: auto;\" href=\"https:\/\/i0.wp.com\/4.bp.blogspot.com\/-TTI5lBoVPf8\/V2Bu7TzkZSI\/AAAAAAAAQ94\/8U1KaSyNdRUw-2A7ccdJuOoLYp0jDI86gCLcB\/s1600\/fotos%2Bcrian%25C3%25A7as%2Bem%2Bestudio.jpg?ssl=1\"><img data-recalc-dims=\"1\" loading=\"lazy\" decoding=\"async\" title=\"fotos crian\u00e7as em estudio\" src=\"https:\/\/i0.wp.com\/4.bp.blogspot.com\/-TTI5lBoVPf8\/V2Bu7TzkZSI\/AAAAAAAAQ94\/8U1KaSyNdRUw-2A7ccdJuOoLYp0jDI86gCLcB\/s640\/fotos%2Bcrian%25C3%25A7as%2Bem%2Bestudio.jpg?resize=426%2C640&#038;ssl=1\" alt=\"fotos crian\u00e7as em estudio\" width=\"426\" height=\"640\" border=\"0\" \/><\/a><\/td>\n<\/tr>\n<tr>\n<td style=\"text-align: center;\">fotos crian\u00e7as em estudio<\/td>\n<\/tr>\n<\/tbody>\n<\/table>\n<table style=\"float: right; margin-left: 1em; text-align: right;\" cellspacing=\"0\" cellpadding=\"0\">\n<tbody>\n<tr>\n<td style=\"text-align: center;\"><a style=\"clear: right; margin-bottom: 1em; margin-left: auto; margin-right: auto;\" href=\"https:\/\/i0.wp.com\/3.bp.blogspot.com\/-f9pDivEEVh4\/V2Bu785kxiI\/AAAAAAAAQ98\/c-rZ_wk0JFMGfQqeY8hepAZG0pwUSF3qgCLcB\/s1600\/fotos%2Bde%2Bbook%2Bcrian%25C3%25A7a.jpg?ssl=1\"><img data-recalc-dims=\"1\" loading=\"lazy\" decoding=\"async\" title=\"fotos de book crian\u00e7a\" src=\"https:\/\/i0.wp.com\/3.bp.blogspot.com\/-f9pDivEEVh4\/V2Bu785kxiI\/AAAAAAAAQ98\/c-rZ_wk0JFMGfQqeY8hepAZG0pwUSF3qgCLcB\/s640\/fotos%2Bde%2Bbook%2Bcrian%25C3%25A7a.jpg?resize=640%2C426&#038;ssl=1\" alt=\"fotos de book crian\u00e7a\" width=\"640\" height=\"426\" border=\"0\" \/><\/a><\/td>\n<\/tr>\n<tr>\n<td style=\"text-align: center;\">fotos de book crian\u00e7a<\/td>\n<\/tr>\n<\/tbody>\n<\/table>\n<table style=\"margin-left: auto; margin-right: auto; text-align: center;\" cellspacing=\"0\" cellpadding=\"0\" align=\"center\">\n<tbody>\n<tr>\n<td style=\"text-align: center;\"><a style=\"margin-left: auto; margin-right: auto;\" href=\"https:\/\/i0.wp.com\/3.bp.blogspot.com\/-pR4Wh-z5cJU\/V2Bu8izBqrI\/AAAAAAAAQ-E\/gh3c6dK32EolxXy3I34r0Ru0Yslw9itlQCLcB\/s1600\/fotos%2Bde%2Bcrian%25C3%25A7as%2Bem%2Bestudio.jpg?ssl=1\"><img data-recalc-dims=\"1\" loading=\"lazy\" decoding=\"async\" title=\"fotos de crian\u00e7as em estudio\" src=\"https:\/\/i0.wp.com\/3.bp.blogspot.com\/-pR4Wh-z5cJU\/V2Bu8izBqrI\/AAAAAAAAQ-E\/gh3c6dK32EolxXy3I34r0Ru0Yslw9itlQCLcB\/s640\/fotos%2Bde%2Bcrian%25C3%25A7as%2Bem%2Bestudio.jpg?resize=640%2C426&#038;ssl=1\" alt=\"fotos de crian\u00e7as em estudio\" width=\"640\" height=\"426\" border=\"0\" \/><\/a><\/td>\n<\/tr>\n<tr>\n<td style=\"text-align: center;\">fotos de crian\u00e7as em estudio<\/td>\n<\/tr>\n<\/tbody>\n<\/table>\n<table style=\"margin-left: auto; margin-right: auto; text-align: center;\" cellspacing=\"0\" cellpadding=\"0\" align=\"center\">\n<tbody>\n<tr>\n<td style=\"text-align: center;\"><a style=\"margin-left: auto; margin-right: auto;\" href=\"https:\/\/i0.wp.com\/2.bp.blogspot.com\/-e65temHfGFM\/V2Bu9OpSNdI\/AAAAAAAAQ-Q\/zBqYCuVpX-kl8BzGCnUT3voA9bMg_WPLwCLcB\/s1600\/melhores%2Bfotos%2Bensaio%2Binfantil.jpg?ssl=1\"><img data-recalc-dims=\"1\" loading=\"lazy\" decoding=\"async\" title=\"melhores fotos ensaio infantil\" src=\"https:\/\/i0.wp.com\/2.bp.blogspot.com\/-e65temHfGFM\/V2Bu9OpSNdI\/AAAAAAAAQ-Q\/zBqYCuVpX-kl8BzGCnUT3voA9bMg_WPLwCLcB\/s640\/melhores%2Bfotos%2Bensaio%2Binfantil.jpg?resize=640%2C426&#038;ssl=1\" alt=\"melhores fotos ensaio infantil\" width=\"640\" height=\"426\" border=\"0\" \/><\/a><\/td>\n<\/tr>\n<tr>\n<td style=\"text-align: center;\">melhores fotos ensaioinfantil<\/td>\n<\/tr>\n<\/tbody>\n<\/table>\n<table style=\"margin-left: auto; margin-right: auto; text-align: center;\" cellspacing=\"0\" cellpadding=\"0\" align=\"center\">\n<tbody>\n<tr>\n<td style=\"text-align: center;\"><a style=\"margin-left: auto; margin-right: auto;\" href=\"https:\/\/i0.wp.com\/3.bp.blogspot.com\/-2hW_xRVP22k\/V2Bu9TXG73I\/AAAAAAAAQ-M\/sTBaZsX8shc_f1TXO7yRxGVSU43VSHD9QCLcB\/s1600\/sess%25C3%25A3o%2Bfotografica%2Binfantil.jpg?ssl=1\"><img data-recalc-dims=\"1\" loading=\"lazy\" decoding=\"async\" title=\"sess\u00e3o fotografica infantil\" src=\"https:\/\/i0.wp.com\/3.bp.blogspot.com\/-2hW_xRVP22k\/V2Bu9TXG73I\/AAAAAAAAQ-M\/sTBaZsX8shc_f1TXO7yRxGVSU43VSHD9QCLcB\/s640\/sess%25C3%25A3o%2Bfotografica%2Binfantil.jpg?resize=426%2C640&#038;ssl=1\" alt=\"sess\u00e3o fotografica infantil\" width=\"426\" height=\"640\" border=\"0\" \/><\/a><\/td>\n<\/tr>\n<tr>\n<td style=\"text-align: center;\">sess\u00e3o fotografica infantil<\/td>\n<\/tr>\n<\/tbody>\n<\/table>\nVisite tamb\u00e9m nosso site: www.biancamachado.com.br\r\n(11) 97107-1018\r\n\r\nAtendemos as regi\u00f5es de S\u00e3o Paulo, Sorocaba, Ibi\u00fana, Piedade, Votorantim, Cotia, Itupeva, Jundia\u00ed, It\u00fa e Campinas","protected":false},"excerpt":{"rendered":"<p>O ensaio fotogr\u00e1fico infantil do Eduardo no Studio Bianca Machado \u00e9 uma \u00f3tima op\u00e7\u00e3o para os pais que desejam registrar a inf\u00e2ncia e a fam\u00edlia do Eduardo. A fot\u00f3grafa Bianca Machado se esfor\u00e7ou ao m\u00e1ximo para garantir que as fotos fossem lindas e divertidas, e que retratassem a personalidade e a ess\u00eancia do Eduardo.<\/p>\n","protected":false},"author":1,"featured_media":894,"comment_status":"open","ping_status":"open","sticky":false,"template":"","format":"standard","meta":{"_monsterinsights_skip_tracking":false,"_monsterinsights_sitenote_active":false,"_monsterinsights_sitenote_note":"","_monsterinsights_sitenote_category":0,"jetpack_post_was_ever_published":false,"_jetpack_newsletter_access":"","_jetpack_dont_email_post_to_subs":false,"_jetpack_newsletter_tier_id":0,"_jetpack_memberships_contains_paywalled_content":false,"_jetpack_memberships_contains_paid_content":false,"_joinchat":[],"footnotes":""},"categories":[292,290,1],"tags":[332,328,327,299,333,334],"class_list":["post-135","post","type-post","status-publish","format-standard","has-post-thumbnail","hentry","category-book-familia-estudio","category-book-infantil-estudio","category-studio-bianca-machado","tag-book-familia-em-estudio","tag-book-fotografico","tag-book-infantil-em-estudio","tag-ensaio-de-fotos","tag-ensaio-de-fotos-com-criancas","tag-fotografia-profissional-para-familias"],"yoast_head":"<!-- This site is optimized with the Yoast SEO plugin v27.4 - https:\/\/yoast.com\/product\/yoast-seo-wordpress\/ -->\n<title>Ensaio Fotogr\u00e1fico Infantil - STUDIO BIANCA MACHADO<\/title>\n<meta name=\"description\" content=\"O ensaio fotogr\u00e1fico infantil do Eduardo no Studio Bianca Machado \u00e9 uma \u00f3tima op\u00e7\u00e3o para os pais que desejam registrar a inf\u00e2ncia e a fam\u00edlia do Eduardo. A fot\u00f3grafa Bianca Machado se esfor\u00e7ou ao m\u00e1ximo para garantir que as fotos fossem lindas e divertidas, e que retratassem a personalidade e a ess\u00eancia do Eduardo.\" \/>\n<meta name=\"robots\" content=\"index, follow, max-snippet:-1, max-image-preview:large, max-video-preview:-1\" \/>\n<link rel=\"canonical\" href=\"https:\/\/biancamachado.com.br\/blog\/ensaio-fotografico-infantil\/\" \/>\n<meta property=\"og:locale\" content=\"pt_BR\" \/>\n<meta property=\"og:type\" content=\"article\" \/>\n<meta property=\"og:title\" content=\"Ensaio Fotogr\u00e1fico Infantil - STUDIO BIANCA MACHADO\" \/>\n<meta property=\"og:description\" content=\"O ensaio fotogr\u00e1fico infantil do Eduardo no Studio Bianca Machado \u00e9 uma \u00f3tima op\u00e7\u00e3o para os pais que desejam registrar a inf\u00e2ncia e a fam\u00edlia do Eduardo. A fot\u00f3grafa Bianca Machado se esfor\u00e7ou ao m\u00e1ximo para garantir que as fotos fossem lindas e divertidas, e que retratassem a personalidade e a ess\u00eancia do Eduardo.\" \/>\n<meta property=\"og:url\" content=\"https:\/\/biancamachado.com.br\/blog\/ensaio-fotografico-infantil\/\" \/>\n<meta property=\"og:site_name\" content=\"STUDIO BIANCA MACHADO\" \/>\n<meta property=\"article:publisher\" content=\"https:\/\/www.facebook.com\/Studiobiancamachado\/\" \/>\n<meta property=\"article:published_time\" content=\"2016-06-14T20:57:00+00:00\" \/>\n<meta property=\"article:modified_time\" content=\"2023-02-14T21:00:01+00:00\" \/>\n<meta property=\"og:image\" content=\"https:\/\/biancamachado.com.br\/blog\/wp-content\/uploads\/2016\/06\/Screenshot_96.png\" \/>\n\t<meta property=\"og:image:width\" content=\"700\" \/>\n\t<meta property=\"og:image:height\" content=\"433\" \/>\n\t<meta property=\"og:image:type\" content=\"image\/png\" \/>\n<meta name=\"author\" content=\"biancamachado\" \/>\n<meta name=\"twitter:card\" content=\"summary_large_image\" \/>\n<meta name=\"twitter:label1\" content=\"Escrito por\" \/>\n\t<meta name=\"twitter:data1\" content=\"biancamachado\" \/>\n\t<meta name=\"twitter:label2\" content=\"Est. tempo de leitura\" \/>\n\t<meta name=\"twitter:data2\" content=\"4 minutos\" \/>\n<script type=\"application\/ld+json\" class=\"yoast-schema-graph\">{\"@context\":\"https:\\\/\\\/schema.org\",\"@graph\":[{\"@type\":\"Article\",\"@id\":\"https:\\\/\\\/biancamachado.com.br\\\/blog\\\/ensaio-fotografico-infantil\\\/#article\",\"isPartOf\":{\"@id\":\"https:\\\/\\\/biancamachado.com.br\\\/blog\\\/ensaio-fotografico-infantil\\\/\"},\"author\":{\"name\":\"biancamachado\",\"@id\":\"https:\\\/\\\/biancamachado.com.br\\\/blog\\\/#\\\/schema\\\/person\\\/990263800ec5e9bdbbf092a2353550a1\"},\"headline\":\"Ensaio Fotogr\u00e1fico Infantil\",\"datePublished\":\"2016-06-14T20:57:00+00:00\",\"dateModified\":\"2023-02-14T21:00:01+00:00\",\"mainEntityOfPage\":{\"@id\":\"https:\\\/\\\/biancamachado.com.br\\\/blog\\\/ensaio-fotografico-infantil\\\/\"},\"wordCount\":305,\"commentCount\":0,\"publisher\":{\"@id\":\"https:\\\/\\\/biancamachado.com.br\\\/blog\\\/#organization\"},\"image\":{\"@id\":\"https:\\\/\\\/biancamachado.com.br\\\/blog\\\/ensaio-fotografico-infantil\\\/#primaryimage\"},\"thumbnailUrl\":\"https:\\\/\\\/i0.wp.com\\\/biancamachado.com.br\\\/blog\\\/wp-content\\\/uploads\\\/2016\\\/06\\\/Screenshot_96.png?fit=700%2C433&ssl=1\",\"keywords\":[\"Book familia em estudio\",\"book fotografico\",\"book infantil em estudio\",\"ensaio de fotos\",\"ensaio de fotos com crian\u00e7as\",\"fotografia profissional para familias\"],\"articleSection\":[\"Book Familia Estudio\",\"Book Infantil Estudio\",\"Studio Bianca Machado\"],\"inLanguage\":\"pt-BR\",\"potentialAction\":[{\"@type\":\"CommentAction\",\"name\":\"Comment\",\"target\":[\"https:\\\/\\\/biancamachado.com.br\\\/blog\\\/ensaio-fotografico-infantil\\\/#respond\"]}]},{\"@type\":\"WebPage\",\"@id\":\"https:\\\/\\\/biancamachado.com.br\\\/blog\\\/ensaio-fotografico-infantil\\\/\",\"url\":\"https:\\\/\\\/biancamachado.com.br\\\/blog\\\/ensaio-fotografico-infantil\\\/\",\"name\":\"Ensaio Fotogr\u00e1fico Infantil - STUDIO BIANCA MACHADO\",\"isPartOf\":{\"@id\":\"https:\\\/\\\/biancamachado.com.br\\\/blog\\\/#website\"},\"primaryImageOfPage\":{\"@id\":\"https:\\\/\\\/biancamachado.com.br\\\/blog\\\/ensaio-fotografico-infantil\\\/#primaryimage\"},\"image\":{\"@id\":\"https:\\\/\\\/biancamachado.com.br\\\/blog\\\/ensaio-fotografico-infantil\\\/#primaryimage\"},\"thumbnailUrl\":\"https:\\\/\\\/i0.wp.com\\\/biancamachado.com.br\\\/blog\\\/wp-content\\\/uploads\\\/2016\\\/06\\\/Screenshot_96.png?fit=700%2C433&ssl=1\",\"datePublished\":\"2016-06-14T20:57:00+00:00\",\"dateModified\":\"2023-02-14T21:00:01+00:00\",\"description\":\"O ensaio fotogr\u00e1fico infantil do Eduardo no Studio Bianca Machado \u00e9 uma \u00f3tima op\u00e7\u00e3o para os pais que desejam registrar a inf\u00e2ncia e a fam\u00edlia do Eduardo. A fot\u00f3grafa Bianca Machado se esfor\u00e7ou ao m\u00e1ximo para garantir que as fotos fossem lindas e divertidas, e que retratassem a personalidade e a ess\u00eancia do Eduardo.\",\"breadcrumb\":{\"@id\":\"https:\\\/\\\/biancamachado.com.br\\\/blog\\\/ensaio-fotografico-infantil\\\/#breadcrumb\"},\"inLanguage\":\"pt-BR\",\"potentialAction\":[{\"@type\":\"ReadAction\",\"target\":[\"https:\\\/\\\/biancamachado.com.br\\\/blog\\\/ensaio-fotografico-infantil\\\/\"]}]},{\"@type\":\"ImageObject\",\"inLanguage\":\"pt-BR\",\"@id\":\"https:\\\/\\\/biancamachado.com.br\\\/blog\\\/ensaio-fotografico-infantil\\\/#primaryimage\",\"url\":\"https:\\\/\\\/i0.wp.com\\\/biancamachado.com.br\\\/blog\\\/wp-content\\\/uploads\\\/2016\\\/06\\\/Screenshot_96.png?fit=700%2C433&ssl=1\",\"contentUrl\":\"https:\\\/\\\/i0.wp.com\\\/biancamachado.com.br\\\/blog\\\/wp-content\\\/uploads\\\/2016\\\/06\\\/Screenshot_96.png?fit=700%2C433&ssl=1\",\"width\":700,\"height\":433,\"caption\":\"Ensaio Fotogr\u00e1fico Infantil\"},{\"@type\":\"BreadcrumbList\",\"@id\":\"https:\\\/\\\/biancamachado.com.br\\\/blog\\\/ensaio-fotografico-infantil\\\/#breadcrumb\",\"itemListElement\":[{\"@type\":\"ListItem\",\"position\":1,\"name\":\"In\u00edcio\",\"item\":\"https:\\\/\\\/biancamachado.com.br\\\/blog\\\/\"},{\"@type\":\"ListItem\",\"position\":2,\"name\":\"Ensaio Fotogr\u00e1fico Infantil\"}]},{\"@type\":\"WebSite\",\"@id\":\"https:\\\/\\\/biancamachado.com.br\\\/blog\\\/#website\",\"url\":\"https:\\\/\\\/biancamachado.com.br\\\/blog\\\/\",\"name\":\"STUDIO BIANCA MACHADO\",\"description\":\"Estudio Fotografico, Ensaios e Books de foto profissional\",\"publisher\":{\"@id\":\"https:\\\/\\\/biancamachado.com.br\\\/blog\\\/#organization\"},\"potentialAction\":[{\"@type\":\"SearchAction\",\"target\":{\"@type\":\"EntryPoint\",\"urlTemplate\":\"https:\\\/\\\/biancamachado.com.br\\\/blog\\\/?s={search_term_string}\"},\"query-input\":{\"@type\":\"PropertyValueSpecification\",\"valueRequired\":true,\"valueName\":\"search_term_string\"}}],\"inLanguage\":\"pt-BR\"},{\"@type\":\"Organization\",\"@id\":\"https:\\\/\\\/biancamachado.com.br\\\/blog\\\/#organization\",\"name\":\"STUDIO BIANCA MACHADO\",\"url\":\"https:\\\/\\\/biancamachado.com.br\\\/blog\\\/\",\"logo\":{\"@type\":\"ImageObject\",\"inLanguage\":\"pt-BR\",\"@id\":\"https:\\\/\\\/biancamachado.com.br\\\/blog\\\/#\\\/schema\\\/logo\\\/image\\\/\",\"url\":\"https:\\\/\\\/i0.wp.com\\\/biancamachado.com.br\\\/blog\\\/wp-content\\\/uploads\\\/2021\\\/02\\\/cropped-logo-ml.jpg?fit=278%2C100&ssl=1\",\"contentUrl\":\"https:\\\/\\\/i0.wp.com\\\/biancamachado.com.br\\\/blog\\\/wp-content\\\/uploads\\\/2021\\\/02\\\/cropped-logo-ml.jpg?fit=278%2C100&ssl=1\",\"width\":278,\"height\":100,\"caption\":\"STUDIO BIANCA MACHADO\"},\"image\":{\"@id\":\"https:\\\/\\\/biancamachado.com.br\\\/blog\\\/#\\\/schema\\\/logo\\\/image\\\/\"},\"sameAs\":[\"https:\\\/\\\/www.facebook.com\\\/Studiobiancamachado\\\/\",\"https:\\\/\\\/www.instagram.com\\\/Studiobiancamachado\\\/\"]},{\"@type\":\"Person\",\"@id\":\"https:\\\/\\\/biancamachado.com.br\\\/blog\\\/#\\\/schema\\\/person\\\/990263800ec5e9bdbbf092a2353550a1\",\"name\":\"biancamachado\",\"image\":{\"@type\":\"ImageObject\",\"inLanguage\":\"pt-BR\",\"@id\":\"https:\\\/\\\/secure.gravatar.com\\\/avatar\\\/62b1a50f2632dbc2e279c3eb55aa46cc324c969cff16a69c59756d155316542c?s=96&d=mm&r=g\",\"url\":\"https:\\\/\\\/secure.gravatar.com\\\/avatar\\\/62b1a50f2632dbc2e279c3eb55aa46cc324c969cff16a69c59756d155316542c?s=96&d=mm&r=g\",\"contentUrl\":\"https:\\\/\\\/secure.gravatar.com\\\/avatar\\\/62b1a50f2632dbc2e279c3eb55aa46cc324c969cff16a69c59756d155316542c?s=96&d=mm&r=g\",\"caption\":\"biancamachado\"},\"sameAs\":[\"https:\\\/\\\/biancamachado.com.br\\\/blog\"],\"url\":\"https:\\\/\\\/biancamachado.com.br\\\/blog\\\/author\\\/biancamachado\\\/\"}]}<\/script>\n<!-- \/ Yoast SEO plugin. -->","yoast_head_json":{"title":"Ensaio Fotogr\u00e1fico Infantil - STUDIO BIANCA MACHADO","description":"O ensaio fotogr\u00e1fico infantil do Eduardo no Studio Bianca Machado \u00e9 uma \u00f3tima op\u00e7\u00e3o para os pais que desejam registrar a inf\u00e2ncia e a fam\u00edlia do Eduardo. A fot\u00f3grafa Bianca Machado se esfor\u00e7ou ao m\u00e1ximo para garantir que as fotos fossem lindas e divertidas, e que retratassem a personalidade e a ess\u00eancia do Eduardo.","robots":{"index":"index","follow":"follow","max-snippet":"max-snippet:-1","max-image-preview":"max-image-preview:large","max-video-preview":"max-video-preview:-1"},"canonical":"https:\/\/biancamachado.com.br\/blog\/ensaio-fotografico-infantil\/","og_locale":"pt_BR","og_type":"article","og_title":"Ensaio Fotogr\u00e1fico Infantil - STUDIO BIANCA MACHADO","og_description":"O ensaio fotogr\u00e1fico infantil do Eduardo no Studio Bianca Machado \u00e9 uma \u00f3tima op\u00e7\u00e3o para os pais que desejam registrar a inf\u00e2ncia e a fam\u00edlia do Eduardo. A fot\u00f3grafa Bianca Machado se esfor\u00e7ou ao m\u00e1ximo para garantir que as fotos fossem lindas e divertidas, e que retratassem a personalidade e a ess\u00eancia do Eduardo.","og_url":"https:\/\/biancamachado.com.br\/blog\/ensaio-fotografico-infantil\/","og_site_name":"STUDIO BIANCA MACHADO","article_publisher":"https:\/\/www.facebook.com\/Studiobiancamachado\/","article_published_time":"2016-06-14T20:57:00+00:00","article_modified_time":"2023-02-14T21:00:01+00:00","og_image":[{"width":700,"height":433,"url":"https:\/\/biancamachado.com.br\/blog\/wp-content\/uploads\/2016\/06\/Screenshot_96.png","type":"image\/png"}],"author":"biancamachado","twitter_card":"summary_large_image","twitter_misc":{"Escrito por":"biancamachado","Est. tempo de leitura":"4 minutos"},"schema":{"@context":"https:\/\/schema.org","@graph":[{"@type":"Article","@id":"https:\/\/biancamachado.com.br\/blog\/ensaio-fotografico-infantil\/#article","isPartOf":{"@id":"https:\/\/biancamachado.com.br\/blog\/ensaio-fotografico-infantil\/"},"author":{"name":"biancamachado","@id":"https:\/\/biancamachado.com.br\/blog\/#\/schema\/person\/990263800ec5e9bdbbf092a2353550a1"},"headline":"Ensaio Fotogr\u00e1fico Infantil","datePublished":"2016-06-14T20:57:00+00:00","dateModified":"2023-02-14T21:00:01+00:00","mainEntityOfPage":{"@id":"https:\/\/biancamachado.com.br\/blog\/ensaio-fotografico-infantil\/"},"wordCount":305,"commentCount":0,"publisher":{"@id":"https:\/\/biancamachado.com.br\/blog\/#organization"},"image":{"@id":"https:\/\/biancamachado.com.br\/blog\/ensaio-fotografico-infantil\/#primaryimage"},"thumbnailUrl":"https:\/\/i0.wp.com\/biancamachado.com.br\/blog\/wp-content\/uploads\/2016\/06\/Screenshot_96.png?fit=700%2C433&ssl=1","keywords":["Book familia em estudio","book fotografico","book infantil em estudio","ensaio de fotos","ensaio de fotos com crian\u00e7as","fotografia profissional para familias"],"articleSection":["Book Familia Estudio","Book Infantil Estudio","Studio Bianca Machado"],"inLanguage":"pt-BR","potentialAction":[{"@type":"CommentAction","name":"Comment","target":["https:\/\/biancamachado.com.br\/blog\/ensaio-fotografico-infantil\/#respond"]}]},{"@type":"WebPage","@id":"https:\/\/biancamachado.com.br\/blog\/ensaio-fotografico-infantil\/","url":"https:\/\/biancamachado.com.br\/blog\/ensaio-fotografico-infantil\/","name":"Ensaio Fotogr\u00e1fico Infantil - STUDIO BIANCA MACHADO","isPartOf":{"@id":"https:\/\/biancamachado.com.br\/blog\/#website"},"primaryImageOfPage":{"@id":"https:\/\/biancamachado.com.br\/blog\/ensaio-fotografico-infantil\/#primaryimage"},"image":{"@id":"https:\/\/biancamachado.com.br\/blog\/ensaio-fotografico-infantil\/#primaryimage"},"thumbnailUrl":"https:\/\/i0.wp.com\/biancamachado.com.br\/blog\/wp-content\/uploads\/2016\/06\/Screenshot_96.png?fit=700%2C433&ssl=1","datePublished":"2016-06-14T20:57:00+00:00","dateModified":"2023-02-14T21:00:01+00:00","description":"O ensaio fotogr\u00e1fico infantil do Eduardo no Studio Bianca Machado \u00e9 uma \u00f3tima op\u00e7\u00e3o para os pais que desejam registrar a inf\u00e2ncia e a fam\u00edlia do Eduardo. A fot\u00f3grafa Bianca Machado se esfor\u00e7ou ao m\u00e1ximo para garantir que as fotos fossem lindas e divertidas, e que retratassem a personalidade e a ess\u00eancia do Eduardo.","breadcrumb":{"@id":"https:\/\/biancamachado.com.br\/blog\/ensaio-fotografico-infantil\/#breadcrumb"},"inLanguage":"pt-BR","potentialAction":[{"@type":"ReadAction","target":["https:\/\/biancamachado.com.br\/blog\/ensaio-fotografico-infantil\/"]}]},{"@type":"ImageObject","inLanguage":"pt-BR","@id":"https:\/\/biancamachado.com.br\/blog\/ensaio-fotografico-infantil\/#primaryimage","url":"https:\/\/i0.wp.com\/biancamachado.com.br\/blog\/wp-content\/uploads\/2016\/06\/Screenshot_96.png?fit=700%2C433&ssl=1","contentUrl":"https:\/\/i0.wp.com\/biancamachado.com.br\/blog\/wp-content\/uploads\/2016\/06\/Screenshot_96.png?fit=700%2C433&ssl=1","width":700,"height":433,"caption":"Ensaio Fotogr\u00e1fico Infantil"},{"@type":"BreadcrumbList","@id":"https:\/\/biancamachado.com.br\/blog\/ensaio-fotografico-infantil\/#breadcrumb","itemListElement":[{"@type":"ListItem","position":1,"name":"In\u00edcio","item":"https:\/\/biancamachado.com.br\/blog\/"},{"@type":"ListItem","position":2,"name":"Ensaio Fotogr\u00e1fico Infantil"}]},{"@type":"WebSite","@id":"https:\/\/biancamachado.com.br\/blog\/#website","url":"https:\/\/biancamachado.com.br\/blog\/","name":"STUDIO BIANCA MACHADO","description":"Estudio Fotografico, Ensaios e Books de foto profissional","publisher":{"@id":"https:\/\/biancamachado.com.br\/blog\/#organization"},"potentialAction":[{"@type":"SearchAction","target":{"@type":"EntryPoint","urlTemplate":"https:\/\/biancamachado.com.br\/blog\/?s={search_term_string}"},"query-input":{"@type":"PropertyValueSpecification","valueRequired":true,"valueName":"search_term_string"}}],"inLanguage":"pt-BR"},{"@type":"Organization","@id":"https:\/\/biancamachado.com.br\/blog\/#organization","name":"STUDIO BIANCA MACHADO","url":"https:\/\/biancamachado.com.br\/blog\/","logo":{"@type":"ImageObject","inLanguage":"pt-BR","@id":"https:\/\/biancamachado.com.br\/blog\/#\/schema\/logo\/image\/","url":"https:\/\/i0.wp.com\/biancamachado.com.br\/blog\/wp-content\/uploads\/2021\/02\/cropped-logo-ml.jpg?fit=278%2C100&ssl=1","contentUrl":"https:\/\/i0.wp.com\/biancamachado.com.br\/blog\/wp-content\/uploads\/2021\/02\/cropped-logo-ml.jpg?fit=278%2C100&ssl=1","width":278,"height":100,"caption":"STUDIO BIANCA MACHADO"},"image":{"@id":"https:\/\/biancamachado.com.br\/blog\/#\/schema\/logo\/image\/"},"sameAs":["https:\/\/www.facebook.com\/Studiobiancamachado\/","https:\/\/www.instagram.com\/Studiobiancamachado\/"]},{"@type":"Person","@id":"https:\/\/biancamachado.com.br\/blog\/#\/schema\/person\/990263800ec5e9bdbbf092a2353550a1","name":"biancamachado","image":{"@type":"ImageObject","inLanguage":"pt-BR","@id":"https:\/\/secure.gravatar.com\/avatar\/62b1a50f2632dbc2e279c3eb55aa46cc324c969cff16a69c59756d155316542c?s=96&d=mm&r=g","url":"https:\/\/secure.gravatar.com\/avatar\/62b1a50f2632dbc2e279c3eb55aa46cc324c969cff16a69c59756d155316542c?s=96&d=mm&r=g","contentUrl":"https:\/\/secure.gravatar.com\/avatar\/62b1a50f2632dbc2e279c3eb55aa46cc324c969cff16a69c59756d155316542c?s=96&d=mm&r=g","caption":"biancamachado"},"sameAs":["https:\/\/biancamachado.com.br\/blog"],"url":"https:\/\/biancamachado.com.br\/blog\/author\/biancamachado\/"}]}},"jetpack_featured_media_url":"https:\/\/i0.wp.com\/biancamachado.com.br\/blog\/wp-content\/uploads\/2016\/06\/Screenshot_96.png?fit=700%2C433&ssl=1","jetpack-related-posts":[],"jetpack_sharing_enabled":true,"_links":{"self":[{"href":"https:\/\/biancamachado.com.br\/blog\/wp-json\/wp\/v2\/posts\/135","targetHints":{"allow":["GET"]}}],"collection":[{"href":"https:\/\/biancamachado.com.br\/blog\/wp-json\/wp\/v2\/posts"}],"about":[{"href":"https:\/\/biancamachado.com.br\/blog\/wp-json\/wp\/v2\/types\/post"}],"author":[{"embeddable":true,"href":"https:\/\/biancamachado.com.br\/blog\/wp-json\/wp\/v2\/users\/1"}],"replies":[{"embeddable":true,"href":"https:\/\/biancamachado.com.br\/blog\/wp-json\/wp\/v2\/comments?post=135"}],"version-history":[{"count":3,"href":"https:\/\/biancamachado.com.br\/blog\/wp-json\/wp\/v2\/posts\/135\/revisions"}],"predecessor-version":[{"id":3434,"href":"https:\/\/biancamachado.com.br\/blog\/wp-json\/wp\/v2\/posts\/135\/revisions\/3434"}],"wp:featuredmedia":[{"embeddable":true,"href":"https:\/\/biancamachado.com.br\/blog\/wp-json\/wp\/v2\/media\/894"}],"wp:attachment":[{"href":"https:\/\/biancamachado.com.br\/blog\/wp-json\/wp\/v2\/media?parent=135"}],"wp:term":[{"taxonomy":"category","embeddable":true,"href":"https:\/\/biancamachado.com.br\/blog\/wp-json\/wp\/v2\/categories?post=135"},{"taxonomy":"post_tag","embeddable":true,"href":"https:\/\/biancamachado.com.br\/blog\/wp-json\/wp\/v2\/tags?post=135"}],"curies":[{"name":"wp","href":"https:\/\/api.w.org\/{rel}","templated":true}]}}