{"id":134,"date":"2016-06-14T18:05:00","date_gmt":"2016-06-14T21:05:00","guid":{"rendered":"https:\/\/biancamachado.com.br\/blog\/?p=134"},"modified":"2023-02-14T17:58:05","modified_gmt":"2023-02-14T20:58:05","slug":"fotografos-de-capa-de-cd","status":"publish","type":"post","link":"https:\/\/biancamachado.com.br\/blog\/fotografos-de-capa-de-cd\/","title":{"rendered":"Fot\u00f3grafos de capa de CD"},"content":{"rendered":"<p>Hoje eu conheci o trabalho do Josu\u00e9 Lira e fiquei super empolgada de participar desse projeto !<br \/>\n\u00c9 muito bacana conhecer um artista da m\u00fasica, que faz m\u00fasicas com a alma e o cora\u00e7\u00e3o !<br \/>\nSegue um pouquinho do ensaio de fotos para a nova capa do cd do cantor:<\/p>\n<table style=\"margin-left: auto; margin-right: auto; text-align: center;\" cellspacing=\"0\" cellpadding=\"0\" align=\"center\">\n<tbody>\n<tr>\n<td style=\"text-align: center;\"><a style=\"margin-left: auto; margin-right: auto;\" href=\"https:\/\/i0.wp.com\/1.bp.blogspot.com\/-7cF8tVSUXY0\/V2BxJCc2xxI\/AAAAAAAAQ-g\/3fTNM5LBRHc_6Sf9dSMqE1iGH__0tTgPACLcB\/s1600\/estudios%2Bpara%2Bfotos%2Bde%2Bmusicos.jpg?ssl=1\"><img data-recalc-dims=\"1\" loading=\"lazy\" decoding=\"async\" title=\"estudios para fotos de musicos\" src=\"https:\/\/i0.wp.com\/1.bp.blogspot.com\/-7cF8tVSUXY0\/V2BxJCc2xxI\/AAAAAAAAQ-g\/3fTNM5LBRHc_6Sf9dSMqE1iGH__0tTgPACLcB\/s640\/estudios%2Bpara%2Bfotos%2Bde%2Bmusicos.jpg?resize=426%2C640&#038;ssl=1\" alt=\"estudios para fotos de musicos\" width=\"426\" height=\"640\" border=\"0\" \/><\/a><\/td>\n<\/tr>\n<tr>\n<td style=\"text-align: center;\">estudios para fotos de musicos<\/td>\n<\/tr>\n<\/tbody>\n<\/table>\n<table style=\"margin-left: auto; margin-right: auto; text-align: center;\" cellspacing=\"0\" cellpadding=\"0\" align=\"center\">\n<tbody>\n<tr>\n<td style=\"text-align: center;\"><a style=\"margin-left: auto; margin-right: auto;\" href=\"https:\/\/i0.wp.com\/1.bp.blogspot.com\/-WG01xb30ZAw\/V2BxJpuK6DI\/AAAAAAAAQ-o\/THBBAbc03Ksei5eDltcnvNRa0kH-HJhlACLcB\/s1600\/fotografia%2Bde%2Bmusicos.jpg?ssl=1\"><img data-recalc-dims=\"1\" loading=\"lazy\" decoding=\"async\" title=\"fotografia de musicos\" src=\"https:\/\/i0.wp.com\/1.bp.blogspot.com\/-WG01xb30ZAw\/V2BxJpuK6DI\/AAAAAAAAQ-o\/THBBAbc03Ksei5eDltcnvNRa0kH-HJhlACLcB\/s640\/fotografia%2Bde%2Bmusicos.jpg?resize=640%2C426&#038;ssl=1\" alt=\"fotografia de musicos\" width=\"640\" height=\"426\" border=\"0\" \/><\/a><\/td>\n<\/tr>\n<tr>\n<td style=\"text-align: center;\">fotografia de musicos<\/td>\n<\/tr>\n<\/tbody>\n<\/table>\n<p>A m\u00fasica \u00e9 uma forma de express\u00e3o e de divers\u00e3o, e \u00e9 importante registrar esses momentos com fotos lindas e divertidas. O Studio Bianca Machado, especializado em fotografias musicais, tem como miss\u00e3o capturar a divers\u00e3o e a m\u00fasica do m\u00fasico Josu\u00e9 Lira em um ensaio fotogr\u00e1fico para capa de CD.<\/p>\n<p>A sess\u00e3o fotogr\u00e1fica para capa de CD do m\u00fasico Josu\u00e9 Lira no Studio Bianca Machado \u00e9 feita em um est\u00fadio aconchegante, com decora\u00e7\u00f5es que remetem \u00e0 criatividade e \u00e0 alegria. A fot\u00f3grafa Bianca Machado se preocupa em capturar a personalidade e a ess\u00eancia do m\u00fasico Josu\u00e9 Lira, retratando sua divers\u00e3o e sua m\u00fasica.<\/p>\n<p>As fotos podem ser feitas com roupas espec\u00edficas para a apresenta\u00e7\u00e3o musical do m\u00fasico Josu\u00e9 Lira, com adere\u00e7os e acess\u00f3rios, ou mesmo sem nenhum adere\u00e7o, valorizando a beleza natural do m\u00fasico. Al\u00e9m disso, \u00e9 poss\u00edvel incluir elementos que remetam \u00e0 m\u00fasica, como instrumentos, partituras, etc.<\/p>\n<p>Em resumo, o ensaio fotogr\u00e1fico para capa de CD do m\u00fasico Josu\u00e9 Lira no Studio Bianca Machado \u00e9 uma \u00f3tima op\u00e7\u00e3o para o m\u00fasico que deseja registrar sua divers\u00e3o e sua m\u00fasica. A fot\u00f3grafa Bianca Machado se esfor\u00e7ou ao m\u00e1ximo para garantir que as fotos fossem lindas e divertidas, e que retratassem a personalidade e a ess\u00eancia do m\u00fasico Josu\u00e9 Lira.<\/p>\n<table style=\"margin-left: auto; margin-right: auto; text-align: center;\" cellspacing=\"0\" cellpadding=\"0\" align=\"center\">\n<tbody>\n<tr>\n<td style=\"text-align: center;\"><a style=\"margin-left: auto; margin-right: auto;\" href=\"https:\/\/i0.wp.com\/4.bp.blogspot.com\/-Hn5hcMJ-8H0\/V2BxJS8y82I\/AAAAAAAAQ-k\/Gj7uyLslnEgl55xm_KK31aY8HHniKbQYgCLcB\/s1600\/fotografias%2Bde%2Bcantores.jpg?ssl=1\"><img data-recalc-dims=\"1\" loading=\"lazy\" decoding=\"async\" title=\"fotografias de cantores\" src=\"https:\/\/i0.wp.com\/4.bp.blogspot.com\/-Hn5hcMJ-8H0\/V2BxJS8y82I\/AAAAAAAAQ-k\/Gj7uyLslnEgl55xm_KK31aY8HHniKbQYgCLcB\/s640\/fotografias%2Bde%2Bcantores.jpg?resize=640%2C426&#038;ssl=1\" alt=\"fotografias de cantores\" width=\"640\" height=\"426\" border=\"0\" \/><\/a><\/td>\n<\/tr>\n<tr>\n<td style=\"text-align: center;\">fotografias de cantores<\/td>\n<\/tr>\n<\/tbody>\n<\/table>\n<table style=\"margin-left: auto; margin-right: auto; text-align: center;\" cellspacing=\"0\" cellpadding=\"0\" align=\"center\">\n<tbody>\n<tr>\n<td style=\"text-align: center;\"><a style=\"margin-left: auto; margin-right: auto;\" href=\"https:\/\/i0.wp.com\/1.bp.blogspot.com\/-ofaQPX3dkZQ\/V2BxKdBFqHI\/AAAAAAAAQ-s\/Q8d0BergwVEdgvLasLwB-QALCRR9IE4cwCLcB\/s1600\/fotografias%2Bprofissionais%2Bpara%2Bcantores.jpg?ssl=1\"><img data-recalc-dims=\"1\" loading=\"lazy\" decoding=\"async\" title=\"fotografias profissionais para cantores\" src=\"https:\/\/i0.wp.com\/1.bp.blogspot.com\/-ofaQPX3dkZQ\/V2BxKdBFqHI\/AAAAAAAAQ-s\/Q8d0BergwVEdgvLasLwB-QALCRR9IE4cwCLcB\/s640\/fotografias%2Bprofissionais%2Bpara%2Bcantores.jpg?resize=426%2C640&#038;ssl=1\" alt=\"fotografias profissionais para cantores\" width=\"426\" height=\"640\" border=\"0\" \/><\/a><\/td>\n<\/tr>\n<tr>\n<td style=\"text-align: center;\">fotografias profissionais para cantores<\/td>\n<\/tr>\n<\/tbody>\n<\/table>\n<table style=\"margin-left: auto; margin-right: auto; text-align: center;\" cellspacing=\"0\" cellpadding=\"0\" align=\"center\">\n<tbody>\n<tr>\n<td style=\"text-align: center;\"><a style=\"margin-left: auto; margin-right: auto;\" href=\"https:\/\/i0.wp.com\/1.bp.blogspot.com\/-yDdfF3QD4Mc\/V2BxLIRqYzI\/AAAAAAAAQ-w\/3k1kqDhDxrceGksil9rPGhD-YM5H992vACLcB\/s1600\/fotografos%2Bde%2Bcapa%2Bde%2Bcd.jpg?ssl=1\"><img data-recalc-dims=\"1\" loading=\"lazy\" decoding=\"async\" title=\"fotografos de capa de cd\" src=\"https:\/\/i0.wp.com\/1.bp.blogspot.com\/-yDdfF3QD4Mc\/V2BxLIRqYzI\/AAAAAAAAQ-w\/3k1kqDhDxrceGksil9rPGhD-YM5H992vACLcB\/s640\/fotografos%2Bde%2Bcapa%2Bde%2Bcd.jpg?resize=426%2C640&#038;ssl=1\" alt=\"fotografos de capa de cd\" width=\"426\" height=\"640\" border=\"0\" \/><\/a><\/td>\n<\/tr>\n<tr>\n<td style=\"text-align: center;\">fotografos de capa de cd<\/td>\n<\/tr>\n<\/tbody>\n<\/table>\n<table style=\"margin-left: auto; margin-right: auto; text-align: center;\" cellspacing=\"0\" cellpadding=\"0\" align=\"center\">\n<tbody>\n<tr>\n<td style=\"text-align: center;\"><a style=\"margin-left: auto; margin-right: auto;\" href=\"https:\/\/i0.wp.com\/3.bp.blogspot.com\/-eXlTu1L1XyE\/V2BxL5D0P9I\/AAAAAAAAQ-4\/3lzs1WxEQ0ML0ZvMmQ2mYlOUyHrZkiYsACLcB\/s1600\/fotos%2Bprofissionais%2Bbandas.jpg?ssl=1\"><img data-recalc-dims=\"1\" loading=\"lazy\" decoding=\"async\" title=\"fotos profissionais bandas\" src=\"https:\/\/i0.wp.com\/3.bp.blogspot.com\/-eXlTu1L1XyE\/V2BxL5D0P9I\/AAAAAAAAQ-4\/3lzs1WxEQ0ML0ZvMmQ2mYlOUyHrZkiYsACLcB\/s640\/fotos%2Bprofissionais%2Bbandas.jpg?resize=426%2C640&#038;ssl=1\" alt=\"fotos profissionais bandas\" width=\"426\" height=\"640\" border=\"0\" \/><\/a><\/td>\n<\/tr>\n<tr>\n<td style=\"text-align: center;\">fotos profissionais bandas<\/td>\n<\/tr>\n<\/tbody>\n<\/table>\n<table style=\"margin-left: auto; margin-right: auto; text-align: center;\" cellspacing=\"0\" cellpadding=\"0\" align=\"center\">\n<tbody>\n<tr>\n<td style=\"text-align: center;\"><a style=\"margin-left: auto; margin-right: auto;\" href=\"https:\/\/i0.wp.com\/2.bp.blogspot.com\/-8iDExkGhvDk\/V2BxMFfae6I\/AAAAAAAAQ-8\/Tvf7nbY14ScJybvnIX-4Mzuylit7fFVDwCLcB\/s1600\/melhores%2Bestudios%2Bpara%2Bcapas%2Bde%2Bcd.jpg?ssl=1\"><img data-recalc-dims=\"1\" loading=\"lazy\" decoding=\"async\" title=\"melhores estudios para capas de cd\" src=\"https:\/\/i0.wp.com\/2.bp.blogspot.com\/-8iDExkGhvDk\/V2BxMFfae6I\/AAAAAAAAQ-8\/Tvf7nbY14ScJybvnIX-4Mzuylit7fFVDwCLcB\/s640\/melhores%2Bestudios%2Bpara%2Bcapas%2Bde%2Bcd.jpg?resize=426%2C640&#038;ssl=1\" alt=\"melhores estudios para capas de cd\" width=\"426\" height=\"640\" border=\"0\" \/><\/a><\/td>\n<\/tr>\n<tr>\n<td style=\"text-align: center;\">melhores estudios para capas de cd<\/td>\n<\/tr>\n<\/tbody>\n<\/table>\nVisite tamb\u00e9m nosso site: www.biancamachado.com.br\r\n(11) 97107-1018\r\n\r\nAtendemos as regi\u00f5es de S\u00e3o Paulo, Sorocaba, Ibi\u00fana, Piedade, Votorantim, Cotia, Itupeva, Jundia\u00ed, It\u00fa e Campinas","protected":false},"excerpt":{"rendered":"<p>O ensaio fotogr\u00e1fico para capa de CD do m\u00fasico Josu\u00e9 Lira no Studio Bianca Machado \u00e9 uma \u00f3tima op\u00e7\u00e3o para o m\u00fasico que deseja registrar sua divers\u00e3o e sua m\u00fasica. A fot\u00f3grafa Bianca Machado se esfor\u00e7ou ao m\u00e1ximo para garantir que as fotos fossem lindas e divertidas, e que retratassem a personalidade e a ess\u00eancia do m\u00fasico Josu\u00e9 Lira.<\/p>\n","protected":false},"author":1,"featured_media":893,"comment_status":"open","ping_status":"open","sticky":false,"template":"","format":"standard","meta":{"_monsterinsights_skip_tracking":false,"_monsterinsights_sitenote_active":false,"_monsterinsights_sitenote_note":"","_monsterinsights_sitenote_category":0,"jetpack_post_was_ever_published":false,"_jetpack_newsletter_access":"","_jetpack_dont_email_post_to_subs":false,"_jetpack_newsletter_tier_id":0,"_jetpack_memberships_contains_paywalled_content":false,"_jetpack_memberships_contains_paid_content":false,"_joinchat":[],"footnotes":""},"categories":[318,1],"tags":[328,355,354,356],"class_list":["post-134","post","type-post","status-publish","format-standard","has-post-thumbnail","hentry","category-book-bandas","category-studio-bianca-machado","tag-book-fotografico","tag-capa-de-cd","tag-ensaio-de-fotos-para-bandas-e-musicos","tag-fotografia-profissional"],"yoast_head":"<!-- This site is optimized with the Yoast SEO plugin v27.4 - https:\/\/yoast.com\/product\/yoast-seo-wordpress\/ -->\n<title>Fot\u00f3grafos de capa de CD - STUDIO BIANCA MACHADO<\/title>\n<meta name=\"description\" content=\"O ensaio fotogr\u00e1fico para capa de CD do m\u00fasico Josu\u00e9 Lira no Studio Bianca Machado \u00e9 uma \u00f3tima op\u00e7\u00e3o para o m\u00fasico que deseja registrar sua divers\u00e3o e sua m\u00fasica. A fot\u00f3grafa Bianca Machado se esfor\u00e7ou ao m\u00e1ximo para garantir que as fotos fossem lindas e divertidas, e que retratassem a personalidade e a ess\u00eancia do m\u00fasico Josu\u00e9 Lira.\" \/>\n<meta name=\"robots\" content=\"index, follow, max-snippet:-1, max-image-preview:large, max-video-preview:-1\" \/>\n<link rel=\"canonical\" href=\"https:\/\/biancamachado.com.br\/blog\/fotografos-de-capa-de-cd\/\" \/>\n<meta property=\"og:locale\" content=\"pt_BR\" \/>\n<meta property=\"og:type\" content=\"article\" \/>\n<meta property=\"og:title\" content=\"Fot\u00f3grafos de capa de CD - STUDIO BIANCA MACHADO\" \/>\n<meta property=\"og:description\" content=\"O ensaio fotogr\u00e1fico para capa de CD do m\u00fasico Josu\u00e9 Lira no Studio Bianca Machado \u00e9 uma \u00f3tima op\u00e7\u00e3o para o m\u00fasico que deseja registrar sua divers\u00e3o e sua m\u00fasica. A fot\u00f3grafa Bianca Machado se esfor\u00e7ou ao m\u00e1ximo para garantir que as fotos fossem lindas e divertidas, e que retratassem a personalidade e a ess\u00eancia do m\u00fasico Josu\u00e9 Lira.\" \/>\n<meta property=\"og:url\" content=\"https:\/\/biancamachado.com.br\/blog\/fotografos-de-capa-de-cd\/\" \/>\n<meta property=\"og:site_name\" content=\"STUDIO BIANCA MACHADO\" \/>\n<meta property=\"article:publisher\" content=\"https:\/\/www.facebook.com\/Studiobiancamachado\/\" \/>\n<meta property=\"article:published_time\" content=\"2016-06-14T21:05:00+00:00\" \/>\n<meta property=\"article:modified_time\" content=\"2023-02-14T20:58:05+00:00\" \/>\n<meta property=\"og:image\" content=\"https:\/\/biancamachado.com.br\/blog\/wp-content\/uploads\/2016\/06\/Screenshot_95.png\" \/>\n\t<meta property=\"og:image:width\" content=\"627\" \/>\n\t<meta property=\"og:image:height\" content=\"371\" \/>\n\t<meta property=\"og:image:type\" content=\"image\/png\" \/>\n<meta name=\"author\" content=\"biancamachado\" \/>\n<meta name=\"twitter:card\" content=\"summary_large_image\" \/>\n<meta name=\"twitter:label1\" content=\"Escrito por\" \/>\n\t<meta name=\"twitter:data1\" content=\"biancamachado\" \/>\n\t<meta name=\"twitter:label2\" content=\"Est. tempo de leitura\" \/>\n\t<meta name=\"twitter:data2\" content=\"3 minutos\" \/>\n<script type=\"application\/ld+json\" class=\"yoast-schema-graph\">{\"@context\":\"https:\\\/\\\/schema.org\",\"@graph\":[{\"@type\":\"Article\",\"@id\":\"https:\\\/\\\/biancamachado.com.br\\\/blog\\\/fotografos-de-capa-de-cd\\\/#article\",\"isPartOf\":{\"@id\":\"https:\\\/\\\/biancamachado.com.br\\\/blog\\\/fotografos-de-capa-de-cd\\\/\"},\"author\":{\"name\":\"biancamachado\",\"@id\":\"https:\\\/\\\/biancamachado.com.br\\\/blog\\\/#\\\/schema\\\/person\\\/990263800ec5e9bdbbf092a2353550a1\"},\"headline\":\"Fot\u00f3grafos de capa de CD\",\"datePublished\":\"2016-06-14T21:05:00+00:00\",\"dateModified\":\"2023-02-14T20:58:05+00:00\",\"mainEntityOfPage\":{\"@id\":\"https:\\\/\\\/biancamachado.com.br\\\/blog\\\/fotografos-de-capa-de-cd\\\/\"},\"wordCount\":325,\"commentCount\":0,\"publisher\":{\"@id\":\"https:\\\/\\\/biancamachado.com.br\\\/blog\\\/#organization\"},\"image\":{\"@id\":\"https:\\\/\\\/biancamachado.com.br\\\/blog\\\/fotografos-de-capa-de-cd\\\/#primaryimage\"},\"thumbnailUrl\":\"https:\\\/\\\/i0.wp.com\\\/biancamachado.com.br\\\/blog\\\/wp-content\\\/uploads\\\/2016\\\/06\\\/Screenshot_95.png?fit=627%2C371&ssl=1\",\"keywords\":[\"book fotografico\",\"capa de cd\",\"ensaio de fotos para bandas e musicos\",\"fotografia profissional\"],\"articleSection\":[\"Book Bandas\",\"Studio Bianca Machado\"],\"inLanguage\":\"pt-BR\",\"potentialAction\":[{\"@type\":\"CommentAction\",\"name\":\"Comment\",\"target\":[\"https:\\\/\\\/biancamachado.com.br\\\/blog\\\/fotografos-de-capa-de-cd\\\/#respond\"]}]},{\"@type\":\"WebPage\",\"@id\":\"https:\\\/\\\/biancamachado.com.br\\\/blog\\\/fotografos-de-capa-de-cd\\\/\",\"url\":\"https:\\\/\\\/biancamachado.com.br\\\/blog\\\/fotografos-de-capa-de-cd\\\/\",\"name\":\"Fot\u00f3grafos de capa de CD - STUDIO BIANCA MACHADO\",\"isPartOf\":{\"@id\":\"https:\\\/\\\/biancamachado.com.br\\\/blog\\\/#website\"},\"primaryImageOfPage\":{\"@id\":\"https:\\\/\\\/biancamachado.com.br\\\/blog\\\/fotografos-de-capa-de-cd\\\/#primaryimage\"},\"image\":{\"@id\":\"https:\\\/\\\/biancamachado.com.br\\\/blog\\\/fotografos-de-capa-de-cd\\\/#primaryimage\"},\"thumbnailUrl\":\"https:\\\/\\\/i0.wp.com\\\/biancamachado.com.br\\\/blog\\\/wp-content\\\/uploads\\\/2016\\\/06\\\/Screenshot_95.png?fit=627%2C371&ssl=1\",\"datePublished\":\"2016-06-14T21:05:00+00:00\",\"dateModified\":\"2023-02-14T20:58:05+00:00\",\"description\":\"O ensaio fotogr\u00e1fico para capa de CD do m\u00fasico Josu\u00e9 Lira no Studio Bianca Machado \u00e9 uma \u00f3tima op\u00e7\u00e3o para o m\u00fasico que deseja registrar sua divers\u00e3o e sua m\u00fasica. A fot\u00f3grafa Bianca Machado se esfor\u00e7ou ao m\u00e1ximo para garantir que as fotos fossem lindas e divertidas, e que retratassem a personalidade e a ess\u00eancia do m\u00fasico Josu\u00e9 Lira.\",\"breadcrumb\":{\"@id\":\"https:\\\/\\\/biancamachado.com.br\\\/blog\\\/fotografos-de-capa-de-cd\\\/#breadcrumb\"},\"inLanguage\":\"pt-BR\",\"potentialAction\":[{\"@type\":\"ReadAction\",\"target\":[\"https:\\\/\\\/biancamachado.com.br\\\/blog\\\/fotografos-de-capa-de-cd\\\/\"]}]},{\"@type\":\"ImageObject\",\"inLanguage\":\"pt-BR\",\"@id\":\"https:\\\/\\\/biancamachado.com.br\\\/blog\\\/fotografos-de-capa-de-cd\\\/#primaryimage\",\"url\":\"https:\\\/\\\/i0.wp.com\\\/biancamachado.com.br\\\/blog\\\/wp-content\\\/uploads\\\/2016\\\/06\\\/Screenshot_95.png?fit=627%2C371&ssl=1\",\"contentUrl\":\"https:\\\/\\\/i0.wp.com\\\/biancamachado.com.br\\\/blog\\\/wp-content\\\/uploads\\\/2016\\\/06\\\/Screenshot_95.png?fit=627%2C371&ssl=1\",\"width\":627,\"height\":371,\"caption\":\"Fot\u00f3grafos de capa de CD\"},{\"@type\":\"BreadcrumbList\",\"@id\":\"https:\\\/\\\/biancamachado.com.br\\\/blog\\\/fotografos-de-capa-de-cd\\\/#breadcrumb\",\"itemListElement\":[{\"@type\":\"ListItem\",\"position\":1,\"name\":\"In\u00edcio\",\"item\":\"https:\\\/\\\/biancamachado.com.br\\\/blog\\\/\"},{\"@type\":\"ListItem\",\"position\":2,\"name\":\"Fot\u00f3grafos de capa de CD\"}]},{\"@type\":\"WebSite\",\"@id\":\"https:\\\/\\\/biancamachado.com.br\\\/blog\\\/#website\",\"url\":\"https:\\\/\\\/biancamachado.com.br\\\/blog\\\/\",\"name\":\"STUDIO BIANCA MACHADO\",\"description\":\"Estudio Fotografico, Ensaios e Books de foto profissional\",\"publisher\":{\"@id\":\"https:\\\/\\\/biancamachado.com.br\\\/blog\\\/#organization\"},\"potentialAction\":[{\"@type\":\"SearchAction\",\"target\":{\"@type\":\"EntryPoint\",\"urlTemplate\":\"https:\\\/\\\/biancamachado.com.br\\\/blog\\\/?s={search_term_string}\"},\"query-input\":{\"@type\":\"PropertyValueSpecification\",\"valueRequired\":true,\"valueName\":\"search_term_string\"}}],\"inLanguage\":\"pt-BR\"},{\"@type\":\"Organization\",\"@id\":\"https:\\\/\\\/biancamachado.com.br\\\/blog\\\/#organization\",\"name\":\"STUDIO BIANCA MACHADO\",\"url\":\"https:\\\/\\\/biancamachado.com.br\\\/blog\\\/\",\"logo\":{\"@type\":\"ImageObject\",\"inLanguage\":\"pt-BR\",\"@id\":\"https:\\\/\\\/biancamachado.com.br\\\/blog\\\/#\\\/schema\\\/logo\\\/image\\\/\",\"url\":\"https:\\\/\\\/i0.wp.com\\\/biancamachado.com.br\\\/blog\\\/wp-content\\\/uploads\\\/2021\\\/02\\\/cropped-logo-ml.jpg?fit=278%2C100&ssl=1\",\"contentUrl\":\"https:\\\/\\\/i0.wp.com\\\/biancamachado.com.br\\\/blog\\\/wp-content\\\/uploads\\\/2021\\\/02\\\/cropped-logo-ml.jpg?fit=278%2C100&ssl=1\",\"width\":278,\"height\":100,\"caption\":\"STUDIO BIANCA MACHADO\"},\"image\":{\"@id\":\"https:\\\/\\\/biancamachado.com.br\\\/blog\\\/#\\\/schema\\\/logo\\\/image\\\/\"},\"sameAs\":[\"https:\\\/\\\/www.facebook.com\\\/Studiobiancamachado\\\/\",\"https:\\\/\\\/www.instagram.com\\\/Studiobiancamachado\\\/\"]},{\"@type\":\"Person\",\"@id\":\"https:\\\/\\\/biancamachado.com.br\\\/blog\\\/#\\\/schema\\\/person\\\/990263800ec5e9bdbbf092a2353550a1\",\"name\":\"biancamachado\",\"image\":{\"@type\":\"ImageObject\",\"inLanguage\":\"pt-BR\",\"@id\":\"https:\\\/\\\/secure.gravatar.com\\\/avatar\\\/62b1a50f2632dbc2e279c3eb55aa46cc324c969cff16a69c59756d155316542c?s=96&d=mm&r=g\",\"url\":\"https:\\\/\\\/secure.gravatar.com\\\/avatar\\\/62b1a50f2632dbc2e279c3eb55aa46cc324c969cff16a69c59756d155316542c?s=96&d=mm&r=g\",\"contentUrl\":\"https:\\\/\\\/secure.gravatar.com\\\/avatar\\\/62b1a50f2632dbc2e279c3eb55aa46cc324c969cff16a69c59756d155316542c?s=96&d=mm&r=g\",\"caption\":\"biancamachado\"},\"sameAs\":[\"https:\\\/\\\/biancamachado.com.br\\\/blog\"],\"url\":\"https:\\\/\\\/biancamachado.com.br\\\/blog\\\/author\\\/biancamachado\\\/\"}]}<\/script>\n<!-- \/ Yoast SEO plugin. -->","yoast_head_json":{"title":"Fot\u00f3grafos de capa de CD - STUDIO BIANCA MACHADO","description":"O ensaio fotogr\u00e1fico para capa de CD do m\u00fasico Josu\u00e9 Lira no Studio Bianca Machado \u00e9 uma \u00f3tima op\u00e7\u00e3o para o m\u00fasico que deseja registrar sua divers\u00e3o e sua m\u00fasica. A fot\u00f3grafa Bianca Machado se esfor\u00e7ou ao m\u00e1ximo para garantir que as fotos fossem lindas e divertidas, e que retratassem a personalidade e a ess\u00eancia do m\u00fasico Josu\u00e9 Lira.","robots":{"index":"index","follow":"follow","max-snippet":"max-snippet:-1","max-image-preview":"max-image-preview:large","max-video-preview":"max-video-preview:-1"},"canonical":"https:\/\/biancamachado.com.br\/blog\/fotografos-de-capa-de-cd\/","og_locale":"pt_BR","og_type":"article","og_title":"Fot\u00f3grafos de capa de CD - STUDIO BIANCA MACHADO","og_description":"O ensaio fotogr\u00e1fico para capa de CD do m\u00fasico Josu\u00e9 Lira no Studio Bianca Machado \u00e9 uma \u00f3tima op\u00e7\u00e3o para o m\u00fasico que deseja registrar sua divers\u00e3o e sua m\u00fasica. A fot\u00f3grafa Bianca Machado se esfor\u00e7ou ao m\u00e1ximo para garantir que as fotos fossem lindas e divertidas, e que retratassem a personalidade e a ess\u00eancia do m\u00fasico Josu\u00e9 Lira.","og_url":"https:\/\/biancamachado.com.br\/blog\/fotografos-de-capa-de-cd\/","og_site_name":"STUDIO BIANCA MACHADO","article_publisher":"https:\/\/www.facebook.com\/Studiobiancamachado\/","article_published_time":"2016-06-14T21:05:00+00:00","article_modified_time":"2023-02-14T20:58:05+00:00","og_image":[{"width":627,"height":371,"url":"https:\/\/biancamachado.com.br\/blog\/wp-content\/uploads\/2016\/06\/Screenshot_95.png","type":"image\/png"}],"author":"biancamachado","twitter_card":"summary_large_image","twitter_misc":{"Escrito por":"biancamachado","Est. tempo de leitura":"3 minutos"},"schema":{"@context":"https:\/\/schema.org","@graph":[{"@type":"Article","@id":"https:\/\/biancamachado.com.br\/blog\/fotografos-de-capa-de-cd\/#article","isPartOf":{"@id":"https:\/\/biancamachado.com.br\/blog\/fotografos-de-capa-de-cd\/"},"author":{"name":"biancamachado","@id":"https:\/\/biancamachado.com.br\/blog\/#\/schema\/person\/990263800ec5e9bdbbf092a2353550a1"},"headline":"Fot\u00f3grafos de capa de CD","datePublished":"2016-06-14T21:05:00+00:00","dateModified":"2023-02-14T20:58:05+00:00","mainEntityOfPage":{"@id":"https:\/\/biancamachado.com.br\/blog\/fotografos-de-capa-de-cd\/"},"wordCount":325,"commentCount":0,"publisher":{"@id":"https:\/\/biancamachado.com.br\/blog\/#organization"},"image":{"@id":"https:\/\/biancamachado.com.br\/blog\/fotografos-de-capa-de-cd\/#primaryimage"},"thumbnailUrl":"https:\/\/i0.wp.com\/biancamachado.com.br\/blog\/wp-content\/uploads\/2016\/06\/Screenshot_95.png?fit=627%2C371&ssl=1","keywords":["book fotografico","capa de cd","ensaio de fotos para bandas e musicos","fotografia profissional"],"articleSection":["Book Bandas","Studio Bianca Machado"],"inLanguage":"pt-BR","potentialAction":[{"@type":"CommentAction","name":"Comment","target":["https:\/\/biancamachado.com.br\/blog\/fotografos-de-capa-de-cd\/#respond"]}]},{"@type":"WebPage","@id":"https:\/\/biancamachado.com.br\/blog\/fotografos-de-capa-de-cd\/","url":"https:\/\/biancamachado.com.br\/blog\/fotografos-de-capa-de-cd\/","name":"Fot\u00f3grafos de capa de CD - STUDIO BIANCA MACHADO","isPartOf":{"@id":"https:\/\/biancamachado.com.br\/blog\/#website"},"primaryImageOfPage":{"@id":"https:\/\/biancamachado.com.br\/blog\/fotografos-de-capa-de-cd\/#primaryimage"},"image":{"@id":"https:\/\/biancamachado.com.br\/blog\/fotografos-de-capa-de-cd\/#primaryimage"},"thumbnailUrl":"https:\/\/i0.wp.com\/biancamachado.com.br\/blog\/wp-content\/uploads\/2016\/06\/Screenshot_95.png?fit=627%2C371&ssl=1","datePublished":"2016-06-14T21:05:00+00:00","dateModified":"2023-02-14T20:58:05+00:00","description":"O ensaio fotogr\u00e1fico para capa de CD do m\u00fasico Josu\u00e9 Lira no Studio Bianca Machado \u00e9 uma \u00f3tima op\u00e7\u00e3o para o m\u00fasico que deseja registrar sua divers\u00e3o e sua m\u00fasica. A fot\u00f3grafa Bianca Machado se esfor\u00e7ou ao m\u00e1ximo para garantir que as fotos fossem lindas e divertidas, e que retratassem a personalidade e a ess\u00eancia do m\u00fasico Josu\u00e9 Lira.","breadcrumb":{"@id":"https:\/\/biancamachado.com.br\/blog\/fotografos-de-capa-de-cd\/#breadcrumb"},"inLanguage":"pt-BR","potentialAction":[{"@type":"ReadAction","target":["https:\/\/biancamachado.com.br\/blog\/fotografos-de-capa-de-cd\/"]}]},{"@type":"ImageObject","inLanguage":"pt-BR","@id":"https:\/\/biancamachado.com.br\/blog\/fotografos-de-capa-de-cd\/#primaryimage","url":"https:\/\/i0.wp.com\/biancamachado.com.br\/blog\/wp-content\/uploads\/2016\/06\/Screenshot_95.png?fit=627%2C371&ssl=1","contentUrl":"https:\/\/i0.wp.com\/biancamachado.com.br\/blog\/wp-content\/uploads\/2016\/06\/Screenshot_95.png?fit=627%2C371&ssl=1","width":627,"height":371,"caption":"Fot\u00f3grafos de capa de CD"},{"@type":"BreadcrumbList","@id":"https:\/\/biancamachado.com.br\/blog\/fotografos-de-capa-de-cd\/#breadcrumb","itemListElement":[{"@type":"ListItem","position":1,"name":"In\u00edcio","item":"https:\/\/biancamachado.com.br\/blog\/"},{"@type":"ListItem","position":2,"name":"Fot\u00f3grafos de capa de CD"}]},{"@type":"WebSite","@id":"https:\/\/biancamachado.com.br\/blog\/#website","url":"https:\/\/biancamachado.com.br\/blog\/","name":"STUDIO BIANCA MACHADO","description":"Estudio Fotografico, Ensaios e Books de foto profissional","publisher":{"@id":"https:\/\/biancamachado.com.br\/blog\/#organization"},"potentialAction":[{"@type":"SearchAction","target":{"@type":"EntryPoint","urlTemplate":"https:\/\/biancamachado.com.br\/blog\/?s={search_term_string}"},"query-input":{"@type":"PropertyValueSpecification","valueRequired":true,"valueName":"search_term_string"}}],"inLanguage":"pt-BR"},{"@type":"Organization","@id":"https:\/\/biancamachado.com.br\/blog\/#organization","name":"STUDIO BIANCA MACHADO","url":"https:\/\/biancamachado.com.br\/blog\/","logo":{"@type":"ImageObject","inLanguage":"pt-BR","@id":"https:\/\/biancamachado.com.br\/blog\/#\/schema\/logo\/image\/","url":"https:\/\/i0.wp.com\/biancamachado.com.br\/blog\/wp-content\/uploads\/2021\/02\/cropped-logo-ml.jpg?fit=278%2C100&ssl=1","contentUrl":"https:\/\/i0.wp.com\/biancamachado.com.br\/blog\/wp-content\/uploads\/2021\/02\/cropped-logo-ml.jpg?fit=278%2C100&ssl=1","width":278,"height":100,"caption":"STUDIO BIANCA MACHADO"},"image":{"@id":"https:\/\/biancamachado.com.br\/blog\/#\/schema\/logo\/image\/"},"sameAs":["https:\/\/www.facebook.com\/Studiobiancamachado\/","https:\/\/www.instagram.com\/Studiobiancamachado\/"]},{"@type":"Person","@id":"https:\/\/biancamachado.com.br\/blog\/#\/schema\/person\/990263800ec5e9bdbbf092a2353550a1","name":"biancamachado","image":{"@type":"ImageObject","inLanguage":"pt-BR","@id":"https:\/\/secure.gravatar.com\/avatar\/62b1a50f2632dbc2e279c3eb55aa46cc324c969cff16a69c59756d155316542c?s=96&d=mm&r=g","url":"https:\/\/secure.gravatar.com\/avatar\/62b1a50f2632dbc2e279c3eb55aa46cc324c969cff16a69c59756d155316542c?s=96&d=mm&r=g","contentUrl":"https:\/\/secure.gravatar.com\/avatar\/62b1a50f2632dbc2e279c3eb55aa46cc324c969cff16a69c59756d155316542c?s=96&d=mm&r=g","caption":"biancamachado"},"sameAs":["https:\/\/biancamachado.com.br\/blog"],"url":"https:\/\/biancamachado.com.br\/blog\/author\/biancamachado\/"}]}},"jetpack_featured_media_url":"https:\/\/i0.wp.com\/biancamachado.com.br\/blog\/wp-content\/uploads\/2016\/06\/Screenshot_95.png?fit=627%2C371&ssl=1","jetpack-related-posts":[],"jetpack_sharing_enabled":true,"_links":{"self":[{"href":"https:\/\/biancamachado.com.br\/blog\/wp-json\/wp\/v2\/posts\/134","targetHints":{"allow":["GET"]}}],"collection":[{"href":"https:\/\/biancamachado.com.br\/blog\/wp-json\/wp\/v2\/posts"}],"about":[{"href":"https:\/\/biancamachado.com.br\/blog\/wp-json\/wp\/v2\/types\/post"}],"author":[{"embeddable":true,"href":"https:\/\/biancamachado.com.br\/blog\/wp-json\/wp\/v2\/users\/1"}],"replies":[{"embeddable":true,"href":"https:\/\/biancamachado.com.br\/blog\/wp-json\/wp\/v2\/comments?post=134"}],"version-history":[{"count":2,"href":"https:\/\/biancamachado.com.br\/blog\/wp-json\/wp\/v2\/posts\/134\/revisions"}],"predecessor-version":[{"id":3432,"href":"https:\/\/biancamachado.com.br\/blog\/wp-json\/wp\/v2\/posts\/134\/revisions\/3432"}],"wp:featuredmedia":[{"embeddable":true,"href":"https:\/\/biancamachado.com.br\/blog\/wp-json\/wp\/v2\/media\/893"}],"wp:attachment":[{"href":"https:\/\/biancamachado.com.br\/blog\/wp-json\/wp\/v2\/media?parent=134"}],"wp:term":[{"taxonomy":"category","embeddable":true,"href":"https:\/\/biancamachado.com.br\/blog\/wp-json\/wp\/v2\/categories?post=134"},{"taxonomy":"post_tag","embeddable":true,"href":"https:\/\/biancamachado.com.br\/blog\/wp-json\/wp\/v2\/tags?post=134"}],"curies":[{"name":"wp","href":"https:\/\/api.w.org\/{rel}","templated":true}]}}