{"id":132,"date":"2016-06-14T18:26:00","date_gmt":"2016-06-14T21:26:00","guid":{"rendered":"https:\/\/biancamachado.com.br\/blog\/?p=132"},"modified":"2023-02-14T17:54:53","modified_gmt":"2023-02-14T20:54:53","slug":"ensaio-de-fotos-em-familia","status":"publish","type":"post","link":"https:\/\/biancamachado.com.br\/blog\/ensaio-de-fotos-em-familia\/","title":{"rendered":"Ensaio de fotos em fam\u00edlia"},"content":{"rendered":"<p>Olha que fofura o Bernardo !<br \/>\nParece que foi ontem que a mam\u00e3e estava gr\u00e1vida ! ( e pensando bem foi mesmo kkk )<br \/>\nDel\u00edcia fotografar um momento t\u00e3o doce quanto esse.<br \/>\nE l\u00e1 vem mais um bebezinho fofo nesse mundo !<br \/>\nSegue um pouquinho do ensaio de fotos:<\/p>\n<table style=\"margin-left: auto; margin-right: auto; text-align: center;\" cellspacing=\"0\" cellpadding=\"0\" align=\"center\">\n<tbody>\n<tr>\n<td style=\"text-align: center;\"><a style=\"margin-left: auto; margin-right: auto;\" href=\"https:\/\/i0.wp.com\/4.bp.blogspot.com\/-uiHKpryqX4Y\/V2B2GRo-2rI\/AAAAAAAARAE\/XyINlLVAQXEWa_Xay8W33qR_RxsdvwRkwCLcB\/s1600\/ensaio%2Bde%2Bfotos%2Bem%2Bfamilia.jpg?ssl=1\"><img data-recalc-dims=\"1\" loading=\"lazy\" decoding=\"async\" title=\"ensaio de fotos em familia\" src=\"https:\/\/i0.wp.com\/4.bp.blogspot.com\/-uiHKpryqX4Y\/V2B2GRo-2rI\/AAAAAAAARAE\/XyINlLVAQXEWa_Xay8W33qR_RxsdvwRkwCLcB\/s640\/ensaio%2Bde%2Bfotos%2Bem%2Bfamilia.jpg?resize=640%2C426&#038;ssl=1\" alt=\"ensaio de fotos em familia\" width=\"640\" height=\"426\" border=\"0\" \/><\/a><\/td>\n<\/tr>\n<tr>\n<td style=\"text-align: center;\">ensaio de fotos em familia<\/td>\n<\/tr>\n<\/tbody>\n<\/table>\n<p>momentos com fotos lindas e emocionantes. O Studio Bianca Machado, especializado em fotografias de beb\u00eas, tem como miss\u00e3o capturar a fam\u00edlia e a recorda\u00e7\u00e3o do primeiro m\u00eas de vida do Bernardo com um ensaio fotogr\u00e1fico especial.<\/p>\n<p>A sess\u00e3o fotogr\u00e1fica de recorda\u00e7\u00e3o em fam\u00edlia no Studio Bianca Machado \u00e9 feita em um est\u00fadio aconchegante, com decora\u00e7\u00f5es que remetem \u00e0 tranquilidade e \u00e0 seguran\u00e7a. A fot\u00f3grafa Bianca Machado se preocupa em capturar a personalidade e a ess\u00eancia do beb\u00ea Bernardo, retratando sua beleza e sua fragilidade.<\/p>\n<p>As fotos podem ser feitas com roupas espec\u00edficas para rec\u00e9m-nascidos, com adere\u00e7os e acess\u00f3rios, ou mesmo sem nenhum adere\u00e7o, valorizando a beleza natural do beb\u00ea. Al\u00e9m disso, \u00e9 poss\u00edvel incluir os pais e outros familiares na sess\u00e3o, para que todos possam registrar esse momento juntos.<\/p>\n<p>Em resumo, a sess\u00e3o fotogr\u00e1fica de recorda\u00e7\u00e3o em fam\u00edlia do primeiro m\u00eas de vida do Bernardo no Studio Bianca Machado \u00e9 uma \u00f3tima op\u00e7\u00e3o para os pais que desejam registrar esse momento especial. A fot\u00f3grafa Bianca Machado se esfor\u00e7ou ao m\u00e1ximo para garantir que as fotos fossem lindas e emocionantes, e que retratassem a personalidade e a ess\u00eancia do beb\u00ea Bernardo.<\/p>\n<table style=\"margin-left: auto; margin-right: auto; text-align: center;\" cellspacing=\"0\" cellpadding=\"0\" align=\"center\">\n<tbody>\n<tr>\n<td style=\"text-align: center;\"><a style=\"margin-left: auto; margin-right: auto;\" href=\"https:\/\/i0.wp.com\/4.bp.blogspot.com\/-Ek4zQNbHd0g\/V2B2Gnw9DJI\/AAAAAAAARAM\/KNAu2oRsMM4TvwLgIPiat3BbtJkGUm4_ACLcB\/s1600\/fotografia%2Bde%2Bnen%25C3%25A9ns%2Bem%2Bestudio.jpg?ssl=1\"><img data-recalc-dims=\"1\" loading=\"lazy\" decoding=\"async\" title=\"fotografia de nen\u00e9ns em estudio\" src=\"https:\/\/i0.wp.com\/4.bp.blogspot.com\/-Ek4zQNbHd0g\/V2B2Gnw9DJI\/AAAAAAAARAM\/KNAu2oRsMM4TvwLgIPiat3BbtJkGUm4_ACLcB\/s640\/fotografia%2Bde%2Bnen%25C3%25A9ns%2Bem%2Bestudio.jpg?resize=426%2C640&#038;ssl=1\" alt=\"fotografia de nen\u00e9ns em estudio\" width=\"426\" height=\"640\" border=\"0\" \/><\/a><\/td>\n<\/tr>\n<tr>\n<td style=\"text-align: center;\">fotografia de nen\u00e9ns em estudio<\/td>\n<\/tr>\n<\/tbody>\n<\/table>\n<table style=\"margin-left: auto; margin-right: auto; text-align: center;\" cellspacing=\"0\" cellpadding=\"0\" align=\"center\">\n<tbody>\n<tr>\n<td style=\"text-align: center;\"><a style=\"margin-left: auto; margin-right: auto;\" href=\"https:\/\/i0.wp.com\/3.bp.blogspot.com\/-EVZom4jRyXE\/V2B2GfgnVeI\/AAAAAAAARAI\/UZtBiO_aYdQ8TI5tUDUPRCoQg52yehoBQCLcB\/s1600\/fotografia%2Bfamilia%2Bem%2Bestudio.jpg?ssl=1\"><img data-recalc-dims=\"1\" loading=\"lazy\" decoding=\"async\" title=\"fotografia familia em estudio\" src=\"https:\/\/i0.wp.com\/3.bp.blogspot.com\/-EVZom4jRyXE\/V2B2GfgnVeI\/AAAAAAAARAI\/UZtBiO_aYdQ8TI5tUDUPRCoQg52yehoBQCLcB\/s640\/fotografia%2Bfamilia%2Bem%2Bestudio.jpg?resize=426%2C640&#038;ssl=1\" alt=\"fotografia familia em estudio\" width=\"426\" height=\"640\" border=\"0\" \/><\/a><\/td>\n<\/tr>\n<tr>\n<td style=\"text-align: center;\">fotografia familia em estudio<\/td>\n<\/tr>\n<\/tbody>\n<\/table>\n<table style=\"margin-left: auto; margin-right: auto; text-align: center;\" cellspacing=\"0\" cellpadding=\"0\" align=\"center\">\n<tbody>\n<tr>\n<td style=\"text-align: center;\"><a style=\"margin-left: auto; margin-right: auto;\" href=\"https:\/\/i0.wp.com\/4.bp.blogspot.com\/-vyfBAfRhXOY\/V2B2IclkW_I\/AAAAAAAARAU\/7-uszWQuBtorW_Yw0zfazn_GhkPIOu_TgCLcB\/s1600\/fotografia%2Brec%25C3%25A9m%2Bnascido.jpg?ssl=1\"><img data-recalc-dims=\"1\" loading=\"lazy\" decoding=\"async\" title=\"fotografia rec\u00e9m nascido\" src=\"https:\/\/i0.wp.com\/4.bp.blogspot.com\/-vyfBAfRhXOY\/V2B2IclkW_I\/AAAAAAAARAU\/7-uszWQuBtorW_Yw0zfazn_GhkPIOu_TgCLcB\/s640\/fotografia%2Brec%25C3%25A9m%2Bnascido.jpg?resize=640%2C426&#038;ssl=1\" alt=\"fotografia rec\u00e9m nascido\" width=\"640\" height=\"426\" border=\"0\" \/><\/a><\/td>\n<\/tr>\n<tr>\n<td style=\"text-align: center;\">fotografia rec\u00e9m nascido<\/td>\n<\/tr>\n<\/tbody>\n<\/table>\n<table style=\"margin-left: auto; margin-right: auto; text-align: center;\" cellspacing=\"0\" cellpadding=\"0\" align=\"center\">\n<tbody>\n<tr>\n<td style=\"text-align: center;\"><a style=\"margin-left: auto; margin-right: auto;\" href=\"https:\/\/i0.wp.com\/4.bp.blogspot.com\/-RWjgwGAVBNo\/V2B2IBNyIcI\/AAAAAAAARAQ\/PnrmDF4rXlksLpFwgAA4eBvdxvHhn1ZPACLcB\/s1600\/fotos%2Bdivertidas%2Bem%2Bestudio.jpg?ssl=1\"><img data-recalc-dims=\"1\" loading=\"lazy\" decoding=\"async\" title=\"fotos divertidas em estudio\" src=\"https:\/\/i0.wp.com\/4.bp.blogspot.com\/-RWjgwGAVBNo\/V2B2IBNyIcI\/AAAAAAAARAQ\/PnrmDF4rXlksLpFwgAA4eBvdxvHhn1ZPACLcB\/s640\/fotos%2Bdivertidas%2Bem%2Bestudio.jpg?resize=426%2C640&#038;ssl=1\" alt=\"fotos divertidas em estudio\" width=\"426\" height=\"640\" border=\"0\" \/><\/a><\/td>\n<\/tr>\n<tr>\n<td style=\"text-align: center;\">fotos divertidas em estudio<\/td>\n<\/tr>\n<\/tbody>\n<\/table>\n<table style=\"margin-left: auto; margin-right: auto; text-align: center;\" cellspacing=\"0\" cellpadding=\"0\" align=\"center\">\n<tbody>\n<tr>\n<td style=\"text-align: center;\"><a style=\"margin-left: auto; margin-right: auto;\" href=\"https:\/\/i0.wp.com\/2.bp.blogspot.com\/-duQA9DUKLlk\/V2B2IiEe5UI\/AAAAAAAARAY\/n4KgCPUuJgU-CbLxsw_-hpI4KCJIrrHDACLcB\/s1600\/fotos%2Bnewborn.jpg?ssl=1\"><img data-recalc-dims=\"1\" loading=\"lazy\" decoding=\"async\" title=\"fotos newborn\" src=\"https:\/\/i0.wp.com\/2.bp.blogspot.com\/-duQA9DUKLlk\/V2B2IiEe5UI\/AAAAAAAARAY\/n4KgCPUuJgU-CbLxsw_-hpI4KCJIrrHDACLcB\/s640\/fotos%2Bnewborn.jpg?resize=640%2C426&#038;ssl=1\" alt=\"fotos newborn\" width=\"640\" height=\"426\" border=\"0\" \/><\/a><\/td>\n<\/tr>\n<tr>\n<td style=\"text-align: center;\">fotos newborn<\/td>\n<\/tr>\n<\/tbody>\n<\/table>\nVisite tamb\u00e9m nosso site: www.biancamachado.com.br\r\n(11) 97107-1018\r\n\r\nAtendemos as regi\u00f5es de S\u00e3o Paulo, Sorocaba, Ibi\u00fana, Piedade, Votorantim, Cotia, Itupeva, Jundia\u00ed, It\u00fa e Campinas","protected":false},"excerpt":{"rendered":"<p>A sess\u00e3o fotogr\u00e1fica de recorda\u00e7\u00e3o em fam\u00edlia do primeiro m\u00eas de vida do Bernardo no Studio Bianca Machado \u00e9 uma \u00f3tima op\u00e7\u00e3o para os pais que desejam registrar esse momento especial. A fot\u00f3grafa Bianca Machado se esfor\u00e7ou ao m\u00e1ximo para garantir que as fotos fossem lindas e emocionantes, e que retratassem a personalidade e a ess\u00eancia do beb\u00ea Bernardo.<\/p>\n","protected":false},"author":1,"featured_media":891,"comment_status":"open","ping_status":"open","sticky":false,"template":"","format":"standard","meta":{"_monsterinsights_skip_tracking":false,"_monsterinsights_sitenote_active":false,"_monsterinsights_sitenote_note":"","_monsterinsights_sitenote_category":0,"jetpack_post_was_ever_published":false,"_jetpack_newsletter_access":"","_jetpack_dont_email_post_to_subs":false,"_jetpack_newsletter_tier_id":0,"_jetpack_memberships_contains_paywalled_content":false,"_jetpack_memberships_contains_paid_content":false,"_joinchat":[],"footnotes":""},"categories":[292,311,1],"tags":[332,333,326,334,325],"class_list":["post-132","post","type-post","status-publish","format-standard","has-post-thumbnail","hentry","category-book-familia-estudio","category-newborn-recem-nascido","category-studio-bianca-machado","tag-book-familia-em-estudio","tag-ensaio-de-fotos-com-criancas","tag-fotografia-newborn","tag-fotografia-profissional-para-familias","tag-fotos-para-recem-nascidos"],"yoast_head":"<!-- This site is optimized with the Yoast SEO plugin v27.4 - https:\/\/yoast.com\/product\/yoast-seo-wordpress\/ -->\n<title>Ensaio de fotos em fam\u00edlia - STUDIO BIANCA MACHADO<\/title>\n<meta name=\"description\" content=\"A sess\u00e3o fotogr\u00e1fica de recorda\u00e7\u00e3o em fam\u00edlia do primeiro m\u00eas de vida do Bernardo no Studio Bianca Machado \u00e9 uma \u00f3tima op\u00e7\u00e3o para os pais que desejam registrar esse momento especial. A fot\u00f3grafa Bianca Machado se esfor\u00e7ou ao m\u00e1ximo para garantir que as fotos fossem lindas e emocionantes, e que retratassem a personalidade e a ess\u00eancia do beb\u00ea Bernardo.\" \/>\n<meta name=\"robots\" content=\"index, follow, max-snippet:-1, max-image-preview:large, max-video-preview:-1\" \/>\n<link rel=\"canonical\" href=\"https:\/\/biancamachado.com.br\/blog\/ensaio-de-fotos-em-familia\/\" \/>\n<meta property=\"og:locale\" content=\"pt_BR\" \/>\n<meta property=\"og:type\" content=\"article\" \/>\n<meta property=\"og:title\" content=\"Ensaio de fotos em fam\u00edlia - STUDIO BIANCA MACHADO\" \/>\n<meta property=\"og:description\" content=\"A sess\u00e3o fotogr\u00e1fica de recorda\u00e7\u00e3o em fam\u00edlia do primeiro m\u00eas de vida do Bernardo no Studio Bianca Machado \u00e9 uma \u00f3tima op\u00e7\u00e3o para os pais que desejam registrar esse momento especial. A fot\u00f3grafa Bianca Machado se esfor\u00e7ou ao m\u00e1ximo para garantir que as fotos fossem lindas e emocionantes, e que retratassem a personalidade e a ess\u00eancia do beb\u00ea Bernardo.\" \/>\n<meta property=\"og:url\" content=\"https:\/\/biancamachado.com.br\/blog\/ensaio-de-fotos-em-familia\/\" \/>\n<meta property=\"og:site_name\" content=\"STUDIO BIANCA MACHADO\" \/>\n<meta property=\"article:publisher\" content=\"https:\/\/www.facebook.com\/Studiobiancamachado\/\" \/>\n<meta property=\"article:published_time\" content=\"2016-06-14T21:26:00+00:00\" \/>\n<meta property=\"article:modified_time\" content=\"2023-02-14T20:54:53+00:00\" \/>\n<meta property=\"og:image\" content=\"https:\/\/biancamachado.com.br\/blog\/wp-content\/uploads\/2016\/06\/Screenshot_93.png\" \/>\n\t<meta property=\"og:image:width\" content=\"600\" \/>\n\t<meta property=\"og:image:height\" content=\"417\" \/>\n\t<meta property=\"og:image:type\" content=\"image\/png\" \/>\n<meta name=\"author\" content=\"biancamachado\" \/>\n<meta name=\"twitter:card\" content=\"summary_large_image\" \/>\n<meta name=\"twitter:label1\" content=\"Escrito por\" \/>\n\t<meta name=\"twitter:data1\" content=\"biancamachado\" \/>\n\t<meta name=\"twitter:label2\" content=\"Est. tempo de leitura\" \/>\n\t<meta name=\"twitter:data2\" content=\"3 minutos\" \/>\n<script type=\"application\/ld+json\" class=\"yoast-schema-graph\">{\"@context\":\"https:\\\/\\\/schema.org\",\"@graph\":[{\"@type\":\"Article\",\"@id\":\"https:\\\/\\\/biancamachado.com.br\\\/blog\\\/ensaio-de-fotos-em-familia\\\/#article\",\"isPartOf\":{\"@id\":\"https:\\\/\\\/biancamachado.com.br\\\/blog\\\/ensaio-de-fotos-em-familia\\\/\"},\"author\":{\"name\":\"biancamachado\",\"@id\":\"https:\\\/\\\/biancamachado.com.br\\\/blog\\\/#\\\/schema\\\/person\\\/990263800ec5e9bdbbf092a2353550a1\"},\"headline\":\"Ensaio de fotos em fam\u00edlia\",\"datePublished\":\"2016-06-14T21:26:00+00:00\",\"dateModified\":\"2023-02-14T20:54:53+00:00\",\"mainEntityOfPage\":{\"@id\":\"https:\\\/\\\/biancamachado.com.br\\\/blog\\\/ensaio-de-fotos-em-familia\\\/\"},\"wordCount\":297,\"commentCount\":0,\"publisher\":{\"@id\":\"https:\\\/\\\/biancamachado.com.br\\\/blog\\\/#organization\"},\"image\":{\"@id\":\"https:\\\/\\\/biancamachado.com.br\\\/blog\\\/ensaio-de-fotos-em-familia\\\/#primaryimage\"},\"thumbnailUrl\":\"https:\\\/\\\/i0.wp.com\\\/biancamachado.com.br\\\/blog\\\/wp-content\\\/uploads\\\/2016\\\/06\\\/Screenshot_93.png?fit=600%2C417&ssl=1\",\"keywords\":[\"Book familia em estudio\",\"ensaio de fotos com crian\u00e7as\",\"fotografia newborn\",\"fotografia profissional para familias\",\"fotos para recem nascidos\"],\"articleSection\":[\"Book Familia Estudio\",\"Newborn \\\/ Rec\u00e9m nascido\",\"Studio Bianca Machado\"],\"inLanguage\":\"pt-BR\",\"potentialAction\":[{\"@type\":\"CommentAction\",\"name\":\"Comment\",\"target\":[\"https:\\\/\\\/biancamachado.com.br\\\/blog\\\/ensaio-de-fotos-em-familia\\\/#respond\"]}]},{\"@type\":\"WebPage\",\"@id\":\"https:\\\/\\\/biancamachado.com.br\\\/blog\\\/ensaio-de-fotos-em-familia\\\/\",\"url\":\"https:\\\/\\\/biancamachado.com.br\\\/blog\\\/ensaio-de-fotos-em-familia\\\/\",\"name\":\"Ensaio de fotos em fam\u00edlia - STUDIO BIANCA MACHADO\",\"isPartOf\":{\"@id\":\"https:\\\/\\\/biancamachado.com.br\\\/blog\\\/#website\"},\"primaryImageOfPage\":{\"@id\":\"https:\\\/\\\/biancamachado.com.br\\\/blog\\\/ensaio-de-fotos-em-familia\\\/#primaryimage\"},\"image\":{\"@id\":\"https:\\\/\\\/biancamachado.com.br\\\/blog\\\/ensaio-de-fotos-em-familia\\\/#primaryimage\"},\"thumbnailUrl\":\"https:\\\/\\\/i0.wp.com\\\/biancamachado.com.br\\\/blog\\\/wp-content\\\/uploads\\\/2016\\\/06\\\/Screenshot_93.png?fit=600%2C417&ssl=1\",\"datePublished\":\"2016-06-14T21:26:00+00:00\",\"dateModified\":\"2023-02-14T20:54:53+00:00\",\"description\":\"A sess\u00e3o fotogr\u00e1fica de recorda\u00e7\u00e3o em fam\u00edlia do primeiro m\u00eas de vida do Bernardo no Studio Bianca Machado \u00e9 uma \u00f3tima op\u00e7\u00e3o para os pais que desejam registrar esse momento especial. A fot\u00f3grafa Bianca Machado se esfor\u00e7ou ao m\u00e1ximo para garantir que as fotos fossem lindas e emocionantes, e que retratassem a personalidade e a ess\u00eancia do beb\u00ea Bernardo.\",\"breadcrumb\":{\"@id\":\"https:\\\/\\\/biancamachado.com.br\\\/blog\\\/ensaio-de-fotos-em-familia\\\/#breadcrumb\"},\"inLanguage\":\"pt-BR\",\"potentialAction\":[{\"@type\":\"ReadAction\",\"target\":[\"https:\\\/\\\/biancamachado.com.br\\\/blog\\\/ensaio-de-fotos-em-familia\\\/\"]}]},{\"@type\":\"ImageObject\",\"inLanguage\":\"pt-BR\",\"@id\":\"https:\\\/\\\/biancamachado.com.br\\\/blog\\\/ensaio-de-fotos-em-familia\\\/#primaryimage\",\"url\":\"https:\\\/\\\/i0.wp.com\\\/biancamachado.com.br\\\/blog\\\/wp-content\\\/uploads\\\/2016\\\/06\\\/Screenshot_93.png?fit=600%2C417&ssl=1\",\"contentUrl\":\"https:\\\/\\\/i0.wp.com\\\/biancamachado.com.br\\\/blog\\\/wp-content\\\/uploads\\\/2016\\\/06\\\/Screenshot_93.png?fit=600%2C417&ssl=1\",\"width\":600,\"height\":417,\"caption\":\"Ensaio de fotos em fam\u00edlia\"},{\"@type\":\"BreadcrumbList\",\"@id\":\"https:\\\/\\\/biancamachado.com.br\\\/blog\\\/ensaio-de-fotos-em-familia\\\/#breadcrumb\",\"itemListElement\":[{\"@type\":\"ListItem\",\"position\":1,\"name\":\"In\u00edcio\",\"item\":\"https:\\\/\\\/biancamachado.com.br\\\/blog\\\/\"},{\"@type\":\"ListItem\",\"position\":2,\"name\":\"Ensaio de fotos em fam\u00edlia\"}]},{\"@type\":\"WebSite\",\"@id\":\"https:\\\/\\\/biancamachado.com.br\\\/blog\\\/#website\",\"url\":\"https:\\\/\\\/biancamachado.com.br\\\/blog\\\/\",\"name\":\"STUDIO BIANCA MACHADO\",\"description\":\"Estudio Fotografico, Ensaios e Books de foto profissional\",\"publisher\":{\"@id\":\"https:\\\/\\\/biancamachado.com.br\\\/blog\\\/#organization\"},\"potentialAction\":[{\"@type\":\"SearchAction\",\"target\":{\"@type\":\"EntryPoint\",\"urlTemplate\":\"https:\\\/\\\/biancamachado.com.br\\\/blog\\\/?s={search_term_string}\"},\"query-input\":{\"@type\":\"PropertyValueSpecification\",\"valueRequired\":true,\"valueName\":\"search_term_string\"}}],\"inLanguage\":\"pt-BR\"},{\"@type\":\"Organization\",\"@id\":\"https:\\\/\\\/biancamachado.com.br\\\/blog\\\/#organization\",\"name\":\"STUDIO BIANCA MACHADO\",\"url\":\"https:\\\/\\\/biancamachado.com.br\\\/blog\\\/\",\"logo\":{\"@type\":\"ImageObject\",\"inLanguage\":\"pt-BR\",\"@id\":\"https:\\\/\\\/biancamachado.com.br\\\/blog\\\/#\\\/schema\\\/logo\\\/image\\\/\",\"url\":\"https:\\\/\\\/i0.wp.com\\\/biancamachado.com.br\\\/blog\\\/wp-content\\\/uploads\\\/2021\\\/02\\\/cropped-logo-ml.jpg?fit=278%2C100&ssl=1\",\"contentUrl\":\"https:\\\/\\\/i0.wp.com\\\/biancamachado.com.br\\\/blog\\\/wp-content\\\/uploads\\\/2021\\\/02\\\/cropped-logo-ml.jpg?fit=278%2C100&ssl=1\",\"width\":278,\"height\":100,\"caption\":\"STUDIO BIANCA MACHADO\"},\"image\":{\"@id\":\"https:\\\/\\\/biancamachado.com.br\\\/blog\\\/#\\\/schema\\\/logo\\\/image\\\/\"},\"sameAs\":[\"https:\\\/\\\/www.facebook.com\\\/Studiobiancamachado\\\/\",\"https:\\\/\\\/www.instagram.com\\\/Studiobiancamachado\\\/\"]},{\"@type\":\"Person\",\"@id\":\"https:\\\/\\\/biancamachado.com.br\\\/blog\\\/#\\\/schema\\\/person\\\/990263800ec5e9bdbbf092a2353550a1\",\"name\":\"biancamachado\",\"image\":{\"@type\":\"ImageObject\",\"inLanguage\":\"pt-BR\",\"@id\":\"https:\\\/\\\/secure.gravatar.com\\\/avatar\\\/62b1a50f2632dbc2e279c3eb55aa46cc324c969cff16a69c59756d155316542c?s=96&d=mm&r=g\",\"url\":\"https:\\\/\\\/secure.gravatar.com\\\/avatar\\\/62b1a50f2632dbc2e279c3eb55aa46cc324c969cff16a69c59756d155316542c?s=96&d=mm&r=g\",\"contentUrl\":\"https:\\\/\\\/secure.gravatar.com\\\/avatar\\\/62b1a50f2632dbc2e279c3eb55aa46cc324c969cff16a69c59756d155316542c?s=96&d=mm&r=g\",\"caption\":\"biancamachado\"},\"sameAs\":[\"https:\\\/\\\/biancamachado.com.br\\\/blog\"],\"url\":\"https:\\\/\\\/biancamachado.com.br\\\/blog\\\/author\\\/biancamachado\\\/\"}]}<\/script>\n<!-- \/ Yoast SEO plugin. -->","yoast_head_json":{"title":"Ensaio de fotos em fam\u00edlia - STUDIO BIANCA MACHADO","description":"A sess\u00e3o fotogr\u00e1fica de recorda\u00e7\u00e3o em fam\u00edlia do primeiro m\u00eas de vida do Bernardo no Studio Bianca Machado \u00e9 uma \u00f3tima op\u00e7\u00e3o para os pais que desejam registrar esse momento especial. A fot\u00f3grafa Bianca Machado se esfor\u00e7ou ao m\u00e1ximo para garantir que as fotos fossem lindas e emocionantes, e que retratassem a personalidade e a ess\u00eancia do beb\u00ea Bernardo.","robots":{"index":"index","follow":"follow","max-snippet":"max-snippet:-1","max-image-preview":"max-image-preview:large","max-video-preview":"max-video-preview:-1"},"canonical":"https:\/\/biancamachado.com.br\/blog\/ensaio-de-fotos-em-familia\/","og_locale":"pt_BR","og_type":"article","og_title":"Ensaio de fotos em fam\u00edlia - STUDIO BIANCA MACHADO","og_description":"A sess\u00e3o fotogr\u00e1fica de recorda\u00e7\u00e3o em fam\u00edlia do primeiro m\u00eas de vida do Bernardo no Studio Bianca Machado \u00e9 uma \u00f3tima op\u00e7\u00e3o para os pais que desejam registrar esse momento especial. A fot\u00f3grafa Bianca Machado se esfor\u00e7ou ao m\u00e1ximo para garantir que as fotos fossem lindas e emocionantes, e que retratassem a personalidade e a ess\u00eancia do beb\u00ea Bernardo.","og_url":"https:\/\/biancamachado.com.br\/blog\/ensaio-de-fotos-em-familia\/","og_site_name":"STUDIO BIANCA MACHADO","article_publisher":"https:\/\/www.facebook.com\/Studiobiancamachado\/","article_published_time":"2016-06-14T21:26:00+00:00","article_modified_time":"2023-02-14T20:54:53+00:00","og_image":[{"width":600,"height":417,"url":"https:\/\/biancamachado.com.br\/blog\/wp-content\/uploads\/2016\/06\/Screenshot_93.png","type":"image\/png"}],"author":"biancamachado","twitter_card":"summary_large_image","twitter_misc":{"Escrito por":"biancamachado","Est. tempo de leitura":"3 minutos"},"schema":{"@context":"https:\/\/schema.org","@graph":[{"@type":"Article","@id":"https:\/\/biancamachado.com.br\/blog\/ensaio-de-fotos-em-familia\/#article","isPartOf":{"@id":"https:\/\/biancamachado.com.br\/blog\/ensaio-de-fotos-em-familia\/"},"author":{"name":"biancamachado","@id":"https:\/\/biancamachado.com.br\/blog\/#\/schema\/person\/990263800ec5e9bdbbf092a2353550a1"},"headline":"Ensaio de fotos em fam\u00edlia","datePublished":"2016-06-14T21:26:00+00:00","dateModified":"2023-02-14T20:54:53+00:00","mainEntityOfPage":{"@id":"https:\/\/biancamachado.com.br\/blog\/ensaio-de-fotos-em-familia\/"},"wordCount":297,"commentCount":0,"publisher":{"@id":"https:\/\/biancamachado.com.br\/blog\/#organization"},"image":{"@id":"https:\/\/biancamachado.com.br\/blog\/ensaio-de-fotos-em-familia\/#primaryimage"},"thumbnailUrl":"https:\/\/i0.wp.com\/biancamachado.com.br\/blog\/wp-content\/uploads\/2016\/06\/Screenshot_93.png?fit=600%2C417&ssl=1","keywords":["Book familia em estudio","ensaio de fotos com crian\u00e7as","fotografia newborn","fotografia profissional para familias","fotos para recem nascidos"],"articleSection":["Book Familia Estudio","Newborn \/ Rec\u00e9m nascido","Studio Bianca Machado"],"inLanguage":"pt-BR","potentialAction":[{"@type":"CommentAction","name":"Comment","target":["https:\/\/biancamachado.com.br\/blog\/ensaio-de-fotos-em-familia\/#respond"]}]},{"@type":"WebPage","@id":"https:\/\/biancamachado.com.br\/blog\/ensaio-de-fotos-em-familia\/","url":"https:\/\/biancamachado.com.br\/blog\/ensaio-de-fotos-em-familia\/","name":"Ensaio de fotos em fam\u00edlia - STUDIO BIANCA MACHADO","isPartOf":{"@id":"https:\/\/biancamachado.com.br\/blog\/#website"},"primaryImageOfPage":{"@id":"https:\/\/biancamachado.com.br\/blog\/ensaio-de-fotos-em-familia\/#primaryimage"},"image":{"@id":"https:\/\/biancamachado.com.br\/blog\/ensaio-de-fotos-em-familia\/#primaryimage"},"thumbnailUrl":"https:\/\/i0.wp.com\/biancamachado.com.br\/blog\/wp-content\/uploads\/2016\/06\/Screenshot_93.png?fit=600%2C417&ssl=1","datePublished":"2016-06-14T21:26:00+00:00","dateModified":"2023-02-14T20:54:53+00:00","description":"A sess\u00e3o fotogr\u00e1fica de recorda\u00e7\u00e3o em fam\u00edlia do primeiro m\u00eas de vida do Bernardo no Studio Bianca Machado \u00e9 uma \u00f3tima op\u00e7\u00e3o para os pais que desejam registrar esse momento especial. A fot\u00f3grafa Bianca Machado se esfor\u00e7ou ao m\u00e1ximo para garantir que as fotos fossem lindas e emocionantes, e que retratassem a personalidade e a ess\u00eancia do beb\u00ea Bernardo.","breadcrumb":{"@id":"https:\/\/biancamachado.com.br\/blog\/ensaio-de-fotos-em-familia\/#breadcrumb"},"inLanguage":"pt-BR","potentialAction":[{"@type":"ReadAction","target":["https:\/\/biancamachado.com.br\/blog\/ensaio-de-fotos-em-familia\/"]}]},{"@type":"ImageObject","inLanguage":"pt-BR","@id":"https:\/\/biancamachado.com.br\/blog\/ensaio-de-fotos-em-familia\/#primaryimage","url":"https:\/\/i0.wp.com\/biancamachado.com.br\/blog\/wp-content\/uploads\/2016\/06\/Screenshot_93.png?fit=600%2C417&ssl=1","contentUrl":"https:\/\/i0.wp.com\/biancamachado.com.br\/blog\/wp-content\/uploads\/2016\/06\/Screenshot_93.png?fit=600%2C417&ssl=1","width":600,"height":417,"caption":"Ensaio de fotos em fam\u00edlia"},{"@type":"BreadcrumbList","@id":"https:\/\/biancamachado.com.br\/blog\/ensaio-de-fotos-em-familia\/#breadcrumb","itemListElement":[{"@type":"ListItem","position":1,"name":"In\u00edcio","item":"https:\/\/biancamachado.com.br\/blog\/"},{"@type":"ListItem","position":2,"name":"Ensaio de fotos em fam\u00edlia"}]},{"@type":"WebSite","@id":"https:\/\/biancamachado.com.br\/blog\/#website","url":"https:\/\/biancamachado.com.br\/blog\/","name":"STUDIO BIANCA MACHADO","description":"Estudio Fotografico, Ensaios e Books de foto profissional","publisher":{"@id":"https:\/\/biancamachado.com.br\/blog\/#organization"},"potentialAction":[{"@type":"SearchAction","target":{"@type":"EntryPoint","urlTemplate":"https:\/\/biancamachado.com.br\/blog\/?s={search_term_string}"},"query-input":{"@type":"PropertyValueSpecification","valueRequired":true,"valueName":"search_term_string"}}],"inLanguage":"pt-BR"},{"@type":"Organization","@id":"https:\/\/biancamachado.com.br\/blog\/#organization","name":"STUDIO BIANCA MACHADO","url":"https:\/\/biancamachado.com.br\/blog\/","logo":{"@type":"ImageObject","inLanguage":"pt-BR","@id":"https:\/\/biancamachado.com.br\/blog\/#\/schema\/logo\/image\/","url":"https:\/\/i0.wp.com\/biancamachado.com.br\/blog\/wp-content\/uploads\/2021\/02\/cropped-logo-ml.jpg?fit=278%2C100&ssl=1","contentUrl":"https:\/\/i0.wp.com\/biancamachado.com.br\/blog\/wp-content\/uploads\/2021\/02\/cropped-logo-ml.jpg?fit=278%2C100&ssl=1","width":278,"height":100,"caption":"STUDIO BIANCA MACHADO"},"image":{"@id":"https:\/\/biancamachado.com.br\/blog\/#\/schema\/logo\/image\/"},"sameAs":["https:\/\/www.facebook.com\/Studiobiancamachado\/","https:\/\/www.instagram.com\/Studiobiancamachado\/"]},{"@type":"Person","@id":"https:\/\/biancamachado.com.br\/blog\/#\/schema\/person\/990263800ec5e9bdbbf092a2353550a1","name":"biancamachado","image":{"@type":"ImageObject","inLanguage":"pt-BR","@id":"https:\/\/secure.gravatar.com\/avatar\/62b1a50f2632dbc2e279c3eb55aa46cc324c969cff16a69c59756d155316542c?s=96&d=mm&r=g","url":"https:\/\/secure.gravatar.com\/avatar\/62b1a50f2632dbc2e279c3eb55aa46cc324c969cff16a69c59756d155316542c?s=96&d=mm&r=g","contentUrl":"https:\/\/secure.gravatar.com\/avatar\/62b1a50f2632dbc2e279c3eb55aa46cc324c969cff16a69c59756d155316542c?s=96&d=mm&r=g","caption":"biancamachado"},"sameAs":["https:\/\/biancamachado.com.br\/blog"],"url":"https:\/\/biancamachado.com.br\/blog\/author\/biancamachado\/"}]}},"jetpack_featured_media_url":"https:\/\/i0.wp.com\/biancamachado.com.br\/blog\/wp-content\/uploads\/2016\/06\/Screenshot_93.png?fit=600%2C417&ssl=1","jetpack-related-posts":[],"jetpack_sharing_enabled":true,"_links":{"self":[{"href":"https:\/\/biancamachado.com.br\/blog\/wp-json\/wp\/v2\/posts\/132","targetHints":{"allow":["GET"]}}],"collection":[{"href":"https:\/\/biancamachado.com.br\/blog\/wp-json\/wp\/v2\/posts"}],"about":[{"href":"https:\/\/biancamachado.com.br\/blog\/wp-json\/wp\/v2\/types\/post"}],"author":[{"embeddable":true,"href":"https:\/\/biancamachado.com.br\/blog\/wp-json\/wp\/v2\/users\/1"}],"replies":[{"embeddable":true,"href":"https:\/\/biancamachado.com.br\/blog\/wp-json\/wp\/v2\/comments?post=132"}],"version-history":[{"count":2,"href":"https:\/\/biancamachado.com.br\/blog\/wp-json\/wp\/v2\/posts\/132\/revisions"}],"predecessor-version":[{"id":3430,"href":"https:\/\/biancamachado.com.br\/blog\/wp-json\/wp\/v2\/posts\/132\/revisions\/3430"}],"wp:featuredmedia":[{"embeddable":true,"href":"https:\/\/biancamachado.com.br\/blog\/wp-json\/wp\/v2\/media\/891"}],"wp:attachment":[{"href":"https:\/\/biancamachado.com.br\/blog\/wp-json\/wp\/v2\/media?parent=132"}],"wp:term":[{"taxonomy":"category","embeddable":true,"href":"https:\/\/biancamachado.com.br\/blog\/wp-json\/wp\/v2\/categories?post=132"},{"taxonomy":"post_tag","embeddable":true,"href":"https:\/\/biancamachado.com.br\/blog\/wp-json\/wp\/v2\/tags?post=132"}],"curies":[{"name":"wp","href":"https:\/\/api.w.org\/{rel}","templated":true}]}}