{"id":131,"date":"2016-06-14T18:46:00","date_gmt":"2016-06-14T21:46:00","guid":{"rendered":"https:\/\/biancamachado.com.br\/blog\/?p=131"},"modified":"2023-02-14T17:52:48","modified_gmt":"2023-02-14T20:52:48","slug":"ensaio-smash-the-cake-em-estudio-2","status":"publish","type":"post","link":"https:\/\/biancamachado.com.br\/blog\/ensaio-smash-the-cake-em-estudio-2\/","title":{"rendered":"Ensaio Smash the Cake em est\u00fadio"},"content":{"rendered":"<div style=\"text-align: justify;\">Olha essa fofura da Laura ! kkkk<\/div>\n<div style=\"text-align: justify;\">Bebezinha feliz viu? kkkk<\/div>\n<div style=\"text-align: justify;\">Adorou o bolo, comeu, riu, mandou beijo, assim n\u00e3o tem nem desafio para fotografar !<\/div>\n<div style=\"text-align: justify;\">Que fam\u00edlia linda, adoro as japonezinhas ! E sujas de bolo rosa ent\u00e3o, imagina !<\/div>\n<div style=\"text-align: justify;\">Segue um pouquinho do ensaio de fotos smash the cake que fizemos aqui no estudio:<\/div>\n<table style=\"margin-left: auto; margin-right: auto; text-align: center;\" cellspacing=\"0\" cellpadding=\"0\" align=\"center\">\n<tbody>\n<tr>\n<td style=\"text-align: center;\"><a style=\"margin-left: auto; margin-right: auto;\" href=\"https:\/\/i0.wp.com\/3.bp.blogspot.com\/-MeVhdKZK3O8\/V2B4sctkZ1I\/AAAAAAAARAs\/2Zp-1ABZ1A03XXvtKcVO7sNzDthSf9SSgCLcB\/s1600\/book%2Bsmash%2Bthe%2Bcake.jpg?ssl=1\"><img data-recalc-dims=\"1\" loading=\"lazy\" decoding=\"async\" title=\"book smash the cake\" src=\"https:\/\/i0.wp.com\/3.bp.blogspot.com\/-MeVhdKZK3O8\/V2B4sctkZ1I\/AAAAAAAARAs\/2Zp-1ABZ1A03XXvtKcVO7sNzDthSf9SSgCLcB\/s640\/book%2Bsmash%2Bthe%2Bcake.jpg?resize=640%2C426&#038;ssl=1\" alt=\"book smash the cake\" width=\"640\" height=\"426\" border=\"0\" \/><\/a><\/td>\n<\/tr>\n<tr>\n<td style=\"text-align: center;\">book smash the cake<\/td>\n<\/tr>\n<\/tbody>\n<\/table>\n<p>O primeiro anivers\u00e1rio de um beb\u00ea \u00e9 uma ocasi\u00e3o especial, e \u00e9 importante registrar esses momentos com fotos lindas e divertidas. O Studio Bianca Machado, especializado em fotografias de beb\u00eas, tem como miss\u00e3o capturar a comemora\u00e7\u00e3o do primeiro anivers\u00e1rio da pequena Laura com um ensaio divertido de Smash the Cake.<\/p>\n<p>A sess\u00e3o fotogr\u00e1fica de Smash the Cake da pequena Laura no Studio Bianca Machado \u00e9 feita em um est\u00fadio aconchegante, com decora\u00e7\u00f5es que remetem \u00e0 alegria e \u00e0 divers\u00e3o. A fot\u00f3grafa Bianca Machado se preocupa em capturar a personalidade e a ess\u00eancia da pequena Laura, retratando sua alegria e sua divers\u00e3o.<\/p>\n<p>As fotos podem ser feitas com roupas espec\u00edficas para a idade da pequena Laura, com adere\u00e7os e acess\u00f3rios, ou mesmo sem nenhum adere\u00e7o, valorizando a beleza natural da pequena. Al\u00e9m disso, \u00e9 poss\u00edvel incluir a\u00e7\u00f5es divertidas como o Smash the Cake, para que todos possam se divertir juntos.<\/p>\n<p>Em resumo, a sess\u00e3o fotogr\u00e1fica de Smash the Cake da pequena Laura no Studio Bianca Machado \u00e9 uma \u00f3tima op\u00e7\u00e3o para os pais que desejam registrar a comemora\u00e7\u00e3o do primeiro anivers\u00e1rio de sua filha. A fot\u00f3grafa Bianca Machado se esfor\u00e7ou ao m\u00e1ximo para garantir que as fotos fossem lindas e divertidas, e que retratassem a personalidade e a ess\u00eancia da pequena Laura.<\/p>\n<table style=\"margin-left: auto; margin-right: auto; text-align: center;\" cellspacing=\"0\" cellpadding=\"0\" align=\"center\">\n<tbody>\n<tr>\n<td style=\"text-align: center;\"><a style=\"margin-left: auto; margin-right: auto;\" href=\"https:\/\/i0.wp.com\/3.bp.blogspot.com\/-N0PVqVrUBPg\/V2B4sabmGgI\/AAAAAAAARAw\/SLVU0KfztU0zxEF9-f5NXZ5x-n9aoa_5QCLcB\/s1600\/ensaio%2Bde%2Bfotos%2B1%2Bano.jpg?ssl=1\"><img data-recalc-dims=\"1\" loading=\"lazy\" decoding=\"async\" title=\"ensaio de fotos 1 ano\" src=\"https:\/\/i0.wp.com\/3.bp.blogspot.com\/-N0PVqVrUBPg\/V2B4sabmGgI\/AAAAAAAARAw\/SLVU0KfztU0zxEF9-f5NXZ5x-n9aoa_5QCLcB\/s640\/ensaio%2Bde%2Bfotos%2B1%2Bano.jpg?resize=640%2C426&#038;ssl=1\" alt=\"ensaio de fotos 1 ano\" width=\"640\" height=\"426\" border=\"0\" \/><\/a><\/td>\n<\/tr>\n<tr>\n<td style=\"text-align: center;\">ensaio de fotos 1 ano<\/td>\n<\/tr>\n<\/tbody>\n<\/table>\n<table style=\"margin-left: auto; margin-right: auto; text-align: center;\" cellspacing=\"0\" cellpadding=\"0\" align=\"center\">\n<tbody>\n<tr>\n<td style=\"text-align: center;\"><a style=\"margin-left: auto; margin-right: auto;\" href=\"https:\/\/i0.wp.com\/2.bp.blogspot.com\/-wFH0w4N0wxg\/V2B4ybGMmkI\/AAAAAAAARA4\/eTLokwYzgnoLMXMTPyT2nT72QMw5PYNqACLcB\/s1600\/ensaio%2Bfotografico%2Bbebes%2Bcomendo%2Bbolo.jpg?ssl=1\"><img data-recalc-dims=\"1\" loading=\"lazy\" decoding=\"async\" title=\"ensaio fotografico bebes comendo bolo\" src=\"https:\/\/i0.wp.com\/2.bp.blogspot.com\/-wFH0w4N0wxg\/V2B4ybGMmkI\/AAAAAAAARA4\/eTLokwYzgnoLMXMTPyT2nT72QMw5PYNqACLcB\/s640\/ensaio%2Bfotografico%2Bbebes%2Bcomendo%2Bbolo.jpg?resize=426%2C640&#038;ssl=1\" alt=\"ensaio fotografico bebes comendo bolo\" width=\"426\" height=\"640\" border=\"0\" \/><\/a><\/td>\n<\/tr>\n<tr>\n<td style=\"text-align: center;\">ensaio fotografico bebes comendo bolo<\/td>\n<\/tr>\n<\/tbody>\n<\/table>\n<table style=\"margin-left: auto; margin-right: auto; text-align: center;\" cellspacing=\"0\" cellpadding=\"0\" align=\"center\">\n<tbody>\n<tr>\n<td style=\"text-align: center;\"><a style=\"margin-left: auto; margin-right: auto;\" href=\"https:\/\/i0.wp.com\/4.bp.blogspot.com\/-S7_ersqlUYs\/V2B5L89vagI\/AAAAAAAARBI\/r9ppHvLZIrIgDyWYKXXYftn-pw77jf67QCLcB\/s1600\/ensaio%2Bfotografico%2Binfantil.jpg?ssl=1\"><img data-recalc-dims=\"1\" loading=\"lazy\" decoding=\"async\" title=\"ensaio fotografico infantil\" src=\"https:\/\/i0.wp.com\/4.bp.blogspot.com\/-S7_ersqlUYs\/V2B5L89vagI\/AAAAAAAARBI\/r9ppHvLZIrIgDyWYKXXYftn-pw77jf67QCLcB\/s640\/ensaio%2Bfotografico%2Binfantil.jpg?resize=640%2C426&#038;ssl=1\" alt=\"ensaio fotografico infantil\" width=\"640\" height=\"426\" border=\"0\" \/><\/a><\/td>\n<\/tr>\n<tr>\n<td style=\"text-align: center;\">ensaio fotografico infantil<\/td>\n<\/tr>\n<\/tbody>\n<\/table>\n<table style=\"margin-left: auto; margin-right: auto; text-align: center;\" cellspacing=\"0\" cellpadding=\"0\" align=\"center\">\n<tbody>\n<tr>\n<td style=\"text-align: center;\"><a style=\"margin-left: auto; margin-right: auto;\" href=\"https:\/\/i0.wp.com\/2.bp.blogspot.com\/-ETqIgBDg0jM\/V2B5JsuppAI\/AAAAAAAARBA\/s11COi3mbRYUVeUC8GOPCBsaK18guAjaQCLcB\/s1600\/fotografias%2Bde%2Bbebes%2Bcomendo%2Bbolo.jpg?ssl=1\"><img data-recalc-dims=\"1\" loading=\"lazy\" decoding=\"async\" title=\"fotografias de bebes comendo bolo\" src=\"https:\/\/i0.wp.com\/2.bp.blogspot.com\/-ETqIgBDg0jM\/V2B5JsuppAI\/AAAAAAAARBA\/s11COi3mbRYUVeUC8GOPCBsaK18guAjaQCLcB\/s640\/fotografias%2Bde%2Bbebes%2Bcomendo%2Bbolo.jpg?resize=640%2C426&#038;ssl=1\" alt=\"fotografias de bebes comendo bolo\" width=\"640\" height=\"426\" border=\"0\" \/><\/a><\/td>\n<\/tr>\n<tr>\n<td style=\"text-align: center;\">fotografias de bebes comendo bolo<\/td>\n<\/tr>\n<\/tbody>\n<\/table>\n<table style=\"margin-left: auto; margin-right: auto; text-align: center;\" cellspacing=\"0\" cellpadding=\"0\" align=\"center\">\n<tbody>\n<tr>\n<td style=\"text-align: center;\"><a style=\"margin-left: auto; margin-right: auto;\" href=\"https:\/\/i0.wp.com\/4.bp.blogspot.com\/-995etGrSrYI\/V2B5Oe209CI\/AAAAAAAARBU\/OgeVNAxnjBUqQ1Y5DwhJW2zmxnSyICHZACLcB\/s1600\/fotos%2Bcriativas%2Bsmash%2Bthe%2Bcake.jpg?ssl=1\"><img data-recalc-dims=\"1\" loading=\"lazy\" decoding=\"async\" title=\"fotos criativas smash the cake\" src=\"https:\/\/i0.wp.com\/4.bp.blogspot.com\/-995etGrSrYI\/V2B5Oe209CI\/AAAAAAAARBU\/OgeVNAxnjBUqQ1Y5DwhJW2zmxnSyICHZACLcB\/s640\/fotos%2Bcriativas%2Bsmash%2Bthe%2Bcake.jpg?resize=640%2C426&#038;ssl=1\" alt=\"fotos criativas smash the cake\" width=\"640\" height=\"426\" border=\"0\" \/><\/a><\/td>\n<\/tr>\n<tr>\n<td style=\"text-align: center;\">fotos criativas smash the cake<\/td>\n<\/tr>\n<\/tbody>\n<\/table>\n<table style=\"margin-left: auto; margin-right: auto; text-align: center;\" cellspacing=\"0\" cellpadding=\"0\" align=\"center\">\n<tbody>\n<tr>\n<td style=\"text-align: center;\"><a style=\"margin-left: auto; margin-right: auto;\" href=\"https:\/\/i0.wp.com\/2.bp.blogspot.com\/-7YxDij5HafI\/V2B5Sm0HSdI\/AAAAAAAARBc\/iODwlwnKT9Isqg-VBVx1nlHzt2ESuOfkQCLcB\/s1600\/fotos%2Bdivertidas%2Bde%2Bcrian%25C3%25A7as.jpg?ssl=1\"><img data-recalc-dims=\"1\" loading=\"lazy\" decoding=\"async\" title=\"fotos divertidas de crian\u00e7as\" src=\"https:\/\/i0.wp.com\/2.bp.blogspot.com\/-7YxDij5HafI\/V2B5Sm0HSdI\/AAAAAAAARBc\/iODwlwnKT9Isqg-VBVx1nlHzt2ESuOfkQCLcB\/s640\/fotos%2Bdivertidas%2Bde%2Bcrian%25C3%25A7as.jpg?resize=640%2C426&#038;ssl=1\" alt=\"fotos divertidas de crian\u00e7as\" width=\"640\" height=\"426\" border=\"0\" \/><\/a><\/td>\n<\/tr>\n<tr>\n<td style=\"text-align: center;\">fotos divertidas de crian\u00e7as<\/td>\n<\/tr>\n<\/tbody>\n<\/table>\n<table style=\"margin-left: auto; margin-right: auto; text-align: center;\" cellspacing=\"0\" cellpadding=\"0\" align=\"center\">\n<tbody>\n<tr>\n<td style=\"text-align: center;\"><a style=\"margin-left: auto; margin-right: auto;\" href=\"https:\/\/i0.wp.com\/4.bp.blogspot.com\/-OLrjpTwYRzg\/V2B5iOli7HI\/AAAAAAAARBo\/BhYFgir1XJUBrcEw2wFAcHFjn6exEi-rACLcB\/s1600\/fotos%2Bem%2Bestudio.jpg?ssl=1\"><img data-recalc-dims=\"1\" loading=\"lazy\" decoding=\"async\" title=\"fotos em estudio\" src=\"https:\/\/i0.wp.com\/4.bp.blogspot.com\/-OLrjpTwYRzg\/V2B5iOli7HI\/AAAAAAAARBo\/BhYFgir1XJUBrcEw2wFAcHFjn6exEi-rACLcB\/s640\/fotos%2Bem%2Bestudio.jpg?resize=640%2C426&#038;ssl=1\" alt=\"fotos em estudio\" width=\"640\" height=\"426\" border=\"0\" \/><\/a><\/td>\n<\/tr>\n<tr>\n<td style=\"text-align: center;\">fotos em estudio<\/td>\n<\/tr>\n<\/tbody>\n<\/table>\n<table style=\"margin-left: auto; margin-right: auto; text-align: center;\" cellspacing=\"0\" cellpadding=\"0\" align=\"center\">\n<tbody>\n<tr>\n<td style=\"text-align: center;\"><a style=\"margin-left: auto; margin-right: auto;\" href=\"https:\/\/i0.wp.com\/4.bp.blogspot.com\/-Tms1t0C6-n4\/V2B5j07-v4I\/AAAAAAAARBs\/pR_h3xg5xKM6EUYuazYLQOp8pGOZzVLcgCLcB\/s1600\/fotos%2Bsmash%2Bthe%2Bcake.jpg?ssl=1\"><img data-recalc-dims=\"1\" loading=\"lazy\" decoding=\"async\" title=\"fotos smash the cake\" src=\"https:\/\/i0.wp.com\/4.bp.blogspot.com\/-Tms1t0C6-n4\/V2B5j07-v4I\/AAAAAAAARBs\/pR_h3xg5xKM6EUYuazYLQOp8pGOZzVLcgCLcB\/s640\/fotos%2Bsmash%2Bthe%2Bcake.jpg?resize=640%2C426&#038;ssl=1\" alt=\"fotos smash the cake\" width=\"640\" height=\"426\" border=\"0\" \/><\/a><\/td>\n<\/tr>\n<tr>\n<td style=\"text-align: center;\">fotos smash the cake<\/td>\n<\/tr>\n<\/tbody>\n<\/table>\n<table style=\"margin-left: auto; margin-right: auto; text-align: center;\" cellspacing=\"0\" cellpadding=\"0\" align=\"center\">\n<tbody>\n<tr>\n<td style=\"text-align: center;\"><a style=\"margin-left: auto; margin-right: auto;\" href=\"https:\/\/i0.wp.com\/1.bp.blogspot.com\/-A16CrW2ra1Q\/V2B5nflOqDI\/AAAAAAAARB0\/3tCmJfvwZUIj0JIhXiPCBM8E6YzX_A4_ACLcB\/s1600\/melhores%2Bfotos%2Bsmash%2Bthe%2Bcake.jpg?ssl=1\"><img data-recalc-dims=\"1\" loading=\"lazy\" decoding=\"async\" title=\"melhores fotos smash the cake\" src=\"https:\/\/i0.wp.com\/1.bp.blogspot.com\/-A16CrW2ra1Q\/V2B5nflOqDI\/AAAAAAAARB0\/3tCmJfvwZUIj0JIhXiPCBM8E6YzX_A4_ACLcB\/s640\/melhores%2Bfotos%2Bsmash%2Bthe%2Bcake.jpg?resize=640%2C426&#038;ssl=1\" alt=\"melhores fotos smash the cake\" width=\"640\" height=\"426\" border=\"0\" \/><\/a><\/td>\n<\/tr>\n<tr>\n<td style=\"text-align: center;\">melhores fotos smash the cake<\/td>\n<\/tr>\n<\/tbody>\n<\/table>\n<table style=\"margin-left: auto; margin-right: auto; text-align: center;\" cellspacing=\"0\" cellpadding=\"0\" align=\"center\">\n<tbody>\n<tr>\n<td style=\"text-align: center;\"><a style=\"margin-left: auto; margin-right: auto;\" href=\"https:\/\/i0.wp.com\/3.bp.blogspot.com\/-OhXE7N5hqi4\/V2B5oTC3QVI\/AAAAAAAARB8\/xdaT9hhy9Zcp6mXm305yIVMHp3iOQ2XNgCLcB\/s1600\/sess%25C3%25A3o%2Bde%2Bfotos%2Bsmash%2Bthe%2Bcake.jpg?ssl=1\"><img data-recalc-dims=\"1\" loading=\"lazy\" decoding=\"async\" title=\"sess\u00e3o de fotos smash the cake\" src=\"https:\/\/i0.wp.com\/3.bp.blogspot.com\/-OhXE7N5hqi4\/V2B5oTC3QVI\/AAAAAAAARB8\/xdaT9hhy9Zcp6mXm305yIVMHp3iOQ2XNgCLcB\/s640\/sess%25C3%25A3o%2Bde%2Bfotos%2Bsmash%2Bthe%2Bcake.jpg?resize=640%2C426&#038;ssl=1\" alt=\"sess\u00e3o de fotos smash the cake\" width=\"640\" height=\"426\" border=\"0\" \/><\/a><\/td>\n<\/tr>\n<tr>\n<td style=\"text-align: center;\">sess\u00e3o de fotos smash the cake<\/td>\n<\/tr>\n<\/tbody>\n<\/table>\nVisite tamb\u00e9m nosso site: www.biancamachado.com.br\r\n(11) 97107-1018\r\n\r\nAtendemos as regi\u00f5es de S\u00e3o Paulo, Sorocaba, Ibi\u00fana, Piedade, Votorantim, Cotia, Itupeva, Jundia\u00ed, It\u00fa e Campinas","protected":false},"excerpt":{"rendered":"<p>A sess\u00e3o fotogr\u00e1fica de Smash the Cake da pequena Laura no Studio Bianca Machado \u00e9 uma \u00f3tima op\u00e7\u00e3o para os pais que desejam registrar a comemora\u00e7\u00e3o do primeiro anivers\u00e1rio de sua filha. A fot\u00f3grafa Bianca Machado se esfor\u00e7ou ao m\u00e1ximo para garantir que as fotos fossem lindas e divertidas, e que retratassem a personalidade e a ess\u00eancia da pequena Laura.<\/p>\n","protected":false},"author":1,"featured_media":890,"comment_status":"open","ping_status":"open","sticky":false,"template":"","format":"standard","meta":{"_monsterinsights_skip_tracking":false,"_monsterinsights_sitenote_active":false,"_monsterinsights_sitenote_note":"","_monsterinsights_sitenote_category":0,"jetpack_post_was_ever_published":false,"_jetpack_newsletter_access":"","_jetpack_dont_email_post_to_subs":false,"_jetpack_newsletter_tier_id":0,"_jetpack_memberships_contains_paywalled_content":false,"_jetpack_memberships_contains_paid_content":false,"_joinchat":[],"footnotes":""},"categories":[292,290,313,1],"tags":[332,328,327,299,333,330,334,331],"class_list":["post-131","post","type-post","status-publish","format-standard","has-post-thumbnail","hentry","category-book-familia-estudio","category-book-infantil-estudio","category-smash-the-cake","category-studio-bianca-machado","tag-book-familia-em-estudio","tag-book-fotografico","tag-book-infantil-em-estudio","tag-ensaio-de-fotos","tag-ensaio-de-fotos-com-criancas","tag-ensaio-de-fotos-smash-the-cake-para-bebes","tag-fotografia-profissional-para-familias","tag-sessao-de-fotos-com-bolo"],"yoast_head":"<!-- This site is optimized with the Yoast SEO plugin v27.4 - https:\/\/yoast.com\/product\/yoast-seo-wordpress\/ -->\n<title>Ensaio Smash the Cake em est\u00fadio - STUDIO BIANCA MACHADO<\/title>\n<meta name=\"description\" content=\"A sess\u00e3o fotogr\u00e1fica de Smash the Cake da pequena Laura no Studio Bianca Machado \u00e9 uma \u00f3tima op\u00e7\u00e3o para os pais que desejam registrar a comemora\u00e7\u00e3o do primeiro anivers\u00e1rio de sua filha. A fot\u00f3grafa Bianca Machado se esfor\u00e7ou ao m\u00e1ximo para garantir que as fotos fossem lindas e divertidas, e que retratassem a personalidade e a ess\u00eancia da pequena Laura.\" \/>\n<meta name=\"robots\" content=\"index, follow, max-snippet:-1, max-image-preview:large, max-video-preview:-1\" \/>\n<link rel=\"canonical\" href=\"https:\/\/biancamachado.com.br\/blog\/ensaio-smash-the-cake-em-estudio-2\/\" \/>\n<meta property=\"og:locale\" content=\"pt_BR\" \/>\n<meta property=\"og:type\" content=\"article\" \/>\n<meta property=\"og:title\" content=\"Ensaio Smash the Cake em est\u00fadio - STUDIO BIANCA MACHADO\" \/>\n<meta property=\"og:description\" content=\"A sess\u00e3o fotogr\u00e1fica de Smash the Cake da pequena Laura no Studio Bianca Machado \u00e9 uma \u00f3tima op\u00e7\u00e3o para os pais que desejam registrar a comemora\u00e7\u00e3o do primeiro anivers\u00e1rio de sua filha. A fot\u00f3grafa Bianca Machado se esfor\u00e7ou ao m\u00e1ximo para garantir que as fotos fossem lindas e divertidas, e que retratassem a personalidade e a ess\u00eancia da pequena Laura.\" \/>\n<meta property=\"og:url\" content=\"https:\/\/biancamachado.com.br\/blog\/ensaio-smash-the-cake-em-estudio-2\/\" \/>\n<meta property=\"og:site_name\" content=\"STUDIO BIANCA MACHADO\" \/>\n<meta property=\"article:publisher\" content=\"https:\/\/www.facebook.com\/Studiobiancamachado\/\" \/>\n<meta property=\"article:published_time\" content=\"2016-06-14T21:46:00+00:00\" \/>\n<meta property=\"article:modified_time\" content=\"2023-02-14T20:52:48+00:00\" \/>\n<meta property=\"og:image\" content=\"https:\/\/biancamachado.com.br\/blog\/wp-content\/uploads\/2016\/06\/Screenshot_92.png\" \/>\n\t<meta property=\"og:image:width\" content=\"642\" \/>\n\t<meta property=\"og:image:height\" content=\"365\" \/>\n\t<meta property=\"og:image:type\" content=\"image\/png\" \/>\n<meta name=\"author\" content=\"biancamachado\" \/>\n<meta name=\"twitter:card\" content=\"summary_large_image\" \/>\n<meta name=\"twitter:label1\" content=\"Escrito por\" \/>\n\t<meta name=\"twitter:data1\" content=\"biancamachado\" \/>\n\t<meta name=\"twitter:label2\" content=\"Est. tempo de leitura\" \/>\n\t<meta name=\"twitter:data2\" content=\"4 minutos\" \/>\n<script type=\"application\/ld+json\" class=\"yoast-schema-graph\">{\"@context\":\"https:\\\/\\\/schema.org\",\"@graph\":[{\"@type\":\"Article\",\"@id\":\"https:\\\/\\\/biancamachado.com.br\\\/blog\\\/ensaio-smash-the-cake-em-estudio-2\\\/#article\",\"isPartOf\":{\"@id\":\"https:\\\/\\\/biancamachado.com.br\\\/blog\\\/ensaio-smash-the-cake-em-estudio-2\\\/\"},\"author\":{\"name\":\"biancamachado\",\"@id\":\"https:\\\/\\\/biancamachado.com.br\\\/blog\\\/#\\\/schema\\\/person\\\/990263800ec5e9bdbbf092a2353550a1\"},\"headline\":\"Ensaio Smash the Cake em est\u00fadio\",\"datePublished\":\"2016-06-14T21:46:00+00:00\",\"dateModified\":\"2023-02-14T20:52:48+00:00\",\"mainEntityOfPage\":{\"@id\":\"https:\\\/\\\/biancamachado.com.br\\\/blog\\\/ensaio-smash-the-cake-em-estudio-2\\\/\"},\"wordCount\":346,\"commentCount\":0,\"publisher\":{\"@id\":\"https:\\\/\\\/biancamachado.com.br\\\/blog\\\/#organization\"},\"image\":{\"@id\":\"https:\\\/\\\/biancamachado.com.br\\\/blog\\\/ensaio-smash-the-cake-em-estudio-2\\\/#primaryimage\"},\"thumbnailUrl\":\"https:\\\/\\\/i0.wp.com\\\/biancamachado.com.br\\\/blog\\\/wp-content\\\/uploads\\\/2016\\\/06\\\/Screenshot_92.png?fit=642%2C365&ssl=1\",\"keywords\":[\"Book familia em estudio\",\"book fotografico\",\"book infantil em estudio\",\"ensaio de fotos\",\"ensaio de fotos com crian\u00e7as\",\"ensaio de fotos smash the cake para bebes\",\"fotografia profissional para familias\",\"sessao de fotos com bolo\"],\"articleSection\":[\"Book Familia Estudio\",\"Book Infantil Estudio\",\"Smash the cake\",\"Studio Bianca Machado\"],\"inLanguage\":\"pt-BR\",\"potentialAction\":[{\"@type\":\"CommentAction\",\"name\":\"Comment\",\"target\":[\"https:\\\/\\\/biancamachado.com.br\\\/blog\\\/ensaio-smash-the-cake-em-estudio-2\\\/#respond\"]}]},{\"@type\":\"WebPage\",\"@id\":\"https:\\\/\\\/biancamachado.com.br\\\/blog\\\/ensaio-smash-the-cake-em-estudio-2\\\/\",\"url\":\"https:\\\/\\\/biancamachado.com.br\\\/blog\\\/ensaio-smash-the-cake-em-estudio-2\\\/\",\"name\":\"Ensaio Smash the Cake em est\u00fadio - STUDIO BIANCA MACHADO\",\"isPartOf\":{\"@id\":\"https:\\\/\\\/biancamachado.com.br\\\/blog\\\/#website\"},\"primaryImageOfPage\":{\"@id\":\"https:\\\/\\\/biancamachado.com.br\\\/blog\\\/ensaio-smash-the-cake-em-estudio-2\\\/#primaryimage\"},\"image\":{\"@id\":\"https:\\\/\\\/biancamachado.com.br\\\/blog\\\/ensaio-smash-the-cake-em-estudio-2\\\/#primaryimage\"},\"thumbnailUrl\":\"https:\\\/\\\/i0.wp.com\\\/biancamachado.com.br\\\/blog\\\/wp-content\\\/uploads\\\/2016\\\/06\\\/Screenshot_92.png?fit=642%2C365&ssl=1\",\"datePublished\":\"2016-06-14T21:46:00+00:00\",\"dateModified\":\"2023-02-14T20:52:48+00:00\",\"description\":\"A sess\u00e3o fotogr\u00e1fica de Smash the Cake da pequena Laura no Studio Bianca Machado \u00e9 uma \u00f3tima op\u00e7\u00e3o para os pais que desejam registrar a comemora\u00e7\u00e3o do primeiro anivers\u00e1rio de sua filha. A fot\u00f3grafa Bianca Machado se esfor\u00e7ou ao m\u00e1ximo para garantir que as fotos fossem lindas e divertidas, e que retratassem a personalidade e a ess\u00eancia da pequena Laura.\",\"breadcrumb\":{\"@id\":\"https:\\\/\\\/biancamachado.com.br\\\/blog\\\/ensaio-smash-the-cake-em-estudio-2\\\/#breadcrumb\"},\"inLanguage\":\"pt-BR\",\"potentialAction\":[{\"@type\":\"ReadAction\",\"target\":[\"https:\\\/\\\/biancamachado.com.br\\\/blog\\\/ensaio-smash-the-cake-em-estudio-2\\\/\"]}]},{\"@type\":\"ImageObject\",\"inLanguage\":\"pt-BR\",\"@id\":\"https:\\\/\\\/biancamachado.com.br\\\/blog\\\/ensaio-smash-the-cake-em-estudio-2\\\/#primaryimage\",\"url\":\"https:\\\/\\\/i0.wp.com\\\/biancamachado.com.br\\\/blog\\\/wp-content\\\/uploads\\\/2016\\\/06\\\/Screenshot_92.png?fit=642%2C365&ssl=1\",\"contentUrl\":\"https:\\\/\\\/i0.wp.com\\\/biancamachado.com.br\\\/blog\\\/wp-content\\\/uploads\\\/2016\\\/06\\\/Screenshot_92.png?fit=642%2C365&ssl=1\",\"width\":642,\"height\":365,\"caption\":\"Ensaio Smash the Cake em est\u00fadio\"},{\"@type\":\"BreadcrumbList\",\"@id\":\"https:\\\/\\\/biancamachado.com.br\\\/blog\\\/ensaio-smash-the-cake-em-estudio-2\\\/#breadcrumb\",\"itemListElement\":[{\"@type\":\"ListItem\",\"position\":1,\"name\":\"In\u00edcio\",\"item\":\"https:\\\/\\\/biancamachado.com.br\\\/blog\\\/\"},{\"@type\":\"ListItem\",\"position\":2,\"name\":\"Ensaio Smash the Cake em est\u00fadio\"}]},{\"@type\":\"WebSite\",\"@id\":\"https:\\\/\\\/biancamachado.com.br\\\/blog\\\/#website\",\"url\":\"https:\\\/\\\/biancamachado.com.br\\\/blog\\\/\",\"name\":\"STUDIO BIANCA MACHADO\",\"description\":\"Estudio Fotografico, Ensaios e Books de foto profissional\",\"publisher\":{\"@id\":\"https:\\\/\\\/biancamachado.com.br\\\/blog\\\/#organization\"},\"potentialAction\":[{\"@type\":\"SearchAction\",\"target\":{\"@type\":\"EntryPoint\",\"urlTemplate\":\"https:\\\/\\\/biancamachado.com.br\\\/blog\\\/?s={search_term_string}\"},\"query-input\":{\"@type\":\"PropertyValueSpecification\",\"valueRequired\":true,\"valueName\":\"search_term_string\"}}],\"inLanguage\":\"pt-BR\"},{\"@type\":\"Organization\",\"@id\":\"https:\\\/\\\/biancamachado.com.br\\\/blog\\\/#organization\",\"name\":\"STUDIO BIANCA MACHADO\",\"url\":\"https:\\\/\\\/biancamachado.com.br\\\/blog\\\/\",\"logo\":{\"@type\":\"ImageObject\",\"inLanguage\":\"pt-BR\",\"@id\":\"https:\\\/\\\/biancamachado.com.br\\\/blog\\\/#\\\/schema\\\/logo\\\/image\\\/\",\"url\":\"https:\\\/\\\/i0.wp.com\\\/biancamachado.com.br\\\/blog\\\/wp-content\\\/uploads\\\/2021\\\/02\\\/cropped-logo-ml.jpg?fit=278%2C100&ssl=1\",\"contentUrl\":\"https:\\\/\\\/i0.wp.com\\\/biancamachado.com.br\\\/blog\\\/wp-content\\\/uploads\\\/2021\\\/02\\\/cropped-logo-ml.jpg?fit=278%2C100&ssl=1\",\"width\":278,\"height\":100,\"caption\":\"STUDIO BIANCA MACHADO\"},\"image\":{\"@id\":\"https:\\\/\\\/biancamachado.com.br\\\/blog\\\/#\\\/schema\\\/logo\\\/image\\\/\"},\"sameAs\":[\"https:\\\/\\\/www.facebook.com\\\/Studiobiancamachado\\\/\",\"https:\\\/\\\/www.instagram.com\\\/Studiobiancamachado\\\/\"]},{\"@type\":\"Person\",\"@id\":\"https:\\\/\\\/biancamachado.com.br\\\/blog\\\/#\\\/schema\\\/person\\\/990263800ec5e9bdbbf092a2353550a1\",\"name\":\"biancamachado\",\"image\":{\"@type\":\"ImageObject\",\"inLanguage\":\"pt-BR\",\"@id\":\"https:\\\/\\\/secure.gravatar.com\\\/avatar\\\/62b1a50f2632dbc2e279c3eb55aa46cc324c969cff16a69c59756d155316542c?s=96&d=mm&r=g\",\"url\":\"https:\\\/\\\/secure.gravatar.com\\\/avatar\\\/62b1a50f2632dbc2e279c3eb55aa46cc324c969cff16a69c59756d155316542c?s=96&d=mm&r=g\",\"contentUrl\":\"https:\\\/\\\/secure.gravatar.com\\\/avatar\\\/62b1a50f2632dbc2e279c3eb55aa46cc324c969cff16a69c59756d155316542c?s=96&d=mm&r=g\",\"caption\":\"biancamachado\"},\"sameAs\":[\"https:\\\/\\\/biancamachado.com.br\\\/blog\"],\"url\":\"https:\\\/\\\/biancamachado.com.br\\\/blog\\\/author\\\/biancamachado\\\/\"}]}<\/script>\n<!-- \/ Yoast SEO plugin. -->","yoast_head_json":{"title":"Ensaio Smash the Cake em est\u00fadio - STUDIO BIANCA MACHADO","description":"A sess\u00e3o fotogr\u00e1fica de Smash the Cake da pequena Laura no Studio Bianca Machado \u00e9 uma \u00f3tima op\u00e7\u00e3o para os pais que desejam registrar a comemora\u00e7\u00e3o do primeiro anivers\u00e1rio de sua filha. A fot\u00f3grafa Bianca Machado se esfor\u00e7ou ao m\u00e1ximo para garantir que as fotos fossem lindas e divertidas, e que retratassem a personalidade e a ess\u00eancia da pequena Laura.","robots":{"index":"index","follow":"follow","max-snippet":"max-snippet:-1","max-image-preview":"max-image-preview:large","max-video-preview":"max-video-preview:-1"},"canonical":"https:\/\/biancamachado.com.br\/blog\/ensaio-smash-the-cake-em-estudio-2\/","og_locale":"pt_BR","og_type":"article","og_title":"Ensaio Smash the Cake em est\u00fadio - STUDIO BIANCA MACHADO","og_description":"A sess\u00e3o fotogr\u00e1fica de Smash the Cake da pequena Laura no Studio Bianca Machado \u00e9 uma \u00f3tima op\u00e7\u00e3o para os pais que desejam registrar a comemora\u00e7\u00e3o do primeiro anivers\u00e1rio de sua filha. A fot\u00f3grafa Bianca Machado se esfor\u00e7ou ao m\u00e1ximo para garantir que as fotos fossem lindas e divertidas, e que retratassem a personalidade e a ess\u00eancia da pequena Laura.","og_url":"https:\/\/biancamachado.com.br\/blog\/ensaio-smash-the-cake-em-estudio-2\/","og_site_name":"STUDIO BIANCA MACHADO","article_publisher":"https:\/\/www.facebook.com\/Studiobiancamachado\/","article_published_time":"2016-06-14T21:46:00+00:00","article_modified_time":"2023-02-14T20:52:48+00:00","og_image":[{"width":642,"height":365,"url":"https:\/\/biancamachado.com.br\/blog\/wp-content\/uploads\/2016\/06\/Screenshot_92.png","type":"image\/png"}],"author":"biancamachado","twitter_card":"summary_large_image","twitter_misc":{"Escrito por":"biancamachado","Est. tempo de leitura":"4 minutos"},"schema":{"@context":"https:\/\/schema.org","@graph":[{"@type":"Article","@id":"https:\/\/biancamachado.com.br\/blog\/ensaio-smash-the-cake-em-estudio-2\/#article","isPartOf":{"@id":"https:\/\/biancamachado.com.br\/blog\/ensaio-smash-the-cake-em-estudio-2\/"},"author":{"name":"biancamachado","@id":"https:\/\/biancamachado.com.br\/blog\/#\/schema\/person\/990263800ec5e9bdbbf092a2353550a1"},"headline":"Ensaio Smash the Cake em est\u00fadio","datePublished":"2016-06-14T21:46:00+00:00","dateModified":"2023-02-14T20:52:48+00:00","mainEntityOfPage":{"@id":"https:\/\/biancamachado.com.br\/blog\/ensaio-smash-the-cake-em-estudio-2\/"},"wordCount":346,"commentCount":0,"publisher":{"@id":"https:\/\/biancamachado.com.br\/blog\/#organization"},"image":{"@id":"https:\/\/biancamachado.com.br\/blog\/ensaio-smash-the-cake-em-estudio-2\/#primaryimage"},"thumbnailUrl":"https:\/\/i0.wp.com\/biancamachado.com.br\/blog\/wp-content\/uploads\/2016\/06\/Screenshot_92.png?fit=642%2C365&ssl=1","keywords":["Book familia em estudio","book fotografico","book infantil em estudio","ensaio de fotos","ensaio de fotos com crian\u00e7as","ensaio de fotos smash the cake para bebes","fotografia profissional para familias","sessao de fotos com bolo"],"articleSection":["Book Familia Estudio","Book Infantil Estudio","Smash the cake","Studio Bianca Machado"],"inLanguage":"pt-BR","potentialAction":[{"@type":"CommentAction","name":"Comment","target":["https:\/\/biancamachado.com.br\/blog\/ensaio-smash-the-cake-em-estudio-2\/#respond"]}]},{"@type":"WebPage","@id":"https:\/\/biancamachado.com.br\/blog\/ensaio-smash-the-cake-em-estudio-2\/","url":"https:\/\/biancamachado.com.br\/blog\/ensaio-smash-the-cake-em-estudio-2\/","name":"Ensaio Smash the Cake em est\u00fadio - STUDIO BIANCA MACHADO","isPartOf":{"@id":"https:\/\/biancamachado.com.br\/blog\/#website"},"primaryImageOfPage":{"@id":"https:\/\/biancamachado.com.br\/blog\/ensaio-smash-the-cake-em-estudio-2\/#primaryimage"},"image":{"@id":"https:\/\/biancamachado.com.br\/blog\/ensaio-smash-the-cake-em-estudio-2\/#primaryimage"},"thumbnailUrl":"https:\/\/i0.wp.com\/biancamachado.com.br\/blog\/wp-content\/uploads\/2016\/06\/Screenshot_92.png?fit=642%2C365&ssl=1","datePublished":"2016-06-14T21:46:00+00:00","dateModified":"2023-02-14T20:52:48+00:00","description":"A sess\u00e3o fotogr\u00e1fica de Smash the Cake da pequena Laura no Studio Bianca Machado \u00e9 uma \u00f3tima op\u00e7\u00e3o para os pais que desejam registrar a comemora\u00e7\u00e3o do primeiro anivers\u00e1rio de sua filha. A fot\u00f3grafa Bianca Machado se esfor\u00e7ou ao m\u00e1ximo para garantir que as fotos fossem lindas e divertidas, e que retratassem a personalidade e a ess\u00eancia da pequena Laura.","breadcrumb":{"@id":"https:\/\/biancamachado.com.br\/blog\/ensaio-smash-the-cake-em-estudio-2\/#breadcrumb"},"inLanguage":"pt-BR","potentialAction":[{"@type":"ReadAction","target":["https:\/\/biancamachado.com.br\/blog\/ensaio-smash-the-cake-em-estudio-2\/"]}]},{"@type":"ImageObject","inLanguage":"pt-BR","@id":"https:\/\/biancamachado.com.br\/blog\/ensaio-smash-the-cake-em-estudio-2\/#primaryimage","url":"https:\/\/i0.wp.com\/biancamachado.com.br\/blog\/wp-content\/uploads\/2016\/06\/Screenshot_92.png?fit=642%2C365&ssl=1","contentUrl":"https:\/\/i0.wp.com\/biancamachado.com.br\/blog\/wp-content\/uploads\/2016\/06\/Screenshot_92.png?fit=642%2C365&ssl=1","width":642,"height":365,"caption":"Ensaio Smash the Cake em est\u00fadio"},{"@type":"BreadcrumbList","@id":"https:\/\/biancamachado.com.br\/blog\/ensaio-smash-the-cake-em-estudio-2\/#breadcrumb","itemListElement":[{"@type":"ListItem","position":1,"name":"In\u00edcio","item":"https:\/\/biancamachado.com.br\/blog\/"},{"@type":"ListItem","position":2,"name":"Ensaio Smash the Cake em est\u00fadio"}]},{"@type":"WebSite","@id":"https:\/\/biancamachado.com.br\/blog\/#website","url":"https:\/\/biancamachado.com.br\/blog\/","name":"STUDIO BIANCA MACHADO","description":"Estudio Fotografico, Ensaios e Books de foto profissional","publisher":{"@id":"https:\/\/biancamachado.com.br\/blog\/#organization"},"potentialAction":[{"@type":"SearchAction","target":{"@type":"EntryPoint","urlTemplate":"https:\/\/biancamachado.com.br\/blog\/?s={search_term_string}"},"query-input":{"@type":"PropertyValueSpecification","valueRequired":true,"valueName":"search_term_string"}}],"inLanguage":"pt-BR"},{"@type":"Organization","@id":"https:\/\/biancamachado.com.br\/blog\/#organization","name":"STUDIO BIANCA MACHADO","url":"https:\/\/biancamachado.com.br\/blog\/","logo":{"@type":"ImageObject","inLanguage":"pt-BR","@id":"https:\/\/biancamachado.com.br\/blog\/#\/schema\/logo\/image\/","url":"https:\/\/i0.wp.com\/biancamachado.com.br\/blog\/wp-content\/uploads\/2021\/02\/cropped-logo-ml.jpg?fit=278%2C100&ssl=1","contentUrl":"https:\/\/i0.wp.com\/biancamachado.com.br\/blog\/wp-content\/uploads\/2021\/02\/cropped-logo-ml.jpg?fit=278%2C100&ssl=1","width":278,"height":100,"caption":"STUDIO BIANCA MACHADO"},"image":{"@id":"https:\/\/biancamachado.com.br\/blog\/#\/schema\/logo\/image\/"},"sameAs":["https:\/\/www.facebook.com\/Studiobiancamachado\/","https:\/\/www.instagram.com\/Studiobiancamachado\/"]},{"@type":"Person","@id":"https:\/\/biancamachado.com.br\/blog\/#\/schema\/person\/990263800ec5e9bdbbf092a2353550a1","name":"biancamachado","image":{"@type":"ImageObject","inLanguage":"pt-BR","@id":"https:\/\/secure.gravatar.com\/avatar\/62b1a50f2632dbc2e279c3eb55aa46cc324c969cff16a69c59756d155316542c?s=96&d=mm&r=g","url":"https:\/\/secure.gravatar.com\/avatar\/62b1a50f2632dbc2e279c3eb55aa46cc324c969cff16a69c59756d155316542c?s=96&d=mm&r=g","contentUrl":"https:\/\/secure.gravatar.com\/avatar\/62b1a50f2632dbc2e279c3eb55aa46cc324c969cff16a69c59756d155316542c?s=96&d=mm&r=g","caption":"biancamachado"},"sameAs":["https:\/\/biancamachado.com.br\/blog"],"url":"https:\/\/biancamachado.com.br\/blog\/author\/biancamachado\/"}]}},"jetpack_featured_media_url":"https:\/\/i0.wp.com\/biancamachado.com.br\/blog\/wp-content\/uploads\/2016\/06\/Screenshot_92.png?fit=642%2C365&ssl=1","jetpack-related-posts":[],"jetpack_sharing_enabled":true,"_links":{"self":[{"href":"https:\/\/biancamachado.com.br\/blog\/wp-json\/wp\/v2\/posts\/131","targetHints":{"allow":["GET"]}}],"collection":[{"href":"https:\/\/biancamachado.com.br\/blog\/wp-json\/wp\/v2\/posts"}],"about":[{"href":"https:\/\/biancamachado.com.br\/blog\/wp-json\/wp\/v2\/types\/post"}],"author":[{"embeddable":true,"href":"https:\/\/biancamachado.com.br\/blog\/wp-json\/wp\/v2\/users\/1"}],"replies":[{"embeddable":true,"href":"https:\/\/biancamachado.com.br\/blog\/wp-json\/wp\/v2\/comments?post=131"}],"version-history":[{"count":2,"href":"https:\/\/biancamachado.com.br\/blog\/wp-json\/wp\/v2\/posts\/131\/revisions"}],"predecessor-version":[{"id":3428,"href":"https:\/\/biancamachado.com.br\/blog\/wp-json\/wp\/v2\/posts\/131\/revisions\/3428"}],"wp:featuredmedia":[{"embeddable":true,"href":"https:\/\/biancamachado.com.br\/blog\/wp-json\/wp\/v2\/media\/890"}],"wp:attachment":[{"href":"https:\/\/biancamachado.com.br\/blog\/wp-json\/wp\/v2\/media?parent=131"}],"wp:term":[{"taxonomy":"category","embeddable":true,"href":"https:\/\/biancamachado.com.br\/blog\/wp-json\/wp\/v2\/categories?post=131"},{"taxonomy":"post_tag","embeddable":true,"href":"https:\/\/biancamachado.com.br\/blog\/wp-json\/wp\/v2\/tags?post=131"}],"curies":[{"name":"wp","href":"https:\/\/api.w.org\/{rel}","templated":true}]}}