{"id":129,"date":"2016-07-01T15:25:00","date_gmt":"2016-07-01T18:25:00","guid":{"rendered":"https:\/\/biancamachado.com.br\/blog\/?p=129"},"modified":"2023-02-14T17:49:04","modified_gmt":"2023-02-14T20:49:04","slug":"fotos-de-bebe","status":"publish","type":"post","link":"https:\/\/biancamachado.com.br\/blog\/fotos-de-bebe\/","title":{"rendered":"Fotos do Enzo beb\u00ea"},"content":{"rendered":"<p>Esse \u00e9 o Enzo, olha como ele \u00e9 fofo ! kkk<br \/>\nFam\u00edlia super amorosa, como \u00e9 gostoso fotografar uma fam\u00edlia t\u00e3o feliz !<br \/>\nE o mais legal, estamos comemorando 3 meses de Enzo !<br \/>\nSegue um pouquinho do ensaio de fotos:<\/p>\n<table style=\"margin-left: auto; margin-right: auto; text-align: center;\" cellspacing=\"0\" cellpadding=\"0\" align=\"center\">\n<tbody>\n<tr>\n<td style=\"text-align: center;\"><a style=\"margin-left: auto; margin-right: auto;\" href=\"https:\/\/i0.wp.com\/4.bp.blogspot.com\/-dbwsC4G67rE\/V3a0fW9Fw5I\/AAAAAAAAREI\/Z7m9qxRLojkvPJyP0SHv2gvz0rgg2O01wCLcB\/s1600\/acompanhamento%2Bde%2Bbebes%2Bem%2Bestudio.jpg?ssl=1\"><img data-recalc-dims=\"1\" loading=\"lazy\" decoding=\"async\" title=\"acompanhamento de bebes em estudio\" src=\"https:\/\/i0.wp.com\/4.bp.blogspot.com\/-dbwsC4G67rE\/V3a0fW9Fw5I\/AAAAAAAAREI\/Z7m9qxRLojkvPJyP0SHv2gvz0rgg2O01wCLcB\/s640\/acompanhamento%2Bde%2Bbebes%2Bem%2Bestudio.jpg?resize=640%2C426&#038;ssl=1\" alt=\"acompanhamento de bebes em estudio\" width=\"640\" height=\"426\" border=\"0\" \/><\/a><\/td>\n<\/tr>\n<tr>\n<td style=\"text-align: center;\">acompanhamento de bebes em estudio<\/td>\n<\/tr>\n<\/tbody>\n<\/table>\n<p>Os primeiros momentos de um rec\u00e9m-nascido s\u00e3o \u00fanicos e preciosos, e \u00e9 importante registrar esses momentos com fotos lindas e emocionantes. O Studio Bianca Machado, especializado em fotografias de beb\u00eas, tem como miss\u00e3o capturar os primeiros momentos do rec\u00e9m-nascido Enzo.<\/p>\n<p>A sess\u00e3o fotogr\u00e1fica do rec\u00e9m-nascido Enzo no Studio Bianca Machado \u00e9 feita em um est\u00fadio aconchegante, com decora\u00e7\u00f5es que remetem \u00e0 tranquilidade e \u00e0 seguran\u00e7a. A fot\u00f3grafa Bianca Machado se preocupa em capturar a personalidade e a ess\u00eancia do beb\u00ea, retratando sua beleza e sua fragilidade.<\/p>\n<p>As fotos podem ser feitas com roupas espec\u00edficas para rec\u00e9m-nascidos, com adere\u00e7os e acess\u00f3rios, ou mesmo sem nenhum adere\u00e7o, valorizando a beleza natural do beb\u00ea. Al\u00e9m disso, \u00e9 poss\u00edvel incluir os pais e outros familiares na sess\u00e3o, para que todos possam registrar esse momento juntos.<\/p>\n<p>Em resumo, a sess\u00e3o fotogr\u00e1fica do rec\u00e9m-nascido Enzo no Studio Bianca Machado \u00e9 uma \u00f3tima op\u00e7\u00e3o para os pais que desejam registrar os primeiros momentos de seu beb\u00ea. A fot\u00f3grafa Bianca Machado se esfor\u00e7ou ao m\u00e1ximo para garantir que as fotos fossem lindas e emocionantes, e que retratassem a personalidade e a ess\u00eancia do beb\u00ea.<\/p>\n<table style=\"margin-left: auto; margin-right: auto; text-align: center;\" cellspacing=\"0\" cellpadding=\"0\" align=\"center\">\n<tbody>\n<tr>\n<td style=\"text-align: center;\"><a style=\"margin-left: auto; margin-right: auto;\" href=\"https:\/\/i0.wp.com\/4.bp.blogspot.com\/-4ZtBvKfE0Rk\/V3a0fKGw_5I\/AAAAAAAAREM\/drEx5-3V4IoX1iFYb7TJLLgPiK3i3xZPwCLcB\/s1600\/book%2Bde%2Bfotos%2Bbebes.jpg?ssl=1\"><img data-recalc-dims=\"1\" loading=\"lazy\" decoding=\"async\" title=\"book de fotos bebes\" src=\"https:\/\/i0.wp.com\/4.bp.blogspot.com\/-4ZtBvKfE0Rk\/V3a0fKGw_5I\/AAAAAAAAREM\/drEx5-3V4IoX1iFYb7TJLLgPiK3i3xZPwCLcB\/s640\/book%2Bde%2Bfotos%2Bbebes.jpg?resize=640%2C426&#038;ssl=1\" alt=\"book de fotos bebes\" width=\"640\" height=\"426\" border=\"0\" \/><\/a><\/td>\n<\/tr>\n<tr>\n<td style=\"text-align: center;\">book de fotos bebes<\/td>\n<\/tr>\n<\/tbody>\n<\/table>\n<table style=\"margin-left: auto; margin-right: auto; text-align: center;\" cellspacing=\"0\" cellpadding=\"0\" align=\"center\">\n<tbody>\n<tr>\n<td style=\"text-align: center;\"><a style=\"margin-left: auto; margin-right: auto;\" href=\"https:\/\/i0.wp.com\/1.bp.blogspot.com\/-GvF-1rq2ex8\/V3a0flo1VmI\/AAAAAAAAREQ\/vh3YirwQ_YgtHMP0LSZGaNQIT2zBN685ACLcB\/s1600\/book%2Bfotografico%2Bde%2Bbebes.jpg?ssl=1\"><img data-recalc-dims=\"1\" loading=\"lazy\" decoding=\"async\" title=\"book fotografico de bebes\" src=\"https:\/\/i0.wp.com\/1.bp.blogspot.com\/-GvF-1rq2ex8\/V3a0flo1VmI\/AAAAAAAAREQ\/vh3YirwQ_YgtHMP0LSZGaNQIT2zBN685ACLcB\/s640\/book%2Bfotografico%2Bde%2Bbebes.jpg?resize=640%2C426&#038;ssl=1\" alt=\"book fotografico de bebes\" width=\"640\" height=\"426\" border=\"0\" \/><\/a><\/td>\n<\/tr>\n<tr>\n<td style=\"text-align: center;\">book fotografico de bebes<\/td>\n<\/tr>\n<\/tbody>\n<\/table>\n<table style=\"margin-left: auto; margin-right: auto; text-align: center;\" cellspacing=\"0\" cellpadding=\"0\" align=\"center\">\n<tbody>\n<tr>\n<td style=\"text-align: center;\"><a style=\"margin-left: auto; margin-right: auto;\" href=\"https:\/\/i0.wp.com\/4.bp.blogspot.com\/-v5yyLFH60Ew\/V3a0gjcSyCI\/AAAAAAAAREU\/P5ZBD2pAGH0WOQbspbSlQ_BWfSHkJckSwCLcB\/s1600\/ensaio%2Bde%2Bfotos%2Bde%2Bbebes.jpg?ssl=1\"><img data-recalc-dims=\"1\" loading=\"lazy\" decoding=\"async\" title=\"ensaio de fotos de bebes\" src=\"https:\/\/i0.wp.com\/4.bp.blogspot.com\/-v5yyLFH60Ew\/V3a0gjcSyCI\/AAAAAAAAREU\/P5ZBD2pAGH0WOQbspbSlQ_BWfSHkJckSwCLcB\/s640\/ensaio%2Bde%2Bfotos%2Bde%2Bbebes.jpg?resize=640%2C426&#038;ssl=1\" alt=\"ensaio de fotos de bebes\" width=\"640\" height=\"426\" border=\"0\" \/><\/a><\/td>\n<\/tr>\n<tr>\n<td style=\"text-align: center;\">ensaio de fotos de bebes<\/td>\n<\/tr>\n<\/tbody>\n<\/table>\n<table style=\"margin-left: auto; margin-right: auto; text-align: center;\" cellspacing=\"0\" cellpadding=\"0\" align=\"center\">\n<tbody>\n<tr>\n<td style=\"text-align: center;\"><a style=\"margin-left: auto; margin-right: auto;\" href=\"https:\/\/i0.wp.com\/3.bp.blogspot.com\/-5lUEPUw3aWI\/V3a0hVzmX-I\/AAAAAAAAREY\/IobcN-nreyUfHTBuAMksqD-7X4h8IHnrwCLcB\/s1600\/fotografia%2Bde%2Bbebes%2Bem%2Bestudio.jpg?ssl=1\"><img data-recalc-dims=\"1\" loading=\"lazy\" decoding=\"async\" title=\"fotografia de bebes em estudio\" src=\"https:\/\/i0.wp.com\/3.bp.blogspot.com\/-5lUEPUw3aWI\/V3a0hVzmX-I\/AAAAAAAAREY\/IobcN-nreyUfHTBuAMksqD-7X4h8IHnrwCLcB\/s640\/fotografia%2Bde%2Bbebes%2Bem%2Bestudio.jpg?resize=640%2C426&#038;ssl=1\" alt=\"fotografia de bebes em estudio\" width=\"640\" height=\"426\" border=\"0\" \/><\/a><\/td>\n<\/tr>\n<tr>\n<td style=\"text-align: center;\">fotografia de bebes em estudio<\/td>\n<\/tr>\n<\/tbody>\n<\/table>\n<table style=\"margin-left: auto; margin-right: auto; text-align: center;\" cellspacing=\"0\" cellpadding=\"0\" align=\"center\">\n<tbody>\n<tr>\n<td style=\"text-align: center;\"><a style=\"margin-left: auto; margin-right: auto;\" href=\"https:\/\/i0.wp.com\/3.bp.blogspot.com\/-s_xKGQC3_FA\/V3a0hiUXQQI\/AAAAAAAAREc\/aT5zB9HNTNkHKPpLodMgtl1IGM66kIpGACLcB\/s1600\/fotografia%2Bde%2Bbebes.jpg?ssl=1\"><img data-recalc-dims=\"1\" loading=\"lazy\" decoding=\"async\" title=\"fotografia de bebes\" src=\"https:\/\/i0.wp.com\/3.bp.blogspot.com\/-s_xKGQC3_FA\/V3a0hiUXQQI\/AAAAAAAAREc\/aT5zB9HNTNkHKPpLodMgtl1IGM66kIpGACLcB\/s640\/fotografia%2Bde%2Bbebes.jpg?resize=426%2C640&#038;ssl=1\" alt=\"fotografia de bebes\" width=\"426\" height=\"640\" border=\"0\" \/><\/a><\/td>\n<\/tr>\n<tr>\n<td style=\"text-align: center;\">fotografia de bebes<\/td>\n<\/tr>\n<\/tbody>\n<\/table>\n<table style=\"margin-left: auto; margin-right: auto; text-align: center;\" cellspacing=\"0\" cellpadding=\"0\" align=\"center\">\n<tbody>\n<tr>\n<td style=\"text-align: center;\"><a style=\"margin-left: auto; margin-right: auto;\" href=\"https:\/\/i0.wp.com\/2.bp.blogspot.com\/-jziGueKVodU\/V3a0iMDUGGI\/AAAAAAAAREg\/9MelXfrzE0MXnAUaCF9lw_z9QRjDmKlgQCLcB\/s1600\/fotos%2Bcriativas%2Bde%2Bbebes.jpg?ssl=1\"><img data-recalc-dims=\"1\" loading=\"lazy\" decoding=\"async\" title=\"fotos criativas de bebes\" src=\"https:\/\/i0.wp.com\/2.bp.blogspot.com\/-jziGueKVodU\/V3a0iMDUGGI\/AAAAAAAAREg\/9MelXfrzE0MXnAUaCF9lw_z9QRjDmKlgQCLcB\/s640\/fotos%2Bcriativas%2Bde%2Bbebes.jpg?resize=640%2C426&#038;ssl=1\" alt=\"fotos criativas de bebes\" width=\"640\" height=\"426\" border=\"0\" \/><\/a><\/td>\n<\/tr>\n<tr>\n<td style=\"text-align: center;\">fotos criativas de bebes<\/td>\n<\/tr>\n<\/tbody>\n<\/table>\n<table style=\"margin-left: auto; margin-right: auto; text-align: center;\" cellspacing=\"0\" cellpadding=\"0\" align=\"center\">\n<tbody>\n<tr>\n<td style=\"text-align: center;\"><a style=\"margin-left: auto; margin-right: auto;\" href=\"https:\/\/i0.wp.com\/1.bp.blogspot.com\/-70sccL2w9fY\/V3a0js1WvXI\/AAAAAAAAREk\/KJlpcqUuhFMLi0fkGjn9IGYq8VjOY195ACLcB\/s1600\/fotos%2Bde%2Bbebes.jpg?ssl=1\"><img data-recalc-dims=\"1\" loading=\"lazy\" decoding=\"async\" title=\"fotos de bebes\" src=\"https:\/\/i0.wp.com\/1.bp.blogspot.com\/-70sccL2w9fY\/V3a0js1WvXI\/AAAAAAAAREk\/KJlpcqUuhFMLi0fkGjn9IGYq8VjOY195ACLcB\/s640\/fotos%2Bde%2Bbebes.jpg?resize=640%2C426&#038;ssl=1\" alt=\"fotos de bebes\" width=\"640\" height=\"426\" border=\"0\" \/><\/a><\/td>\n<\/tr>\n<tr>\n<td style=\"text-align: center;\">fotos de bebes<\/td>\n<\/tr>\n<\/tbody>\n<\/table>\n<table style=\"margin-left: auto; margin-right: auto; text-align: center;\" cellspacing=\"0\" cellpadding=\"0\" align=\"center\">\n<tbody>\n<tr>\n<td style=\"text-align: center;\"><a style=\"margin-left: auto; margin-right: auto;\" href=\"https:\/\/i0.wp.com\/4.bp.blogspot.com\/-8ZZlCDZqVAc\/V3a0j2lAA0I\/AAAAAAAAREo\/cnxzYd84V6gcJczoY83nayiYy70RZdr-ACLcB\/s1600\/fotos%2Bem%2Bfamilia.jpg?ssl=1\"><img data-recalc-dims=\"1\" loading=\"lazy\" decoding=\"async\" title=\"fotos em familia\" src=\"https:\/\/i0.wp.com\/4.bp.blogspot.com\/-8ZZlCDZqVAc\/V3a0j2lAA0I\/AAAAAAAAREo\/cnxzYd84V6gcJczoY83nayiYy70RZdr-ACLcB\/s640\/fotos%2Bem%2Bfamilia.jpg?resize=640%2C426&#038;ssl=1\" alt=\"fotos em familia\" width=\"640\" height=\"426\" border=\"0\" \/><\/a><\/td>\n<\/tr>\n<tr>\n<td style=\"text-align: center;\">fotos em familia<\/td>\n<\/tr>\n<\/tbody>\n<\/table>\n<table style=\"margin-left: auto; margin-right: auto; text-align: center;\" cellspacing=\"0\" cellpadding=\"0\" align=\"center\">\n<tbody>\n<tr>\n<td style=\"text-align: center;\"><a style=\"margin-left: auto; margin-right: auto;\" href=\"https:\/\/i0.wp.com\/2.bp.blogspot.com\/-xEos8Lo5fus\/V3a0kGv7AxI\/AAAAAAAAREs\/xCG4e5WyzUgZs8tt7s6Fjubya_w-r4N4wCLcB\/s1600\/fotos%2Bfofas%2Bde%2Bbebes.jpg?ssl=1\"><img data-recalc-dims=\"1\" loading=\"lazy\" decoding=\"async\" title=\"fotos fofas de bebes\" src=\"https:\/\/i0.wp.com\/2.bp.blogspot.com\/-xEos8Lo5fus\/V3a0kGv7AxI\/AAAAAAAAREs\/xCG4e5WyzUgZs8tt7s6Fjubya_w-r4N4wCLcB\/s640\/fotos%2Bfofas%2Bde%2Bbebes.jpg?resize=640%2C426&#038;ssl=1\" alt=\"fotos fofas de bebes\" width=\"640\" height=\"426\" border=\"0\" \/><\/a><\/td>\n<\/tr>\n<tr>\n<td style=\"text-align: center;\">fotos fofas de bebes<\/td>\n<\/tr>\n<\/tbody>\n<\/table>\n<table style=\"margin-left: auto; margin-right: auto; text-align: center;\" cellspacing=\"0\" cellpadding=\"0\" align=\"center\">\n<tbody>\n<tr>\n<td style=\"text-align: center;\"><a style=\"margin-left: auto; margin-right: auto;\" href=\"https:\/\/i0.wp.com\/2.bp.blogspot.com\/-sZZnYi_m_iM\/V3a0lint4GI\/AAAAAAAAREw\/WU5RE2qnOrAi-NN1CYh7X3S2eTaZJ3ZYQCLcB\/s1600\/melhores%2Bfotos%2Bde%2Bbebes%2Bem%2Bfamilia.jpg?ssl=1\"><img data-recalc-dims=\"1\" loading=\"lazy\" decoding=\"async\" title=\"melhores fotos de bebes em familia\" src=\"https:\/\/i0.wp.com\/2.bp.blogspot.com\/-sZZnYi_m_iM\/V3a0lint4GI\/AAAAAAAAREw\/WU5RE2qnOrAi-NN1CYh7X3S2eTaZJ3ZYQCLcB\/s640\/melhores%2Bfotos%2Bde%2Bbebes%2Bem%2Bfamilia.jpg?resize=426%2C640&#038;ssl=1\" alt=\"melhores fotos de bebes em familia\" width=\"426\" height=\"640\" border=\"0\" \/><\/a><\/td>\n<\/tr>\n<tr>\n<td style=\"text-align: center;\">melhores fotos de bebes em familia<\/td>\n<\/tr>\n<\/tbody>\n<\/table>\n<table style=\"margin-left: auto; margin-right: auto; text-align: center;\" cellspacing=\"0\" cellpadding=\"0\" align=\"center\">\n<tbody>\n<tr>\n<td style=\"text-align: center;\"><a style=\"margin-left: auto; margin-right: auto;\" href=\"https:\/\/i0.wp.com\/4.bp.blogspot.com\/-0X8r6BPEIIc\/V3a0lwXIAoI\/AAAAAAAARE0\/WV3jdVb1vJwb0Om80e79ONHak4VAjaSjACLcB\/s1600\/melhores%2Bfotos%2Bde%2Bbebes.jpg?ssl=1\"><img data-recalc-dims=\"1\" loading=\"lazy\" decoding=\"async\" title=\"melhores fotos de bebes\" src=\"https:\/\/i0.wp.com\/4.bp.blogspot.com\/-0X8r6BPEIIc\/V3a0lwXIAoI\/AAAAAAAARE0\/WV3jdVb1vJwb0Om80e79ONHak4VAjaSjACLcB\/s640\/melhores%2Bfotos%2Bde%2Bbebes.jpg?resize=640%2C426&#038;ssl=1\" alt=\"melhores fotos de bebes\" width=\"640\" height=\"426\" border=\"0\" \/><\/a><\/td>\n<\/tr>\n<tr>\n<td style=\"text-align: center;\">melhores fotos de bebes<\/td>\n<\/tr>\n<\/tbody>\n<\/table>\n<table style=\"margin-left: auto; margin-right: auto; text-align: center;\" cellspacing=\"0\" cellpadding=\"0\" align=\"center\">\n<tbody>\n<tr>\n<td style=\"text-align: center;\"><a style=\"margin-left: auto; margin-right: auto;\" href=\"https:\/\/i0.wp.com\/2.bp.blogspot.com\/-z85pDtsQ3jQ\/V3a0l640DYI\/AAAAAAAARE4\/nRfQpVwpYdw292dtg1iziAlE0O7ji--VACLcB\/s1600\/sessao%2Bde%2Bfotos%2Bde%2Bbebes.jpg?ssl=1\"><img data-recalc-dims=\"1\" loading=\"lazy\" decoding=\"async\" title=\"sessao de fotos de bebes\" src=\"https:\/\/i0.wp.com\/2.bp.blogspot.com\/-z85pDtsQ3jQ\/V3a0l640DYI\/AAAAAAAARE4\/nRfQpVwpYdw292dtg1iziAlE0O7ji--VACLcB\/s640\/sessao%2Bde%2Bfotos%2Bde%2Bbebes.jpg?resize=640%2C426&#038;ssl=1\" alt=\"sessao de fotos de bebes\" width=\"640\" height=\"426\" border=\"0\" \/><\/a><\/td>\n<\/tr>\n<tr>\n<td style=\"text-align: center;\">sessao de fotos de bebes<\/td>\n<\/tr>\n<\/tbody>\n<\/table>\nVisite tamb\u00e9m nosso site: www.biancamachado.com.br\r\n(11) 97107-1018\r\n\r\nAtendemos as regi\u00f5es de S\u00e3o Paulo, Sorocaba, Ibi\u00fana, Piedade, Votorantim, Cotia, Itupeva, Jundia\u00ed, It\u00fa e Campinas","protected":false},"excerpt":{"rendered":"<p>A sess\u00e3o fotogr\u00e1fica do rec\u00e9m-nascido Enzo no Studio Bianca Machado \u00e9 uma \u00f3tima op\u00e7\u00e3o para os pais que desejam registrar os primeiros momentos de seu beb\u00ea. A fot\u00f3grafa Bianca Machado se esfor\u00e7ou ao m\u00e1ximo para garantir que as fotos fossem lindas e emocionantes, e que retratassem a personalidade e a ess\u00eancia do beb\u00ea.<\/p>\n","protected":false},"author":1,"featured_media":888,"comment_status":"open","ping_status":"open","sticky":false,"template":"","format":"standard","meta":{"_monsterinsights_skip_tracking":false,"_monsterinsights_sitenote_active":false,"_monsterinsights_sitenote_note":"","_monsterinsights_sitenote_category":0,"jetpack_post_was_ever_published":false,"_jetpack_newsletter_access":"","_jetpack_dont_email_post_to_subs":false,"_jetpack_newsletter_tier_id":0,"_jetpack_memberships_contains_paywalled_content":false,"_jetpack_memberships_contains_paid_content":false,"_joinchat":[],"footnotes":""},"categories":[292,1],"tags":[332,333,334],"class_list":["post-129","post","type-post","status-publish","format-standard","has-post-thumbnail","hentry","category-book-familia-estudio","category-studio-bianca-machado","tag-book-familia-em-estudio","tag-ensaio-de-fotos-com-criancas","tag-fotografia-profissional-para-familias"],"yoast_head":"<!-- This site is optimized with the Yoast SEO plugin v27.5 - https:\/\/yoast.com\/product\/yoast-seo-wordpress\/ -->\n<title>Fotos do Enzo beb\u00ea - STUDIO BIANCA MACHADO<\/title>\n<meta name=\"description\" content=\"A sess\u00e3o fotogr\u00e1fica do rec\u00e9m-nascido Enzo no Studio Bianca Machado \u00e9 uma \u00f3tima op\u00e7\u00e3o para os pais que desejam registrar os primeiros momentos de seu beb\u00ea. A fot\u00f3grafa Bianca Machado se esfor\u00e7ou ao m\u00e1ximo para garantir que as fotos fossem lindas e emocionantes, e que retratassem a personalidade e a ess\u00eancia do beb\u00ea.\" \/>\n<meta name=\"robots\" content=\"index, follow, max-snippet:-1, max-image-preview:large, max-video-preview:-1\" \/>\n<link rel=\"canonical\" href=\"https:\/\/biancamachado.com.br\/blog\/fotos-de-bebe\/\" \/>\n<meta property=\"og:locale\" content=\"pt_BR\" \/>\n<meta property=\"og:type\" content=\"article\" \/>\n<meta property=\"og:title\" content=\"Fotos do Enzo beb\u00ea - STUDIO BIANCA MACHADO\" \/>\n<meta property=\"og:description\" content=\"A sess\u00e3o fotogr\u00e1fica do rec\u00e9m-nascido Enzo no Studio Bianca Machado \u00e9 uma \u00f3tima op\u00e7\u00e3o para os pais que desejam registrar os primeiros momentos de seu beb\u00ea. A fot\u00f3grafa Bianca Machado se esfor\u00e7ou ao m\u00e1ximo para garantir que as fotos fossem lindas e emocionantes, e que retratassem a personalidade e a ess\u00eancia do beb\u00ea.\" \/>\n<meta property=\"og:url\" content=\"https:\/\/biancamachado.com.br\/blog\/fotos-de-bebe\/\" \/>\n<meta property=\"og:site_name\" content=\"STUDIO BIANCA MACHADO\" \/>\n<meta property=\"article:publisher\" content=\"https:\/\/www.facebook.com\/Studiobiancamachado\/\" \/>\n<meta property=\"article:published_time\" content=\"2016-07-01T18:25:00+00:00\" \/>\n<meta property=\"article:modified_time\" content=\"2023-02-14T20:49:04+00:00\" \/>\n<meta property=\"og:image\" content=\"https:\/\/biancamachado.com.br\/blog\/wp-content\/uploads\/2016\/07\/Screenshot_90.png\" \/>\n\t<meta property=\"og:image:width\" content=\"671\" \/>\n\t<meta property=\"og:image:height\" content=\"429\" \/>\n\t<meta property=\"og:image:type\" content=\"image\/png\" \/>\n<meta name=\"author\" content=\"biancamachado\" \/>\n<meta name=\"twitter:card\" content=\"summary_large_image\" \/>\n<meta name=\"twitter:label1\" content=\"Escrito por\" \/>\n\t<meta name=\"twitter:data1\" content=\"biancamachado\" \/>\n\t<meta name=\"twitter:label2\" content=\"Est. tempo de leitura\" \/>\n\t<meta name=\"twitter:data2\" content=\"5 minutos\" \/>\n<script type=\"application\/ld+json\" class=\"yoast-schema-graph\">{\"@context\":\"https:\\\/\\\/schema.org\",\"@graph\":[{\"@type\":\"Article\",\"@id\":\"https:\\\/\\\/biancamachado.com.br\\\/blog\\\/fotos-de-bebe\\\/#article\",\"isPartOf\":{\"@id\":\"https:\\\/\\\/biancamachado.com.br\\\/blog\\\/fotos-de-bebe\\\/\"},\"author\":{\"name\":\"biancamachado\",\"@id\":\"https:\\\/\\\/biancamachado.com.br\\\/blog\\\/#\\\/schema\\\/person\\\/990263800ec5e9bdbbf092a2353550a1\"},\"headline\":\"Fotos do Enzo beb\u00ea\",\"datePublished\":\"2016-07-01T18:25:00+00:00\",\"dateModified\":\"2023-02-14T20:49:04+00:00\",\"mainEntityOfPage\":{\"@id\":\"https:\\\/\\\/biancamachado.com.br\\\/blog\\\/fotos-de-bebe\\\/\"},\"wordCount\":305,\"commentCount\":0,\"publisher\":{\"@id\":\"https:\\\/\\\/biancamachado.com.br\\\/blog\\\/#organization\"},\"image\":{\"@id\":\"https:\\\/\\\/biancamachado.com.br\\\/blog\\\/fotos-de-bebe\\\/#primaryimage\"},\"thumbnailUrl\":\"https:\\\/\\\/i0.wp.com\\\/biancamachado.com.br\\\/blog\\\/wp-content\\\/uploads\\\/2016\\\/07\\\/Screenshot_90.png?fit=671%2C429&ssl=1\",\"keywords\":[\"Book familia em estudio\",\"ensaio de fotos com crian\u00e7as\",\"fotografia profissional para familias\"],\"articleSection\":[\"Book Familia Estudio\",\"Studio Bianca Machado\"],\"inLanguage\":\"pt-BR\",\"potentialAction\":[{\"@type\":\"CommentAction\",\"name\":\"Comment\",\"target\":[\"https:\\\/\\\/biancamachado.com.br\\\/blog\\\/fotos-de-bebe\\\/#respond\"]}]},{\"@type\":\"WebPage\",\"@id\":\"https:\\\/\\\/biancamachado.com.br\\\/blog\\\/fotos-de-bebe\\\/\",\"url\":\"https:\\\/\\\/biancamachado.com.br\\\/blog\\\/fotos-de-bebe\\\/\",\"name\":\"Fotos do Enzo beb\u00ea - STUDIO BIANCA MACHADO\",\"isPartOf\":{\"@id\":\"https:\\\/\\\/biancamachado.com.br\\\/blog\\\/#website\"},\"primaryImageOfPage\":{\"@id\":\"https:\\\/\\\/biancamachado.com.br\\\/blog\\\/fotos-de-bebe\\\/#primaryimage\"},\"image\":{\"@id\":\"https:\\\/\\\/biancamachado.com.br\\\/blog\\\/fotos-de-bebe\\\/#primaryimage\"},\"thumbnailUrl\":\"https:\\\/\\\/i0.wp.com\\\/biancamachado.com.br\\\/blog\\\/wp-content\\\/uploads\\\/2016\\\/07\\\/Screenshot_90.png?fit=671%2C429&ssl=1\",\"datePublished\":\"2016-07-01T18:25:00+00:00\",\"dateModified\":\"2023-02-14T20:49:04+00:00\",\"description\":\"A sess\u00e3o fotogr\u00e1fica do rec\u00e9m-nascido Enzo no Studio Bianca Machado \u00e9 uma \u00f3tima op\u00e7\u00e3o para os pais que desejam registrar os primeiros momentos de seu beb\u00ea. A fot\u00f3grafa Bianca Machado se esfor\u00e7ou ao m\u00e1ximo para garantir que as fotos fossem lindas e emocionantes, e que retratassem a personalidade e a ess\u00eancia do beb\u00ea.\",\"breadcrumb\":{\"@id\":\"https:\\\/\\\/biancamachado.com.br\\\/blog\\\/fotos-de-bebe\\\/#breadcrumb\"},\"inLanguage\":\"pt-BR\",\"potentialAction\":[{\"@type\":\"ReadAction\",\"target\":[\"https:\\\/\\\/biancamachado.com.br\\\/blog\\\/fotos-de-bebe\\\/\"]}]},{\"@type\":\"ImageObject\",\"inLanguage\":\"pt-BR\",\"@id\":\"https:\\\/\\\/biancamachado.com.br\\\/blog\\\/fotos-de-bebe\\\/#primaryimage\",\"url\":\"https:\\\/\\\/i0.wp.com\\\/biancamachado.com.br\\\/blog\\\/wp-content\\\/uploads\\\/2016\\\/07\\\/Screenshot_90.png?fit=671%2C429&ssl=1\",\"contentUrl\":\"https:\\\/\\\/i0.wp.com\\\/biancamachado.com.br\\\/blog\\\/wp-content\\\/uploads\\\/2016\\\/07\\\/Screenshot_90.png?fit=671%2C429&ssl=1\",\"width\":671,\"height\":429,\"caption\":\"Fotos de Beb\u00ea\"},{\"@type\":\"BreadcrumbList\",\"@id\":\"https:\\\/\\\/biancamachado.com.br\\\/blog\\\/fotos-de-bebe\\\/#breadcrumb\",\"itemListElement\":[{\"@type\":\"ListItem\",\"position\":1,\"name\":\"In\u00edcio\",\"item\":\"https:\\\/\\\/biancamachado.com.br\\\/blog\\\/\"},{\"@type\":\"ListItem\",\"position\":2,\"name\":\"Fotos do Enzo beb\u00ea\"}]},{\"@type\":\"WebSite\",\"@id\":\"https:\\\/\\\/biancamachado.com.br\\\/blog\\\/#website\",\"url\":\"https:\\\/\\\/biancamachado.com.br\\\/blog\\\/\",\"name\":\"STUDIO BIANCA MACHADO\",\"description\":\"Estudio Fotografico, Ensaios e Books de foto profissional\",\"publisher\":{\"@id\":\"https:\\\/\\\/biancamachado.com.br\\\/blog\\\/#organization\"},\"potentialAction\":[{\"@type\":\"SearchAction\",\"target\":{\"@type\":\"EntryPoint\",\"urlTemplate\":\"https:\\\/\\\/biancamachado.com.br\\\/blog\\\/?s={search_term_string}\"},\"query-input\":{\"@type\":\"PropertyValueSpecification\",\"valueRequired\":true,\"valueName\":\"search_term_string\"}}],\"inLanguage\":\"pt-BR\"},{\"@type\":\"Organization\",\"@id\":\"https:\\\/\\\/biancamachado.com.br\\\/blog\\\/#organization\",\"name\":\"STUDIO BIANCA MACHADO\",\"url\":\"https:\\\/\\\/biancamachado.com.br\\\/blog\\\/\",\"logo\":{\"@type\":\"ImageObject\",\"inLanguage\":\"pt-BR\",\"@id\":\"https:\\\/\\\/biancamachado.com.br\\\/blog\\\/#\\\/schema\\\/logo\\\/image\\\/\",\"url\":\"https:\\\/\\\/i0.wp.com\\\/biancamachado.com.br\\\/blog\\\/wp-content\\\/uploads\\\/2021\\\/02\\\/cropped-logo-ml.jpg?fit=278%2C100&ssl=1\",\"contentUrl\":\"https:\\\/\\\/i0.wp.com\\\/biancamachado.com.br\\\/blog\\\/wp-content\\\/uploads\\\/2021\\\/02\\\/cropped-logo-ml.jpg?fit=278%2C100&ssl=1\",\"width\":278,\"height\":100,\"caption\":\"STUDIO BIANCA MACHADO\"},\"image\":{\"@id\":\"https:\\\/\\\/biancamachado.com.br\\\/blog\\\/#\\\/schema\\\/logo\\\/image\\\/\"},\"sameAs\":[\"https:\\\/\\\/www.facebook.com\\\/Studiobiancamachado\\\/\",\"https:\\\/\\\/www.instagram.com\\\/Studiobiancamachado\\\/\"]},{\"@type\":\"Person\",\"@id\":\"https:\\\/\\\/biancamachado.com.br\\\/blog\\\/#\\\/schema\\\/person\\\/990263800ec5e9bdbbf092a2353550a1\",\"name\":\"biancamachado\",\"image\":{\"@type\":\"ImageObject\",\"inLanguage\":\"pt-BR\",\"@id\":\"https:\\\/\\\/secure.gravatar.com\\\/avatar\\\/62b1a50f2632dbc2e279c3eb55aa46cc324c969cff16a69c59756d155316542c?s=96&d=mm&r=g\",\"url\":\"https:\\\/\\\/secure.gravatar.com\\\/avatar\\\/62b1a50f2632dbc2e279c3eb55aa46cc324c969cff16a69c59756d155316542c?s=96&d=mm&r=g\",\"contentUrl\":\"https:\\\/\\\/secure.gravatar.com\\\/avatar\\\/62b1a50f2632dbc2e279c3eb55aa46cc324c969cff16a69c59756d155316542c?s=96&d=mm&r=g\",\"caption\":\"biancamachado\"},\"sameAs\":[\"https:\\\/\\\/biancamachado.com.br\\\/blog\"],\"url\":\"https:\\\/\\\/biancamachado.com.br\\\/blog\\\/author\\\/biancamachado\\\/\"}]}<\/script>\n<!-- \/ Yoast SEO plugin. -->","yoast_head_json":{"title":"Fotos do Enzo beb\u00ea - STUDIO BIANCA MACHADO","description":"A sess\u00e3o fotogr\u00e1fica do rec\u00e9m-nascido Enzo no Studio Bianca Machado \u00e9 uma \u00f3tima op\u00e7\u00e3o para os pais que desejam registrar os primeiros momentos de seu beb\u00ea. A fot\u00f3grafa Bianca Machado se esfor\u00e7ou ao m\u00e1ximo para garantir que as fotos fossem lindas e emocionantes, e que retratassem a personalidade e a ess\u00eancia do beb\u00ea.","robots":{"index":"index","follow":"follow","max-snippet":"max-snippet:-1","max-image-preview":"max-image-preview:large","max-video-preview":"max-video-preview:-1"},"canonical":"https:\/\/biancamachado.com.br\/blog\/fotos-de-bebe\/","og_locale":"pt_BR","og_type":"article","og_title":"Fotos do Enzo beb\u00ea - STUDIO BIANCA MACHADO","og_description":"A sess\u00e3o fotogr\u00e1fica do rec\u00e9m-nascido Enzo no Studio Bianca Machado \u00e9 uma \u00f3tima op\u00e7\u00e3o para os pais que desejam registrar os primeiros momentos de seu beb\u00ea. A fot\u00f3grafa Bianca Machado se esfor\u00e7ou ao m\u00e1ximo para garantir que as fotos fossem lindas e emocionantes, e que retratassem a personalidade e a ess\u00eancia do beb\u00ea.","og_url":"https:\/\/biancamachado.com.br\/blog\/fotos-de-bebe\/","og_site_name":"STUDIO BIANCA MACHADO","article_publisher":"https:\/\/www.facebook.com\/Studiobiancamachado\/","article_published_time":"2016-07-01T18:25:00+00:00","article_modified_time":"2023-02-14T20:49:04+00:00","og_image":[{"width":671,"height":429,"url":"https:\/\/biancamachado.com.br\/blog\/wp-content\/uploads\/2016\/07\/Screenshot_90.png","type":"image\/png"}],"author":"biancamachado","twitter_card":"summary_large_image","twitter_misc":{"Escrito por":"biancamachado","Est. tempo de leitura":"5 minutos"},"schema":{"@context":"https:\/\/schema.org","@graph":[{"@type":"Article","@id":"https:\/\/biancamachado.com.br\/blog\/fotos-de-bebe\/#article","isPartOf":{"@id":"https:\/\/biancamachado.com.br\/blog\/fotos-de-bebe\/"},"author":{"name":"biancamachado","@id":"https:\/\/biancamachado.com.br\/blog\/#\/schema\/person\/990263800ec5e9bdbbf092a2353550a1"},"headline":"Fotos do Enzo beb\u00ea","datePublished":"2016-07-01T18:25:00+00:00","dateModified":"2023-02-14T20:49:04+00:00","mainEntityOfPage":{"@id":"https:\/\/biancamachado.com.br\/blog\/fotos-de-bebe\/"},"wordCount":305,"commentCount":0,"publisher":{"@id":"https:\/\/biancamachado.com.br\/blog\/#organization"},"image":{"@id":"https:\/\/biancamachado.com.br\/blog\/fotos-de-bebe\/#primaryimage"},"thumbnailUrl":"https:\/\/i0.wp.com\/biancamachado.com.br\/blog\/wp-content\/uploads\/2016\/07\/Screenshot_90.png?fit=671%2C429&ssl=1","keywords":["Book familia em estudio","ensaio de fotos com crian\u00e7as","fotografia profissional para familias"],"articleSection":["Book Familia Estudio","Studio Bianca Machado"],"inLanguage":"pt-BR","potentialAction":[{"@type":"CommentAction","name":"Comment","target":["https:\/\/biancamachado.com.br\/blog\/fotos-de-bebe\/#respond"]}]},{"@type":"WebPage","@id":"https:\/\/biancamachado.com.br\/blog\/fotos-de-bebe\/","url":"https:\/\/biancamachado.com.br\/blog\/fotos-de-bebe\/","name":"Fotos do Enzo beb\u00ea - STUDIO BIANCA MACHADO","isPartOf":{"@id":"https:\/\/biancamachado.com.br\/blog\/#website"},"primaryImageOfPage":{"@id":"https:\/\/biancamachado.com.br\/blog\/fotos-de-bebe\/#primaryimage"},"image":{"@id":"https:\/\/biancamachado.com.br\/blog\/fotos-de-bebe\/#primaryimage"},"thumbnailUrl":"https:\/\/i0.wp.com\/biancamachado.com.br\/blog\/wp-content\/uploads\/2016\/07\/Screenshot_90.png?fit=671%2C429&ssl=1","datePublished":"2016-07-01T18:25:00+00:00","dateModified":"2023-02-14T20:49:04+00:00","description":"A sess\u00e3o fotogr\u00e1fica do rec\u00e9m-nascido Enzo no Studio Bianca Machado \u00e9 uma \u00f3tima op\u00e7\u00e3o para os pais que desejam registrar os primeiros momentos de seu beb\u00ea. A fot\u00f3grafa Bianca Machado se esfor\u00e7ou ao m\u00e1ximo para garantir que as fotos fossem lindas e emocionantes, e que retratassem a personalidade e a ess\u00eancia do beb\u00ea.","breadcrumb":{"@id":"https:\/\/biancamachado.com.br\/blog\/fotos-de-bebe\/#breadcrumb"},"inLanguage":"pt-BR","potentialAction":[{"@type":"ReadAction","target":["https:\/\/biancamachado.com.br\/blog\/fotos-de-bebe\/"]}]},{"@type":"ImageObject","inLanguage":"pt-BR","@id":"https:\/\/biancamachado.com.br\/blog\/fotos-de-bebe\/#primaryimage","url":"https:\/\/i0.wp.com\/biancamachado.com.br\/blog\/wp-content\/uploads\/2016\/07\/Screenshot_90.png?fit=671%2C429&ssl=1","contentUrl":"https:\/\/i0.wp.com\/biancamachado.com.br\/blog\/wp-content\/uploads\/2016\/07\/Screenshot_90.png?fit=671%2C429&ssl=1","width":671,"height":429,"caption":"Fotos de Beb\u00ea"},{"@type":"BreadcrumbList","@id":"https:\/\/biancamachado.com.br\/blog\/fotos-de-bebe\/#breadcrumb","itemListElement":[{"@type":"ListItem","position":1,"name":"In\u00edcio","item":"https:\/\/biancamachado.com.br\/blog\/"},{"@type":"ListItem","position":2,"name":"Fotos do Enzo beb\u00ea"}]},{"@type":"WebSite","@id":"https:\/\/biancamachado.com.br\/blog\/#website","url":"https:\/\/biancamachado.com.br\/blog\/","name":"STUDIO BIANCA MACHADO","description":"Estudio Fotografico, Ensaios e Books de foto profissional","publisher":{"@id":"https:\/\/biancamachado.com.br\/blog\/#organization"},"potentialAction":[{"@type":"SearchAction","target":{"@type":"EntryPoint","urlTemplate":"https:\/\/biancamachado.com.br\/blog\/?s={search_term_string}"},"query-input":{"@type":"PropertyValueSpecification","valueRequired":true,"valueName":"search_term_string"}}],"inLanguage":"pt-BR"},{"@type":"Organization","@id":"https:\/\/biancamachado.com.br\/blog\/#organization","name":"STUDIO BIANCA MACHADO","url":"https:\/\/biancamachado.com.br\/blog\/","logo":{"@type":"ImageObject","inLanguage":"pt-BR","@id":"https:\/\/biancamachado.com.br\/blog\/#\/schema\/logo\/image\/","url":"https:\/\/i0.wp.com\/biancamachado.com.br\/blog\/wp-content\/uploads\/2021\/02\/cropped-logo-ml.jpg?fit=278%2C100&ssl=1","contentUrl":"https:\/\/i0.wp.com\/biancamachado.com.br\/blog\/wp-content\/uploads\/2021\/02\/cropped-logo-ml.jpg?fit=278%2C100&ssl=1","width":278,"height":100,"caption":"STUDIO BIANCA MACHADO"},"image":{"@id":"https:\/\/biancamachado.com.br\/blog\/#\/schema\/logo\/image\/"},"sameAs":["https:\/\/www.facebook.com\/Studiobiancamachado\/","https:\/\/www.instagram.com\/Studiobiancamachado\/"]},{"@type":"Person","@id":"https:\/\/biancamachado.com.br\/blog\/#\/schema\/person\/990263800ec5e9bdbbf092a2353550a1","name":"biancamachado","image":{"@type":"ImageObject","inLanguage":"pt-BR","@id":"https:\/\/secure.gravatar.com\/avatar\/62b1a50f2632dbc2e279c3eb55aa46cc324c969cff16a69c59756d155316542c?s=96&d=mm&r=g","url":"https:\/\/secure.gravatar.com\/avatar\/62b1a50f2632dbc2e279c3eb55aa46cc324c969cff16a69c59756d155316542c?s=96&d=mm&r=g","contentUrl":"https:\/\/secure.gravatar.com\/avatar\/62b1a50f2632dbc2e279c3eb55aa46cc324c969cff16a69c59756d155316542c?s=96&d=mm&r=g","caption":"biancamachado"},"sameAs":["https:\/\/biancamachado.com.br\/blog"],"url":"https:\/\/biancamachado.com.br\/blog\/author\/biancamachado\/"}]}},"jetpack_featured_media_url":"https:\/\/i0.wp.com\/biancamachado.com.br\/blog\/wp-content\/uploads\/2016\/07\/Screenshot_90.png?fit=671%2C429&ssl=1","jetpack-related-posts":[],"jetpack_sharing_enabled":true,"_links":{"self":[{"href":"https:\/\/biancamachado.com.br\/blog\/wp-json\/wp\/v2\/posts\/129","targetHints":{"allow":["GET"]}}],"collection":[{"href":"https:\/\/biancamachado.com.br\/blog\/wp-json\/wp\/v2\/posts"}],"about":[{"href":"https:\/\/biancamachado.com.br\/blog\/wp-json\/wp\/v2\/types\/post"}],"author":[{"embeddable":true,"href":"https:\/\/biancamachado.com.br\/blog\/wp-json\/wp\/v2\/users\/1"}],"replies":[{"embeddable":true,"href":"https:\/\/biancamachado.com.br\/blog\/wp-json\/wp\/v2\/comments?post=129"}],"version-history":[{"count":2,"href":"https:\/\/biancamachado.com.br\/blog\/wp-json\/wp\/v2\/posts\/129\/revisions"}],"predecessor-version":[{"id":3425,"href":"https:\/\/biancamachado.com.br\/blog\/wp-json\/wp\/v2\/posts\/129\/revisions\/3425"}],"wp:featuredmedia":[{"embeddable":true,"href":"https:\/\/biancamachado.com.br\/blog\/wp-json\/wp\/v2\/media\/888"}],"wp:attachment":[{"href":"https:\/\/biancamachado.com.br\/blog\/wp-json\/wp\/v2\/media?parent=129"}],"wp:term":[{"taxonomy":"category","embeddable":true,"href":"https:\/\/biancamachado.com.br\/blog\/wp-json\/wp\/v2\/categories?post=129"},{"taxonomy":"post_tag","embeddable":true,"href":"https:\/\/biancamachado.com.br\/blog\/wp-json\/wp\/v2\/tags?post=129"}],"curies":[{"name":"wp","href":"https:\/\/api.w.org\/{rel}","templated":true}]}}