{"id":128,"date":"2016-07-01T16:08:00","date_gmt":"2016-07-01T19:08:00","guid":{"rendered":"https:\/\/biancamachado.com.br\/blog\/?p=128"},"modified":"2023-02-14T17:47:12","modified_gmt":"2023-02-14T20:47:12","slug":"fotos-de-bebes","status":"publish","type":"post","link":"https:\/\/biancamachado.com.br\/blog\/fotos-de-bebes\/","title":{"rendered":"Fotos de beb\u00eas fofos"},"content":{"rendered":"<p>Essa \u00e9 a pequena Julia, cheia de sorrisos e simpatia.<br \/>\nUma beb\u00ea fofa de bem com a vida !<br \/>\nFam\u00edlia super linda, d\u00e1 gosto de fotografar kkk<br \/>\nSabe quando a coisa \u00e9 divertida mesmo?<br \/>\nDel\u00edcia de beb\u00ea, segue um pouquinho do resultado da sess\u00e3o:<\/p>\n<table style=\"margin-left: auto; margin-right: auto; text-align: center;\" cellspacing=\"0\" cellpadding=\"0\" align=\"center\">\n<tbody>\n<tr>\n<td style=\"text-align: center;\"><a style=\"margin-left: auto; margin-right: auto;\" href=\"https:\/\/i0.wp.com\/3.bp.blogspot.com\/-gYh-GatDgoE\/V3a-wUZYkCI\/AAAAAAAARFs\/ypCoycH1uVsvvtksd97ER9ka50qgEaepQCLcB\/s1600\/melhores%2Bfotos%2Bnewborn.jpg?ssl=1\"><img data-recalc-dims=\"1\" loading=\"lazy\" decoding=\"async\" title=\"melhores fotos newborn\" src=\"https:\/\/i0.wp.com\/3.bp.blogspot.com\/-gYh-GatDgoE\/V3a-wUZYkCI\/AAAAAAAARFs\/ypCoycH1uVsvvtksd97ER9ka50qgEaepQCLcB\/s640\/melhores%2Bfotos%2Bnewborn.jpg?resize=426%2C640&#038;ssl=1\" alt=\"melhores fotos newborn\" width=\"426\" height=\"640\" border=\"0\" \/><\/a><\/td>\n<\/tr>\n<tr>\n<td style=\"text-align: center;\">melhores fotos newborn<\/td>\n<\/tr>\n<\/tbody>\n<\/table>\n<p>Os beb\u00eas de 1 ano s\u00e3o cheios de personalidade e beleza, e \u00e9 importante registrar esses momentos com fotos lindas e fofas. O Studio Bianca Machado, especializado em fotografias de beb\u00eas, tem como miss\u00e3o capturar a beleza e a personalidade dos beb\u00eas de 1 ano.<\/p>\n<p>A sess\u00e3o fotogr\u00e1fica de beb\u00eas de 1 ano no Studio Bianca Machado \u00e9 feita em um est\u00fadio aconchegante, com decora\u00e7\u00f5es que remetem \u00e0 alegria e \u00e0 divers\u00e3o. A equipe de profissionais da empresa se preocupa em capturar a personalidade e a ess\u00eancia do beb\u00ea, retratando sua beleza e sua alegria de viver.<\/p>\n<p>As fotos podem ser feitas com roupas espec\u00edficas para a idade do beb\u00ea, com adere\u00e7os e acess\u00f3rios, ou mesmo sem nenhum adere\u00e7o, valorizando a beleza natural do beb\u00ea. Al\u00e9m disso, \u00e9 poss\u00edvel incluir os pais e outros familiares na sess\u00e3o, para que todos possam registrar esse momento juntos.<\/p>\n<p>Em resumo, a sess\u00e3o fotogr\u00e1fica de beb\u00eas de 1 ano no Studio Bianca Machado \u00e9 uma \u00f3tima op\u00e7\u00e3o para os pais que desejam registrar a beleza e a personalidade de seu beb\u00ea. A equipe de profissionais da empresa se esfor\u00e7ou ao m\u00e1ximo para garantir que as fotos fossem lindas e fofas, e que retratassem a beleza e a personalidade do beb\u00ea.<\/p>\n<table style=\"margin-left: auto; margin-right: auto; text-align: center;\" cellspacing=\"0\" cellpadding=\"0\" align=\"center\">\n<tbody>\n<tr>\n<td style=\"text-align: center;\"><a style=\"margin-left: auto; margin-right: auto;\" href=\"https:\/\/i0.wp.com\/1.bp.blogspot.com\/-v0PIZqwrqc4\/V3a-sc_ls2I\/AAAAAAAARFU\/aMiDWi6LAAUeeIa-lXMLtkzEDRYGPavFgCLcB\/s1600\/fotografia%2Brecem%2Bnascido%2Bem%2Bestudio.jpg?ssl=1\"><img data-recalc-dims=\"1\" loading=\"lazy\" decoding=\"async\" title=\"fotografia recem nascido em estudio\" src=\"https:\/\/i0.wp.com\/1.bp.blogspot.com\/-v0PIZqwrqc4\/V3a-sc_ls2I\/AAAAAAAARFU\/aMiDWi6LAAUeeIa-lXMLtkzEDRYGPavFgCLcB\/s640\/fotografia%2Brecem%2Bnascido%2Bem%2Bestudio.jpg?resize=640%2C426&#038;ssl=1\" alt=\"fotografia recem nascido em estudio\" width=\"640\" height=\"426\" border=\"0\" \/><\/a><\/td>\n<\/tr>\n<tr>\n<td style=\"text-align: center;\">fotografia recem nascido em estudio<\/td>\n<\/tr>\n<\/tbody>\n<\/table>\n<table style=\"margin-left: auto; margin-right: auto; text-align: center;\" cellspacing=\"0\" cellpadding=\"0\" align=\"center\">\n<tbody>\n<tr>\n<td style=\"text-align: center;\"><a style=\"margin-left: auto; margin-right: auto;\" href=\"https:\/\/i0.wp.com\/4.bp.blogspot.com\/-GeG8WDkVhYY\/V3a-rvYwjpI\/AAAAAAAARFM\/ej95umAsWbsTGKoqdPGdZC0GQwfdJHnbACLcB\/s1600\/fotografia%2Bnewborn.jpg?ssl=1\"><img data-recalc-dims=\"1\" loading=\"lazy\" decoding=\"async\" title=\"fotografia newborn\" src=\"https:\/\/i0.wp.com\/4.bp.blogspot.com\/-GeG8WDkVhYY\/V3a-rvYwjpI\/AAAAAAAARFM\/ej95umAsWbsTGKoqdPGdZC0GQwfdJHnbACLcB\/s640\/fotografia%2Bnewborn.jpg?resize=640%2C426&#038;ssl=1\" alt=\"fotografia newborn\" width=\"640\" height=\"426\" border=\"0\" \/><\/a><\/td>\n<\/tr>\n<tr>\n<td style=\"text-align: center;\">fotografia newborn<\/td>\n<\/tr>\n<\/tbody>\n<\/table>\n<table style=\"margin-left: auto; margin-right: auto; text-align: center;\" cellspacing=\"0\" cellpadding=\"0\" align=\"center\">\n<tbody>\n<tr>\n<td style=\"text-align: center;\"><a style=\"margin-left: auto; margin-right: auto;\" href=\"https:\/\/i0.wp.com\/2.bp.blogspot.com\/-KSUhBS34VLk\/V3a-v10qvvI\/AAAAAAAARFo\/u6L9F-WwhSYGKnPzcNHHIr9lRNp8i_P1QCLcB\/s1600\/fotos%2Bem%2Bfamilia.jpg?ssl=1\"><img data-recalc-dims=\"1\" loading=\"lazy\" decoding=\"async\" title=\"fotos em familia\" src=\"https:\/\/i0.wp.com\/2.bp.blogspot.com\/-KSUhBS34VLk\/V3a-v10qvvI\/AAAAAAAARFo\/u6L9F-WwhSYGKnPzcNHHIr9lRNp8i_P1QCLcB\/s640\/fotos%2Bem%2Bfamilia.jpg?resize=640%2C426&#038;ssl=1\" alt=\"fotos em familia\" width=\"640\" height=\"426\" border=\"0\" \/><\/a><\/td>\n<\/tr>\n<tr>\n<td style=\"text-align: center;\">fotos em familia<\/td>\n<\/tr>\n<\/tbody>\n<\/table>\n<table style=\"margin-left: auto; margin-right: auto; text-align: center;\" cellspacing=\"0\" cellpadding=\"0\" align=\"center\">\n<tbody>\n<tr>\n<td style=\"text-align: center;\"><a style=\"margin-left: auto; margin-right: auto;\" href=\"https:\/\/i0.wp.com\/4.bp.blogspot.com\/-r8Nctps_m9s\/V3a-vHxPKuI\/AAAAAAAARFk\/zuNsC4vi7BQyg0BKFvSLR3QWVIQHUVbVwCLcB\/s1600\/fotos%2Bde%2Brecem%2Bnascidos.jpg?ssl=1\"><img data-recalc-dims=\"1\" loading=\"lazy\" decoding=\"async\" title=\"fotos de recem nascidos\" src=\"https:\/\/i0.wp.com\/4.bp.blogspot.com\/-r8Nctps_m9s\/V3a-vHxPKuI\/AAAAAAAARFk\/zuNsC4vi7BQyg0BKFvSLR3QWVIQHUVbVwCLcB\/s640\/fotos%2Bde%2Brecem%2Bnascidos.jpg?resize=640%2C426&#038;ssl=1\" alt=\"fotos de recem nascidos\" width=\"640\" height=\"426\" border=\"0\" \/><\/a><\/td>\n<\/tr>\n<tr>\n<td style=\"text-align: center;\">fotos de recem nascidos<\/td>\n<\/tr>\n<\/tbody>\n<\/table>\n<table style=\"margin-left: auto; margin-right: auto; text-align: center;\" cellspacing=\"0\" cellpadding=\"0\" align=\"center\">\n<tbody>\n<tr>\n<td style=\"text-align: center;\"><a style=\"margin-left: auto; margin-right: auto;\" href=\"https:\/\/i0.wp.com\/2.bp.blogspot.com\/-NqmEtOBm3lo\/V3a-r4AFlYI\/AAAAAAAARFQ\/xmNrLw6sC7YiavRkyA3aQzUeaGzzaiI-QCLcB\/s1600\/fotografia%2Bde%2Bbebes.jpg?ssl=1\"><img data-recalc-dims=\"1\" loading=\"lazy\" decoding=\"async\" title=\"fotografia de bebes\" src=\"https:\/\/i0.wp.com\/2.bp.blogspot.com\/-NqmEtOBm3lo\/V3a-r4AFlYI\/AAAAAAAARFQ\/xmNrLw6sC7YiavRkyA3aQzUeaGzzaiI-QCLcB\/s640\/fotografia%2Bde%2Bbebes.jpg?resize=640%2C426&#038;ssl=1\" alt=\"fotografia de bebes\" width=\"640\" height=\"426\" border=\"0\" \/><\/a><\/td>\n<\/tr>\n<tr>\n<td style=\"text-align: center;\">fotografia de bebes<\/td>\n<\/tr>\n<\/tbody>\n<\/table>\n<table style=\"margin-left: auto; margin-right: auto; text-align: center;\" cellspacing=\"0\" cellpadding=\"0\" align=\"center\">\n<tbody>\n<tr>\n<td style=\"text-align: center;\"><a style=\"margin-left: auto; margin-right: auto;\" href=\"https:\/\/i0.wp.com\/4.bp.blogspot.com\/-srxClmsAb2A\/V3a-rHW4ggI\/AAAAAAAARFI\/F6GdW-cdK-cRmVxqT665Z8zLCp_7JPqMACLcB\/s1600\/foto%2Bmamae%2Be%2Bbebe.jpg?ssl=1\"><img data-recalc-dims=\"1\" loading=\"lazy\" decoding=\"async\" title=\"foto mamae e bebe\" src=\"https:\/\/i0.wp.com\/4.bp.blogspot.com\/-srxClmsAb2A\/V3a-rHW4ggI\/AAAAAAAARFI\/F6GdW-cdK-cRmVxqT665Z8zLCp_7JPqMACLcB\/s640\/foto%2Bmamae%2Be%2Bbebe.jpg?resize=640%2C426&#038;ssl=1\" alt=\"foto mamae e bebe\" width=\"640\" height=\"426\" border=\"0\" \/><\/a><\/td>\n<\/tr>\n<tr>\n<td style=\"text-align: center;\">foto mamae e bebe<\/td>\n<\/tr>\n<\/tbody>\n<\/table>\n<table style=\"margin-left: auto; margin-right: auto; text-align: center;\" cellspacing=\"0\" cellpadding=\"0\" align=\"center\">\n<tbody>\n<tr>\n<td style=\"text-align: center;\"><a style=\"margin-left: auto; margin-right: auto;\" href=\"https:\/\/i0.wp.com\/2.bp.blogspot.com\/-CqnSPECoZt8\/V3a-uuOeDPI\/AAAAAAAARFc\/nKofFPpQdGITgh8OupaYKSpzuiMV1gMjgCLcB\/s1600\/fotos%2Bde%2Bbebes.jpg?ssl=1\"><img data-recalc-dims=\"1\" loading=\"lazy\" decoding=\"async\" title=\"fotos de bebes\" src=\"https:\/\/i0.wp.com\/2.bp.blogspot.com\/-CqnSPECoZt8\/V3a-uuOeDPI\/AAAAAAAARFc\/nKofFPpQdGITgh8OupaYKSpzuiMV1gMjgCLcB\/s640\/fotos%2Bde%2Bbebes.jpg?resize=426%2C640&#038;ssl=1\" alt=\"fotos de bebes\" width=\"426\" height=\"640\" border=\"0\" \/><\/a><\/td>\n<\/tr>\n<tr>\n<td style=\"text-align: center;\">fotos de bebes<\/td>\n<\/tr>\n<\/tbody>\n<\/table>\n<table style=\"margin-left: auto; margin-right: auto; text-align: center;\" cellspacing=\"0\" cellpadding=\"0\" align=\"center\">\n<tbody>\n<tr>\n<td style=\"text-align: center;\"><a style=\"margin-left: auto; margin-right: auto;\" href=\"https:\/\/i0.wp.com\/4.bp.blogspot.com\/-UC9svM_O3QU\/V3a-t1Q36RI\/AAAAAAAARFY\/jHDAO9_1R3MbkiLBFNlyHBJ1SmZnl-1FgCLcB\/s1600\/fotos%2Bde%2Bbebes%2Bfofos.jpg?ssl=1\"><img data-recalc-dims=\"1\" loading=\"lazy\" decoding=\"async\" title=\"fotos de bebes fofos\" src=\"https:\/\/i0.wp.com\/4.bp.blogspot.com\/-UC9svM_O3QU\/V3a-t1Q36RI\/AAAAAAAARFY\/jHDAO9_1R3MbkiLBFNlyHBJ1SmZnl-1FgCLcB\/s640\/fotos%2Bde%2Bbebes%2Bfofos.jpg?resize=640%2C426&#038;ssl=1\" alt=\"fotos de bebes fofos\" width=\"640\" height=\"426\" border=\"0\" \/><\/a><\/td>\n<\/tr>\n<tr>\n<td style=\"text-align: center;\">fotos de bebes fofos<\/td>\n<\/tr>\n<\/tbody>\n<\/table>\n<table style=\"margin-left: auto; margin-right: auto; text-align: center;\" cellspacing=\"0\" cellpadding=\"0\" align=\"center\">\n<tbody>\n<tr>\n<td style=\"text-align: center;\"><a style=\"margin-left: auto; margin-right: auto;\" href=\"https:\/\/i0.wp.com\/4.bp.blogspot.com\/-_uRyvvLwxik\/V3a-uud1jkI\/AAAAAAAARFg\/Jwx4qXFAROYK_k-U9YBRKdUCvNU645VZgCLcB\/s1600\/fotografias%2Bbebes%2Bem%2Bestudio.jpg?ssl=1\"><img data-recalc-dims=\"1\" loading=\"lazy\" decoding=\"async\" title=\"fotografias bebes em estudio\" src=\"https:\/\/i0.wp.com\/4.bp.blogspot.com\/-_uRyvvLwxik\/V3a-uud1jkI\/AAAAAAAARFg\/Jwx4qXFAROYK_k-U9YBRKdUCvNU645VZgCLcB\/s640\/fotografias%2Bbebes%2Bem%2Bestudio.jpg?resize=426%2C640&#038;ssl=1\" alt=\"fotografias bebes em estudio\" width=\"426\" height=\"640\" border=\"0\" \/><\/a><\/td>\n<\/tr>\n<tr>\n<td style=\"text-align: center;\">fotografias bebes em estudio<\/td>\n<\/tr>\n<\/tbody>\n<\/table>\nVisite tamb\u00e9m nosso site: www.biancamachado.com.br\r\n(11) 97107-1018\r\n\r\nAtendemos as regi\u00f5es de S\u00e3o Paulo, Sorocaba, Ibi\u00fana, Piedade, Votorantim, Cotia, Itupeva, Jundia\u00ed, It\u00fa e Campinas","protected":false},"excerpt":{"rendered":"<p>A sess\u00e3o fotogr\u00e1fica de beb\u00eas de 1 ano no Studio Bianca Machado \u00e9 uma \u00f3tima op\u00e7\u00e3o para os pais que desejam registrar a beleza e a personalidade de seu beb\u00ea. A equipe de profissionais da empresa se esfor\u00e7ou ao m\u00e1ximo para garantir que as fotos fossem lindas e fofas, e que retratassem a beleza e a personalidade do beb\u00ea.<\/p>\n","protected":false},"author":1,"featured_media":887,"comment_status":"open","ping_status":"open","sticky":false,"template":"","format":"standard","meta":{"_monsterinsights_skip_tracking":false,"_monsterinsights_sitenote_active":false,"_monsterinsights_sitenote_note":"","_monsterinsights_sitenote_category":0,"jetpack_post_was_ever_published":false,"_jetpack_newsletter_access":"","_jetpack_dont_email_post_to_subs":false,"_jetpack_newsletter_tier_id":0,"_jetpack_memberships_contains_paywalled_content":false,"_jetpack_memberships_contains_paid_content":false,"_joinchat":[],"footnotes":""},"categories":[292,311,1],"tags":[332,333,326,334,325],"class_list":["post-128","post","type-post","status-publish","format-standard","has-post-thumbnail","hentry","category-book-familia-estudio","category-newborn-recem-nascido","category-studio-bianca-machado","tag-book-familia-em-estudio","tag-ensaio-de-fotos-com-criancas","tag-fotografia-newborn","tag-fotografia-profissional-para-familias","tag-fotos-para-recem-nascidos"],"yoast_head":"<!-- This site is optimized with the Yoast SEO plugin v27.4 - https:\/\/yoast.com\/product\/yoast-seo-wordpress\/ -->\n<title>Fotos de beb\u00eas fofos - STUDIO BIANCA MACHADO<\/title>\n<meta name=\"description\" content=\"A sess\u00e3o fotogr\u00e1fica de beb\u00eas de 1 ano no Studio Bianca Machado \u00e9 uma \u00f3tima op\u00e7\u00e3o para os pais que desejam registrar a beleza e a personalidade de seu beb\u00ea. A equipe de profissionais da empresa se esfor\u00e7ou ao m\u00e1ximo para garantir que as fotos fossem lindas e fofas, e que retratassem a beleza e a personalidade do beb\u00ea.\" \/>\n<meta name=\"robots\" content=\"index, follow, max-snippet:-1, max-image-preview:large, max-video-preview:-1\" \/>\n<link rel=\"canonical\" href=\"https:\/\/biancamachado.com.br\/blog\/fotos-de-bebes\/\" \/>\n<meta property=\"og:locale\" content=\"pt_BR\" \/>\n<meta property=\"og:type\" content=\"article\" \/>\n<meta property=\"og:title\" content=\"Fotos de beb\u00eas fofos - STUDIO BIANCA MACHADO\" \/>\n<meta property=\"og:description\" content=\"A sess\u00e3o fotogr\u00e1fica de beb\u00eas de 1 ano no Studio Bianca Machado \u00e9 uma \u00f3tima op\u00e7\u00e3o para os pais que desejam registrar a beleza e a personalidade de seu beb\u00ea. A equipe de profissionais da empresa se esfor\u00e7ou ao m\u00e1ximo para garantir que as fotos fossem lindas e fofas, e que retratassem a beleza e a personalidade do beb\u00ea.\" \/>\n<meta property=\"og:url\" content=\"https:\/\/biancamachado.com.br\/blog\/fotos-de-bebes\/\" \/>\n<meta property=\"og:site_name\" content=\"STUDIO BIANCA MACHADO\" \/>\n<meta property=\"article:publisher\" content=\"https:\/\/www.facebook.com\/Studiobiancamachado\/\" \/>\n<meta property=\"article:published_time\" content=\"2016-07-01T19:08:00+00:00\" \/>\n<meta property=\"article:modified_time\" content=\"2023-02-14T20:47:12+00:00\" \/>\n<meta property=\"og:image\" content=\"https:\/\/biancamachado.com.br\/blog\/wp-content\/uploads\/2016\/07\/Screenshot_89.png\" \/>\n\t<meta property=\"og:image:width\" content=\"512\" \/>\n\t<meta property=\"og:image:height\" content=\"409\" \/>\n\t<meta property=\"og:image:type\" content=\"image\/png\" \/>\n<meta name=\"author\" content=\"biancamachado\" \/>\n<meta name=\"twitter:card\" content=\"summary_large_image\" \/>\n<meta name=\"twitter:label1\" content=\"Escrito por\" \/>\n\t<meta name=\"twitter:data1\" content=\"biancamachado\" \/>\n\t<meta name=\"twitter:label2\" content=\"Est. tempo de leitura\" \/>\n\t<meta name=\"twitter:data2\" content=\"4 minutos\" \/>\n<script type=\"application\/ld+json\" class=\"yoast-schema-graph\">{\"@context\":\"https:\\\/\\\/schema.org\",\"@graph\":[{\"@type\":\"Article\",\"@id\":\"https:\\\/\\\/biancamachado.com.br\\\/blog\\\/fotos-de-bebes\\\/#article\",\"isPartOf\":{\"@id\":\"https:\\\/\\\/biancamachado.com.br\\\/blog\\\/fotos-de-bebes\\\/\"},\"author\":{\"name\":\"biancamachado\",\"@id\":\"https:\\\/\\\/biancamachado.com.br\\\/blog\\\/#\\\/schema\\\/person\\\/990263800ec5e9bdbbf092a2353550a1\"},\"headline\":\"Fotos de beb\u00eas fofos\",\"datePublished\":\"2016-07-01T19:08:00+00:00\",\"dateModified\":\"2023-02-14T20:47:12+00:00\",\"mainEntityOfPage\":{\"@id\":\"https:\\\/\\\/biancamachado.com.br\\\/blog\\\/fotos-de-bebes\\\/\"},\"wordCount\":305,\"commentCount\":0,\"publisher\":{\"@id\":\"https:\\\/\\\/biancamachado.com.br\\\/blog\\\/#organization\"},\"image\":{\"@id\":\"https:\\\/\\\/biancamachado.com.br\\\/blog\\\/fotos-de-bebes\\\/#primaryimage\"},\"thumbnailUrl\":\"https:\\\/\\\/i0.wp.com\\\/biancamachado.com.br\\\/blog\\\/wp-content\\\/uploads\\\/2016\\\/07\\\/Screenshot_89.png?fit=512%2C409&ssl=1\",\"keywords\":[\"Book familia em estudio\",\"ensaio de fotos com crian\u00e7as\",\"fotografia newborn\",\"fotografia profissional para familias\",\"fotos para recem nascidos\"],\"articleSection\":[\"Book Familia Estudio\",\"Newborn \\\/ Rec\u00e9m nascido\",\"Studio Bianca Machado\"],\"inLanguage\":\"pt-BR\",\"potentialAction\":[{\"@type\":\"CommentAction\",\"name\":\"Comment\",\"target\":[\"https:\\\/\\\/biancamachado.com.br\\\/blog\\\/fotos-de-bebes\\\/#respond\"]}]},{\"@type\":\"WebPage\",\"@id\":\"https:\\\/\\\/biancamachado.com.br\\\/blog\\\/fotos-de-bebes\\\/\",\"url\":\"https:\\\/\\\/biancamachado.com.br\\\/blog\\\/fotos-de-bebes\\\/\",\"name\":\"Fotos de beb\u00eas fofos - STUDIO BIANCA MACHADO\",\"isPartOf\":{\"@id\":\"https:\\\/\\\/biancamachado.com.br\\\/blog\\\/#website\"},\"primaryImageOfPage\":{\"@id\":\"https:\\\/\\\/biancamachado.com.br\\\/blog\\\/fotos-de-bebes\\\/#primaryimage\"},\"image\":{\"@id\":\"https:\\\/\\\/biancamachado.com.br\\\/blog\\\/fotos-de-bebes\\\/#primaryimage\"},\"thumbnailUrl\":\"https:\\\/\\\/i0.wp.com\\\/biancamachado.com.br\\\/blog\\\/wp-content\\\/uploads\\\/2016\\\/07\\\/Screenshot_89.png?fit=512%2C409&ssl=1\",\"datePublished\":\"2016-07-01T19:08:00+00:00\",\"dateModified\":\"2023-02-14T20:47:12+00:00\",\"description\":\"A sess\u00e3o fotogr\u00e1fica de beb\u00eas de 1 ano no Studio Bianca Machado \u00e9 uma \u00f3tima op\u00e7\u00e3o para os pais que desejam registrar a beleza e a personalidade de seu beb\u00ea. A equipe de profissionais da empresa se esfor\u00e7ou ao m\u00e1ximo para garantir que as fotos fossem lindas e fofas, e que retratassem a beleza e a personalidade do beb\u00ea.\",\"breadcrumb\":{\"@id\":\"https:\\\/\\\/biancamachado.com.br\\\/blog\\\/fotos-de-bebes\\\/#breadcrumb\"},\"inLanguage\":\"pt-BR\",\"potentialAction\":[{\"@type\":\"ReadAction\",\"target\":[\"https:\\\/\\\/biancamachado.com.br\\\/blog\\\/fotos-de-bebes\\\/\"]}]},{\"@type\":\"ImageObject\",\"inLanguage\":\"pt-BR\",\"@id\":\"https:\\\/\\\/biancamachado.com.br\\\/blog\\\/fotos-de-bebes\\\/#primaryimage\",\"url\":\"https:\\\/\\\/i0.wp.com\\\/biancamachado.com.br\\\/blog\\\/wp-content\\\/uploads\\\/2016\\\/07\\\/Screenshot_89.png?fit=512%2C409&ssl=1\",\"contentUrl\":\"https:\\\/\\\/i0.wp.com\\\/biancamachado.com.br\\\/blog\\\/wp-content\\\/uploads\\\/2016\\\/07\\\/Screenshot_89.png?fit=512%2C409&ssl=1\",\"width\":512,\"height\":409,\"caption\":\"Fotos de beb\u00eas\"},{\"@type\":\"BreadcrumbList\",\"@id\":\"https:\\\/\\\/biancamachado.com.br\\\/blog\\\/fotos-de-bebes\\\/#breadcrumb\",\"itemListElement\":[{\"@type\":\"ListItem\",\"position\":1,\"name\":\"In\u00edcio\",\"item\":\"https:\\\/\\\/biancamachado.com.br\\\/blog\\\/\"},{\"@type\":\"ListItem\",\"position\":2,\"name\":\"Fotos de beb\u00eas fofos\"}]},{\"@type\":\"WebSite\",\"@id\":\"https:\\\/\\\/biancamachado.com.br\\\/blog\\\/#website\",\"url\":\"https:\\\/\\\/biancamachado.com.br\\\/blog\\\/\",\"name\":\"STUDIO BIANCA MACHADO\",\"description\":\"Estudio Fotografico, Ensaios e Books de foto profissional\",\"publisher\":{\"@id\":\"https:\\\/\\\/biancamachado.com.br\\\/blog\\\/#organization\"},\"potentialAction\":[{\"@type\":\"SearchAction\",\"target\":{\"@type\":\"EntryPoint\",\"urlTemplate\":\"https:\\\/\\\/biancamachado.com.br\\\/blog\\\/?s={search_term_string}\"},\"query-input\":{\"@type\":\"PropertyValueSpecification\",\"valueRequired\":true,\"valueName\":\"search_term_string\"}}],\"inLanguage\":\"pt-BR\"},{\"@type\":\"Organization\",\"@id\":\"https:\\\/\\\/biancamachado.com.br\\\/blog\\\/#organization\",\"name\":\"STUDIO BIANCA MACHADO\",\"url\":\"https:\\\/\\\/biancamachado.com.br\\\/blog\\\/\",\"logo\":{\"@type\":\"ImageObject\",\"inLanguage\":\"pt-BR\",\"@id\":\"https:\\\/\\\/biancamachado.com.br\\\/blog\\\/#\\\/schema\\\/logo\\\/image\\\/\",\"url\":\"https:\\\/\\\/i0.wp.com\\\/biancamachado.com.br\\\/blog\\\/wp-content\\\/uploads\\\/2021\\\/02\\\/cropped-logo-ml.jpg?fit=278%2C100&ssl=1\",\"contentUrl\":\"https:\\\/\\\/i0.wp.com\\\/biancamachado.com.br\\\/blog\\\/wp-content\\\/uploads\\\/2021\\\/02\\\/cropped-logo-ml.jpg?fit=278%2C100&ssl=1\",\"width\":278,\"height\":100,\"caption\":\"STUDIO BIANCA MACHADO\"},\"image\":{\"@id\":\"https:\\\/\\\/biancamachado.com.br\\\/blog\\\/#\\\/schema\\\/logo\\\/image\\\/\"},\"sameAs\":[\"https:\\\/\\\/www.facebook.com\\\/Studiobiancamachado\\\/\",\"https:\\\/\\\/www.instagram.com\\\/Studiobiancamachado\\\/\"]},{\"@type\":\"Person\",\"@id\":\"https:\\\/\\\/biancamachado.com.br\\\/blog\\\/#\\\/schema\\\/person\\\/990263800ec5e9bdbbf092a2353550a1\",\"name\":\"biancamachado\",\"image\":{\"@type\":\"ImageObject\",\"inLanguage\":\"pt-BR\",\"@id\":\"https:\\\/\\\/secure.gravatar.com\\\/avatar\\\/62b1a50f2632dbc2e279c3eb55aa46cc324c969cff16a69c59756d155316542c?s=96&d=mm&r=g\",\"url\":\"https:\\\/\\\/secure.gravatar.com\\\/avatar\\\/62b1a50f2632dbc2e279c3eb55aa46cc324c969cff16a69c59756d155316542c?s=96&d=mm&r=g\",\"contentUrl\":\"https:\\\/\\\/secure.gravatar.com\\\/avatar\\\/62b1a50f2632dbc2e279c3eb55aa46cc324c969cff16a69c59756d155316542c?s=96&d=mm&r=g\",\"caption\":\"biancamachado\"},\"sameAs\":[\"https:\\\/\\\/biancamachado.com.br\\\/blog\"],\"url\":\"https:\\\/\\\/biancamachado.com.br\\\/blog\\\/author\\\/biancamachado\\\/\"}]}<\/script>\n<!-- \/ Yoast SEO plugin. -->","yoast_head_json":{"title":"Fotos de beb\u00eas fofos - STUDIO BIANCA MACHADO","description":"A sess\u00e3o fotogr\u00e1fica de beb\u00eas de 1 ano no Studio Bianca Machado \u00e9 uma \u00f3tima op\u00e7\u00e3o para os pais que desejam registrar a beleza e a personalidade de seu beb\u00ea. A equipe de profissionais da empresa se esfor\u00e7ou ao m\u00e1ximo para garantir que as fotos fossem lindas e fofas, e que retratassem a beleza e a personalidade do beb\u00ea.","robots":{"index":"index","follow":"follow","max-snippet":"max-snippet:-1","max-image-preview":"max-image-preview:large","max-video-preview":"max-video-preview:-1"},"canonical":"https:\/\/biancamachado.com.br\/blog\/fotos-de-bebes\/","og_locale":"pt_BR","og_type":"article","og_title":"Fotos de beb\u00eas fofos - STUDIO BIANCA MACHADO","og_description":"A sess\u00e3o fotogr\u00e1fica de beb\u00eas de 1 ano no Studio Bianca Machado \u00e9 uma \u00f3tima op\u00e7\u00e3o para os pais que desejam registrar a beleza e a personalidade de seu beb\u00ea. A equipe de profissionais da empresa se esfor\u00e7ou ao m\u00e1ximo para garantir que as fotos fossem lindas e fofas, e que retratassem a beleza e a personalidade do beb\u00ea.","og_url":"https:\/\/biancamachado.com.br\/blog\/fotos-de-bebes\/","og_site_name":"STUDIO BIANCA MACHADO","article_publisher":"https:\/\/www.facebook.com\/Studiobiancamachado\/","article_published_time":"2016-07-01T19:08:00+00:00","article_modified_time":"2023-02-14T20:47:12+00:00","og_image":[{"width":512,"height":409,"url":"https:\/\/biancamachado.com.br\/blog\/wp-content\/uploads\/2016\/07\/Screenshot_89.png","type":"image\/png"}],"author":"biancamachado","twitter_card":"summary_large_image","twitter_misc":{"Escrito por":"biancamachado","Est. tempo de leitura":"4 minutos"},"schema":{"@context":"https:\/\/schema.org","@graph":[{"@type":"Article","@id":"https:\/\/biancamachado.com.br\/blog\/fotos-de-bebes\/#article","isPartOf":{"@id":"https:\/\/biancamachado.com.br\/blog\/fotos-de-bebes\/"},"author":{"name":"biancamachado","@id":"https:\/\/biancamachado.com.br\/blog\/#\/schema\/person\/990263800ec5e9bdbbf092a2353550a1"},"headline":"Fotos de beb\u00eas fofos","datePublished":"2016-07-01T19:08:00+00:00","dateModified":"2023-02-14T20:47:12+00:00","mainEntityOfPage":{"@id":"https:\/\/biancamachado.com.br\/blog\/fotos-de-bebes\/"},"wordCount":305,"commentCount":0,"publisher":{"@id":"https:\/\/biancamachado.com.br\/blog\/#organization"},"image":{"@id":"https:\/\/biancamachado.com.br\/blog\/fotos-de-bebes\/#primaryimage"},"thumbnailUrl":"https:\/\/i0.wp.com\/biancamachado.com.br\/blog\/wp-content\/uploads\/2016\/07\/Screenshot_89.png?fit=512%2C409&ssl=1","keywords":["Book familia em estudio","ensaio de fotos com crian\u00e7as","fotografia newborn","fotografia profissional para familias","fotos para recem nascidos"],"articleSection":["Book Familia Estudio","Newborn \/ Rec\u00e9m nascido","Studio Bianca Machado"],"inLanguage":"pt-BR","potentialAction":[{"@type":"CommentAction","name":"Comment","target":["https:\/\/biancamachado.com.br\/blog\/fotos-de-bebes\/#respond"]}]},{"@type":"WebPage","@id":"https:\/\/biancamachado.com.br\/blog\/fotos-de-bebes\/","url":"https:\/\/biancamachado.com.br\/blog\/fotos-de-bebes\/","name":"Fotos de beb\u00eas fofos - STUDIO BIANCA MACHADO","isPartOf":{"@id":"https:\/\/biancamachado.com.br\/blog\/#website"},"primaryImageOfPage":{"@id":"https:\/\/biancamachado.com.br\/blog\/fotos-de-bebes\/#primaryimage"},"image":{"@id":"https:\/\/biancamachado.com.br\/blog\/fotos-de-bebes\/#primaryimage"},"thumbnailUrl":"https:\/\/i0.wp.com\/biancamachado.com.br\/blog\/wp-content\/uploads\/2016\/07\/Screenshot_89.png?fit=512%2C409&ssl=1","datePublished":"2016-07-01T19:08:00+00:00","dateModified":"2023-02-14T20:47:12+00:00","description":"A sess\u00e3o fotogr\u00e1fica de beb\u00eas de 1 ano no Studio Bianca Machado \u00e9 uma \u00f3tima op\u00e7\u00e3o para os pais que desejam registrar a beleza e a personalidade de seu beb\u00ea. A equipe de profissionais da empresa se esfor\u00e7ou ao m\u00e1ximo para garantir que as fotos fossem lindas e fofas, e que retratassem a beleza e a personalidade do beb\u00ea.","breadcrumb":{"@id":"https:\/\/biancamachado.com.br\/blog\/fotos-de-bebes\/#breadcrumb"},"inLanguage":"pt-BR","potentialAction":[{"@type":"ReadAction","target":["https:\/\/biancamachado.com.br\/blog\/fotos-de-bebes\/"]}]},{"@type":"ImageObject","inLanguage":"pt-BR","@id":"https:\/\/biancamachado.com.br\/blog\/fotos-de-bebes\/#primaryimage","url":"https:\/\/i0.wp.com\/biancamachado.com.br\/blog\/wp-content\/uploads\/2016\/07\/Screenshot_89.png?fit=512%2C409&ssl=1","contentUrl":"https:\/\/i0.wp.com\/biancamachado.com.br\/blog\/wp-content\/uploads\/2016\/07\/Screenshot_89.png?fit=512%2C409&ssl=1","width":512,"height":409,"caption":"Fotos de beb\u00eas"},{"@type":"BreadcrumbList","@id":"https:\/\/biancamachado.com.br\/blog\/fotos-de-bebes\/#breadcrumb","itemListElement":[{"@type":"ListItem","position":1,"name":"In\u00edcio","item":"https:\/\/biancamachado.com.br\/blog\/"},{"@type":"ListItem","position":2,"name":"Fotos de beb\u00eas fofos"}]},{"@type":"WebSite","@id":"https:\/\/biancamachado.com.br\/blog\/#website","url":"https:\/\/biancamachado.com.br\/blog\/","name":"STUDIO BIANCA MACHADO","description":"Estudio Fotografico, Ensaios e Books de foto profissional","publisher":{"@id":"https:\/\/biancamachado.com.br\/blog\/#organization"},"potentialAction":[{"@type":"SearchAction","target":{"@type":"EntryPoint","urlTemplate":"https:\/\/biancamachado.com.br\/blog\/?s={search_term_string}"},"query-input":{"@type":"PropertyValueSpecification","valueRequired":true,"valueName":"search_term_string"}}],"inLanguage":"pt-BR"},{"@type":"Organization","@id":"https:\/\/biancamachado.com.br\/blog\/#organization","name":"STUDIO BIANCA MACHADO","url":"https:\/\/biancamachado.com.br\/blog\/","logo":{"@type":"ImageObject","inLanguage":"pt-BR","@id":"https:\/\/biancamachado.com.br\/blog\/#\/schema\/logo\/image\/","url":"https:\/\/i0.wp.com\/biancamachado.com.br\/blog\/wp-content\/uploads\/2021\/02\/cropped-logo-ml.jpg?fit=278%2C100&ssl=1","contentUrl":"https:\/\/i0.wp.com\/biancamachado.com.br\/blog\/wp-content\/uploads\/2021\/02\/cropped-logo-ml.jpg?fit=278%2C100&ssl=1","width":278,"height":100,"caption":"STUDIO BIANCA MACHADO"},"image":{"@id":"https:\/\/biancamachado.com.br\/blog\/#\/schema\/logo\/image\/"},"sameAs":["https:\/\/www.facebook.com\/Studiobiancamachado\/","https:\/\/www.instagram.com\/Studiobiancamachado\/"]},{"@type":"Person","@id":"https:\/\/biancamachado.com.br\/blog\/#\/schema\/person\/990263800ec5e9bdbbf092a2353550a1","name":"biancamachado","image":{"@type":"ImageObject","inLanguage":"pt-BR","@id":"https:\/\/secure.gravatar.com\/avatar\/62b1a50f2632dbc2e279c3eb55aa46cc324c969cff16a69c59756d155316542c?s=96&d=mm&r=g","url":"https:\/\/secure.gravatar.com\/avatar\/62b1a50f2632dbc2e279c3eb55aa46cc324c969cff16a69c59756d155316542c?s=96&d=mm&r=g","contentUrl":"https:\/\/secure.gravatar.com\/avatar\/62b1a50f2632dbc2e279c3eb55aa46cc324c969cff16a69c59756d155316542c?s=96&d=mm&r=g","caption":"biancamachado"},"sameAs":["https:\/\/biancamachado.com.br\/blog"],"url":"https:\/\/biancamachado.com.br\/blog\/author\/biancamachado\/"}]}},"jetpack_featured_media_url":"https:\/\/i0.wp.com\/biancamachado.com.br\/blog\/wp-content\/uploads\/2016\/07\/Screenshot_89.png?fit=512%2C409&ssl=1","jetpack-related-posts":[],"jetpack_sharing_enabled":true,"_links":{"self":[{"href":"https:\/\/biancamachado.com.br\/blog\/wp-json\/wp\/v2\/posts\/128","targetHints":{"allow":["GET"]}}],"collection":[{"href":"https:\/\/biancamachado.com.br\/blog\/wp-json\/wp\/v2\/posts"}],"about":[{"href":"https:\/\/biancamachado.com.br\/blog\/wp-json\/wp\/v2\/types\/post"}],"author":[{"embeddable":true,"href":"https:\/\/biancamachado.com.br\/blog\/wp-json\/wp\/v2\/users\/1"}],"replies":[{"embeddable":true,"href":"https:\/\/biancamachado.com.br\/blog\/wp-json\/wp\/v2\/comments?post=128"}],"version-history":[{"count":2,"href":"https:\/\/biancamachado.com.br\/blog\/wp-json\/wp\/v2\/posts\/128\/revisions"}],"predecessor-version":[{"id":3423,"href":"https:\/\/biancamachado.com.br\/blog\/wp-json\/wp\/v2\/posts\/128\/revisions\/3423"}],"wp:featuredmedia":[{"embeddable":true,"href":"https:\/\/biancamachado.com.br\/blog\/wp-json\/wp\/v2\/media\/887"}],"wp:attachment":[{"href":"https:\/\/biancamachado.com.br\/blog\/wp-json\/wp\/v2\/media?parent=128"}],"wp:term":[{"taxonomy":"category","embeddable":true,"href":"https:\/\/biancamachado.com.br\/blog\/wp-json\/wp\/v2\/categories?post=128"},{"taxonomy":"post_tag","embeddable":true,"href":"https:\/\/biancamachado.com.br\/blog\/wp-json\/wp\/v2\/tags?post=128"}],"curies":[{"name":"wp","href":"https:\/\/api.w.org\/{rel}","templated":true}]}}