{"id":126,"date":"2016-07-05T19:41:00","date_gmt":"2016-07-05T22:41:00","guid":{"rendered":"https:\/\/biancamachado.com.br\/blog\/?p=126"},"modified":"2023-02-14T17:43:32","modified_gmt":"2023-02-14T20:43:32","slug":"fotos-de-aniversario-de-1-ano","status":"publish","type":"post","link":"https:\/\/biancamachado.com.br\/blog\/fotos-de-aniversario-de-1-ano\/","title":{"rendered":"Fotos de anivers\u00e1rio de 1 ano"},"content":{"rendered":"<p>Olha a Manu fazendo 1 aninho ! kkk<br \/>\nEu adoro essa mesticinha loirinha !<br \/>\nO mais bacana, \u00e9 que as fotos dos nossos books deram um toque todo especial na decora\u00e7\u00e3o da festinha, fique at\u00e9 emocionada&#8230; At\u00e9 um quadro foi pintado de uma das fotos !<br \/>\nTem trabalho mais bacana do que o meu? kkk<br \/>\nSegue um pouquinho das fotos:<\/p>\n<table style=\"margin-left: auto; margin-right: auto; text-align: center;\" cellspacing=\"0\" cellpadding=\"0\" align=\"center\">\n<tbody>\n<tr>\n<td style=\"text-align: center;\"><a style=\"margin-left: auto; margin-right: auto;\" href=\"https:\/\/i0.wp.com\/1.bp.blogspot.com\/-fy4Iy9kyt7w\/V3w2duGdqYI\/AAAAAAAARHM\/uG7M3FcbZ24XyU6qicbrzgljbFXMwFDwgCLcB\/s1600\/aniversario%2Bde%2B1%2Bano.jpg?ssl=1\"><img data-recalc-dims=\"1\" loading=\"lazy\" decoding=\"async\" title=\"aniversario de 1 ano\" src=\"https:\/\/i0.wp.com\/1.bp.blogspot.com\/-fy4Iy9kyt7w\/V3w2duGdqYI\/AAAAAAAARHM\/uG7M3FcbZ24XyU6qicbrzgljbFXMwFDwgCLcB\/s640\/aniversario%2Bde%2B1%2Bano.jpg?resize=640%2C426&#038;ssl=1\" alt=\"aniversario de 1 ano\" width=\"640\" height=\"426\" border=\"0\" \/><\/a><\/td>\n<\/tr>\n<tr>\n<td style=\"text-align: center;\">aniversario de 1 ano<\/td>\n<\/tr>\n<\/tbody>\n<\/table>\n<p>A fotografia de anivers\u00e1rio de 1 ano \u00e9 uma oportunidade \u00fanica para registrar a evolu\u00e7\u00e3o e o desenvolvimento de um beb\u00ea. \u00c9 importante escolher um fot\u00f3grafo que tenha experi\u00eancia em capturar esses momentos com habilidade e sensibilidade. Aqui est\u00e3o algumos segredos para uma boa fotografia de anivers\u00e1rio de 1 ano:<\/p>\n<ol>\n<li>Escolha um fot\u00f3grafo experiente: Escolha um fot\u00f3grafo que tenha experi\u00eancia em fotografias de beb\u00eas, especialmente anivers\u00e1rios de 1 ano. Verifique seu portf\u00f3lio e avalie suas refer\u00eancias antes de contrat\u00e1-lo.<\/li>\n<li>Prepare o ambiente: Certifique-se de que o ambiente esteja limpo, organizado e seguro para o beb\u00ea. Al\u00e9m disso, escolha uma decora\u00e7\u00e3o adequada e apropriada para a idade do beb\u00ea.<\/li>\n<li>Escolha o momento certo: Escolha um hor\u00e1rio em que o beb\u00ea esteja descansado e disposto a participar da sess\u00e3o fotogr\u00e1fica. \u00c9 importante evitar fazer a sess\u00e3o quando o beb\u00ea estiver cansado ou com fome.<\/li>\n<li>Incentive o sorriso: Incentive o sorriso do beb\u00ea, brincando e cantando m\u00fasicas. Al\u00e9m disso, \u00e9 importante manter um ambiente tranquilo e acolhedor para o beb\u00ea se sentir confort\u00e1vel.<\/li>\n<li>Use luzes e sombras a seu favor: O fot\u00f3grafo deve usar luzes e sombras a seu favor, para valorizar a beleza do beb\u00ea e capturar suas express\u00f5es faciais.<\/li>\n<\/ol>\n<p>Em resumo, a fotografia de anivers\u00e1rio de 1 ano \u00e9 uma oportunidade \u00fanica para registrar a evolu\u00e7\u00e3o e o desenvolvimento de um beb\u00ea. Escolha um fot\u00f3grafo experiente, prepare o ambiente, escolha o momento certo, incentive o sorriso e use luzes e sombras a seu favor para ter uma sess\u00e3o fotogr\u00e1fica de sucesso. O Studio Bianca Machado pode ajud\u00e1-lo a alcan\u00e7ar esses objetivos com suas sess\u00f5es de fotos profissionais.<\/p>\n<table style=\"margin-left: auto; margin-right: auto; text-align: center;\" cellspacing=\"0\" cellpadding=\"0\" align=\"center\">\n<tbody>\n<tr>\n<td style=\"text-align: center;\"><a style=\"margin-left: auto; margin-right: auto;\" href=\"https:\/\/i0.wp.com\/3.bp.blogspot.com\/-9cEreDrbc4s\/V3w2d3BsxwI\/AAAAAAAARHQ\/FbhVuppZXUocwIKpbYo7wC__UkcHh-AzQCLcB\/s1600\/festa%2Bde%2Baniversario.jpg?ssl=1\"><img data-recalc-dims=\"1\" loading=\"lazy\" decoding=\"async\" title=\"festa de aniversario\" src=\"https:\/\/i0.wp.com\/3.bp.blogspot.com\/-9cEreDrbc4s\/V3w2d3BsxwI\/AAAAAAAARHQ\/FbhVuppZXUocwIKpbYo7wC__UkcHh-AzQCLcB\/s640\/festa%2Bde%2Baniversario.jpg?resize=640%2C426&#038;ssl=1\" alt=\"festa de aniversario\" width=\"640\" height=\"426\" border=\"0\" \/><\/a><\/td>\n<\/tr>\n<tr>\n<td style=\"text-align: center;\">festa de aniversario<\/td>\n<\/tr>\n<\/tbody>\n<\/table>\n<table style=\"margin-left: auto; margin-right: auto; text-align: center;\" cellspacing=\"0\" cellpadding=\"0\" align=\"center\">\n<tbody>\n<tr>\n<td style=\"text-align: center;\"><a style=\"margin-left: auto; margin-right: auto;\" href=\"https:\/\/i0.wp.com\/4.bp.blogspot.com\/-V3GSQuGjZz0\/V3w2d06WAmI\/AAAAAAAARHU\/ztRxgMIy6EonboGkfdONcdAlk394GMuqQCLcB\/s1600\/festa%2Bde%2Banivers%25C3%25A1rio%2Bcrian%25C3%25A7as.jpg?ssl=1\"><img data-recalc-dims=\"1\" loading=\"lazy\" decoding=\"async\" title=\"festa de anivers\u00e1rio crian\u00e7as\" src=\"https:\/\/i0.wp.com\/4.bp.blogspot.com\/-V3GSQuGjZz0\/V3w2d06WAmI\/AAAAAAAARHU\/ztRxgMIy6EonboGkfdONcdAlk394GMuqQCLcB\/s640\/festa%2Bde%2Banivers%25C3%25A1rio%2Bcrian%25C3%25A7as.jpg?resize=640%2C426&#038;ssl=1\" alt=\"festa de anivers\u00e1rio crian\u00e7as\" width=\"640\" height=\"426\" border=\"0\" \/><\/a><\/td>\n<\/tr>\n<tr>\n<td style=\"text-align: center;\">festa de anivers\u00e1rio crian\u00e7as<\/td>\n<\/tr>\n<\/tbody>\n<\/table>\n<table style=\"margin-left: auto; margin-right: auto; text-align: center;\" cellspacing=\"0\" cellpadding=\"0\" align=\"center\">\n<tbody>\n<tr>\n<td style=\"text-align: center;\"><a style=\"margin-left: auto; margin-right: auto;\" href=\"https:\/\/i0.wp.com\/4.bp.blogspot.com\/-FT10wcsTaQQ\/V3w2eyK-InI\/AAAAAAAARHY\/PdSVL7daQFMP-u5PWSs-4KHsMkkSKjBKgCLcB\/s1600\/foto%2Bde%2Baniversario.jpg?ssl=1\"><img data-recalc-dims=\"1\" loading=\"lazy\" decoding=\"async\" title=\"foto de aniversario\" src=\"https:\/\/i0.wp.com\/4.bp.blogspot.com\/-FT10wcsTaQQ\/V3w2eyK-InI\/AAAAAAAARHY\/PdSVL7daQFMP-u5PWSs-4KHsMkkSKjBKgCLcB\/s640\/foto%2Bde%2Baniversario.jpg?resize=640%2C426&#038;ssl=1\" alt=\"foto de aniversario\" width=\"640\" height=\"426\" border=\"0\" \/><\/a><\/td>\n<\/tr>\n<tr>\n<td style=\"text-align: center;\">foto de aniversario<\/td>\n<\/tr>\n<\/tbody>\n<\/table>\n<table style=\"margin-left: auto; margin-right: auto; text-align: center;\" cellspacing=\"0\" cellpadding=\"0\" align=\"center\">\n<tbody>\n<tr>\n<td style=\"text-align: center;\"><a style=\"margin-left: auto; margin-right: auto;\" href=\"https:\/\/i0.wp.com\/3.bp.blogspot.com\/-ZtY8Yq0V4N0\/V3w2fIxjbsI\/AAAAAAAARHg\/n6YN5rhCr8EJKj-heYckSbO1-oE6o7wzQCLcB\/s1600\/fotografias%2Bde%2Bfesta.jpg?ssl=1\"><img data-recalc-dims=\"1\" loading=\"lazy\" decoding=\"async\" title=\"fotografias de festa\" src=\"https:\/\/i0.wp.com\/3.bp.blogspot.com\/-ZtY8Yq0V4N0\/V3w2fIxjbsI\/AAAAAAAARHg\/n6YN5rhCr8EJKj-heYckSbO1-oE6o7wzQCLcB\/s640\/fotografias%2Bde%2Bfesta.jpg?resize=640%2C426&#038;ssl=1\" alt=\"fotografias de festa\" width=\"640\" height=\"426\" border=\"0\" \/><\/a><\/td>\n<\/tr>\n<tr>\n<td style=\"text-align: center;\">fotografias de festa<\/td>\n<\/tr>\n<\/tbody>\n<\/table>\n<table style=\"margin-left: auto; margin-right: auto; text-align: center;\" cellspacing=\"0\" cellpadding=\"0\" align=\"center\">\n<tbody>\n<tr>\n<td style=\"text-align: center;\"><a style=\"margin-left: auto; margin-right: auto;\" href=\"https:\/\/i0.wp.com\/3.bp.blogspot.com\/-SWFoyEG4hns\/V3w2fPZ3xpI\/AAAAAAAARHc\/EJZ6iQScRqgfWyt9H7l0HsJDC-mzuHm_ACLcB\/s1600\/fotografias%2Bprimeiro%2Baninho.jpg?ssl=1\"><img data-recalc-dims=\"1\" loading=\"lazy\" decoding=\"async\" title=\"fotografias primeiro aninho\" src=\"https:\/\/i0.wp.com\/3.bp.blogspot.com\/-SWFoyEG4hns\/V3w2fPZ3xpI\/AAAAAAAARHc\/EJZ6iQScRqgfWyt9H7l0HsJDC-mzuHm_ACLcB\/s640\/fotografias%2Bprimeiro%2Baninho.jpg?resize=640%2C426&#038;ssl=1\" alt=\"fotografias primeiro aninho\" width=\"640\" height=\"426\" border=\"0\" \/><\/a><\/td>\n<\/tr>\n<tr>\n<td style=\"text-align: center;\">fotografias primeiro aninho<\/td>\n<\/tr>\n<\/tbody>\n<\/table>\n<table style=\"margin-left: auto; margin-right: auto; text-align: center;\" cellspacing=\"0\" cellpadding=\"0\" align=\"center\">\n<tbody>\n<tr>\n<td style=\"text-align: center;\"><a style=\"margin-left: auto; margin-right: auto;\" href=\"https:\/\/i0.wp.com\/1.bp.blogspot.com\/-5uUzzMBNi7g\/V3w2gi5HxBI\/AAAAAAAARHk\/cgAR2CCn9lMiZhxIQaT3goFoJS1j0_bXACLcB\/s1600\/fotos%2Baniversario%2Binfantil.jpg?ssl=1\"><img data-recalc-dims=\"1\" loading=\"lazy\" decoding=\"async\" title=\"fotos aniversario infantil\" src=\"https:\/\/i0.wp.com\/1.bp.blogspot.com\/-5uUzzMBNi7g\/V3w2gi5HxBI\/AAAAAAAARHk\/cgAR2CCn9lMiZhxIQaT3goFoJS1j0_bXACLcB\/s640\/fotos%2Baniversario%2Binfantil.jpg?resize=640%2C426&#038;ssl=1\" alt=\"fotos aniversario infantil\" width=\"640\" height=\"426\" border=\"0\" \/><\/a><\/td>\n<\/tr>\n<tr>\n<td style=\"text-align: center;\">fotos aniversario infantil<\/td>\n<\/tr>\n<\/tbody>\n<\/table>\n<table style=\"margin-left: auto; margin-right: auto; text-align: center;\" cellspacing=\"0\" cellpadding=\"0\" align=\"center\">\n<tbody>\n<tr>\n<td style=\"text-align: center;\"><a style=\"margin-left: auto; margin-right: auto;\" href=\"https:\/\/i0.wp.com\/1.bp.blogspot.com\/-5ciuFbnJ3JY\/V3w2gvE-BJI\/AAAAAAAARHo\/cQseEY28HyAzNwBc6QrsX5gi7_LiABmUwCLcB\/s1600\/fotos%2Bde%2Baniversario.jpg?ssl=1\"><img data-recalc-dims=\"1\" loading=\"lazy\" decoding=\"async\" title=\"fotos de aniversario\" src=\"https:\/\/i0.wp.com\/1.bp.blogspot.com\/-5ciuFbnJ3JY\/V3w2gvE-BJI\/AAAAAAAARHo\/cQseEY28HyAzNwBc6QrsX5gi7_LiABmUwCLcB\/s640\/fotos%2Bde%2Baniversario.jpg?resize=640%2C426&#038;ssl=1\" alt=\"fotos de aniversario\" width=\"640\" height=\"426\" border=\"0\" \/><\/a><\/td>\n<\/tr>\n<tr>\n<td style=\"text-align: center;\">fotos de aniversario<\/td>\n<\/tr>\n<\/tbody>\n<\/table>\n<table style=\"margin-left: auto; margin-right: auto; text-align: center;\" cellspacing=\"0\" cellpadding=\"0\" align=\"center\">\n<tbody>\n<tr>\n<td style=\"text-align: center;\"><a style=\"margin-left: auto; margin-right: auto;\" href=\"https:\/\/i0.wp.com\/4.bp.blogspot.com\/-dYUbMFzLziY\/V3w2hlXbswI\/AAAAAAAARHw\/FSHvndO_ycwWakf7q58tvjArSpA_MCmQwCLcB\/s1600\/melhores%2Bfotografias%2Bdecora%25C3%25A7%25C3%25A3o.jpg?ssl=1\"><img data-recalc-dims=\"1\" loading=\"lazy\" decoding=\"async\" title=\"melhores fotografias decora\u00e7\u00e3o\" src=\"https:\/\/i0.wp.com\/4.bp.blogspot.com\/-dYUbMFzLziY\/V3w2hlXbswI\/AAAAAAAARHw\/FSHvndO_ycwWakf7q58tvjArSpA_MCmQwCLcB\/s640\/melhores%2Bfotografias%2Bdecora%25C3%25A7%25C3%25A3o.jpg?resize=640%2C426&#038;ssl=1\" alt=\"melhores fotografias decora\u00e7\u00e3o\" width=\"640\" height=\"426\" border=\"0\" \/><\/a><\/td>\n<\/tr>\n<tr>\n<td style=\"text-align: center;\">melhores fotografias decora\u00e7\u00e3o<\/td>\n<\/tr>\n<\/tbody>\n<\/table>\n<table style=\"margin-left: auto; margin-right: auto; text-align: center;\" cellspacing=\"0\" cellpadding=\"0\" align=\"center\">\n<tbody>\n<tr>\n<td style=\"text-align: center;\"><a style=\"margin-left: auto; margin-right: auto;\" href=\"https:\/\/i0.wp.com\/3.bp.blogspot.com\/-fLWLGe5I_sQ\/V3w2ghMWx4I\/AAAAAAAARHs\/adg8RpudRWIw-BOQgUy3llzuXUzYjC_5gCLcB\/s1600\/id%25C3%25A9ias%2Bde%2Bdecora%25C3%25A7%25C3%25A3o%2Bde%2Bfesta%2Bde%2Banivers%25C3%25A1rio.jpg?ssl=1\"><img data-recalc-dims=\"1\" loading=\"lazy\" decoding=\"async\" title=\"id\u00e9ias de decora\u00e7\u00e3o de festa de anivers\u00e1rio\" src=\"https:\/\/i0.wp.com\/3.bp.blogspot.com\/-fLWLGe5I_sQ\/V3w2ghMWx4I\/AAAAAAAARHs\/adg8RpudRWIw-BOQgUy3llzuXUzYjC_5gCLcB\/s640\/id%25C3%25A9ias%2Bde%2Bdecora%25C3%25A7%25C3%25A3o%2Bde%2Bfesta%2Bde%2Banivers%25C3%25A1rio.jpg?resize=640%2C426&#038;ssl=1\" alt=\"id\u00e9ias de decora\u00e7\u00e3o de festa de anivers\u00e1rio\" width=\"640\" height=\"426\" border=\"0\" \/><\/a><\/td>\n<\/tr>\n<tr>\n<td style=\"text-align: center;\">id\u00e9ias de decora\u00e7\u00e3o de festa de anivers\u00e1rio<\/td>\n<\/tr>\n<\/tbody>\n<\/table>\nVisite tamb\u00e9m nosso site: www.biancamachado.com.br\r\n(11) 97107-1018\r\n\r\nAtendemos as regi\u00f5es de S\u00e3o Paulo, Sorocaba, Ibi\u00fana, Piedade, Votorantim, Cotia, Itupeva, Jundia\u00ed, It\u00fa e Campinas","protected":false},"excerpt":{"rendered":"<p>A fotografia de anivers\u00e1rio de 1 ano \u00e9 uma oportunidade \u00fanica para registrar a evolu\u00e7\u00e3o e o desenvolvimento de um beb\u00ea. Escolha um fot\u00f3grafo experiente, prepare o ambiente, escolha o momento certo, incentive o sorriso e use luzes e sombras a seu favor para ter uma sess\u00e3o fotogr\u00e1fica de sucesso. O Studio Bianca Machado pode ajud\u00e1-lo a alcan\u00e7ar esses objetivos com suas sess\u00f5es de fotos profissionais.<\/p>\n","protected":false},"author":1,"featured_media":885,"comment_status":"open","ping_status":"open","sticky":false,"template":"","format":"standard","meta":{"_monsterinsights_skip_tracking":false,"_monsterinsights_sitenote_active":false,"_monsterinsights_sitenote_note":"","_monsterinsights_sitenote_category":0,"jetpack_post_was_ever_published":false,"_jetpack_newsletter_access":"","_jetpack_dont_email_post_to_subs":false,"_jetpack_newsletter_tier_id":0,"_jetpack_memberships_contains_paywalled_content":false,"_jetpack_memberships_contains_paid_content":false,"_joinchat":[],"footnotes":""},"categories":[319,1],"tags":[358,334,357],"class_list":["post-126","post","type-post","status-publish","format-standard","has-post-thumbnail","hentry","category-festa-infantil-aniversario","category-studio-bianca-machado","tag-festa-de-criancas","tag-fotografia-profissional-para-familias","tag-fotos-para-festa-de-aniversario-infantil"],"yoast_head":"<!-- This site is optimized with the Yoast SEO plugin v27.4 - https:\/\/yoast.com\/product\/yoast-seo-wordpress\/ -->\n<title>Fotos de anivers\u00e1rio de 1 ano - STUDIO BIANCA MACHADO<\/title>\n<meta name=\"description\" content=\"A fotografia de anivers\u00e1rio de 1 ano \u00e9 uma oportunidade \u00fanica para registrar a evolu\u00e7\u00e3o e o desenvolvimento de um beb\u00ea. Escolha um fot\u00f3grafo experiente, prepare o ambiente, escolha o momento certo, incentive o sorriso e use luzes e sombras a seu favor para ter uma sess\u00e3o fotogr\u00e1fica de sucesso. O Studio Bianca Machado pode ajud\u00e1-lo a alcan\u00e7ar esses objetivos com suas sess\u00f5es de fotos profissionais.\" \/>\n<meta name=\"robots\" content=\"index, follow, max-snippet:-1, max-image-preview:large, max-video-preview:-1\" \/>\n<link rel=\"canonical\" href=\"https:\/\/biancamachado.com.br\/blog\/fotos-de-aniversario-de-1-ano\/\" \/>\n<meta property=\"og:locale\" content=\"pt_BR\" \/>\n<meta property=\"og:type\" content=\"article\" \/>\n<meta property=\"og:title\" content=\"Fotos de anivers\u00e1rio de 1 ano - STUDIO BIANCA MACHADO\" \/>\n<meta property=\"og:description\" content=\"A fotografia de anivers\u00e1rio de 1 ano \u00e9 uma oportunidade \u00fanica para registrar a evolu\u00e7\u00e3o e o desenvolvimento de um beb\u00ea. Escolha um fot\u00f3grafo experiente, prepare o ambiente, escolha o momento certo, incentive o sorriso e use luzes e sombras a seu favor para ter uma sess\u00e3o fotogr\u00e1fica de sucesso. O Studio Bianca Machado pode ajud\u00e1-lo a alcan\u00e7ar esses objetivos com suas sess\u00f5es de fotos profissionais.\" \/>\n<meta property=\"og:url\" content=\"https:\/\/biancamachado.com.br\/blog\/fotos-de-aniversario-de-1-ano\/\" \/>\n<meta property=\"og:site_name\" content=\"STUDIO BIANCA MACHADO\" \/>\n<meta property=\"article:publisher\" content=\"https:\/\/www.facebook.com\/Studiobiancamachado\/\" \/>\n<meta property=\"article:published_time\" content=\"2016-07-05T22:41:00+00:00\" \/>\n<meta property=\"article:modified_time\" content=\"2023-02-14T20:43:32+00:00\" \/>\n<meta property=\"og:image\" content=\"https:\/\/biancamachado.com.br\/blog\/wp-content\/uploads\/2016\/07\/Screenshot_87.png\" \/>\n\t<meta property=\"og:image:width\" content=\"634\" \/>\n\t<meta property=\"og:image:height\" content=\"421\" \/>\n\t<meta property=\"og:image:type\" content=\"image\/png\" \/>\n<meta name=\"author\" content=\"biancamachado\" \/>\n<meta name=\"twitter:card\" content=\"summary_large_image\" \/>\n<meta name=\"twitter:label1\" content=\"Escrito por\" \/>\n\t<meta name=\"twitter:data1\" content=\"biancamachado\" \/>\n\t<meta name=\"twitter:label2\" content=\"Est. tempo de leitura\" \/>\n\t<meta name=\"twitter:data2\" content=\"4 minutos\" \/>\n<script type=\"application\/ld+json\" class=\"yoast-schema-graph\">{\"@context\":\"https:\\\/\\\/schema.org\",\"@graph\":[{\"@type\":\"Article\",\"@id\":\"https:\\\/\\\/biancamachado.com.br\\\/blog\\\/fotos-de-aniversario-de-1-ano\\\/#article\",\"isPartOf\":{\"@id\":\"https:\\\/\\\/biancamachado.com.br\\\/blog\\\/fotos-de-aniversario-de-1-ano\\\/\"},\"author\":{\"name\":\"biancamachado\",\"@id\":\"https:\\\/\\\/biancamachado.com.br\\\/blog\\\/#\\\/schema\\\/person\\\/990263800ec5e9bdbbf092a2353550a1\"},\"headline\":\"Fotos de anivers\u00e1rio de 1 ano\",\"datePublished\":\"2016-07-05T22:41:00+00:00\",\"dateModified\":\"2023-02-14T20:43:32+00:00\",\"mainEntityOfPage\":{\"@id\":\"https:\\\/\\\/biancamachado.com.br\\\/blog\\\/fotos-de-aniversario-de-1-ano\\\/\"},\"wordCount\":393,\"commentCount\":0,\"publisher\":{\"@id\":\"https:\\\/\\\/biancamachado.com.br\\\/blog\\\/#organization\"},\"image\":{\"@id\":\"https:\\\/\\\/biancamachado.com.br\\\/blog\\\/fotos-de-aniversario-de-1-ano\\\/#primaryimage\"},\"thumbnailUrl\":\"https:\\\/\\\/i0.wp.com\\\/biancamachado.com.br\\\/blog\\\/wp-content\\\/uploads\\\/2016\\\/07\\\/Screenshot_87.png?fit=634%2C421&ssl=1\",\"keywords\":[\"festa de crian\u00e7as\",\"fotografia profissional para familias\",\"fotos para festa de aniversario infantil\"],\"articleSection\":[\"Festa Infantil \\\/ Anivers\u00e1rio\",\"Studio Bianca Machado\"],\"inLanguage\":\"pt-BR\",\"potentialAction\":[{\"@type\":\"CommentAction\",\"name\":\"Comment\",\"target\":[\"https:\\\/\\\/biancamachado.com.br\\\/blog\\\/fotos-de-aniversario-de-1-ano\\\/#respond\"]}]},{\"@type\":\"WebPage\",\"@id\":\"https:\\\/\\\/biancamachado.com.br\\\/blog\\\/fotos-de-aniversario-de-1-ano\\\/\",\"url\":\"https:\\\/\\\/biancamachado.com.br\\\/blog\\\/fotos-de-aniversario-de-1-ano\\\/\",\"name\":\"Fotos de anivers\u00e1rio de 1 ano - STUDIO BIANCA MACHADO\",\"isPartOf\":{\"@id\":\"https:\\\/\\\/biancamachado.com.br\\\/blog\\\/#website\"},\"primaryImageOfPage\":{\"@id\":\"https:\\\/\\\/biancamachado.com.br\\\/blog\\\/fotos-de-aniversario-de-1-ano\\\/#primaryimage\"},\"image\":{\"@id\":\"https:\\\/\\\/biancamachado.com.br\\\/blog\\\/fotos-de-aniversario-de-1-ano\\\/#primaryimage\"},\"thumbnailUrl\":\"https:\\\/\\\/i0.wp.com\\\/biancamachado.com.br\\\/blog\\\/wp-content\\\/uploads\\\/2016\\\/07\\\/Screenshot_87.png?fit=634%2C421&ssl=1\",\"datePublished\":\"2016-07-05T22:41:00+00:00\",\"dateModified\":\"2023-02-14T20:43:32+00:00\",\"description\":\"A fotografia de anivers\u00e1rio de 1 ano \u00e9 uma oportunidade \u00fanica para registrar a evolu\u00e7\u00e3o e o desenvolvimento de um beb\u00ea. Escolha um fot\u00f3grafo experiente, prepare o ambiente, escolha o momento certo, incentive o sorriso e use luzes e sombras a seu favor para ter uma sess\u00e3o fotogr\u00e1fica de sucesso. O Studio Bianca Machado pode ajud\u00e1-lo a alcan\u00e7ar esses objetivos com suas sess\u00f5es de fotos profissionais.\",\"breadcrumb\":{\"@id\":\"https:\\\/\\\/biancamachado.com.br\\\/blog\\\/fotos-de-aniversario-de-1-ano\\\/#breadcrumb\"},\"inLanguage\":\"pt-BR\",\"potentialAction\":[{\"@type\":\"ReadAction\",\"target\":[\"https:\\\/\\\/biancamachado.com.br\\\/blog\\\/fotos-de-aniversario-de-1-ano\\\/\"]}]},{\"@type\":\"ImageObject\",\"inLanguage\":\"pt-BR\",\"@id\":\"https:\\\/\\\/biancamachado.com.br\\\/blog\\\/fotos-de-aniversario-de-1-ano\\\/#primaryimage\",\"url\":\"https:\\\/\\\/i0.wp.com\\\/biancamachado.com.br\\\/blog\\\/wp-content\\\/uploads\\\/2016\\\/07\\\/Screenshot_87.png?fit=634%2C421&ssl=1\",\"contentUrl\":\"https:\\\/\\\/i0.wp.com\\\/biancamachado.com.br\\\/blog\\\/wp-content\\\/uploads\\\/2016\\\/07\\\/Screenshot_87.png?fit=634%2C421&ssl=1\",\"width\":634,\"height\":421,\"caption\":\"Fotos de anivers\u00e1rio de 1 ano\"},{\"@type\":\"BreadcrumbList\",\"@id\":\"https:\\\/\\\/biancamachado.com.br\\\/blog\\\/fotos-de-aniversario-de-1-ano\\\/#breadcrumb\",\"itemListElement\":[{\"@type\":\"ListItem\",\"position\":1,\"name\":\"In\u00edcio\",\"item\":\"https:\\\/\\\/biancamachado.com.br\\\/blog\\\/\"},{\"@type\":\"ListItem\",\"position\":2,\"name\":\"Fotos de anivers\u00e1rio de 1 ano\"}]},{\"@type\":\"WebSite\",\"@id\":\"https:\\\/\\\/biancamachado.com.br\\\/blog\\\/#website\",\"url\":\"https:\\\/\\\/biancamachado.com.br\\\/blog\\\/\",\"name\":\"STUDIO BIANCA MACHADO\",\"description\":\"Estudio Fotografico, Ensaios e Books de foto profissional\",\"publisher\":{\"@id\":\"https:\\\/\\\/biancamachado.com.br\\\/blog\\\/#organization\"},\"potentialAction\":[{\"@type\":\"SearchAction\",\"target\":{\"@type\":\"EntryPoint\",\"urlTemplate\":\"https:\\\/\\\/biancamachado.com.br\\\/blog\\\/?s={search_term_string}\"},\"query-input\":{\"@type\":\"PropertyValueSpecification\",\"valueRequired\":true,\"valueName\":\"search_term_string\"}}],\"inLanguage\":\"pt-BR\"},{\"@type\":\"Organization\",\"@id\":\"https:\\\/\\\/biancamachado.com.br\\\/blog\\\/#organization\",\"name\":\"STUDIO BIANCA MACHADO\",\"url\":\"https:\\\/\\\/biancamachado.com.br\\\/blog\\\/\",\"logo\":{\"@type\":\"ImageObject\",\"inLanguage\":\"pt-BR\",\"@id\":\"https:\\\/\\\/biancamachado.com.br\\\/blog\\\/#\\\/schema\\\/logo\\\/image\\\/\",\"url\":\"https:\\\/\\\/i0.wp.com\\\/biancamachado.com.br\\\/blog\\\/wp-content\\\/uploads\\\/2021\\\/02\\\/cropped-logo-ml.jpg?fit=278%2C100&ssl=1\",\"contentUrl\":\"https:\\\/\\\/i0.wp.com\\\/biancamachado.com.br\\\/blog\\\/wp-content\\\/uploads\\\/2021\\\/02\\\/cropped-logo-ml.jpg?fit=278%2C100&ssl=1\",\"width\":278,\"height\":100,\"caption\":\"STUDIO BIANCA MACHADO\"},\"image\":{\"@id\":\"https:\\\/\\\/biancamachado.com.br\\\/blog\\\/#\\\/schema\\\/logo\\\/image\\\/\"},\"sameAs\":[\"https:\\\/\\\/www.facebook.com\\\/Studiobiancamachado\\\/\",\"https:\\\/\\\/www.instagram.com\\\/Studiobiancamachado\\\/\"]},{\"@type\":\"Person\",\"@id\":\"https:\\\/\\\/biancamachado.com.br\\\/blog\\\/#\\\/schema\\\/person\\\/990263800ec5e9bdbbf092a2353550a1\",\"name\":\"biancamachado\",\"image\":{\"@type\":\"ImageObject\",\"inLanguage\":\"pt-BR\",\"@id\":\"https:\\\/\\\/secure.gravatar.com\\\/avatar\\\/62b1a50f2632dbc2e279c3eb55aa46cc324c969cff16a69c59756d155316542c?s=96&d=mm&r=g\",\"url\":\"https:\\\/\\\/secure.gravatar.com\\\/avatar\\\/62b1a50f2632dbc2e279c3eb55aa46cc324c969cff16a69c59756d155316542c?s=96&d=mm&r=g\",\"contentUrl\":\"https:\\\/\\\/secure.gravatar.com\\\/avatar\\\/62b1a50f2632dbc2e279c3eb55aa46cc324c969cff16a69c59756d155316542c?s=96&d=mm&r=g\",\"caption\":\"biancamachado\"},\"sameAs\":[\"https:\\\/\\\/biancamachado.com.br\\\/blog\"],\"url\":\"https:\\\/\\\/biancamachado.com.br\\\/blog\\\/author\\\/biancamachado\\\/\"}]}<\/script>\n<!-- \/ Yoast SEO plugin. -->","yoast_head_json":{"title":"Fotos de anivers\u00e1rio de 1 ano - STUDIO BIANCA MACHADO","description":"A fotografia de anivers\u00e1rio de 1 ano \u00e9 uma oportunidade \u00fanica para registrar a evolu\u00e7\u00e3o e o desenvolvimento de um beb\u00ea. Escolha um fot\u00f3grafo experiente, prepare o ambiente, escolha o momento certo, incentive o sorriso e use luzes e sombras a seu favor para ter uma sess\u00e3o fotogr\u00e1fica de sucesso. O Studio Bianca Machado pode ajud\u00e1-lo a alcan\u00e7ar esses objetivos com suas sess\u00f5es de fotos profissionais.","robots":{"index":"index","follow":"follow","max-snippet":"max-snippet:-1","max-image-preview":"max-image-preview:large","max-video-preview":"max-video-preview:-1"},"canonical":"https:\/\/biancamachado.com.br\/blog\/fotos-de-aniversario-de-1-ano\/","og_locale":"pt_BR","og_type":"article","og_title":"Fotos de anivers\u00e1rio de 1 ano - STUDIO BIANCA MACHADO","og_description":"A fotografia de anivers\u00e1rio de 1 ano \u00e9 uma oportunidade \u00fanica para registrar a evolu\u00e7\u00e3o e o desenvolvimento de um beb\u00ea. Escolha um fot\u00f3grafo experiente, prepare o ambiente, escolha o momento certo, incentive o sorriso e use luzes e sombras a seu favor para ter uma sess\u00e3o fotogr\u00e1fica de sucesso. O Studio Bianca Machado pode ajud\u00e1-lo a alcan\u00e7ar esses objetivos com suas sess\u00f5es de fotos profissionais.","og_url":"https:\/\/biancamachado.com.br\/blog\/fotos-de-aniversario-de-1-ano\/","og_site_name":"STUDIO BIANCA MACHADO","article_publisher":"https:\/\/www.facebook.com\/Studiobiancamachado\/","article_published_time":"2016-07-05T22:41:00+00:00","article_modified_time":"2023-02-14T20:43:32+00:00","og_image":[{"width":634,"height":421,"url":"https:\/\/biancamachado.com.br\/blog\/wp-content\/uploads\/2016\/07\/Screenshot_87.png","type":"image\/png"}],"author":"biancamachado","twitter_card":"summary_large_image","twitter_misc":{"Escrito por":"biancamachado","Est. tempo de leitura":"4 minutos"},"schema":{"@context":"https:\/\/schema.org","@graph":[{"@type":"Article","@id":"https:\/\/biancamachado.com.br\/blog\/fotos-de-aniversario-de-1-ano\/#article","isPartOf":{"@id":"https:\/\/biancamachado.com.br\/blog\/fotos-de-aniversario-de-1-ano\/"},"author":{"name":"biancamachado","@id":"https:\/\/biancamachado.com.br\/blog\/#\/schema\/person\/990263800ec5e9bdbbf092a2353550a1"},"headline":"Fotos de anivers\u00e1rio de 1 ano","datePublished":"2016-07-05T22:41:00+00:00","dateModified":"2023-02-14T20:43:32+00:00","mainEntityOfPage":{"@id":"https:\/\/biancamachado.com.br\/blog\/fotos-de-aniversario-de-1-ano\/"},"wordCount":393,"commentCount":0,"publisher":{"@id":"https:\/\/biancamachado.com.br\/blog\/#organization"},"image":{"@id":"https:\/\/biancamachado.com.br\/blog\/fotos-de-aniversario-de-1-ano\/#primaryimage"},"thumbnailUrl":"https:\/\/i0.wp.com\/biancamachado.com.br\/blog\/wp-content\/uploads\/2016\/07\/Screenshot_87.png?fit=634%2C421&ssl=1","keywords":["festa de crian\u00e7as","fotografia profissional para familias","fotos para festa de aniversario infantil"],"articleSection":["Festa Infantil \/ Anivers\u00e1rio","Studio Bianca Machado"],"inLanguage":"pt-BR","potentialAction":[{"@type":"CommentAction","name":"Comment","target":["https:\/\/biancamachado.com.br\/blog\/fotos-de-aniversario-de-1-ano\/#respond"]}]},{"@type":"WebPage","@id":"https:\/\/biancamachado.com.br\/blog\/fotos-de-aniversario-de-1-ano\/","url":"https:\/\/biancamachado.com.br\/blog\/fotos-de-aniversario-de-1-ano\/","name":"Fotos de anivers\u00e1rio de 1 ano - STUDIO BIANCA MACHADO","isPartOf":{"@id":"https:\/\/biancamachado.com.br\/blog\/#website"},"primaryImageOfPage":{"@id":"https:\/\/biancamachado.com.br\/blog\/fotos-de-aniversario-de-1-ano\/#primaryimage"},"image":{"@id":"https:\/\/biancamachado.com.br\/blog\/fotos-de-aniversario-de-1-ano\/#primaryimage"},"thumbnailUrl":"https:\/\/i0.wp.com\/biancamachado.com.br\/blog\/wp-content\/uploads\/2016\/07\/Screenshot_87.png?fit=634%2C421&ssl=1","datePublished":"2016-07-05T22:41:00+00:00","dateModified":"2023-02-14T20:43:32+00:00","description":"A fotografia de anivers\u00e1rio de 1 ano \u00e9 uma oportunidade \u00fanica para registrar a evolu\u00e7\u00e3o e o desenvolvimento de um beb\u00ea. Escolha um fot\u00f3grafo experiente, prepare o ambiente, escolha o momento certo, incentive o sorriso e use luzes e sombras a seu favor para ter uma sess\u00e3o fotogr\u00e1fica de sucesso. O Studio Bianca Machado pode ajud\u00e1-lo a alcan\u00e7ar esses objetivos com suas sess\u00f5es de fotos profissionais.","breadcrumb":{"@id":"https:\/\/biancamachado.com.br\/blog\/fotos-de-aniversario-de-1-ano\/#breadcrumb"},"inLanguage":"pt-BR","potentialAction":[{"@type":"ReadAction","target":["https:\/\/biancamachado.com.br\/blog\/fotos-de-aniversario-de-1-ano\/"]}]},{"@type":"ImageObject","inLanguage":"pt-BR","@id":"https:\/\/biancamachado.com.br\/blog\/fotos-de-aniversario-de-1-ano\/#primaryimage","url":"https:\/\/i0.wp.com\/biancamachado.com.br\/blog\/wp-content\/uploads\/2016\/07\/Screenshot_87.png?fit=634%2C421&ssl=1","contentUrl":"https:\/\/i0.wp.com\/biancamachado.com.br\/blog\/wp-content\/uploads\/2016\/07\/Screenshot_87.png?fit=634%2C421&ssl=1","width":634,"height":421,"caption":"Fotos de anivers\u00e1rio de 1 ano"},{"@type":"BreadcrumbList","@id":"https:\/\/biancamachado.com.br\/blog\/fotos-de-aniversario-de-1-ano\/#breadcrumb","itemListElement":[{"@type":"ListItem","position":1,"name":"In\u00edcio","item":"https:\/\/biancamachado.com.br\/blog\/"},{"@type":"ListItem","position":2,"name":"Fotos de anivers\u00e1rio de 1 ano"}]},{"@type":"WebSite","@id":"https:\/\/biancamachado.com.br\/blog\/#website","url":"https:\/\/biancamachado.com.br\/blog\/","name":"STUDIO BIANCA MACHADO","description":"Estudio Fotografico, Ensaios e Books de foto profissional","publisher":{"@id":"https:\/\/biancamachado.com.br\/blog\/#organization"},"potentialAction":[{"@type":"SearchAction","target":{"@type":"EntryPoint","urlTemplate":"https:\/\/biancamachado.com.br\/blog\/?s={search_term_string}"},"query-input":{"@type":"PropertyValueSpecification","valueRequired":true,"valueName":"search_term_string"}}],"inLanguage":"pt-BR"},{"@type":"Organization","@id":"https:\/\/biancamachado.com.br\/blog\/#organization","name":"STUDIO BIANCA MACHADO","url":"https:\/\/biancamachado.com.br\/blog\/","logo":{"@type":"ImageObject","inLanguage":"pt-BR","@id":"https:\/\/biancamachado.com.br\/blog\/#\/schema\/logo\/image\/","url":"https:\/\/i0.wp.com\/biancamachado.com.br\/blog\/wp-content\/uploads\/2021\/02\/cropped-logo-ml.jpg?fit=278%2C100&ssl=1","contentUrl":"https:\/\/i0.wp.com\/biancamachado.com.br\/blog\/wp-content\/uploads\/2021\/02\/cropped-logo-ml.jpg?fit=278%2C100&ssl=1","width":278,"height":100,"caption":"STUDIO BIANCA MACHADO"},"image":{"@id":"https:\/\/biancamachado.com.br\/blog\/#\/schema\/logo\/image\/"},"sameAs":["https:\/\/www.facebook.com\/Studiobiancamachado\/","https:\/\/www.instagram.com\/Studiobiancamachado\/"]},{"@type":"Person","@id":"https:\/\/biancamachado.com.br\/blog\/#\/schema\/person\/990263800ec5e9bdbbf092a2353550a1","name":"biancamachado","image":{"@type":"ImageObject","inLanguage":"pt-BR","@id":"https:\/\/secure.gravatar.com\/avatar\/62b1a50f2632dbc2e279c3eb55aa46cc324c969cff16a69c59756d155316542c?s=96&d=mm&r=g","url":"https:\/\/secure.gravatar.com\/avatar\/62b1a50f2632dbc2e279c3eb55aa46cc324c969cff16a69c59756d155316542c?s=96&d=mm&r=g","contentUrl":"https:\/\/secure.gravatar.com\/avatar\/62b1a50f2632dbc2e279c3eb55aa46cc324c969cff16a69c59756d155316542c?s=96&d=mm&r=g","caption":"biancamachado"},"sameAs":["https:\/\/biancamachado.com.br\/blog"],"url":"https:\/\/biancamachado.com.br\/blog\/author\/biancamachado\/"}]}},"jetpack_featured_media_url":"https:\/\/i0.wp.com\/biancamachado.com.br\/blog\/wp-content\/uploads\/2016\/07\/Screenshot_87.png?fit=634%2C421&ssl=1","jetpack-related-posts":[],"jetpack_sharing_enabled":true,"_links":{"self":[{"href":"https:\/\/biancamachado.com.br\/blog\/wp-json\/wp\/v2\/posts\/126","targetHints":{"allow":["GET"]}}],"collection":[{"href":"https:\/\/biancamachado.com.br\/blog\/wp-json\/wp\/v2\/posts"}],"about":[{"href":"https:\/\/biancamachado.com.br\/blog\/wp-json\/wp\/v2\/types\/post"}],"author":[{"embeddable":true,"href":"https:\/\/biancamachado.com.br\/blog\/wp-json\/wp\/v2\/users\/1"}],"replies":[{"embeddable":true,"href":"https:\/\/biancamachado.com.br\/blog\/wp-json\/wp\/v2\/comments?post=126"}],"version-history":[{"count":2,"href":"https:\/\/biancamachado.com.br\/blog\/wp-json\/wp\/v2\/posts\/126\/revisions"}],"predecessor-version":[{"id":3419,"href":"https:\/\/biancamachado.com.br\/blog\/wp-json\/wp\/v2\/posts\/126\/revisions\/3419"}],"wp:featuredmedia":[{"embeddable":true,"href":"https:\/\/biancamachado.com.br\/blog\/wp-json\/wp\/v2\/media\/885"}],"wp:attachment":[{"href":"https:\/\/biancamachado.com.br\/blog\/wp-json\/wp\/v2\/media?parent=126"}],"wp:term":[{"taxonomy":"category","embeddable":true,"href":"https:\/\/biancamachado.com.br\/blog\/wp-json\/wp\/v2\/categories?post=126"},{"taxonomy":"post_tag","embeddable":true,"href":"https:\/\/biancamachado.com.br\/blog\/wp-json\/wp\/v2\/tags?post=126"}],"curies":[{"name":"wp","href":"https:\/\/api.w.org\/{rel}","templated":true}]}}