{"id":125,"date":"2016-07-05T19:41:00","date_gmt":"2016-07-05T22:41:00","guid":{"rendered":"https:\/\/biancamachado.com.br\/blog\/?p=125"},"modified":"2023-02-14T17:45:18","modified_gmt":"2023-02-14T20:45:18","slug":"fotos-do-bebe-mes-a-mes","status":"publish","type":"post","link":"https:\/\/biancamachado.com.br\/blog\/fotos-do-bebe-mes-a-mes\/","title":{"rendered":"Fotos do Beb\u00ea m\u00eas a m\u00eas"},"content":{"rendered":"<div style=\"text-align: justify;\">E d\u00e1 pra acreditar que j\u00e1 \u00e9 a \u00faltima sess\u00e3o de fotos do acompanhamento da Marina?<\/div>\n<div style=\"text-align: justify;\">Vou morrer de saudade kkk<\/div>\n<div style=\"text-align: justify;\">Andando, confiante e com 1 ano e 1 m\u00eas essa mocinha alegra meu cora\u00e7\u00e3o sempre que vem aqui fotografar kkk<\/div>\n<div style=\"text-align: justify;\">Fam\u00edlia t\u00e3o legal, t\u00e3o parecida comigo&#8230;<\/div>\n<div style=\"text-align: justify;\">Amo vcs !<\/div>\n<div style=\"text-align: justify;\">Segue um pouquinho do resultado das fotos:<\/div>\n<table style=\"margin-left: auto; margin-right: auto; text-align: center;\" cellspacing=\"0\" cellpadding=\"0\" align=\"center\">\n<tbody>\n<tr>\n<td style=\"text-align: center;\"><a style=\"margin-left: auto; margin-right: auto;\" href=\"https:\/\/i0.wp.com\/4.bp.blogspot.com\/-y9xTZ00I-oE\/V3w50w_1gpI\/AAAAAAAARIE\/eidkUHy4zeAORY-OsJ2cZyUcT_PfV7NlwCLcB\/s1600\/ensaio%2Bde%2Bfotos%2Bprimeiro%2Bano.jpg?ssl=1\"><img data-recalc-dims=\"1\" loading=\"lazy\" decoding=\"async\" title=\"ensaio de fotos primeiro ano\" src=\"https:\/\/i0.wp.com\/4.bp.blogspot.com\/-y9xTZ00I-oE\/V3w50w_1gpI\/AAAAAAAARIE\/eidkUHy4zeAORY-OsJ2cZyUcT_PfV7NlwCLcB\/s640\/ensaio%2Bde%2Bfotos%2Bprimeiro%2Bano.jpg?resize=640%2C426&#038;ssl=1\" alt=\"ensaio de fotos primeiro ano\" width=\"640\" height=\"426\" border=\"0\" \/><\/a><\/td>\n<\/tr>\n<tr>\n<td style=\"text-align: center;\">ensaio de fotos primeiro ano<\/td>\n<\/tr>\n<\/tbody>\n<\/table>\n<p>O primeiro ano de vida de um beb\u00ea \u00e9 cheio de mudan\u00e7as e desenvolvimento, e \u00e9 importante registrar esses momentos com fotos lindas e emocionantes. O Studio Bianca Machado, especializado em fotografias de beb\u00eas, oferece o ensaio fotogr\u00e1fico mensal para capturar a evolu\u00e7\u00e3o do primeiro ano do beb\u00ea.<\/p>\n<p>O ensaio fotogr\u00e1fico mensal no Studio Bianca Machado \u00e9 feito a cada m\u00eas, em um local adequado e aconchegante, com decora\u00e7\u00f5es que remetem \u00e0 natureza e \u00e0 tranquilidade. A fot\u00f3grafa Bianca Machado se preocupa em capturar a personalidade e a ess\u00eancia do beb\u00ea, retratando sua evolu\u00e7\u00e3o ao longo do tempo.<\/p>\n<p>As fotos podem ser feitas com roupas espec\u00edficas para cada m\u00eas, com adere\u00e7os e acess\u00f3rios, ou mesmo sem nenhum adere\u00e7o, valorizando a beleza natural do beb\u00ea. Al\u00e9m disso, \u00e9 poss\u00edvel incluir os pais e outros familiares na sess\u00e3o, para que todos possam registrar esse momento juntos.<\/p>\n<p>Em resumo, o ensaio fotogr\u00e1fico mensal no Studio Bianca Machado \u00e9 uma \u00f3tima op\u00e7\u00e3o para os pais que desejam registrar a evolu\u00e7\u00e3o do primeiro ano de vida de seu beb\u00ea. A fot\u00f3grafa Bianca Machado se esfor\u00e7ou ao m\u00e1ximo para garantir que as fotos fossem lindas e emocionantes, e que retratassem a personalidade e a ess\u00eancia do beb\u00ea.<\/p>\n<table style=\"margin-left: auto; margin-right: auto; text-align: center;\" cellspacing=\"0\" cellpadding=\"0\" align=\"center\">\n<tbody>\n<tr>\n<td style=\"text-align: center;\"><a style=\"margin-left: auto; margin-right: auto;\" href=\"https:\/\/i0.wp.com\/1.bp.blogspot.com\/-fo7h-yxi9IQ\/V3w50Xwd_hI\/AAAAAAAARH8\/YQ9QYadwH40G0P-U8ECYqqvA4RoKzu-NQCLcB\/s1600\/fotografias%2Bde%2Bacompanhamento.jpg?ssl=1\"><img data-recalc-dims=\"1\" loading=\"lazy\" decoding=\"async\" title=\"fotografias de acompanhamento\" src=\"https:\/\/i0.wp.com\/1.bp.blogspot.com\/-fo7h-yxi9IQ\/V3w50Xwd_hI\/AAAAAAAARH8\/YQ9QYadwH40G0P-U8ECYqqvA4RoKzu-NQCLcB\/s640\/fotografias%2Bde%2Bacompanhamento.jpg?resize=426%2C640&#038;ssl=1\" alt=\"fotografias de acompanhamento\" width=\"426\" height=\"640\" border=\"0\" \/><\/a><\/td>\n<\/tr>\n<tr>\n<td style=\"text-align: center;\">fotografias de acompanhamento<\/td>\n<\/tr>\n<\/tbody>\n<\/table>\n<table style=\"margin-left: auto; margin-right: auto; text-align: center;\" cellspacing=\"0\" cellpadding=\"0\" align=\"center\">\n<tbody>\n<tr>\n<td style=\"text-align: center;\"><a style=\"margin-left: auto; margin-right: auto;\" href=\"https:\/\/i0.wp.com\/3.bp.blogspot.com\/-F9cfSwcRu18\/V3w50RPp64I\/AAAAAAAARIA\/HeMGiJe5HL47MN1HdU6jNb0lYpJLokoygCLcB\/s1600\/fotografias%2Bdo%2Bprimeiro%2Baninho.jpg?ssl=1\"><img data-recalc-dims=\"1\" loading=\"lazy\" decoding=\"async\" title=\"fotografias do primeiro aninho\" src=\"https:\/\/i0.wp.com\/3.bp.blogspot.com\/-F9cfSwcRu18\/V3w50RPp64I\/AAAAAAAARIA\/HeMGiJe5HL47MN1HdU6jNb0lYpJLokoygCLcB\/s640\/fotografias%2Bdo%2Bprimeiro%2Baninho.jpg?resize=640%2C426&#038;ssl=1\" alt=\"fotografias do primeiro aninho\" width=\"640\" height=\"426\" border=\"0\" \/><\/a><\/td>\n<\/tr>\n<tr>\n<td style=\"text-align: center;\">fotografias do primeiro aninho<\/td>\n<\/tr>\n<\/tbody>\n<\/table>\n<table style=\"margin-left: auto; margin-right: auto; text-align: center;\" cellspacing=\"0\" cellpadding=\"0\" align=\"center\">\n<tbody>\n<tr>\n<td style=\"text-align: center;\"><a style=\"margin-left: auto; margin-right: auto;\" href=\"https:\/\/i0.wp.com\/2.bp.blogspot.com\/-kTgolBNocpI\/V3w51uKk-oI\/AAAAAAAARII\/IC3BKPEdRXcz2O3z4DbnSPtjQjltUY4-QCLcB\/s1600\/fotografias%2Binfantis%2Bem%2Bestudio.jpg?ssl=1\"><img data-recalc-dims=\"1\" loading=\"lazy\" decoding=\"async\" title=\"fotografias infantis em estudio\" src=\"https:\/\/i0.wp.com\/2.bp.blogspot.com\/-kTgolBNocpI\/V3w51uKk-oI\/AAAAAAAARII\/IC3BKPEdRXcz2O3z4DbnSPtjQjltUY4-QCLcB\/s640\/fotografias%2Binfantis%2Bem%2Bestudio.jpg?resize=426%2C640&#038;ssl=1\" alt=\"fotografias infantis em estudio\" width=\"426\" height=\"640\" border=\"0\" \/><\/a><\/td>\n<\/tr>\n<tr>\n<td style=\"text-align: center;\">fotografias infantis em estudio<\/td>\n<\/tr>\n<\/tbody>\n<\/table>\n<table style=\"margin-left: auto; margin-right: auto; text-align: center;\" cellspacing=\"0\" cellpadding=\"0\" align=\"center\">\n<tbody>\n<tr>\n<td style=\"text-align: center;\"><a style=\"margin-left: auto; margin-right: auto;\" href=\"https:\/\/i0.wp.com\/4.bp.blogspot.com\/-GA4d8J5HWxs\/V3w52GcaOzI\/AAAAAAAARIM\/QzfzXhgkxOAuagRmGYakjbG3uSpbLBD4ACLcB\/s1600\/fotos%2Bde%2Bacompanhamento%2Bprimeiro%2Bano.jpg?ssl=1\"><img data-recalc-dims=\"1\" loading=\"lazy\" decoding=\"async\" title=\"fotos de acompanhamento primeiro ano\" src=\"https:\/\/i0.wp.com\/4.bp.blogspot.com\/-GA4d8J5HWxs\/V3w52GcaOzI\/AAAAAAAARIM\/QzfzXhgkxOAuagRmGYakjbG3uSpbLBD4ACLcB\/s640\/fotos%2Bde%2Bacompanhamento%2Bprimeiro%2Bano.jpg?resize=426%2C640&#038;ssl=1\" alt=\"fotos de acompanhamento primeiro ano\" width=\"426\" height=\"640\" border=\"0\" \/><\/a><\/td>\n<\/tr>\n<tr>\n<td style=\"text-align: center;\">fotos de acompanhamento primeiro ano<\/td>\n<\/tr>\n<\/tbody>\n<\/table>\n<table style=\"margin-left: auto; margin-right: auto; text-align: center;\" cellspacing=\"0\" cellpadding=\"0\" align=\"center\">\n<tbody>\n<tr>\n<td style=\"text-align: center;\"><a style=\"margin-left: auto; margin-right: auto;\" href=\"https:\/\/i0.wp.com\/1.bp.blogspot.com\/--3UxCoJ6Dks\/V3w53FKAfzI\/AAAAAAAARIU\/usdr53T1stYaAP0IOynuBAeEPqXMPtoDwCLcB\/s1600\/fotos%2Bem%2Bfamilia%2Bno%2Bestudio.jpg?ssl=1\"><img data-recalc-dims=\"1\" loading=\"lazy\" decoding=\"async\" title=\"fotos em familia no estudio\" src=\"https:\/\/i0.wp.com\/1.bp.blogspot.com\/--3UxCoJ6Dks\/V3w53FKAfzI\/AAAAAAAARIU\/usdr53T1stYaAP0IOynuBAeEPqXMPtoDwCLcB\/s640\/fotos%2Bem%2Bfamilia%2Bno%2Bestudio.jpg?resize=640%2C426&#038;ssl=1\" alt=\"fotos em familia no estudio\" width=\"640\" height=\"426\" border=\"0\" \/><\/a><\/td>\n<\/tr>\n<tr>\n<td style=\"text-align: center;\">fotos em familia no estudio<\/td>\n<\/tr>\n<\/tbody>\n<\/table>\n<table style=\"margin-left: auto; margin-right: auto; text-align: center;\" cellspacing=\"0\" cellpadding=\"0\" align=\"center\">\n<tbody>\n<tr>\n<td style=\"text-align: center;\"><a style=\"margin-left: auto; margin-right: auto;\" href=\"https:\/\/i0.wp.com\/1.bp.blogspot.com\/-1UEVS94-WXw\/V3w523Z7qaI\/AAAAAAAARIQ\/N-mt7hoJUIUK1SJBUs6XiDMkUwiQu_tNwCLcB\/s1600\/sessao%2Bde%2Bfotos%2Bem%2Bestudio%2Bprimeiro%2Bano.jpg?ssl=1\"><img data-recalc-dims=\"1\" loading=\"lazy\" decoding=\"async\" title=\"sessao de fotos em estudio primeiro ano\" src=\"https:\/\/i0.wp.com\/1.bp.blogspot.com\/-1UEVS94-WXw\/V3w523Z7qaI\/AAAAAAAARIQ\/N-mt7hoJUIUK1SJBUs6XiDMkUwiQu_tNwCLcB\/s640\/sessao%2Bde%2Bfotos%2Bem%2Bestudio%2Bprimeiro%2Bano.jpg?resize=640%2C426&#038;ssl=1\" alt=\"sessao de fotos em estudio primeiro ano\" width=\"640\" height=\"426\" border=\"0\" \/><\/a><\/td>\n<\/tr>\n<tr>\n<td style=\"text-align: center;\">sessao de fotos em estudio primeiro ano<\/td>\n<\/tr>\n<\/tbody>\n<\/table>\nVisite tamb\u00e9m nosso site: www.biancamachado.com.br\r\n(11) 97107-1018\r\n\r\nAtendemos as regi\u00f5es de S\u00e3o Paulo, Sorocaba, Ibi\u00fana, Piedade, Votorantim, Cotia, Itupeva, Jundia\u00ed, It\u00fa e Campinas","protected":false},"excerpt":{"rendered":"<p>O ensaio fotogr\u00e1fico mensal no Studio Bianca Machado \u00e9 uma \u00f3tima op\u00e7\u00e3o para os pais que desejam registrar a evolu\u00e7\u00e3o do primeiro ano de vida de seu beb\u00ea. A fot\u00f3grafa Bianca Machado se esfor\u00e7ou ao m\u00e1ximo para garantir que as fotos fossem lindas e emocionantes, e que retratassem a personalidade e a ess\u00eancia do beb\u00ea.<\/p>\n","protected":false},"author":1,"featured_media":884,"comment_status":"open","ping_status":"open","sticky":false,"template":"","format":"standard","meta":{"_monsterinsights_skip_tracking":false,"_monsterinsights_sitenote_active":false,"_monsterinsights_sitenote_note":"","_monsterinsights_sitenote_category":0,"jetpack_post_was_ever_published":false,"_jetpack_newsletter_access":"","_jetpack_dont_email_post_to_subs":false,"_jetpack_newsletter_tier_id":0,"_jetpack_memberships_contains_paywalled_content":false,"_jetpack_memberships_contains_paid_content":false,"_joinchat":[],"footnotes":""},"categories":[292,1],"tags":[332,333,334],"class_list":["post-125","post","type-post","status-publish","format-standard","has-post-thumbnail","hentry","category-book-familia-estudio","category-studio-bianca-machado","tag-book-familia-em-estudio","tag-ensaio-de-fotos-com-criancas","tag-fotografia-profissional-para-familias"],"yoast_head":"<!-- This site is optimized with the Yoast SEO plugin v27.5 - https:\/\/yoast.com\/product\/yoast-seo-wordpress\/ -->\n<title>Fotos do Beb\u00ea m\u00eas a m\u00eas - STUDIO BIANCA MACHADO<\/title>\n<meta name=\"description\" content=\"O ensaio fotogr\u00e1fico mensal no Studio Bianca Machado \u00e9 uma \u00f3tima op\u00e7\u00e3o para os pais que desejam registrar a evolu\u00e7\u00e3o do primeiro ano de vida de seu beb\u00ea. A fot\u00f3grafa Bianca Machado se esfor\u00e7ou ao m\u00e1ximo para garantir que as fotos fossem lindas e emocionantes, e que retratassem a personalidade e a ess\u00eancia do beb\u00ea.\" \/>\n<meta name=\"robots\" content=\"index, follow, max-snippet:-1, max-image-preview:large, max-video-preview:-1\" \/>\n<link rel=\"canonical\" href=\"https:\/\/biancamachado.com.br\/blog\/fotos-do-bebe-mes-a-mes\/\" \/>\n<meta property=\"og:locale\" content=\"pt_BR\" \/>\n<meta property=\"og:type\" content=\"article\" \/>\n<meta property=\"og:title\" content=\"Fotos do Beb\u00ea m\u00eas a m\u00eas - STUDIO BIANCA MACHADO\" \/>\n<meta property=\"og:description\" content=\"O ensaio fotogr\u00e1fico mensal no Studio Bianca Machado \u00e9 uma \u00f3tima op\u00e7\u00e3o para os pais que desejam registrar a evolu\u00e7\u00e3o do primeiro ano de vida de seu beb\u00ea. A fot\u00f3grafa Bianca Machado se esfor\u00e7ou ao m\u00e1ximo para garantir que as fotos fossem lindas e emocionantes, e que retratassem a personalidade e a ess\u00eancia do beb\u00ea.\" \/>\n<meta property=\"og:url\" content=\"https:\/\/biancamachado.com.br\/blog\/fotos-do-bebe-mes-a-mes\/\" \/>\n<meta property=\"og:site_name\" content=\"STUDIO BIANCA MACHADO\" \/>\n<meta property=\"article:publisher\" content=\"https:\/\/www.facebook.com\/Studiobiancamachado\/\" \/>\n<meta property=\"article:published_time\" content=\"2016-07-05T22:41:00+00:00\" \/>\n<meta property=\"article:modified_time\" content=\"2023-02-14T20:45:18+00:00\" \/>\n<meta property=\"og:image\" content=\"https:\/\/biancamachado.com.br\/blog\/wp-content\/uploads\/2016\/07\/Screenshot_86.png\" \/>\n\t<meta property=\"og:image:width\" content=\"707\" \/>\n\t<meta property=\"og:image:height\" content=\"436\" \/>\n\t<meta property=\"og:image:type\" content=\"image\/png\" \/>\n<meta name=\"author\" content=\"biancamachado\" \/>\n<meta name=\"twitter:card\" content=\"summary_large_image\" \/>\n<meta name=\"twitter:label1\" content=\"Escrito por\" \/>\n\t<meta name=\"twitter:data1\" content=\"biancamachado\" \/>\n\t<meta name=\"twitter:label2\" content=\"Est. tempo de leitura\" \/>\n\t<meta name=\"twitter:data2\" content=\"4 minutos\" \/>\n<script type=\"application\/ld+json\" class=\"yoast-schema-graph\">{\"@context\":\"https:\\\/\\\/schema.org\",\"@graph\":[{\"@type\":\"Article\",\"@id\":\"https:\\\/\\\/biancamachado.com.br\\\/blog\\\/fotos-do-bebe-mes-a-mes\\\/#article\",\"isPartOf\":{\"@id\":\"https:\\\/\\\/biancamachado.com.br\\\/blog\\\/fotos-do-bebe-mes-a-mes\\\/\"},\"author\":{\"name\":\"biancamachado\",\"@id\":\"https:\\\/\\\/biancamachado.com.br\\\/blog\\\/#\\\/schema\\\/person\\\/990263800ec5e9bdbbf092a2353550a1\"},\"headline\":\"Fotos do Beb\u00ea m\u00eas a m\u00eas\",\"datePublished\":\"2016-07-05T22:41:00+00:00\",\"dateModified\":\"2023-02-14T20:45:18+00:00\",\"mainEntityOfPage\":{\"@id\":\"https:\\\/\\\/biancamachado.com.br\\\/blog\\\/fotos-do-bebe-mes-a-mes\\\/\"},\"wordCount\":319,\"commentCount\":0,\"publisher\":{\"@id\":\"https:\\\/\\\/biancamachado.com.br\\\/blog\\\/#organization\"},\"image\":{\"@id\":\"https:\\\/\\\/biancamachado.com.br\\\/blog\\\/fotos-do-bebe-mes-a-mes\\\/#primaryimage\"},\"thumbnailUrl\":\"https:\\\/\\\/i0.wp.com\\\/biancamachado.com.br\\\/blog\\\/wp-content\\\/uploads\\\/2016\\\/07\\\/Screenshot_86.png?fit=707%2C436&ssl=1\",\"keywords\":[\"Book familia em estudio\",\"ensaio de fotos com crian\u00e7as\",\"fotografia profissional para familias\"],\"articleSection\":[\"Book Familia Estudio\",\"Studio Bianca Machado\"],\"inLanguage\":\"pt-BR\",\"potentialAction\":[{\"@type\":\"CommentAction\",\"name\":\"Comment\",\"target\":[\"https:\\\/\\\/biancamachado.com.br\\\/blog\\\/fotos-do-bebe-mes-a-mes\\\/#respond\"]}]},{\"@type\":\"WebPage\",\"@id\":\"https:\\\/\\\/biancamachado.com.br\\\/blog\\\/fotos-do-bebe-mes-a-mes\\\/\",\"url\":\"https:\\\/\\\/biancamachado.com.br\\\/blog\\\/fotos-do-bebe-mes-a-mes\\\/\",\"name\":\"Fotos do Beb\u00ea m\u00eas a m\u00eas - STUDIO BIANCA MACHADO\",\"isPartOf\":{\"@id\":\"https:\\\/\\\/biancamachado.com.br\\\/blog\\\/#website\"},\"primaryImageOfPage\":{\"@id\":\"https:\\\/\\\/biancamachado.com.br\\\/blog\\\/fotos-do-bebe-mes-a-mes\\\/#primaryimage\"},\"image\":{\"@id\":\"https:\\\/\\\/biancamachado.com.br\\\/blog\\\/fotos-do-bebe-mes-a-mes\\\/#primaryimage\"},\"thumbnailUrl\":\"https:\\\/\\\/i0.wp.com\\\/biancamachado.com.br\\\/blog\\\/wp-content\\\/uploads\\\/2016\\\/07\\\/Screenshot_86.png?fit=707%2C436&ssl=1\",\"datePublished\":\"2016-07-05T22:41:00+00:00\",\"dateModified\":\"2023-02-14T20:45:18+00:00\",\"description\":\"O ensaio fotogr\u00e1fico mensal no Studio Bianca Machado \u00e9 uma \u00f3tima op\u00e7\u00e3o para os pais que desejam registrar a evolu\u00e7\u00e3o do primeiro ano de vida de seu beb\u00ea. A fot\u00f3grafa Bianca Machado se esfor\u00e7ou ao m\u00e1ximo para garantir que as fotos fossem lindas e emocionantes, e que retratassem a personalidade e a ess\u00eancia do beb\u00ea.\",\"breadcrumb\":{\"@id\":\"https:\\\/\\\/biancamachado.com.br\\\/blog\\\/fotos-do-bebe-mes-a-mes\\\/#breadcrumb\"},\"inLanguage\":\"pt-BR\",\"potentialAction\":[{\"@type\":\"ReadAction\",\"target\":[\"https:\\\/\\\/biancamachado.com.br\\\/blog\\\/fotos-do-bebe-mes-a-mes\\\/\"]}]},{\"@type\":\"ImageObject\",\"inLanguage\":\"pt-BR\",\"@id\":\"https:\\\/\\\/biancamachado.com.br\\\/blog\\\/fotos-do-bebe-mes-a-mes\\\/#primaryimage\",\"url\":\"https:\\\/\\\/i0.wp.com\\\/biancamachado.com.br\\\/blog\\\/wp-content\\\/uploads\\\/2016\\\/07\\\/Screenshot_86.png?fit=707%2C436&ssl=1\",\"contentUrl\":\"https:\\\/\\\/i0.wp.com\\\/biancamachado.com.br\\\/blog\\\/wp-content\\\/uploads\\\/2016\\\/07\\\/Screenshot_86.png?fit=707%2C436&ssl=1\",\"width\":707,\"height\":436,\"caption\":\"Fotos do Beb\u00ea m\u00eas a m\u00eas\"},{\"@type\":\"BreadcrumbList\",\"@id\":\"https:\\\/\\\/biancamachado.com.br\\\/blog\\\/fotos-do-bebe-mes-a-mes\\\/#breadcrumb\",\"itemListElement\":[{\"@type\":\"ListItem\",\"position\":1,\"name\":\"In\u00edcio\",\"item\":\"https:\\\/\\\/biancamachado.com.br\\\/blog\\\/\"},{\"@type\":\"ListItem\",\"position\":2,\"name\":\"Fotos do Beb\u00ea m\u00eas a m\u00eas\"}]},{\"@type\":\"WebSite\",\"@id\":\"https:\\\/\\\/biancamachado.com.br\\\/blog\\\/#website\",\"url\":\"https:\\\/\\\/biancamachado.com.br\\\/blog\\\/\",\"name\":\"STUDIO BIANCA MACHADO\",\"description\":\"Estudio Fotografico, Ensaios e Books de foto profissional\",\"publisher\":{\"@id\":\"https:\\\/\\\/biancamachado.com.br\\\/blog\\\/#organization\"},\"potentialAction\":[{\"@type\":\"SearchAction\",\"target\":{\"@type\":\"EntryPoint\",\"urlTemplate\":\"https:\\\/\\\/biancamachado.com.br\\\/blog\\\/?s={search_term_string}\"},\"query-input\":{\"@type\":\"PropertyValueSpecification\",\"valueRequired\":true,\"valueName\":\"search_term_string\"}}],\"inLanguage\":\"pt-BR\"},{\"@type\":\"Organization\",\"@id\":\"https:\\\/\\\/biancamachado.com.br\\\/blog\\\/#organization\",\"name\":\"STUDIO BIANCA MACHADO\",\"url\":\"https:\\\/\\\/biancamachado.com.br\\\/blog\\\/\",\"logo\":{\"@type\":\"ImageObject\",\"inLanguage\":\"pt-BR\",\"@id\":\"https:\\\/\\\/biancamachado.com.br\\\/blog\\\/#\\\/schema\\\/logo\\\/image\\\/\",\"url\":\"https:\\\/\\\/i0.wp.com\\\/biancamachado.com.br\\\/blog\\\/wp-content\\\/uploads\\\/2021\\\/02\\\/cropped-logo-ml.jpg?fit=278%2C100&ssl=1\",\"contentUrl\":\"https:\\\/\\\/i0.wp.com\\\/biancamachado.com.br\\\/blog\\\/wp-content\\\/uploads\\\/2021\\\/02\\\/cropped-logo-ml.jpg?fit=278%2C100&ssl=1\",\"width\":278,\"height\":100,\"caption\":\"STUDIO BIANCA MACHADO\"},\"image\":{\"@id\":\"https:\\\/\\\/biancamachado.com.br\\\/blog\\\/#\\\/schema\\\/logo\\\/image\\\/\"},\"sameAs\":[\"https:\\\/\\\/www.facebook.com\\\/Studiobiancamachado\\\/\",\"https:\\\/\\\/www.instagram.com\\\/Studiobiancamachado\\\/\"]},{\"@type\":\"Person\",\"@id\":\"https:\\\/\\\/biancamachado.com.br\\\/blog\\\/#\\\/schema\\\/person\\\/990263800ec5e9bdbbf092a2353550a1\",\"name\":\"biancamachado\",\"image\":{\"@type\":\"ImageObject\",\"inLanguage\":\"pt-BR\",\"@id\":\"https:\\\/\\\/secure.gravatar.com\\\/avatar\\\/62b1a50f2632dbc2e279c3eb55aa46cc324c969cff16a69c59756d155316542c?s=96&d=mm&r=g\",\"url\":\"https:\\\/\\\/secure.gravatar.com\\\/avatar\\\/62b1a50f2632dbc2e279c3eb55aa46cc324c969cff16a69c59756d155316542c?s=96&d=mm&r=g\",\"contentUrl\":\"https:\\\/\\\/secure.gravatar.com\\\/avatar\\\/62b1a50f2632dbc2e279c3eb55aa46cc324c969cff16a69c59756d155316542c?s=96&d=mm&r=g\",\"caption\":\"biancamachado\"},\"sameAs\":[\"https:\\\/\\\/biancamachado.com.br\\\/blog\"],\"url\":\"https:\\\/\\\/biancamachado.com.br\\\/blog\\\/author\\\/biancamachado\\\/\"}]}<\/script>\n<!-- \/ Yoast SEO plugin. -->","yoast_head_json":{"title":"Fotos do Beb\u00ea m\u00eas a m\u00eas - STUDIO BIANCA MACHADO","description":"O ensaio fotogr\u00e1fico mensal no Studio Bianca Machado \u00e9 uma \u00f3tima op\u00e7\u00e3o para os pais que desejam registrar a evolu\u00e7\u00e3o do primeiro ano de vida de seu beb\u00ea. A fot\u00f3grafa Bianca Machado se esfor\u00e7ou ao m\u00e1ximo para garantir que as fotos fossem lindas e emocionantes, e que retratassem a personalidade e a ess\u00eancia do beb\u00ea.","robots":{"index":"index","follow":"follow","max-snippet":"max-snippet:-1","max-image-preview":"max-image-preview:large","max-video-preview":"max-video-preview:-1"},"canonical":"https:\/\/biancamachado.com.br\/blog\/fotos-do-bebe-mes-a-mes\/","og_locale":"pt_BR","og_type":"article","og_title":"Fotos do Beb\u00ea m\u00eas a m\u00eas - STUDIO BIANCA MACHADO","og_description":"O ensaio fotogr\u00e1fico mensal no Studio Bianca Machado \u00e9 uma \u00f3tima op\u00e7\u00e3o para os pais que desejam registrar a evolu\u00e7\u00e3o do primeiro ano de vida de seu beb\u00ea. A fot\u00f3grafa Bianca Machado se esfor\u00e7ou ao m\u00e1ximo para garantir que as fotos fossem lindas e emocionantes, e que retratassem a personalidade e a ess\u00eancia do beb\u00ea.","og_url":"https:\/\/biancamachado.com.br\/blog\/fotos-do-bebe-mes-a-mes\/","og_site_name":"STUDIO BIANCA MACHADO","article_publisher":"https:\/\/www.facebook.com\/Studiobiancamachado\/","article_published_time":"2016-07-05T22:41:00+00:00","article_modified_time":"2023-02-14T20:45:18+00:00","og_image":[{"width":707,"height":436,"url":"https:\/\/biancamachado.com.br\/blog\/wp-content\/uploads\/2016\/07\/Screenshot_86.png","type":"image\/png"}],"author":"biancamachado","twitter_card":"summary_large_image","twitter_misc":{"Escrito por":"biancamachado","Est. tempo de leitura":"4 minutos"},"schema":{"@context":"https:\/\/schema.org","@graph":[{"@type":"Article","@id":"https:\/\/biancamachado.com.br\/blog\/fotos-do-bebe-mes-a-mes\/#article","isPartOf":{"@id":"https:\/\/biancamachado.com.br\/blog\/fotos-do-bebe-mes-a-mes\/"},"author":{"name":"biancamachado","@id":"https:\/\/biancamachado.com.br\/blog\/#\/schema\/person\/990263800ec5e9bdbbf092a2353550a1"},"headline":"Fotos do Beb\u00ea m\u00eas a m\u00eas","datePublished":"2016-07-05T22:41:00+00:00","dateModified":"2023-02-14T20:45:18+00:00","mainEntityOfPage":{"@id":"https:\/\/biancamachado.com.br\/blog\/fotos-do-bebe-mes-a-mes\/"},"wordCount":319,"commentCount":0,"publisher":{"@id":"https:\/\/biancamachado.com.br\/blog\/#organization"},"image":{"@id":"https:\/\/biancamachado.com.br\/blog\/fotos-do-bebe-mes-a-mes\/#primaryimage"},"thumbnailUrl":"https:\/\/i0.wp.com\/biancamachado.com.br\/blog\/wp-content\/uploads\/2016\/07\/Screenshot_86.png?fit=707%2C436&ssl=1","keywords":["Book familia em estudio","ensaio de fotos com crian\u00e7as","fotografia profissional para familias"],"articleSection":["Book Familia Estudio","Studio Bianca Machado"],"inLanguage":"pt-BR","potentialAction":[{"@type":"CommentAction","name":"Comment","target":["https:\/\/biancamachado.com.br\/blog\/fotos-do-bebe-mes-a-mes\/#respond"]}]},{"@type":"WebPage","@id":"https:\/\/biancamachado.com.br\/blog\/fotos-do-bebe-mes-a-mes\/","url":"https:\/\/biancamachado.com.br\/blog\/fotos-do-bebe-mes-a-mes\/","name":"Fotos do Beb\u00ea m\u00eas a m\u00eas - STUDIO BIANCA MACHADO","isPartOf":{"@id":"https:\/\/biancamachado.com.br\/blog\/#website"},"primaryImageOfPage":{"@id":"https:\/\/biancamachado.com.br\/blog\/fotos-do-bebe-mes-a-mes\/#primaryimage"},"image":{"@id":"https:\/\/biancamachado.com.br\/blog\/fotos-do-bebe-mes-a-mes\/#primaryimage"},"thumbnailUrl":"https:\/\/i0.wp.com\/biancamachado.com.br\/blog\/wp-content\/uploads\/2016\/07\/Screenshot_86.png?fit=707%2C436&ssl=1","datePublished":"2016-07-05T22:41:00+00:00","dateModified":"2023-02-14T20:45:18+00:00","description":"O ensaio fotogr\u00e1fico mensal no Studio Bianca Machado \u00e9 uma \u00f3tima op\u00e7\u00e3o para os pais que desejam registrar a evolu\u00e7\u00e3o do primeiro ano de vida de seu beb\u00ea. A fot\u00f3grafa Bianca Machado se esfor\u00e7ou ao m\u00e1ximo para garantir que as fotos fossem lindas e emocionantes, e que retratassem a personalidade e a ess\u00eancia do beb\u00ea.","breadcrumb":{"@id":"https:\/\/biancamachado.com.br\/blog\/fotos-do-bebe-mes-a-mes\/#breadcrumb"},"inLanguage":"pt-BR","potentialAction":[{"@type":"ReadAction","target":["https:\/\/biancamachado.com.br\/blog\/fotos-do-bebe-mes-a-mes\/"]}]},{"@type":"ImageObject","inLanguage":"pt-BR","@id":"https:\/\/biancamachado.com.br\/blog\/fotos-do-bebe-mes-a-mes\/#primaryimage","url":"https:\/\/i0.wp.com\/biancamachado.com.br\/blog\/wp-content\/uploads\/2016\/07\/Screenshot_86.png?fit=707%2C436&ssl=1","contentUrl":"https:\/\/i0.wp.com\/biancamachado.com.br\/blog\/wp-content\/uploads\/2016\/07\/Screenshot_86.png?fit=707%2C436&ssl=1","width":707,"height":436,"caption":"Fotos do Beb\u00ea m\u00eas a m\u00eas"},{"@type":"BreadcrumbList","@id":"https:\/\/biancamachado.com.br\/blog\/fotos-do-bebe-mes-a-mes\/#breadcrumb","itemListElement":[{"@type":"ListItem","position":1,"name":"In\u00edcio","item":"https:\/\/biancamachado.com.br\/blog\/"},{"@type":"ListItem","position":2,"name":"Fotos do Beb\u00ea m\u00eas a m\u00eas"}]},{"@type":"WebSite","@id":"https:\/\/biancamachado.com.br\/blog\/#website","url":"https:\/\/biancamachado.com.br\/blog\/","name":"STUDIO BIANCA MACHADO","description":"Estudio Fotografico, Ensaios e Books de foto profissional","publisher":{"@id":"https:\/\/biancamachado.com.br\/blog\/#organization"},"potentialAction":[{"@type":"SearchAction","target":{"@type":"EntryPoint","urlTemplate":"https:\/\/biancamachado.com.br\/blog\/?s={search_term_string}"},"query-input":{"@type":"PropertyValueSpecification","valueRequired":true,"valueName":"search_term_string"}}],"inLanguage":"pt-BR"},{"@type":"Organization","@id":"https:\/\/biancamachado.com.br\/blog\/#organization","name":"STUDIO BIANCA MACHADO","url":"https:\/\/biancamachado.com.br\/blog\/","logo":{"@type":"ImageObject","inLanguage":"pt-BR","@id":"https:\/\/biancamachado.com.br\/blog\/#\/schema\/logo\/image\/","url":"https:\/\/i0.wp.com\/biancamachado.com.br\/blog\/wp-content\/uploads\/2021\/02\/cropped-logo-ml.jpg?fit=278%2C100&ssl=1","contentUrl":"https:\/\/i0.wp.com\/biancamachado.com.br\/blog\/wp-content\/uploads\/2021\/02\/cropped-logo-ml.jpg?fit=278%2C100&ssl=1","width":278,"height":100,"caption":"STUDIO BIANCA MACHADO"},"image":{"@id":"https:\/\/biancamachado.com.br\/blog\/#\/schema\/logo\/image\/"},"sameAs":["https:\/\/www.facebook.com\/Studiobiancamachado\/","https:\/\/www.instagram.com\/Studiobiancamachado\/"]},{"@type":"Person","@id":"https:\/\/biancamachado.com.br\/blog\/#\/schema\/person\/990263800ec5e9bdbbf092a2353550a1","name":"biancamachado","image":{"@type":"ImageObject","inLanguage":"pt-BR","@id":"https:\/\/secure.gravatar.com\/avatar\/62b1a50f2632dbc2e279c3eb55aa46cc324c969cff16a69c59756d155316542c?s=96&d=mm&r=g","url":"https:\/\/secure.gravatar.com\/avatar\/62b1a50f2632dbc2e279c3eb55aa46cc324c969cff16a69c59756d155316542c?s=96&d=mm&r=g","contentUrl":"https:\/\/secure.gravatar.com\/avatar\/62b1a50f2632dbc2e279c3eb55aa46cc324c969cff16a69c59756d155316542c?s=96&d=mm&r=g","caption":"biancamachado"},"sameAs":["https:\/\/biancamachado.com.br\/blog"],"url":"https:\/\/biancamachado.com.br\/blog\/author\/biancamachado\/"}]}},"jetpack_featured_media_url":"https:\/\/i0.wp.com\/biancamachado.com.br\/blog\/wp-content\/uploads\/2016\/07\/Screenshot_86.png?fit=707%2C436&ssl=1","jetpack-related-posts":[],"jetpack_sharing_enabled":true,"_links":{"self":[{"href":"https:\/\/biancamachado.com.br\/blog\/wp-json\/wp\/v2\/posts\/125","targetHints":{"allow":["GET"]}}],"collection":[{"href":"https:\/\/biancamachado.com.br\/blog\/wp-json\/wp\/v2\/posts"}],"about":[{"href":"https:\/\/biancamachado.com.br\/blog\/wp-json\/wp\/v2\/types\/post"}],"author":[{"embeddable":true,"href":"https:\/\/biancamachado.com.br\/blog\/wp-json\/wp\/v2\/users\/1"}],"replies":[{"embeddable":true,"href":"https:\/\/biancamachado.com.br\/blog\/wp-json\/wp\/v2\/comments?post=125"}],"version-history":[{"count":2,"href":"https:\/\/biancamachado.com.br\/blog\/wp-json\/wp\/v2\/posts\/125\/revisions"}],"predecessor-version":[{"id":3421,"href":"https:\/\/biancamachado.com.br\/blog\/wp-json\/wp\/v2\/posts\/125\/revisions\/3421"}],"wp:featuredmedia":[{"embeddable":true,"href":"https:\/\/biancamachado.com.br\/blog\/wp-json\/wp\/v2\/media\/884"}],"wp:attachment":[{"href":"https:\/\/biancamachado.com.br\/blog\/wp-json\/wp\/v2\/media?parent=125"}],"wp:term":[{"taxonomy":"category","embeddable":true,"href":"https:\/\/biancamachado.com.br\/blog\/wp-json\/wp\/v2\/categories?post=125"},{"taxonomy":"post_tag","embeddable":true,"href":"https:\/\/biancamachado.com.br\/blog\/wp-json\/wp\/v2\/tags?post=125"}],"curies":[{"name":"wp","href":"https:\/\/api.w.org\/{rel}","templated":true}]}}