{"id":112,"date":"2016-08-16T19:17:00","date_gmt":"2016-08-16T22:17:00","guid":{"rendered":"https:\/\/biancamachado.com.br\/blog\/?p=112"},"modified":"2023-02-14T17:08:33","modified_gmt":"2023-02-14T20:08:33","slug":"fotos-de-acompanhamento-de-bebes","status":"publish","type":"post","link":"https:\/\/biancamachado.com.br\/blog\/fotos-de-acompanhamento-de-bebes\/","title":{"rendered":"Fotos de Acompanhamento de Beb\u00eas"},"content":{"rendered":"<div style=\"text-align: justify;\">Olha o Otavinho grand\u00e3o ! kkkk<\/div>\n<div style=\"text-align: justify;\">Come\u00e7ou a engatinhar para tr\u00e1s kkk<\/div>\n<div style=\"text-align: justify;\">Porque ser\u00e1 que maioria dos beb\u00eas come\u00e7a ao contr\u00e1rio? As minhas eram da mesma forma kkk<\/div>\n<div style=\"text-align: justify;\">Fam\u00edlia super fofa, fico t\u00e3o contente quando eu posso acompanhar o crescimento dessas fofuras !<\/div>\n<div style=\"text-align: justify;\">A cada 3 meses eu vejo um beb\u00ea totalmente diferente, descobrindo o mundo, numa esperteza danada ! S\u00e3o ou n\u00e3o s\u00e3o a evolu\u00e7\u00e3o da esp\u00e9cie? kkk<\/div>\n<div style=\"text-align: justify;\">Segue um pouquinho dessa sess\u00e3o de fotos super fofa, agora com 9 meses !<\/div>\n<div style=\"text-align: justify;\"><\/div>\n<table style=\"margin-left: auto; margin-right: auto; text-align: center;\" cellspacing=\"0\" cellpadding=\"0\" align=\"center\">\n<tbody>\n<tr>\n<td style=\"text-align: center;\"><a style=\"margin-left: auto; margin-right: auto;\" href=\"https:\/\/i0.wp.com\/2.bp.blogspot.com\/-s_MGNnC5fEU\/V7OPnuaFLQI\/AAAAAAAARSU\/O64INJE48ZYv84hKGA7mWWY-yj-zy1GqgCLcB\/s1600\/ensaio%2Bde%2Bfotos%2Bbebezinhos.jpg?ssl=1\"><img data-recalc-dims=\"1\" loading=\"lazy\" decoding=\"async\" title=\"ensaio de fotos bebezinhos\" src=\"https:\/\/i0.wp.com\/2.bp.blogspot.com\/-s_MGNnC5fEU\/V7OPnuaFLQI\/AAAAAAAARSU\/O64INJE48ZYv84hKGA7mWWY-yj-zy1GqgCLcB\/s640\/ensaio%2Bde%2Bfotos%2Bbebezinhos.jpg?resize=640%2C426&#038;ssl=1\" alt=\"ensaio de fotos bebezinhos\" width=\"640\" height=\"426\" border=\"0\" \/><\/a><\/td>\n<\/tr>\n<tr>\n<td style=\"text-align: center;\">ensaio de fotos bebezinhos<\/td>\n<\/tr>\n<\/tbody>\n<\/table>\n<p>Fotografar o crescimento do seu beb\u00ea \u00e9 uma oportunidade \u00fanica de registrar e eternizar os momentos preciosos da inf\u00e2ncia. Escolher o melhor est\u00fadio para fotografar o crescimento do seu beb\u00ea \u00e9 fundamental para garantir que esses momentos sejam capturados de forma perfeita.<\/p>\n<p>O Studio Bianca Machado \u00e9 o lugar perfeito para fotografar o crescimento do seu beb\u00ea. A fot\u00f3grafa Bianca Machado tem muita experi\u00eancia em capturar a beleza e a personalidade de beb\u00eas em fotos incr\u00edveis e inesquec\u00edveis.<\/p>\n<p>No Studio Bianca Machado, os ensaios de acompanhamento de fotos do crescimento do seu beb\u00ea s\u00e3o personalizados e adaptados \u00e0s necessidades e desejos da fam\u00edlia. A Bianca trabalha com o objetivo de criar fotos que registrem o crescimento do seu beb\u00ea e que destaquem a fofura e a uni\u00e3o da sua fam\u00edlia.<\/p>\n<p>Ao escolher o Studio Bianca Machado para registrar o crescimento do seu beb\u00ea, voc\u00ea estar\u00e1 escolhendo uma fot\u00f3grafa apaixonada e dedicada a criar fotos incr\u00edveis e inesquec\u00edveis que registrem o crescimento do seu beb\u00ea e que destaquem a fofura e a uni\u00e3o da sua fam\u00edlia.<\/p>\n<p>Resumo: O Studio Bianca Machado \u00e9 o lugar perfeito para fotografar o crescimento do seu beb\u00ea, oferecendo ensaios personalizados e adaptados \u00e0s necessidades da fam\u00edlia e criando fotos que registrem o crescimento e destaquem a fofura e a uni\u00e3o da fam\u00edlia. A fot\u00f3grafa Bianca Machado \u00e9 apaixonada e dedicada a criar fotos incr\u00edveis e inesquec\u00edveis.<\/p>\n<table style=\"margin-left: auto; margin-right: auto; text-align: center;\" cellspacing=\"0\" cellpadding=\"0\" align=\"center\">\n<tbody>\n<tr>\n<td style=\"text-align: center;\"><a style=\"margin-left: auto; margin-right: auto;\" href=\"https:\/\/i0.wp.com\/1.bp.blogspot.com\/-DvkjjGFNoFs\/V7OPg42PDwI\/AAAAAAAARSI\/TPbiII4ACOYChkoQlEhd9SSUMmzxOut2wCLcB\/s1600\/ensaios%2Bde%2Bfotos%2Bbebes.jpg?ssl=1\"><img data-recalc-dims=\"1\" loading=\"lazy\" decoding=\"async\" title=\"ensaios de fotos bebes\" src=\"https:\/\/i0.wp.com\/1.bp.blogspot.com\/-DvkjjGFNoFs\/V7OPg42PDwI\/AAAAAAAARSI\/TPbiII4ACOYChkoQlEhd9SSUMmzxOut2wCLcB\/s640\/ensaios%2Bde%2Bfotos%2Bbebes.jpg?resize=640%2C426&#038;ssl=1\" alt=\"ensaios de fotos bebes\" width=\"640\" height=\"426\" border=\"0\" \/><\/a><\/td>\n<\/tr>\n<tr>\n<td style=\"text-align: center;\">ensaios de fotos bebes<\/td>\n<\/tr>\n<\/tbody>\n<\/table>\n<table style=\"margin-left: auto; margin-right: auto; text-align: center;\" cellspacing=\"0\" cellpadding=\"0\" align=\"center\">\n<tbody>\n<tr>\n<td style=\"text-align: center;\"><a style=\"margin-left: auto; margin-right: auto;\" href=\"https:\/\/i0.wp.com\/1.bp.blogspot.com\/-yw95rh2iXis\/V7OPjNuRKXI\/AAAAAAAARSM\/7cUPZ_O_UBIavJY5t5q4GiAZS1z4EVrMwCLcB\/s1600\/fotografia%2Bde%2Bbebe.jpg?ssl=1\"><img data-recalc-dims=\"1\" loading=\"lazy\" decoding=\"async\" title=\"fotografia de bebe\" src=\"https:\/\/i0.wp.com\/1.bp.blogspot.com\/-yw95rh2iXis\/V7OPjNuRKXI\/AAAAAAAARSM\/7cUPZ_O_UBIavJY5t5q4GiAZS1z4EVrMwCLcB\/s640\/fotografia%2Bde%2Bbebe.jpg?resize=426%2C640&#038;ssl=1\" alt=\"fotografia de bebe\" width=\"426\" height=\"640\" border=\"0\" \/><\/a><\/td>\n<\/tr>\n<tr>\n<td style=\"text-align: center;\">fotografia de bebe<\/td>\n<\/tr>\n<\/tbody>\n<\/table>\n<table style=\"margin-left: auto; margin-right: auto; text-align: center;\" cellspacing=\"0\" cellpadding=\"0\" align=\"center\">\n<tbody>\n<tr>\n<td style=\"text-align: center;\"><a style=\"margin-left: auto; margin-right: auto;\" href=\"https:\/\/i0.wp.com\/4.bp.blogspot.com\/-EvNxD6bsk3M\/V7OPnVrdCcI\/AAAAAAAARSQ\/nrI2Pw8wjroB8FTGTD40SVU3O36uObNkACLcB\/s1600\/fotografias%2Bde%2Bbebes.jpg?ssl=1\"><img data-recalc-dims=\"1\" loading=\"lazy\" decoding=\"async\" title=\"fotografias de bebes\" src=\"https:\/\/i0.wp.com\/4.bp.blogspot.com\/-EvNxD6bsk3M\/V7OPnVrdCcI\/AAAAAAAARSQ\/nrI2Pw8wjroB8FTGTD40SVU3O36uObNkACLcB\/s640\/fotografias%2Bde%2Bbebes.jpg?resize=640%2C426&#038;ssl=1\" alt=\"fotografias de bebes\" width=\"640\" height=\"426\" border=\"0\" \/><\/a><\/td>\n<\/tr>\n<tr>\n<td style=\"text-align: center;\">fotografias de bebes<\/td>\n<\/tr>\n<\/tbody>\n<\/table>\n<table style=\"margin-left: auto; margin-right: auto; text-align: center;\" cellspacing=\"0\" cellpadding=\"0\" align=\"center\">\n<tbody>\n<tr>\n<td style=\"text-align: center;\"><a style=\"margin-left: auto; margin-right: auto;\" href=\"https:\/\/i0.wp.com\/4.bp.blogspot.com\/-7rMwsTfpqTg\/V7OPugc-fEI\/AAAAAAAARSY\/OKe_-89qFWIS5mWswNjyoDFfWrtjQX8BACLcB\/s1600\/fotos%2Bde%2Bacompanhamento%2Bde%2Bbebes.jpg?ssl=1\"><img data-recalc-dims=\"1\" loading=\"lazy\" decoding=\"async\" title=\"fotos de acompanhamento de bebes\" src=\"https:\/\/i0.wp.com\/4.bp.blogspot.com\/-7rMwsTfpqTg\/V7OPugc-fEI\/AAAAAAAARSY\/OKe_-89qFWIS5mWswNjyoDFfWrtjQX8BACLcB\/s640\/fotos%2Bde%2Bacompanhamento%2Bde%2Bbebes.jpg?resize=640%2C426&#038;ssl=1\" alt=\"fotos de acompanhamento de bebes\" width=\"640\" height=\"426\" border=\"0\" \/><\/a><\/td>\n<\/tr>\n<tr>\n<td style=\"text-align: center;\">fotos de acompanhamento de bebes<\/td>\n<\/tr>\n<\/tbody>\n<\/table>\n<table style=\"margin-left: auto; margin-right: auto; text-align: center;\" cellspacing=\"0\" cellpadding=\"0\" align=\"center\">\n<tbody>\n<tr>\n<td style=\"text-align: center;\"><a style=\"margin-left: auto; margin-right: auto;\" href=\"https:\/\/i0.wp.com\/4.bp.blogspot.com\/-vAG0LJg0lfY\/V7OPvrn2ZvI\/AAAAAAAARSc\/tcBvCFqCq6M54mPoNX44TPo82BSHmJxJgCLcB\/s1600\/fotos%2Bem%2Bestudio%2Bdo%2Bprimeiro%2Bano.jpg?ssl=1\"><img data-recalc-dims=\"1\" loading=\"lazy\" decoding=\"async\" title=\"fotos em estudio do primeiro ano\" src=\"https:\/\/i0.wp.com\/4.bp.blogspot.com\/-vAG0LJg0lfY\/V7OPvrn2ZvI\/AAAAAAAARSc\/tcBvCFqCq6M54mPoNX44TPo82BSHmJxJgCLcB\/s640\/fotos%2Bem%2Bestudio%2Bdo%2Bprimeiro%2Bano.jpg?resize=640%2C426&#038;ssl=1\" alt=\"fotos em estudio do primeiro ano\" width=\"640\" height=\"426\" border=\"0\" \/><\/a><\/td>\n<\/tr>\n<tr>\n<td style=\"text-align: center;\">fotos em estudio do primeiro ano<\/td>\n<\/tr>\n<\/tbody>\n<\/table>\n<table style=\"margin-left: auto; margin-right: auto; text-align: center;\" cellspacing=\"0\" cellpadding=\"0\" align=\"center\">\n<tbody>\n<tr>\n<td style=\"text-align: center;\"><a style=\"margin-left: auto; margin-right: auto;\" href=\"https:\/\/i0.wp.com\/1.bp.blogspot.com\/-YNBSUm21Raw\/V7OPy8KAhAI\/AAAAAAAARSg\/mgqYLJwJPv4YwEQmHcIwe-v31ej_HN5fgCLcB\/s1600\/fotos%2Bfofas%2Bbebes.jpg?ssl=1\"><img data-recalc-dims=\"1\" loading=\"lazy\" decoding=\"async\" title=\"fotos fofas bebes\" src=\"https:\/\/i0.wp.com\/1.bp.blogspot.com\/-YNBSUm21Raw\/V7OPy8KAhAI\/AAAAAAAARSg\/mgqYLJwJPv4YwEQmHcIwe-v31ej_HN5fgCLcB\/s640\/fotos%2Bfofas%2Bbebes.jpg?resize=640%2C426&#038;ssl=1\" alt=\"fotos fofas bebes\" width=\"640\" height=\"426\" border=\"0\" \/><\/a><\/td>\n<\/tr>\n<tr>\n<td style=\"text-align: center;\">fotos fofas bebes<\/td>\n<\/tr>\n<\/tbody>\n<\/table>\n<table style=\"margin-left: auto; margin-right: auto; text-align: center;\" cellspacing=\"0\" cellpadding=\"0\" align=\"center\">\n<tbody>\n<tr>\n<td style=\"text-align: center;\"><a style=\"margin-left: auto; margin-right: auto;\" href=\"https:\/\/i0.wp.com\/4.bp.blogspot.com\/-d5A2CHWGQek\/V7OP3D0L_lI\/AAAAAAAARSo\/0zl3Wh_KhQgdc0mVmREvIMr0fY0-cmQywCLcB\/s1600\/fotos%2Btrimestrais%2Bde%2Bbebes.jpg?ssl=1\"><img data-recalc-dims=\"1\" loading=\"lazy\" decoding=\"async\" title=\"fotos trimestrais de bebes\" src=\"https:\/\/i0.wp.com\/4.bp.blogspot.com\/-d5A2CHWGQek\/V7OP3D0L_lI\/AAAAAAAARSo\/0zl3Wh_KhQgdc0mVmREvIMr0fY0-cmQywCLcB\/s640\/fotos%2Btrimestrais%2Bde%2Bbebes.jpg?resize=426%2C640&#038;ssl=1\" alt=\"fotos trimestrais de bebes\" width=\"426\" height=\"640\" border=\"0\" \/><\/a><\/td>\n<\/tr>\n<tr>\n<td style=\"text-align: center;\">fotos trimestrais de bebes<\/td>\n<\/tr>\n<\/tbody>\n<\/table>\n<table style=\"margin-left: auto; margin-right: auto; text-align: center;\" cellspacing=\"0\" cellpadding=\"0\" align=\"center\">\n<tbody>\n<tr>\n<td style=\"text-align: center;\"><a style=\"margin-left: auto; margin-right: auto;\" href=\"https:\/\/i0.wp.com\/4.bp.blogspot.com\/-yjq-aM_FJxI\/V7OP2iCM_EI\/AAAAAAAARSk\/CkD4CpIFtUIFIL4k4jRi1uAtXzEAPklUgCLcB\/s1600\/melhores%2Bfotografias%2Bde%2Bbebes.jpg?ssl=1\"><img data-recalc-dims=\"1\" loading=\"lazy\" decoding=\"async\" title=\"melhores fotografias de bebes\" src=\"https:\/\/i0.wp.com\/4.bp.blogspot.com\/-yjq-aM_FJxI\/V7OP2iCM_EI\/AAAAAAAARSk\/CkD4CpIFtUIFIL4k4jRi1uAtXzEAPklUgCLcB\/s640\/melhores%2Bfotografias%2Bde%2Bbebes.jpg?resize=640%2C426&#038;ssl=1\" alt=\"melhores fotografias de bebes\" width=\"640\" height=\"426\" border=\"0\" \/><\/a><\/td>\n<\/tr>\n<tr>\n<td style=\"text-align: center;\">melhores fotografias de bebes<\/td>\n<\/tr>\n<\/tbody>\n<\/table>\n<table style=\"margin-left: auto; margin-right: auto; text-align: center;\" cellspacing=\"0\" cellpadding=\"0\" align=\"center\">\n<tbody>\n<tr>\n<td style=\"text-align: center;\"><a style=\"margin-left: auto; margin-right: auto;\" href=\"https:\/\/i0.wp.com\/1.bp.blogspot.com\/-ls_aH7qB0ps\/V7OP4pUB3dI\/AAAAAAAARSs\/ycse4IsXId8ced3U3pVajcb82vwdxyjhgCLcB\/s1600\/sess%25C3%25A3o%2Bde%2Bfotos%2Bbebes%2Bprimeiro%2Bano.jpg?ssl=1\"><img data-recalc-dims=\"1\" loading=\"lazy\" decoding=\"async\" title=\"sess\u00e3o de fotos bebes primeiro ano\" src=\"https:\/\/i0.wp.com\/1.bp.blogspot.com\/-ls_aH7qB0ps\/V7OP4pUB3dI\/AAAAAAAARSs\/ycse4IsXId8ced3U3pVajcb82vwdxyjhgCLcB\/s640\/sess%25C3%25A3o%2Bde%2Bfotos%2Bbebes%2Bprimeiro%2Bano.jpg?resize=640%2C426&#038;ssl=1\" alt=\"sess\u00e3o de fotos bebes primeiro ano\" width=\"640\" height=\"426\" border=\"0\" \/><\/a><\/td>\n<\/tr>\n<tr>\n<td style=\"text-align: center;\">sess\u00e3o de fotos bebes primeiro ano<\/td>\n<\/tr>\n<\/tbody>\n<\/table>\nVisite tamb\u00e9m nosso site: www.biancamachado.com.br\r\n(11) 97107-1018\r\n\r\nAtendemos as regi\u00f5es de S\u00e3o Paulo, Sorocaba, Ibi\u00fana, Piedade, Votorantim, Cotia, Itupeva, Jundia\u00ed, It\u00fa e Campinas","protected":false},"excerpt":{"rendered":"<p> O Studio Bianca Machado \u00e9 o lugar perfeito para fotografar o crescimento do seu beb\u00ea, oferecendo ensaios personalizados e adaptados \u00e0s necessidades da fam\u00edlia e criando fotos que registrem o crescimento e destaquem a fofura e a uni\u00e3o da fam\u00edlia. A fot\u00f3grafa Bianca Machado \u00e9 apaixonada e dedicada a criar fotos incr\u00edveis e inesquec\u00edveis.<\/p>\n","protected":false},"author":1,"featured_media":871,"comment_status":"open","ping_status":"open","sticky":false,"template":"","format":"standard","meta":{"_monsterinsights_skip_tracking":false,"_monsterinsights_sitenote_active":false,"_monsterinsights_sitenote_note":"","_monsterinsights_sitenote_category":0,"jetpack_post_was_ever_published":false,"_jetpack_newsletter_access":"","_jetpack_dont_email_post_to_subs":false,"_jetpack_newsletter_tier_id":0,"_jetpack_memberships_contains_paywalled_content":false,"_jetpack_memberships_contains_paid_content":false,"_joinchat":[],"footnotes":""},"categories":[292,1],"tags":[332,333,334],"class_list":["post-112","post","type-post","status-publish","format-standard","has-post-thumbnail","hentry","category-book-familia-estudio","category-studio-bianca-machado","tag-book-familia-em-estudio","tag-ensaio-de-fotos-com-criancas","tag-fotografia-profissional-para-familias"],"yoast_head":"<!-- This site is optimized with the Yoast SEO plugin v27.4 - https:\/\/yoast.com\/product\/yoast-seo-wordpress\/ -->\n<title>Fotos de Acompanhamento de Beb\u00eas - STUDIO BIANCA MACHADO<\/title>\n<meta name=\"description\" content=\"O Studio Bianca Machado \u00e9 o lugar perfeito para fotografar o crescimento do seu beb\u00ea, oferecendo ensaios personalizados e adaptados \u00e0s necessidades da fam\u00edlia e criando fotos que registrem o crescimento e destaquem a fofura e a uni\u00e3o da fam\u00edlia. A fot\u00f3grafa Bianca Machado \u00e9 apaixonada e dedicada a criar fotos incr\u00edveis e inesquec\u00edveis.\" \/>\n<meta name=\"robots\" content=\"index, follow, max-snippet:-1, max-image-preview:large, max-video-preview:-1\" \/>\n<link rel=\"canonical\" href=\"https:\/\/biancamachado.com.br\/blog\/fotos-de-acompanhamento-de-bebes\/\" \/>\n<meta property=\"og:locale\" content=\"pt_BR\" \/>\n<meta property=\"og:type\" content=\"article\" \/>\n<meta property=\"og:title\" content=\"Fotos de Acompanhamento de Beb\u00eas - STUDIO BIANCA MACHADO\" \/>\n<meta property=\"og:description\" content=\"O Studio Bianca Machado \u00e9 o lugar perfeito para fotografar o crescimento do seu beb\u00ea, oferecendo ensaios personalizados e adaptados \u00e0s necessidades da fam\u00edlia e criando fotos que registrem o crescimento e destaquem a fofura e a uni\u00e3o da fam\u00edlia. A fot\u00f3grafa Bianca Machado \u00e9 apaixonada e dedicada a criar fotos incr\u00edveis e inesquec\u00edveis.\" \/>\n<meta property=\"og:url\" content=\"https:\/\/biancamachado.com.br\/blog\/fotos-de-acompanhamento-de-bebes\/\" \/>\n<meta property=\"og:site_name\" content=\"STUDIO BIANCA MACHADO\" \/>\n<meta property=\"article:publisher\" content=\"https:\/\/www.facebook.com\/Studiobiancamachado\/\" \/>\n<meta property=\"article:published_time\" content=\"2016-08-16T22:17:00+00:00\" \/>\n<meta property=\"article:modified_time\" content=\"2023-02-14T20:08:33+00:00\" \/>\n<meta property=\"og:image\" content=\"https:\/\/biancamachado.com.br\/blog\/wp-content\/uploads\/2016\/08\/Screenshot_73.png\" \/>\n\t<meta property=\"og:image:width\" content=\"716\" \/>\n\t<meta property=\"og:image:height\" content=\"520\" \/>\n\t<meta property=\"og:image:type\" content=\"image\/png\" \/>\n<meta name=\"author\" content=\"biancamachado\" \/>\n<meta name=\"twitter:card\" content=\"summary_large_image\" \/>\n<meta name=\"twitter:label1\" content=\"Escrito por\" \/>\n\t<meta name=\"twitter:data1\" content=\"biancamachado\" \/>\n\t<meta name=\"twitter:label2\" content=\"Est. tempo de leitura\" \/>\n\t<meta name=\"twitter:data2\" content=\"4 minutos\" \/>\n<script type=\"application\/ld+json\" class=\"yoast-schema-graph\">{\"@context\":\"https:\\\/\\\/schema.org\",\"@graph\":[{\"@type\":\"Article\",\"@id\":\"https:\\\/\\\/biancamachado.com.br\\\/blog\\\/fotos-de-acompanhamento-de-bebes\\\/#article\",\"isPartOf\":{\"@id\":\"https:\\\/\\\/biancamachado.com.br\\\/blog\\\/fotos-de-acompanhamento-de-bebes\\\/\"},\"author\":{\"name\":\"biancamachado\",\"@id\":\"https:\\\/\\\/biancamachado.com.br\\\/blog\\\/#\\\/schema\\\/person\\\/990263800ec5e9bdbbf092a2353550a1\"},\"headline\":\"Fotos de Acompanhamento de Beb\u00eas\",\"datePublished\":\"2016-08-16T22:17:00+00:00\",\"dateModified\":\"2023-02-14T20:08:33+00:00\",\"mainEntityOfPage\":{\"@id\":\"https:\\\/\\\/biancamachado.com.br\\\/blog\\\/fotos-de-acompanhamento-de-bebes\\\/\"},\"wordCount\":387,\"commentCount\":0,\"publisher\":{\"@id\":\"https:\\\/\\\/biancamachado.com.br\\\/blog\\\/#organization\"},\"image\":{\"@id\":\"https:\\\/\\\/biancamachado.com.br\\\/blog\\\/fotos-de-acompanhamento-de-bebes\\\/#primaryimage\"},\"thumbnailUrl\":\"https:\\\/\\\/i0.wp.com\\\/biancamachado.com.br\\\/blog\\\/wp-content\\\/uploads\\\/2016\\\/08\\\/Screenshot_73.png?fit=716%2C520&ssl=1\",\"keywords\":[\"Book familia em estudio\",\"ensaio de fotos com crian\u00e7as\",\"fotografia profissional para familias\"],\"articleSection\":[\"Book Familia Estudio\",\"Studio Bianca Machado\"],\"inLanguage\":\"pt-BR\",\"potentialAction\":[{\"@type\":\"CommentAction\",\"name\":\"Comment\",\"target\":[\"https:\\\/\\\/biancamachado.com.br\\\/blog\\\/fotos-de-acompanhamento-de-bebes\\\/#respond\"]}]},{\"@type\":\"WebPage\",\"@id\":\"https:\\\/\\\/biancamachado.com.br\\\/blog\\\/fotos-de-acompanhamento-de-bebes\\\/\",\"url\":\"https:\\\/\\\/biancamachado.com.br\\\/blog\\\/fotos-de-acompanhamento-de-bebes\\\/\",\"name\":\"Fotos de Acompanhamento de Beb\u00eas - STUDIO BIANCA MACHADO\",\"isPartOf\":{\"@id\":\"https:\\\/\\\/biancamachado.com.br\\\/blog\\\/#website\"},\"primaryImageOfPage\":{\"@id\":\"https:\\\/\\\/biancamachado.com.br\\\/blog\\\/fotos-de-acompanhamento-de-bebes\\\/#primaryimage\"},\"image\":{\"@id\":\"https:\\\/\\\/biancamachado.com.br\\\/blog\\\/fotos-de-acompanhamento-de-bebes\\\/#primaryimage\"},\"thumbnailUrl\":\"https:\\\/\\\/i0.wp.com\\\/biancamachado.com.br\\\/blog\\\/wp-content\\\/uploads\\\/2016\\\/08\\\/Screenshot_73.png?fit=716%2C520&ssl=1\",\"datePublished\":\"2016-08-16T22:17:00+00:00\",\"dateModified\":\"2023-02-14T20:08:33+00:00\",\"description\":\"O Studio Bianca Machado \u00e9 o lugar perfeito para fotografar o crescimento do seu beb\u00ea, oferecendo ensaios personalizados e adaptados \u00e0s necessidades da fam\u00edlia e criando fotos que registrem o crescimento e destaquem a fofura e a uni\u00e3o da fam\u00edlia. A fot\u00f3grafa Bianca Machado \u00e9 apaixonada e dedicada a criar fotos incr\u00edveis e inesquec\u00edveis.\",\"breadcrumb\":{\"@id\":\"https:\\\/\\\/biancamachado.com.br\\\/blog\\\/fotos-de-acompanhamento-de-bebes\\\/#breadcrumb\"},\"inLanguage\":\"pt-BR\",\"potentialAction\":[{\"@type\":\"ReadAction\",\"target\":[\"https:\\\/\\\/biancamachado.com.br\\\/blog\\\/fotos-de-acompanhamento-de-bebes\\\/\"]}]},{\"@type\":\"ImageObject\",\"inLanguage\":\"pt-BR\",\"@id\":\"https:\\\/\\\/biancamachado.com.br\\\/blog\\\/fotos-de-acompanhamento-de-bebes\\\/#primaryimage\",\"url\":\"https:\\\/\\\/i0.wp.com\\\/biancamachado.com.br\\\/blog\\\/wp-content\\\/uploads\\\/2016\\\/08\\\/Screenshot_73.png?fit=716%2C520&ssl=1\",\"contentUrl\":\"https:\\\/\\\/i0.wp.com\\\/biancamachado.com.br\\\/blog\\\/wp-content\\\/uploads\\\/2016\\\/08\\\/Screenshot_73.png?fit=716%2C520&ssl=1\",\"width\":716,\"height\":520,\"caption\":\"Fotos de Acompanhamento de Beb\u00eas\"},{\"@type\":\"BreadcrumbList\",\"@id\":\"https:\\\/\\\/biancamachado.com.br\\\/blog\\\/fotos-de-acompanhamento-de-bebes\\\/#breadcrumb\",\"itemListElement\":[{\"@type\":\"ListItem\",\"position\":1,\"name\":\"In\u00edcio\",\"item\":\"https:\\\/\\\/biancamachado.com.br\\\/blog\\\/\"},{\"@type\":\"ListItem\",\"position\":2,\"name\":\"Fotos de Acompanhamento de Beb\u00eas\"}]},{\"@type\":\"WebSite\",\"@id\":\"https:\\\/\\\/biancamachado.com.br\\\/blog\\\/#website\",\"url\":\"https:\\\/\\\/biancamachado.com.br\\\/blog\\\/\",\"name\":\"STUDIO BIANCA MACHADO\",\"description\":\"Estudio Fotografico, Ensaios e Books de foto profissional\",\"publisher\":{\"@id\":\"https:\\\/\\\/biancamachado.com.br\\\/blog\\\/#organization\"},\"potentialAction\":[{\"@type\":\"SearchAction\",\"target\":{\"@type\":\"EntryPoint\",\"urlTemplate\":\"https:\\\/\\\/biancamachado.com.br\\\/blog\\\/?s={search_term_string}\"},\"query-input\":{\"@type\":\"PropertyValueSpecification\",\"valueRequired\":true,\"valueName\":\"search_term_string\"}}],\"inLanguage\":\"pt-BR\"},{\"@type\":\"Organization\",\"@id\":\"https:\\\/\\\/biancamachado.com.br\\\/blog\\\/#organization\",\"name\":\"STUDIO BIANCA MACHADO\",\"url\":\"https:\\\/\\\/biancamachado.com.br\\\/blog\\\/\",\"logo\":{\"@type\":\"ImageObject\",\"inLanguage\":\"pt-BR\",\"@id\":\"https:\\\/\\\/biancamachado.com.br\\\/blog\\\/#\\\/schema\\\/logo\\\/image\\\/\",\"url\":\"https:\\\/\\\/i0.wp.com\\\/biancamachado.com.br\\\/blog\\\/wp-content\\\/uploads\\\/2021\\\/02\\\/cropped-logo-ml.jpg?fit=278%2C100&ssl=1\",\"contentUrl\":\"https:\\\/\\\/i0.wp.com\\\/biancamachado.com.br\\\/blog\\\/wp-content\\\/uploads\\\/2021\\\/02\\\/cropped-logo-ml.jpg?fit=278%2C100&ssl=1\",\"width\":278,\"height\":100,\"caption\":\"STUDIO BIANCA MACHADO\"},\"image\":{\"@id\":\"https:\\\/\\\/biancamachado.com.br\\\/blog\\\/#\\\/schema\\\/logo\\\/image\\\/\"},\"sameAs\":[\"https:\\\/\\\/www.facebook.com\\\/Studiobiancamachado\\\/\",\"https:\\\/\\\/www.instagram.com\\\/Studiobiancamachado\\\/\"]},{\"@type\":\"Person\",\"@id\":\"https:\\\/\\\/biancamachado.com.br\\\/blog\\\/#\\\/schema\\\/person\\\/990263800ec5e9bdbbf092a2353550a1\",\"name\":\"biancamachado\",\"image\":{\"@type\":\"ImageObject\",\"inLanguage\":\"pt-BR\",\"@id\":\"https:\\\/\\\/secure.gravatar.com\\\/avatar\\\/62b1a50f2632dbc2e279c3eb55aa46cc324c969cff16a69c59756d155316542c?s=96&d=mm&r=g\",\"url\":\"https:\\\/\\\/secure.gravatar.com\\\/avatar\\\/62b1a50f2632dbc2e279c3eb55aa46cc324c969cff16a69c59756d155316542c?s=96&d=mm&r=g\",\"contentUrl\":\"https:\\\/\\\/secure.gravatar.com\\\/avatar\\\/62b1a50f2632dbc2e279c3eb55aa46cc324c969cff16a69c59756d155316542c?s=96&d=mm&r=g\",\"caption\":\"biancamachado\"},\"sameAs\":[\"https:\\\/\\\/biancamachado.com.br\\\/blog\"],\"url\":\"https:\\\/\\\/biancamachado.com.br\\\/blog\\\/author\\\/biancamachado\\\/\"}]}<\/script>\n<!-- \/ Yoast SEO plugin. -->","yoast_head_json":{"title":"Fotos de Acompanhamento de Beb\u00eas - STUDIO BIANCA MACHADO","description":"O Studio Bianca Machado \u00e9 o lugar perfeito para fotografar o crescimento do seu beb\u00ea, oferecendo ensaios personalizados e adaptados \u00e0s necessidades da fam\u00edlia e criando fotos que registrem o crescimento e destaquem a fofura e a uni\u00e3o da fam\u00edlia. A fot\u00f3grafa Bianca Machado \u00e9 apaixonada e dedicada a criar fotos incr\u00edveis e inesquec\u00edveis.","robots":{"index":"index","follow":"follow","max-snippet":"max-snippet:-1","max-image-preview":"max-image-preview:large","max-video-preview":"max-video-preview:-1"},"canonical":"https:\/\/biancamachado.com.br\/blog\/fotos-de-acompanhamento-de-bebes\/","og_locale":"pt_BR","og_type":"article","og_title":"Fotos de Acompanhamento de Beb\u00eas - STUDIO BIANCA MACHADO","og_description":"O Studio Bianca Machado \u00e9 o lugar perfeito para fotografar o crescimento do seu beb\u00ea, oferecendo ensaios personalizados e adaptados \u00e0s necessidades da fam\u00edlia e criando fotos que registrem o crescimento e destaquem a fofura e a uni\u00e3o da fam\u00edlia. A fot\u00f3grafa Bianca Machado \u00e9 apaixonada e dedicada a criar fotos incr\u00edveis e inesquec\u00edveis.","og_url":"https:\/\/biancamachado.com.br\/blog\/fotos-de-acompanhamento-de-bebes\/","og_site_name":"STUDIO BIANCA MACHADO","article_publisher":"https:\/\/www.facebook.com\/Studiobiancamachado\/","article_published_time":"2016-08-16T22:17:00+00:00","article_modified_time":"2023-02-14T20:08:33+00:00","og_image":[{"width":716,"height":520,"url":"https:\/\/biancamachado.com.br\/blog\/wp-content\/uploads\/2016\/08\/Screenshot_73.png","type":"image\/png"}],"author":"biancamachado","twitter_card":"summary_large_image","twitter_misc":{"Escrito por":"biancamachado","Est. tempo de leitura":"4 minutos"},"schema":{"@context":"https:\/\/schema.org","@graph":[{"@type":"Article","@id":"https:\/\/biancamachado.com.br\/blog\/fotos-de-acompanhamento-de-bebes\/#article","isPartOf":{"@id":"https:\/\/biancamachado.com.br\/blog\/fotos-de-acompanhamento-de-bebes\/"},"author":{"name":"biancamachado","@id":"https:\/\/biancamachado.com.br\/blog\/#\/schema\/person\/990263800ec5e9bdbbf092a2353550a1"},"headline":"Fotos de Acompanhamento de Beb\u00eas","datePublished":"2016-08-16T22:17:00+00:00","dateModified":"2023-02-14T20:08:33+00:00","mainEntityOfPage":{"@id":"https:\/\/biancamachado.com.br\/blog\/fotos-de-acompanhamento-de-bebes\/"},"wordCount":387,"commentCount":0,"publisher":{"@id":"https:\/\/biancamachado.com.br\/blog\/#organization"},"image":{"@id":"https:\/\/biancamachado.com.br\/blog\/fotos-de-acompanhamento-de-bebes\/#primaryimage"},"thumbnailUrl":"https:\/\/i0.wp.com\/biancamachado.com.br\/blog\/wp-content\/uploads\/2016\/08\/Screenshot_73.png?fit=716%2C520&ssl=1","keywords":["Book familia em estudio","ensaio de fotos com crian\u00e7as","fotografia profissional para familias"],"articleSection":["Book Familia Estudio","Studio Bianca Machado"],"inLanguage":"pt-BR","potentialAction":[{"@type":"CommentAction","name":"Comment","target":["https:\/\/biancamachado.com.br\/blog\/fotos-de-acompanhamento-de-bebes\/#respond"]}]},{"@type":"WebPage","@id":"https:\/\/biancamachado.com.br\/blog\/fotos-de-acompanhamento-de-bebes\/","url":"https:\/\/biancamachado.com.br\/blog\/fotos-de-acompanhamento-de-bebes\/","name":"Fotos de Acompanhamento de Beb\u00eas - STUDIO BIANCA MACHADO","isPartOf":{"@id":"https:\/\/biancamachado.com.br\/blog\/#website"},"primaryImageOfPage":{"@id":"https:\/\/biancamachado.com.br\/blog\/fotos-de-acompanhamento-de-bebes\/#primaryimage"},"image":{"@id":"https:\/\/biancamachado.com.br\/blog\/fotos-de-acompanhamento-de-bebes\/#primaryimage"},"thumbnailUrl":"https:\/\/i0.wp.com\/biancamachado.com.br\/blog\/wp-content\/uploads\/2016\/08\/Screenshot_73.png?fit=716%2C520&ssl=1","datePublished":"2016-08-16T22:17:00+00:00","dateModified":"2023-02-14T20:08:33+00:00","description":"O Studio Bianca Machado \u00e9 o lugar perfeito para fotografar o crescimento do seu beb\u00ea, oferecendo ensaios personalizados e adaptados \u00e0s necessidades da fam\u00edlia e criando fotos que registrem o crescimento e destaquem a fofura e a uni\u00e3o da fam\u00edlia. A fot\u00f3grafa Bianca Machado \u00e9 apaixonada e dedicada a criar fotos incr\u00edveis e inesquec\u00edveis.","breadcrumb":{"@id":"https:\/\/biancamachado.com.br\/blog\/fotos-de-acompanhamento-de-bebes\/#breadcrumb"},"inLanguage":"pt-BR","potentialAction":[{"@type":"ReadAction","target":["https:\/\/biancamachado.com.br\/blog\/fotos-de-acompanhamento-de-bebes\/"]}]},{"@type":"ImageObject","inLanguage":"pt-BR","@id":"https:\/\/biancamachado.com.br\/blog\/fotos-de-acompanhamento-de-bebes\/#primaryimage","url":"https:\/\/i0.wp.com\/biancamachado.com.br\/blog\/wp-content\/uploads\/2016\/08\/Screenshot_73.png?fit=716%2C520&ssl=1","contentUrl":"https:\/\/i0.wp.com\/biancamachado.com.br\/blog\/wp-content\/uploads\/2016\/08\/Screenshot_73.png?fit=716%2C520&ssl=1","width":716,"height":520,"caption":"Fotos de Acompanhamento de Beb\u00eas"},{"@type":"BreadcrumbList","@id":"https:\/\/biancamachado.com.br\/blog\/fotos-de-acompanhamento-de-bebes\/#breadcrumb","itemListElement":[{"@type":"ListItem","position":1,"name":"In\u00edcio","item":"https:\/\/biancamachado.com.br\/blog\/"},{"@type":"ListItem","position":2,"name":"Fotos de Acompanhamento de Beb\u00eas"}]},{"@type":"WebSite","@id":"https:\/\/biancamachado.com.br\/blog\/#website","url":"https:\/\/biancamachado.com.br\/blog\/","name":"STUDIO BIANCA MACHADO","description":"Estudio Fotografico, Ensaios e Books de foto profissional","publisher":{"@id":"https:\/\/biancamachado.com.br\/blog\/#organization"},"potentialAction":[{"@type":"SearchAction","target":{"@type":"EntryPoint","urlTemplate":"https:\/\/biancamachado.com.br\/blog\/?s={search_term_string}"},"query-input":{"@type":"PropertyValueSpecification","valueRequired":true,"valueName":"search_term_string"}}],"inLanguage":"pt-BR"},{"@type":"Organization","@id":"https:\/\/biancamachado.com.br\/blog\/#organization","name":"STUDIO BIANCA MACHADO","url":"https:\/\/biancamachado.com.br\/blog\/","logo":{"@type":"ImageObject","inLanguage":"pt-BR","@id":"https:\/\/biancamachado.com.br\/blog\/#\/schema\/logo\/image\/","url":"https:\/\/i0.wp.com\/biancamachado.com.br\/blog\/wp-content\/uploads\/2021\/02\/cropped-logo-ml.jpg?fit=278%2C100&ssl=1","contentUrl":"https:\/\/i0.wp.com\/biancamachado.com.br\/blog\/wp-content\/uploads\/2021\/02\/cropped-logo-ml.jpg?fit=278%2C100&ssl=1","width":278,"height":100,"caption":"STUDIO BIANCA MACHADO"},"image":{"@id":"https:\/\/biancamachado.com.br\/blog\/#\/schema\/logo\/image\/"},"sameAs":["https:\/\/www.facebook.com\/Studiobiancamachado\/","https:\/\/www.instagram.com\/Studiobiancamachado\/"]},{"@type":"Person","@id":"https:\/\/biancamachado.com.br\/blog\/#\/schema\/person\/990263800ec5e9bdbbf092a2353550a1","name":"biancamachado","image":{"@type":"ImageObject","inLanguage":"pt-BR","@id":"https:\/\/secure.gravatar.com\/avatar\/62b1a50f2632dbc2e279c3eb55aa46cc324c969cff16a69c59756d155316542c?s=96&d=mm&r=g","url":"https:\/\/secure.gravatar.com\/avatar\/62b1a50f2632dbc2e279c3eb55aa46cc324c969cff16a69c59756d155316542c?s=96&d=mm&r=g","contentUrl":"https:\/\/secure.gravatar.com\/avatar\/62b1a50f2632dbc2e279c3eb55aa46cc324c969cff16a69c59756d155316542c?s=96&d=mm&r=g","caption":"biancamachado"},"sameAs":["https:\/\/biancamachado.com.br\/blog"],"url":"https:\/\/biancamachado.com.br\/blog\/author\/biancamachado\/"}]}},"jetpack_featured_media_url":"https:\/\/i0.wp.com\/biancamachado.com.br\/blog\/wp-content\/uploads\/2016\/08\/Screenshot_73.png?fit=716%2C520&ssl=1","jetpack-related-posts":[],"jetpack_sharing_enabled":true,"_links":{"self":[{"href":"https:\/\/biancamachado.com.br\/blog\/wp-json\/wp\/v2\/posts\/112","targetHints":{"allow":["GET"]}}],"collection":[{"href":"https:\/\/biancamachado.com.br\/blog\/wp-json\/wp\/v2\/posts"}],"about":[{"href":"https:\/\/biancamachado.com.br\/blog\/wp-json\/wp\/v2\/types\/post"}],"author":[{"embeddable":true,"href":"https:\/\/biancamachado.com.br\/blog\/wp-json\/wp\/v2\/users\/1"}],"replies":[{"embeddable":true,"href":"https:\/\/biancamachado.com.br\/blog\/wp-json\/wp\/v2\/comments?post=112"}],"version-history":[{"count":2,"href":"https:\/\/biancamachado.com.br\/blog\/wp-json\/wp\/v2\/posts\/112\/revisions"}],"predecessor-version":[{"id":3399,"href":"https:\/\/biancamachado.com.br\/blog\/wp-json\/wp\/v2\/posts\/112\/revisions\/3399"}],"wp:featuredmedia":[{"embeddable":true,"href":"https:\/\/biancamachado.com.br\/blog\/wp-json\/wp\/v2\/media\/871"}],"wp:attachment":[{"href":"https:\/\/biancamachado.com.br\/blog\/wp-json\/wp\/v2\/media?parent=112"}],"wp:term":[{"taxonomy":"category","embeddable":true,"href":"https:\/\/biancamachado.com.br\/blog\/wp-json\/wp\/v2\/categories?post=112"},{"taxonomy":"post_tag","embeddable":true,"href":"https:\/\/biancamachado.com.br\/blog\/wp-json\/wp\/v2\/tags?post=112"}],"curies":[{"name":"wp","href":"https:\/\/api.w.org\/{rel}","templated":true}]}}