{"id":104,"date":"2016-08-16T20:37:00","date_gmt":"2016-08-16T23:37:00","guid":{"rendered":"https:\/\/biancamachado.com.br\/blog\/?p=104"},"modified":"2023-02-10T13:26:57","modified_gmt":"2023-02-10T16:26:57","slug":"sessao-de-fotos-teen","status":"publish","type":"post","link":"https:\/\/biancamachado.com.br\/blog\/sessao-de-fotos-teen\/","title":{"rendered":"Sess\u00e3o de Fotos Teen"},"content":{"rendered":"<p>Eu adoro fotografar os jovens ! kkk<br \/>\nSempre t\u00e3o criativos, aut\u00eanticos, cheios de energia e id\u00e9ias ! kkk<br \/>\nCada sess\u00e3o que eu fotografo, me sinto uns 10 anos mais nova !<br \/>\nEssa \u00e9 a Sandy, uma fofa, adorei muito te conhecer !<br \/>\nConfira o resultado final de uma sess\u00e3o de fotos:<\/p>\n<table style=\"margin-left: auto; margin-right: auto; text-align: center;\" cellspacing=\"0\" cellpadding=\"0\" align=\"center\">\n<tbody>\n<tr>\n<td style=\"text-align: center;\"><a style=\"margin-left: auto; margin-right: auto;\" href=\"https:\/\/i0.wp.com\/1.bp.blogspot.com\/-t4eCaJzcJOY\/V7OiKNEEknI\/AAAAAAAARWw\/6YWRvL-v1ckv-iW93jVuDlCJjGDRANqggCLcB\/s1600\/book%2Bde%2Bfotos%2Bteen.jpg?ssl=1\"><img data-recalc-dims=\"1\" loading=\"lazy\" decoding=\"async\" title=\"book de fotos teen\" src=\"https:\/\/i0.wp.com\/1.bp.blogspot.com\/-t4eCaJzcJOY\/V7OiKNEEknI\/AAAAAAAARWw\/6YWRvL-v1ckv-iW93jVuDlCJjGDRANqggCLcB\/s640\/book%2Bde%2Bfotos%2Bteen.jpg?resize=426%2C640&#038;ssl=1\" alt=\"book de fotos teen\" width=\"426\" height=\"640\" border=\"0\" \/><\/a><\/td>\n<\/tr>\n<tr>\n<td style=\"text-align: center;\">book de fotos teen<\/td>\n<\/tr>\n<\/tbody>\n<\/table>\n<table style=\"margin-left: auto; margin-right: auto; text-align: center;\" cellspacing=\"0\" cellpadding=\"0\" align=\"center\">\n<tbody>\n<tr>\n<td style=\"text-align: center;\"><a style=\"margin-left: auto; margin-right: auto;\" href=\"https:\/\/i0.wp.com\/4.bp.blogspot.com\/-D9VTgVTGp5Q\/V7OiGFyI_KI\/AAAAAAAARWo\/VwUcWjTPay42xIKApxpfjKJkGZwIh2OGwCLcB\/s1600\/ensaio%2Bde%2Bfotos%2Badolescentes.jpg?ssl=1\"><img data-recalc-dims=\"1\" loading=\"lazy\" decoding=\"async\" title=\"ensaio de fotos adolescentes\" src=\"https:\/\/i0.wp.com\/4.bp.blogspot.com\/-D9VTgVTGp5Q\/V7OiGFyI_KI\/AAAAAAAARWo\/VwUcWjTPay42xIKApxpfjKJkGZwIh2OGwCLcB\/s640\/ensaio%2Bde%2Bfotos%2Badolescentes.jpg?resize=640%2C426&#038;ssl=1\" alt=\"ensaio de fotos adolescentes\" width=\"640\" height=\"426\" border=\"0\" \/><\/a><\/td>\n<\/tr>\n<tr>\n<td style=\"text-align: center;\">ensaio de fotos adolescentes<\/td>\n<\/tr>\n<\/tbody>\n<\/table>\n<p>Fotografar adolescentes \u00e9 uma tarefa desafiadora, mas ao mesmo tempo, muito gratificante. Nessa fase da vida, os jovens est\u00e3o em constante mudan\u00e7a, descobrindo novos talentos e personalidades, e uma sess\u00e3o de fotos teen pode ser uma excelente oportunidade para capturar esses momentos especiais.<\/p>\n<p>Para come\u00e7ar, \u00e9 importante escolher o local certo para a sess\u00e3o. Pode ser em um est\u00fadio, em um parque ou mesmo em casa, desde que haja espa\u00e7o suficiente para fotografar. Al\u00e9m disso, \u00e9 importante que a adolescente sinta-se \u00e0 vontade no ambiente, para que as fotos sejam mais naturais.<\/p>\n<p>Outra dica \u00e9 incentivar a adolescente a escolher suas pr\u00f3prias roupas e acess\u00f3rios para a sess\u00e3o. Isso ajudar\u00e1 a refletir sua personalidade e estilo pessoal nas fotos. \u00c9 importante que ela se sinta confort\u00e1vel e segura com suas escolhas.<\/p>\n<p>Durante a sess\u00e3o, o fot\u00f3grafo deve estar atento \u00e0s necessidades da adolescente, ouvindo suas sugest\u00f5es e fazendo coment\u00e1rios positivos para mant\u00ea-la animada. \u00c9 importante ser criativo e encontrar novas formas de capturar seus momentos de maneira divertida e natural.<\/p>\n<p>Por fim, \u00e9 importante ter paci\u00eancia e n\u00e3o pressionar a adolescente. \u00c9 normal que ela sinta nervosismo ou inseguran\u00e7a, mas o fot\u00f3grafo deve ser compreensivo e dar tempo para que ela se sinta mais \u00e0 vontade.<\/p>\n<p>Em resumo, uma sess\u00e3o de fotos teen pode ser uma experi\u00eancia incr\u00edvel para os jovens e para os pais. Com algumas dicas e um fot\u00f3grafo profissional, \u00e9 poss\u00edvel capturar esses momentos especiais e criar recorda\u00e7\u00f5es inesquec\u00edveis.<\/p>\n<table style=\"margin-left: auto; margin-right: auto; text-align: center;\" cellspacing=\"0\" cellpadding=\"0\" align=\"center\">\n<tbody>\n<tr>\n<td style=\"text-align: center;\"><a style=\"margin-left: auto; margin-right: auto;\" href=\"https:\/\/i0.wp.com\/1.bp.blogspot.com\/-EIk6RVlPFZI\/V7OiCpBBepI\/AAAAAAAARWk\/dSEo8FckOb8Zbi4wYdpeVtP-cVyte6QrQCLcB\/s1600\/ensaio%2Bde%2Bfotos%2Bteen.jpg?ssl=1\"><img data-recalc-dims=\"1\" loading=\"lazy\" decoding=\"async\" title=\"ensaio de fotos teen\" src=\"https:\/\/i0.wp.com\/1.bp.blogspot.com\/-EIk6RVlPFZI\/V7OiCpBBepI\/AAAAAAAARWk\/dSEo8FckOb8Zbi4wYdpeVtP-cVyte6QrQCLcB\/s640\/ensaio%2Bde%2Bfotos%2Bteen.jpg?resize=426%2C640&#038;ssl=1\" alt=\"ensaio de fotos teen\" width=\"426\" height=\"640\" border=\"0\" \/><\/a><\/td>\n<\/tr>\n<tr>\n<td style=\"text-align: center;\">ensaio de fotos teen<\/td>\n<\/tr>\n<\/tbody>\n<\/table>\n<table style=\"margin-left: auto; margin-right: auto; text-align: center;\" cellspacing=\"0\" cellpadding=\"0\" align=\"center\">\n<tbody>\n<tr>\n<td style=\"text-align: center;\"><a style=\"margin-left: auto; margin-right: auto;\" href=\"https:\/\/i0.wp.com\/4.bp.blogspot.com\/-tmYG01zr-rU\/V7OiIWdugTI\/AAAAAAAARWs\/79NIKi1xN2cPkCIWhM7oT0NpWSLiZtrjwCLcB\/s1600\/fotografia%2Bem%2Bestudio.jpg?ssl=1\"><img data-recalc-dims=\"1\" loading=\"lazy\" decoding=\"async\" title=\"fotografia em estudio\" src=\"https:\/\/i0.wp.com\/4.bp.blogspot.com\/-tmYG01zr-rU\/V7OiIWdugTI\/AAAAAAAARWs\/79NIKi1xN2cPkCIWhM7oT0NpWSLiZtrjwCLcB\/s640\/fotografia%2Bem%2Bestudio.jpg?resize=426%2C640&#038;ssl=1\" alt=\"fotografia em estudio\" width=\"426\" height=\"640\" border=\"0\" \/><\/a><\/td>\n<\/tr>\n<tr>\n<td style=\"text-align: center;\">fotografia em estudio<\/td>\n<\/tr>\n<\/tbody>\n<\/table>\n<table style=\"margin-left: auto; margin-right: auto; text-align: center;\" cellspacing=\"0\" cellpadding=\"0\" align=\"center\">\n<tbody>\n<tr>\n<td style=\"text-align: center;\"><a style=\"margin-left: auto; margin-right: auto;\" href=\"https:\/\/i0.wp.com\/2.bp.blogspot.com\/-AIPp4GHcZ7Y\/V7OiRhVQk_I\/AAAAAAAARW0\/XVa8_ohTORUHIF26FQtiesoSS3keZpb0QCLcB\/s1600\/fotografia%2Bteen%2Bem%2Bestudio%2B%25282%2529.jpg?ssl=1\"><img data-recalc-dims=\"1\" loading=\"lazy\" decoding=\"async\" title=\"fotografia teen em estudio (2)\" src=\"https:\/\/i0.wp.com\/2.bp.blogspot.com\/-AIPp4GHcZ7Y\/V7OiRhVQk_I\/AAAAAAAARW0\/XVa8_ohTORUHIF26FQtiesoSS3keZpb0QCLcB\/s640\/fotografia%2Bteen%2Bem%2Bestudio%2B%25282%2529.jpg?resize=640%2C426&#038;ssl=1\" alt=\"fotografia teen em estudio (2)\" width=\"640\" height=\"426\" border=\"0\" \/><\/a><\/td>\n<\/tr>\n<tr>\n<td style=\"text-align: center;\">fotografia teen em estudio (2)<\/td>\n<\/tr>\n<\/tbody>\n<\/table>\n<table style=\"margin-left: auto; margin-right: auto; text-align: center;\" cellspacing=\"0\" cellpadding=\"0\" align=\"center\">\n<tbody>\n<tr>\n<td style=\"text-align: center;\"><a style=\"margin-left: auto; margin-right: auto;\" href=\"https:\/\/i0.wp.com\/2.bp.blogspot.com\/-XPdfes2wVhU\/V7OiTIfWOVI\/AAAAAAAARW4\/t66tSmJUDAMKMSzPDKeXbHrSP0znymwPACLcB\/s1600\/fotografia%2Bteen%2Bem%2Bestudio.jpg?ssl=1\"><img data-recalc-dims=\"1\" loading=\"lazy\" decoding=\"async\" title=\"fotografia teen em estudio\" src=\"https:\/\/i0.wp.com\/2.bp.blogspot.com\/-XPdfes2wVhU\/V7OiTIfWOVI\/AAAAAAAARW4\/t66tSmJUDAMKMSzPDKeXbHrSP0znymwPACLcB\/s640\/fotografia%2Bteen%2Bem%2Bestudio.jpg?resize=426%2C640&#038;ssl=1\" alt=\"fotografia teen em estudio\" width=\"426\" height=\"640\" border=\"0\" \/><\/a><\/td>\n<\/tr>\n<tr>\n<td style=\"text-align: center;\">fotografia teen em estudio<\/td>\n<\/tr>\n<\/tbody>\n<\/table>\n<table style=\"margin-left: auto; margin-right: auto; text-align: center;\" cellspacing=\"0\" cellpadding=\"0\" align=\"center\">\n<tbody>\n<tr>\n<td style=\"text-align: center;\"><a style=\"margin-left: auto; margin-right: auto;\" href=\"https:\/\/i0.wp.com\/2.bp.blogspot.com\/-vAPUJ33m1hM\/V7OiUMjnW1I\/AAAAAAAARW8\/yhRI0aCapZ0unQ_wK7H1Emte_HVopLa3ACLcB\/s1600\/fotografia%2Bteen.jpg?ssl=1\"><img data-recalc-dims=\"1\" loading=\"lazy\" decoding=\"async\" title=\"fotografia teen\" src=\"https:\/\/i0.wp.com\/2.bp.blogspot.com\/-vAPUJ33m1hM\/V7OiUMjnW1I\/AAAAAAAARW8\/yhRI0aCapZ0unQ_wK7H1Emte_HVopLa3ACLcB\/s640\/fotografia%2Bteen.jpg?resize=426%2C640&#038;ssl=1\" alt=\"fotografia teen\" width=\"426\" height=\"640\" border=\"0\" \/><\/a><\/td>\n<\/tr>\n<tr>\n<td style=\"text-align: center;\">fotografia teen<\/td>\n<\/tr>\n<\/tbody>\n<\/table>\n<table style=\"margin-left: auto; margin-right: auto; text-align: center;\" cellspacing=\"0\" cellpadding=\"0\" align=\"center\">\n<tbody>\n<tr>\n<td style=\"text-align: center;\"><a style=\"margin-left: auto; margin-right: auto;\" href=\"https:\/\/i0.wp.com\/2.bp.blogspot.com\/-jBoe2GfCREg\/V7OiZArSWEI\/AAAAAAAARXE\/5X1gll28y4ItPq5Spc5Mp9QdLOdC-8fdQCLcB\/s1600\/fotografias%2Bcriativas%2Bem%2Bestudio.jpg?ssl=1\"><img data-recalc-dims=\"1\" loading=\"lazy\" decoding=\"async\" title=\"fotografias criativas em estudio\" src=\"https:\/\/i0.wp.com\/2.bp.blogspot.com\/-jBoe2GfCREg\/V7OiZArSWEI\/AAAAAAAARXE\/5X1gll28y4ItPq5Spc5Mp9QdLOdC-8fdQCLcB\/s640\/fotografias%2Bcriativas%2Bem%2Bestudio.jpg?resize=426%2C640&#038;ssl=1\" alt=\"fotografias criativas em estudio\" width=\"426\" height=\"640\" border=\"0\" \/><\/a><\/td>\n<\/tr>\n<tr>\n<td style=\"text-align: center;\">fotografias criativas em estudio<\/td>\n<\/tr>\n<\/tbody>\n<\/table>\n<table style=\"margin-left: auto; margin-right: auto; text-align: center;\" cellspacing=\"0\" cellpadding=\"0\" align=\"center\">\n<tbody>\n<tr>\n<td style=\"text-align: center;\"><a style=\"margin-left: auto; margin-right: auto;\" href=\"https:\/\/i0.wp.com\/4.bp.blogspot.com\/-sbXkfMXSqS8\/V7Oid2VGcQI\/AAAAAAAARXI\/QJ2uwPtEaYE7kYdiRO3zGqVLF_5Um1AZQCLcB\/s1600\/fotografias%2Bpara%2Bdebutante.jpg?ssl=1\"><img data-recalc-dims=\"1\" loading=\"lazy\" decoding=\"async\" title=\"fotografias para debutante\" src=\"https:\/\/i0.wp.com\/4.bp.blogspot.com\/-sbXkfMXSqS8\/V7Oid2VGcQI\/AAAAAAAARXI\/QJ2uwPtEaYE7kYdiRO3zGqVLF_5Um1AZQCLcB\/s640\/fotografias%2Bpara%2Bdebutante.jpg?resize=426%2C640&#038;ssl=1\" alt=\"fotografias para debutante\" width=\"426\" height=\"640\" border=\"0\" \/><\/a><\/td>\n<\/tr>\n<tr>\n<td style=\"text-align: center;\">fotografias para debutante<\/td>\n<\/tr>\n<\/tbody>\n<\/table>\n<table style=\"margin-left: auto; margin-right: auto; text-align: center;\" cellspacing=\"0\" cellpadding=\"0\" align=\"center\">\n<tbody>\n<tr>\n<td style=\"text-align: center;\"><a style=\"margin-left: auto; margin-right: auto;\" href=\"https:\/\/i0.wp.com\/1.bp.blogspot.com\/-1aX8XeixdA4\/V7OifVMSWiI\/AAAAAAAARXQ\/CyPr06ufVT4n_4xVOV8llhaH9r-tVFbKgCLcB\/s1600\/fotos%2Bde%2Bbook%2Bteen.jpg?ssl=1\"><img data-recalc-dims=\"1\" loading=\"lazy\" decoding=\"async\" title=\"fotos de book teen\" src=\"https:\/\/i0.wp.com\/1.bp.blogspot.com\/-1aX8XeixdA4\/V7OifVMSWiI\/AAAAAAAARXQ\/CyPr06ufVT4n_4xVOV8llhaH9r-tVFbKgCLcB\/s640\/fotos%2Bde%2Bbook%2Bteen.jpg?resize=426%2C640&#038;ssl=1\" alt=\"fotos de book teen\" width=\"426\" height=\"640\" border=\"0\" \/><\/a><\/td>\n<\/tr>\n<tr>\n<td style=\"text-align: center;\">fotos de book teen<\/td>\n<\/tr>\n<\/tbody>\n<\/table>\n<table style=\"margin-left: auto; margin-right: auto; text-align: center;\" cellspacing=\"0\" cellpadding=\"0\" align=\"center\">\n<tbody>\n<tr>\n<td style=\"text-align: center;\"><a style=\"margin-left: auto; margin-right: auto;\" href=\"https:\/\/i0.wp.com\/4.bp.blogspot.com\/-4sGbZHrRXPI\/V7Oie9Kd-NI\/AAAAAAAARXM\/Cl4WBKsdpcMzC_8-YUzJNKsvYEVhDA3IgCLcB\/s1600\/fotos%2Bensaio%2Bteen.jpg?ssl=1\"><img data-recalc-dims=\"1\" loading=\"lazy\" decoding=\"async\" title=\"fotos ensaio teen\" src=\"https:\/\/i0.wp.com\/4.bp.blogspot.com\/-4sGbZHrRXPI\/V7Oie9Kd-NI\/AAAAAAAARXM\/Cl4WBKsdpcMzC_8-YUzJNKsvYEVhDA3IgCLcB\/s640\/fotos%2Bensaio%2Bteen.jpg?resize=426%2C640&#038;ssl=1\" alt=\"fotos ensaio teen\" width=\"426\" height=\"640\" border=\"0\" \/><\/a><\/td>\n<\/tr>\n<tr>\n<td style=\"text-align: center;\">fotos ensaio teen<\/td>\n<\/tr>\n<\/tbody>\n<\/table>\n<table style=\"margin-left: auto; margin-right: auto; text-align: center;\" cellspacing=\"0\" cellpadding=\"0\" align=\"center\">\n<tbody>\n<tr>\n<td style=\"text-align: center;\"><a style=\"margin-left: auto; margin-right: auto;\" href=\"https:\/\/i0.wp.com\/2.bp.blogspot.com\/-ClMarbXLwFQ\/V7OijT-HygI\/AAAAAAAARXU\/rrM0fx5hh6ch9QPKgl7rvE718PFBwQ1sgCLcB\/s1600\/fotos%2Bprofissionais%2Bteen.jpg?ssl=1\"><img data-recalc-dims=\"1\" loading=\"lazy\" decoding=\"async\" title=\"fotos profissionais teen\" src=\"https:\/\/i0.wp.com\/2.bp.blogspot.com\/-ClMarbXLwFQ\/V7OijT-HygI\/AAAAAAAARXU\/rrM0fx5hh6ch9QPKgl7rvE718PFBwQ1sgCLcB\/s640\/fotos%2Bprofissionais%2Bteen.jpg?resize=426%2C640&#038;ssl=1\" alt=\"fotos profissionais teen\" width=\"426\" height=\"640\" border=\"0\" \/><\/a><\/td>\n<\/tr>\n<tr>\n<td style=\"text-align: center;\">fotos profissionais teen<\/td>\n<\/tr>\n<\/tbody>\n<\/table>\n<table style=\"margin-left: auto; margin-right: auto; text-align: center;\" cellspacing=\"0\" cellpadding=\"0\" align=\"center\">\n<tbody>\n<tr>\n<td style=\"text-align: center;\"><a style=\"margin-left: auto; margin-right: auto;\" href=\"https:\/\/i0.wp.com\/1.bp.blogspot.com\/-8Y5DCMRsbG4\/V7OipdmXKDI\/AAAAAAAARXc\/Moa6IY_9ViE338ec8_O0J9Z5HM00QCZhgCLcB\/s1600\/fotos%2Bteen%2Bfeminina.jpg?ssl=1\"><img data-recalc-dims=\"1\" loading=\"lazy\" decoding=\"async\" title=\"fotos teen feminina\" src=\"https:\/\/i0.wp.com\/1.bp.blogspot.com\/-8Y5DCMRsbG4\/V7OipdmXKDI\/AAAAAAAARXc\/Moa6IY_9ViE338ec8_O0J9Z5HM00QCZhgCLcB\/s640\/fotos%2Bteen%2Bfeminina.jpg?resize=426%2C640&#038;ssl=1\" alt=\"fotos teen feminina\" width=\"426\" height=\"640\" border=\"0\" \/><\/a><\/td>\n<\/tr>\n<tr>\n<td style=\"text-align: center;\">fotos teen feminina<\/td>\n<\/tr>\n<\/tbody>\n<\/table>\n<table style=\"margin-left: auto; margin-right: auto; text-align: center;\" cellspacing=\"0\" cellpadding=\"0\" align=\"center\">\n<tbody>\n<tr>\n<td style=\"text-align: center;\"><a style=\"margin-left: auto; margin-right: auto;\" href=\"https:\/\/i0.wp.com\/1.bp.blogspot.com\/-ktpI60uUUYc\/V7OinISs94I\/AAAAAAAARXY\/nIx37_QILUg4xC1AFM3tcPDf_hLS5VVTQCLcB\/s1600\/fotos%2Bteen.jpg?ssl=1\"><img data-recalc-dims=\"1\" loading=\"lazy\" decoding=\"async\" title=\"fotos teen\" src=\"https:\/\/i0.wp.com\/1.bp.blogspot.com\/-ktpI60uUUYc\/V7OinISs94I\/AAAAAAAARXY\/nIx37_QILUg4xC1AFM3tcPDf_hLS5VVTQCLcB\/s640\/fotos%2Bteen.jpg?resize=426%2C640&#038;ssl=1\" alt=\"fotos teen\" width=\"426\" height=\"640\" border=\"0\" \/><\/a><\/td>\n<\/tr>\n<tr>\n<td style=\"text-align: center;\">fotos teen<\/td>\n<\/tr>\n<\/tbody>\n<\/table>\n<table style=\"margin-left: auto; margin-right: auto; text-align: center;\" cellspacing=\"0\" cellpadding=\"0\" align=\"center\">\n<tbody>\n<tr>\n<td style=\"text-align: center;\"><a style=\"margin-left: auto; margin-right: auto;\" href=\"https:\/\/i0.wp.com\/1.bp.blogspot.com\/-b78tXpTa7TE\/V7OiqikTogI\/AAAAAAAARXg\/r67YbGvVflIaeHqFEOoXPiLxvzZvkeoWACLcB\/s1600\/sess%25C3%25A3o%2Bde%2Bfotos%2Bteen.jpg?ssl=1\"><img data-recalc-dims=\"1\" loading=\"lazy\" decoding=\"async\" title=\"sess\u00e3o de fotos teen\" src=\"https:\/\/i0.wp.com\/1.bp.blogspot.com\/-b78tXpTa7TE\/V7OiqikTogI\/AAAAAAAARXg\/r67YbGvVflIaeHqFEOoXPiLxvzZvkeoWACLcB\/s640\/sess%25C3%25A3o%2Bde%2Bfotos%2Bteen.jpg?resize=426%2C640&#038;ssl=1\" alt=\"sess\u00e3o de fotos teen\" width=\"426\" height=\"640\" border=\"0\" \/><\/a><\/td>\n<\/tr>\n<tr>\n<td style=\"text-align: center;\">sess\u00e3o de fotos teen<\/td>\n<\/tr>\n<\/tbody>\n<\/table>\nVisite tamb\u00e9m nosso site: www.biancamachado.com.br\r\n(11) 97107-1018\r\n\r\nAtendemos as regi\u00f5es de S\u00e3o Paulo, Sorocaba, Ibi\u00fana, Piedade, Votorantim, Cotia, Itupeva, Jundia\u00ed, It\u00fa e Campinas","protected":false},"excerpt":{"rendered":"<p>Eu adoro fotografar os jovens<\/p>\n","protected":false},"author":1,"featured_media":863,"comment_status":"open","ping_status":"open","sticky":false,"template":"","format":"standard","meta":{"_monsterinsights_skip_tracking":false,"_monsterinsights_sitenote_active":false,"_monsterinsights_sitenote_note":"","_monsterinsights_sitenote_category":0,"jetpack_post_was_ever_published":false,"_jetpack_newsletter_access":"","_jetpack_dont_email_post_to_subs":false,"_jetpack_newsletter_tier_id":0,"_jetpack_memberships_contains_paywalled_content":false,"_jetpack_memberships_contains_paid_content":false,"_joinchat":[],"footnotes":""},"categories":[314,321,1],"tags":[345,347,363,346,362],"class_list":["post-104","post","type-post","status-publish","format-standard","has-post-thumbnail","hentry","category-book-debutante-estudio","category-festa-debutante","category-studio-bianca-machado","tag-book-debutante-em-estudio","tag-book-profissional","tag-fotografia-festa-debutante","tag-fotos-book-para-15-anos","tag-fotos-profissionais-para-festa-15-anos"],"yoast_head":"<!-- This site is optimized with the Yoast SEO plugin v27.4 - https:\/\/yoast.com\/product\/yoast-seo-wordpress\/ -->\n<title>Sess\u00e3o de Fotos Teen - STUDIO BIANCA MACHADO<\/title>\n<meta name=\"robots\" content=\"index, follow, max-snippet:-1, max-image-preview:large, max-video-preview:-1\" \/>\n<link rel=\"canonical\" href=\"https:\/\/biancamachado.com.br\/blog\/sessao-de-fotos-teen\/\" \/>\n<meta property=\"og:locale\" content=\"pt_BR\" \/>\n<meta property=\"og:type\" content=\"article\" \/>\n<meta property=\"og:title\" content=\"Sess\u00e3o de Fotos Teen - STUDIO BIANCA MACHADO\" \/>\n<meta property=\"og:description\" content=\"Eu adoro fotografar os jovens\" \/>\n<meta property=\"og:url\" content=\"https:\/\/biancamachado.com.br\/blog\/sessao-de-fotos-teen\/\" \/>\n<meta property=\"og:site_name\" content=\"STUDIO BIANCA MACHADO\" \/>\n<meta property=\"article:publisher\" content=\"https:\/\/www.facebook.com\/Studiobiancamachado\/\" \/>\n<meta property=\"article:published_time\" content=\"2016-08-16T23:37:00+00:00\" \/>\n<meta property=\"article:modified_time\" content=\"2023-02-10T16:26:57+00:00\" \/>\n<meta property=\"og:image\" content=\"https:\/\/biancamachado.com.br\/blog\/wp-content\/uploads\/2016\/08\/Screenshot_65.png\" \/>\n\t<meta property=\"og:image:width\" content=\"633\" \/>\n\t<meta property=\"og:image:height\" content=\"423\" \/>\n\t<meta property=\"og:image:type\" content=\"image\/png\" \/>\n<meta name=\"author\" content=\"biancamachado\" \/>\n<meta name=\"twitter:card\" content=\"summary_large_image\" \/>\n<meta name=\"twitter:label1\" content=\"Escrito por\" \/>\n\t<meta name=\"twitter:data1\" content=\"biancamachado\" \/>\n\t<meta name=\"twitter:label2\" content=\"Est. tempo de leitura\" \/>\n\t<meta name=\"twitter:data2\" content=\"5 minutos\" \/>\n<script type=\"application\/ld+json\" class=\"yoast-schema-graph\">{\"@context\":\"https:\\\/\\\/schema.org\",\"@graph\":[{\"@type\":\"Article\",\"@id\":\"https:\\\/\\\/biancamachado.com.br\\\/blog\\\/sessao-de-fotos-teen\\\/#article\",\"isPartOf\":{\"@id\":\"https:\\\/\\\/biancamachado.com.br\\\/blog\\\/sessao-de-fotos-teen\\\/\"},\"author\":{\"name\":\"biancamachado\",\"@id\":\"https:\\\/\\\/biancamachado.com.br\\\/blog\\\/#\\\/schema\\\/person\\\/990263800ec5e9bdbbf092a2353550a1\"},\"headline\":\"Sess\u00e3o de Fotos Teen\",\"datePublished\":\"2016-08-16T23:37:00+00:00\",\"dateModified\":\"2023-02-10T16:26:57+00:00\",\"mainEntityOfPage\":{\"@id\":\"https:\\\/\\\/biancamachado.com.br\\\/blog\\\/sessao-de-fotos-teen\\\/\"},\"wordCount\":366,\"commentCount\":0,\"publisher\":{\"@id\":\"https:\\\/\\\/biancamachado.com.br\\\/blog\\\/#organization\"},\"image\":{\"@id\":\"https:\\\/\\\/biancamachado.com.br\\\/blog\\\/sessao-de-fotos-teen\\\/#primaryimage\"},\"thumbnailUrl\":\"https:\\\/\\\/i0.wp.com\\\/biancamachado.com.br\\\/blog\\\/wp-content\\\/uploads\\\/2016\\\/08\\\/Screenshot_65.png?fit=633%2C423&ssl=1\",\"keywords\":[\"book debutante em estudio\",\"book profissional\",\"fotografia festa debutante\",\"fotos book para 15 anos\",\"fotos profissionais para festa 15 anos\"],\"articleSection\":[\"Book Debutante Estudio\",\"Festa Debutante\",\"Studio Bianca Machado\"],\"inLanguage\":\"pt-BR\",\"potentialAction\":[{\"@type\":\"CommentAction\",\"name\":\"Comment\",\"target\":[\"https:\\\/\\\/biancamachado.com.br\\\/blog\\\/sessao-de-fotos-teen\\\/#respond\"]}]},{\"@type\":\"WebPage\",\"@id\":\"https:\\\/\\\/biancamachado.com.br\\\/blog\\\/sessao-de-fotos-teen\\\/\",\"url\":\"https:\\\/\\\/biancamachado.com.br\\\/blog\\\/sessao-de-fotos-teen\\\/\",\"name\":\"Sess\u00e3o de Fotos Teen - STUDIO BIANCA MACHADO\",\"isPartOf\":{\"@id\":\"https:\\\/\\\/biancamachado.com.br\\\/blog\\\/#website\"},\"primaryImageOfPage\":{\"@id\":\"https:\\\/\\\/biancamachado.com.br\\\/blog\\\/sessao-de-fotos-teen\\\/#primaryimage\"},\"image\":{\"@id\":\"https:\\\/\\\/biancamachado.com.br\\\/blog\\\/sessao-de-fotos-teen\\\/#primaryimage\"},\"thumbnailUrl\":\"https:\\\/\\\/i0.wp.com\\\/biancamachado.com.br\\\/blog\\\/wp-content\\\/uploads\\\/2016\\\/08\\\/Screenshot_65.png?fit=633%2C423&ssl=1\",\"datePublished\":\"2016-08-16T23:37:00+00:00\",\"dateModified\":\"2023-02-10T16:26:57+00:00\",\"breadcrumb\":{\"@id\":\"https:\\\/\\\/biancamachado.com.br\\\/blog\\\/sessao-de-fotos-teen\\\/#breadcrumb\"},\"inLanguage\":\"pt-BR\",\"potentialAction\":[{\"@type\":\"ReadAction\",\"target\":[\"https:\\\/\\\/biancamachado.com.br\\\/blog\\\/sessao-de-fotos-teen\\\/\"]}]},{\"@type\":\"ImageObject\",\"inLanguage\":\"pt-BR\",\"@id\":\"https:\\\/\\\/biancamachado.com.br\\\/blog\\\/sessao-de-fotos-teen\\\/#primaryimage\",\"url\":\"https:\\\/\\\/i0.wp.com\\\/biancamachado.com.br\\\/blog\\\/wp-content\\\/uploads\\\/2016\\\/08\\\/Screenshot_65.png?fit=633%2C423&ssl=1\",\"contentUrl\":\"https:\\\/\\\/i0.wp.com\\\/biancamachado.com.br\\\/blog\\\/wp-content\\\/uploads\\\/2016\\\/08\\\/Screenshot_65.png?fit=633%2C423&ssl=1\",\"width\":633,\"height\":423,\"caption\":\"Sess\u00e3o de Fotos Teen\"},{\"@type\":\"BreadcrumbList\",\"@id\":\"https:\\\/\\\/biancamachado.com.br\\\/blog\\\/sessao-de-fotos-teen\\\/#breadcrumb\",\"itemListElement\":[{\"@type\":\"ListItem\",\"position\":1,\"name\":\"In\u00edcio\",\"item\":\"https:\\\/\\\/biancamachado.com.br\\\/blog\\\/\"},{\"@type\":\"ListItem\",\"position\":2,\"name\":\"Sess\u00e3o de Fotos Teen\"}]},{\"@type\":\"WebSite\",\"@id\":\"https:\\\/\\\/biancamachado.com.br\\\/blog\\\/#website\",\"url\":\"https:\\\/\\\/biancamachado.com.br\\\/blog\\\/\",\"name\":\"STUDIO BIANCA MACHADO\",\"description\":\"Estudio Fotografico, Ensaios e Books de foto profissional\",\"publisher\":{\"@id\":\"https:\\\/\\\/biancamachado.com.br\\\/blog\\\/#organization\"},\"potentialAction\":[{\"@type\":\"SearchAction\",\"target\":{\"@type\":\"EntryPoint\",\"urlTemplate\":\"https:\\\/\\\/biancamachado.com.br\\\/blog\\\/?s={search_term_string}\"},\"query-input\":{\"@type\":\"PropertyValueSpecification\",\"valueRequired\":true,\"valueName\":\"search_term_string\"}}],\"inLanguage\":\"pt-BR\"},{\"@type\":\"Organization\",\"@id\":\"https:\\\/\\\/biancamachado.com.br\\\/blog\\\/#organization\",\"name\":\"STUDIO BIANCA MACHADO\",\"url\":\"https:\\\/\\\/biancamachado.com.br\\\/blog\\\/\",\"logo\":{\"@type\":\"ImageObject\",\"inLanguage\":\"pt-BR\",\"@id\":\"https:\\\/\\\/biancamachado.com.br\\\/blog\\\/#\\\/schema\\\/logo\\\/image\\\/\",\"url\":\"https:\\\/\\\/i0.wp.com\\\/biancamachado.com.br\\\/blog\\\/wp-content\\\/uploads\\\/2021\\\/02\\\/cropped-logo-ml.jpg?fit=278%2C100&ssl=1\",\"contentUrl\":\"https:\\\/\\\/i0.wp.com\\\/biancamachado.com.br\\\/blog\\\/wp-content\\\/uploads\\\/2021\\\/02\\\/cropped-logo-ml.jpg?fit=278%2C100&ssl=1\",\"width\":278,\"height\":100,\"caption\":\"STUDIO BIANCA MACHADO\"},\"image\":{\"@id\":\"https:\\\/\\\/biancamachado.com.br\\\/blog\\\/#\\\/schema\\\/logo\\\/image\\\/\"},\"sameAs\":[\"https:\\\/\\\/www.facebook.com\\\/Studiobiancamachado\\\/\",\"https:\\\/\\\/www.instagram.com\\\/Studiobiancamachado\\\/\"]},{\"@type\":\"Person\",\"@id\":\"https:\\\/\\\/biancamachado.com.br\\\/blog\\\/#\\\/schema\\\/person\\\/990263800ec5e9bdbbf092a2353550a1\",\"name\":\"biancamachado\",\"image\":{\"@type\":\"ImageObject\",\"inLanguage\":\"pt-BR\",\"@id\":\"https:\\\/\\\/secure.gravatar.com\\\/avatar\\\/62b1a50f2632dbc2e279c3eb55aa46cc324c969cff16a69c59756d155316542c?s=96&d=mm&r=g\",\"url\":\"https:\\\/\\\/secure.gravatar.com\\\/avatar\\\/62b1a50f2632dbc2e279c3eb55aa46cc324c969cff16a69c59756d155316542c?s=96&d=mm&r=g\",\"contentUrl\":\"https:\\\/\\\/secure.gravatar.com\\\/avatar\\\/62b1a50f2632dbc2e279c3eb55aa46cc324c969cff16a69c59756d155316542c?s=96&d=mm&r=g\",\"caption\":\"biancamachado\"},\"sameAs\":[\"https:\\\/\\\/biancamachado.com.br\\\/blog\"],\"url\":\"https:\\\/\\\/biancamachado.com.br\\\/blog\\\/author\\\/biancamachado\\\/\"}]}<\/script>\n<!-- \/ Yoast SEO plugin. -->","yoast_head_json":{"title":"Sess\u00e3o de Fotos Teen - STUDIO BIANCA MACHADO","robots":{"index":"index","follow":"follow","max-snippet":"max-snippet:-1","max-image-preview":"max-image-preview:large","max-video-preview":"max-video-preview:-1"},"canonical":"https:\/\/biancamachado.com.br\/blog\/sessao-de-fotos-teen\/","og_locale":"pt_BR","og_type":"article","og_title":"Sess\u00e3o de Fotos Teen - STUDIO BIANCA MACHADO","og_description":"Eu adoro fotografar os jovens","og_url":"https:\/\/biancamachado.com.br\/blog\/sessao-de-fotos-teen\/","og_site_name":"STUDIO BIANCA MACHADO","article_publisher":"https:\/\/www.facebook.com\/Studiobiancamachado\/","article_published_time":"2016-08-16T23:37:00+00:00","article_modified_time":"2023-02-10T16:26:57+00:00","og_image":[{"width":633,"height":423,"url":"https:\/\/biancamachado.com.br\/blog\/wp-content\/uploads\/2016\/08\/Screenshot_65.png","type":"image\/png"}],"author":"biancamachado","twitter_card":"summary_large_image","twitter_misc":{"Escrito por":"biancamachado","Est. tempo de leitura":"5 minutos"},"schema":{"@context":"https:\/\/schema.org","@graph":[{"@type":"Article","@id":"https:\/\/biancamachado.com.br\/blog\/sessao-de-fotos-teen\/#article","isPartOf":{"@id":"https:\/\/biancamachado.com.br\/blog\/sessao-de-fotos-teen\/"},"author":{"name":"biancamachado","@id":"https:\/\/biancamachado.com.br\/blog\/#\/schema\/person\/990263800ec5e9bdbbf092a2353550a1"},"headline":"Sess\u00e3o de Fotos Teen","datePublished":"2016-08-16T23:37:00+00:00","dateModified":"2023-02-10T16:26:57+00:00","mainEntityOfPage":{"@id":"https:\/\/biancamachado.com.br\/blog\/sessao-de-fotos-teen\/"},"wordCount":366,"commentCount":0,"publisher":{"@id":"https:\/\/biancamachado.com.br\/blog\/#organization"},"image":{"@id":"https:\/\/biancamachado.com.br\/blog\/sessao-de-fotos-teen\/#primaryimage"},"thumbnailUrl":"https:\/\/i0.wp.com\/biancamachado.com.br\/blog\/wp-content\/uploads\/2016\/08\/Screenshot_65.png?fit=633%2C423&ssl=1","keywords":["book debutante em estudio","book profissional","fotografia festa debutante","fotos book para 15 anos","fotos profissionais para festa 15 anos"],"articleSection":["Book Debutante Estudio","Festa Debutante","Studio Bianca Machado"],"inLanguage":"pt-BR","potentialAction":[{"@type":"CommentAction","name":"Comment","target":["https:\/\/biancamachado.com.br\/blog\/sessao-de-fotos-teen\/#respond"]}]},{"@type":"WebPage","@id":"https:\/\/biancamachado.com.br\/blog\/sessao-de-fotos-teen\/","url":"https:\/\/biancamachado.com.br\/blog\/sessao-de-fotos-teen\/","name":"Sess\u00e3o de Fotos Teen - STUDIO BIANCA MACHADO","isPartOf":{"@id":"https:\/\/biancamachado.com.br\/blog\/#website"},"primaryImageOfPage":{"@id":"https:\/\/biancamachado.com.br\/blog\/sessao-de-fotos-teen\/#primaryimage"},"image":{"@id":"https:\/\/biancamachado.com.br\/blog\/sessao-de-fotos-teen\/#primaryimage"},"thumbnailUrl":"https:\/\/i0.wp.com\/biancamachado.com.br\/blog\/wp-content\/uploads\/2016\/08\/Screenshot_65.png?fit=633%2C423&ssl=1","datePublished":"2016-08-16T23:37:00+00:00","dateModified":"2023-02-10T16:26:57+00:00","breadcrumb":{"@id":"https:\/\/biancamachado.com.br\/blog\/sessao-de-fotos-teen\/#breadcrumb"},"inLanguage":"pt-BR","potentialAction":[{"@type":"ReadAction","target":["https:\/\/biancamachado.com.br\/blog\/sessao-de-fotos-teen\/"]}]},{"@type":"ImageObject","inLanguage":"pt-BR","@id":"https:\/\/biancamachado.com.br\/blog\/sessao-de-fotos-teen\/#primaryimage","url":"https:\/\/i0.wp.com\/biancamachado.com.br\/blog\/wp-content\/uploads\/2016\/08\/Screenshot_65.png?fit=633%2C423&ssl=1","contentUrl":"https:\/\/i0.wp.com\/biancamachado.com.br\/blog\/wp-content\/uploads\/2016\/08\/Screenshot_65.png?fit=633%2C423&ssl=1","width":633,"height":423,"caption":"Sess\u00e3o de Fotos Teen"},{"@type":"BreadcrumbList","@id":"https:\/\/biancamachado.com.br\/blog\/sessao-de-fotos-teen\/#breadcrumb","itemListElement":[{"@type":"ListItem","position":1,"name":"In\u00edcio","item":"https:\/\/biancamachado.com.br\/blog\/"},{"@type":"ListItem","position":2,"name":"Sess\u00e3o de Fotos Teen"}]},{"@type":"WebSite","@id":"https:\/\/biancamachado.com.br\/blog\/#website","url":"https:\/\/biancamachado.com.br\/blog\/","name":"STUDIO BIANCA MACHADO","description":"Estudio Fotografico, Ensaios e Books de foto profissional","publisher":{"@id":"https:\/\/biancamachado.com.br\/blog\/#organization"},"potentialAction":[{"@type":"SearchAction","target":{"@type":"EntryPoint","urlTemplate":"https:\/\/biancamachado.com.br\/blog\/?s={search_term_string}"},"query-input":{"@type":"PropertyValueSpecification","valueRequired":true,"valueName":"search_term_string"}}],"inLanguage":"pt-BR"},{"@type":"Organization","@id":"https:\/\/biancamachado.com.br\/blog\/#organization","name":"STUDIO BIANCA MACHADO","url":"https:\/\/biancamachado.com.br\/blog\/","logo":{"@type":"ImageObject","inLanguage":"pt-BR","@id":"https:\/\/biancamachado.com.br\/blog\/#\/schema\/logo\/image\/","url":"https:\/\/i0.wp.com\/biancamachado.com.br\/blog\/wp-content\/uploads\/2021\/02\/cropped-logo-ml.jpg?fit=278%2C100&ssl=1","contentUrl":"https:\/\/i0.wp.com\/biancamachado.com.br\/blog\/wp-content\/uploads\/2021\/02\/cropped-logo-ml.jpg?fit=278%2C100&ssl=1","width":278,"height":100,"caption":"STUDIO BIANCA MACHADO"},"image":{"@id":"https:\/\/biancamachado.com.br\/blog\/#\/schema\/logo\/image\/"},"sameAs":["https:\/\/www.facebook.com\/Studiobiancamachado\/","https:\/\/www.instagram.com\/Studiobiancamachado\/"]},{"@type":"Person","@id":"https:\/\/biancamachado.com.br\/blog\/#\/schema\/person\/990263800ec5e9bdbbf092a2353550a1","name":"biancamachado","image":{"@type":"ImageObject","inLanguage":"pt-BR","@id":"https:\/\/secure.gravatar.com\/avatar\/62b1a50f2632dbc2e279c3eb55aa46cc324c969cff16a69c59756d155316542c?s=96&d=mm&r=g","url":"https:\/\/secure.gravatar.com\/avatar\/62b1a50f2632dbc2e279c3eb55aa46cc324c969cff16a69c59756d155316542c?s=96&d=mm&r=g","contentUrl":"https:\/\/secure.gravatar.com\/avatar\/62b1a50f2632dbc2e279c3eb55aa46cc324c969cff16a69c59756d155316542c?s=96&d=mm&r=g","caption":"biancamachado"},"sameAs":["https:\/\/biancamachado.com.br\/blog"],"url":"https:\/\/biancamachado.com.br\/blog\/author\/biancamachado\/"}]}},"jetpack_featured_media_url":"https:\/\/i0.wp.com\/biancamachado.com.br\/blog\/wp-content\/uploads\/2016\/08\/Screenshot_65.png?fit=633%2C423&ssl=1","jetpack-related-posts":[],"jetpack_sharing_enabled":true,"_links":{"self":[{"href":"https:\/\/biancamachado.com.br\/blog\/wp-json\/wp\/v2\/posts\/104","targetHints":{"allow":["GET"]}}],"collection":[{"href":"https:\/\/biancamachado.com.br\/blog\/wp-json\/wp\/v2\/posts"}],"about":[{"href":"https:\/\/biancamachado.com.br\/blog\/wp-json\/wp\/v2\/types\/post"}],"author":[{"embeddable":true,"href":"https:\/\/biancamachado.com.br\/blog\/wp-json\/wp\/v2\/users\/1"}],"replies":[{"embeddable":true,"href":"https:\/\/biancamachado.com.br\/blog\/wp-json\/wp\/v2\/comments?post=104"}],"version-history":[{"count":2,"href":"https:\/\/biancamachado.com.br\/blog\/wp-json\/wp\/v2\/posts\/104\/revisions"}],"predecessor-version":[{"id":3208,"href":"https:\/\/biancamachado.com.br\/blog\/wp-json\/wp\/v2\/posts\/104\/revisions\/3208"}],"wp:featuredmedia":[{"embeddable":true,"href":"https:\/\/biancamachado.com.br\/blog\/wp-json\/wp\/v2\/media\/863"}],"wp:attachment":[{"href":"https:\/\/biancamachado.com.br\/blog\/wp-json\/wp\/v2\/media?parent=104"}],"wp:term":[{"taxonomy":"category","embeddable":true,"href":"https:\/\/biancamachado.com.br\/blog\/wp-json\/wp\/v2\/categories?post=104"},{"taxonomy":"post_tag","embeddable":true,"href":"https:\/\/biancamachado.com.br\/blog\/wp-json\/wp\/v2\/tags?post=104"}],"curies":[{"name":"wp","href":"https:\/\/api.w.org\/{rel}","templated":true}]}}